{"id":21273,"date":"2026-04-30T21:05:54","date_gmt":"2026-05-01T00:05:54","guid":{"rendered":"https:\/\/fmgente.com.ar\/web\/anses-con-aumentos-y-bonos-calendario-de-pagos-para-jubilados-auh-y-todas-las-prestaciones-de-mayo-de-2026\/"},"modified":"2026-04-30T21:05:54","modified_gmt":"2026-05-01T00:05:54","slug":"anses-con-aumentos-y-bonos-calendario-de-pagos-para-jubilados-auh-y-todas-las-prestaciones-de-mayo-de-2026","status":"publish","type":"post","link":"https:\/\/fmgente.com.ar\/web\/anses-con-aumentos-y-bonos-calendario-de-pagos-para-jubilados-auh-y-todas-las-prestaciones-de-mayo-de-2026\/","title":{"rendered":"ANSES con aumentos y bonos: calendario de pagos para jubilados, AUH y todas las prestaciones de mayo de 2026"},"content":{"rendered":"<p>Buenos Aires, 30 abril (NA) \u2013 La Administraci\u00f3n Nacional de la Seguridad Social (ANSES) inform\u00f3 los calendarios de pagos de mayo de 2026 para jubilados, pensionados y titulares de Pensiones No Contributivas, Asignaci\u00f3n Universal por Hijo, Asignaciones Familiares, Asignaci\u00f3n por Embarazo, por Prenatal, por Maternidad, de Pago \u00danico y Prestaci\u00f3n por Desempleo.<\/p>\n<p> Adem\u00e1s, seg\u00fan pudo confirmar la Agencia Noticias Argentinas, tambi\u00e9n quedaron definidos los bonos y los aumentos para este mes.<\/p>\n<p>PAGOS DE ANSES DE MAYO DE 2026<\/p>\n<p>JUBILACIONES Y PENSIONES QUE NO SUPEREN UN HABER M\u00cdNIMO<\/p>\n<p>\u2022 DNI terminados en 0: 11 de mayo<\/p>\n<p>\u2022 DNI terminados en 1: 12 de mayo<\/p>\n<p>\u2022 DNI terminados en 2: 13 de mayo<\/p>\n<p>\u2022 DNI terminados en 3: 14 de mayo<\/p>\n<p>\u2022 DNI terminados en 4: 15 de mayo       <\/p>\n<p>\u2022 DNI terminados en 5: 18 de mayo<\/p>\n<p>\u2022 DNI terminados en 6: 19 de mayo<\/p>\n<p>\u2022 DNI terminados en 7: 20 de mayo<\/p>\n<p>\u2022 DNI terminados en 8 y 9: 21 de mayo<\/p>\n<p>JUBILACIONES Y PENSIONES QUE SUPEREN UN HABER M\u00cdNIMO<\/p>\n<p>\u2022 DNI terminados en 0 y 1: 22 de mayo<\/p>\n<p>\u2022 DNI terminados en 2 y 3: 26 de mayo<\/p>\n<p>\u2022 DNI terminados en 4 y 5: 27 de mayo<\/p>\n<p>\u2022 DNI terminados en 6 y 7: 28 de mayo<\/p>\n<p>\u2022 DNI terminados en 8 y 9: 29 de mayo<\/p>\n<p>ASIGNACI\u00d3N UNIVERSAL POR HIJO Y ASIGNACI\u00d3N FAMILIAR POR HIJO<\/p>\n<p>\u2022 DNI terminados en 0: 11 de mayo<\/p>\n<p>\u2022 DNI terminados en 1: 12 de mayo<\/p>\n<p>\u2022 DNI terminados en 2: 13 de mayo<\/p>\n<p>\u2022 DNI terminados en 3: 14 de mayo<\/p>\n<p>\u2022 DNI terminados en 4: 15 de mayo<\/p>\n<p>\u2022 DNI terminados en 5: 18 de mayo<\/p>\n<p>\u2022 DNI terminados en 6: 19 de mayo<\/p>\n<p>\u2022 DNI terminados en 7: 20 de mayo<\/p>\n<p>\u2022 DNI terminados en 8: 21 de mayo<\/p>\n<p>\u2022 DNI terminados en 9: 22 de mayo<\/p>\n<p> ASIGNACI\u00d3N POR EMBARAZO<\/p>\n<p>\u2022 DNI terminados en 0: 11 de mayo<\/p>\n<p>\u2022 DNI terminados en 1: 12 de mayo<\/p>\n<p>\u2022 DNI terminados en 2: 13 de mayo<\/p>\n<p>\u2022 DNI terminados en 3: 14 de mayo<\/p>\n<p>\u2022 DNI terminados en 4: 15 de mayo<\/p>\n<p>\u2022 DNI terminados en 5: 18 de mayo<\/p>\n<p>\u2022 DNI terminados en 6: 19 de mayo<\/p>\n<p>\u2022 DNI terminados en 7: 20 de mayo<\/p>\n<p>\u2022 DNI terminados en 8: 21 de mayo<\/p>\n<p>\u2022 DNI terminados en 9: 22 de mayo<\/p>\n<p> ASIGNACI\u00d3N POR PRENATAL<\/p>\n<p>\u2022 DNI terminados en 0 y 1: 13 de mayo<\/p>\n<p>\u2022 DNI terminados en 2 y 3: 14 de mayo<\/p>\n<p>\u2022 DNI terminados en 4 y 5: 15 de mayo<\/p>\n<p>\u2022 DNI terminados en 6 y 7: 18 de mayo<\/p>\n<p>\u2022 DNI terminados en 8 y 9: 19 de mayo<\/p>\n<p> ASIGNACI\u00d3N POR MATERNIDAD<\/p>\n<p>\u2022 Todas las terminaciones de documento: 13 de mayo al 10 de junio<\/p>\n<p>ASIGNACIONES PAGO \u00daNICO (MATRIMONIO, NACIMIENTO, ADOPCI\u00d3N)<\/p>\n<p>\u2022 Todas las terminaciones de documento: 12 de mayo al 10 de junio<\/p>\n<p> PENSIONES NO CONTRIBUTIVAS<\/p>\n<p>\u2022 DNI terminados en 0 y 1: 11 de mayo<\/p>\n<p>\u2022 DNI terminados en 2 y 3: 12 de mayo<\/p>\n<p>\u2022 DNI terminados en 4 y 5: 13 de mayo<\/p>\n<p>\u2022 DNI terminados en 6 y 7: 14 de mayo<\/p>\n<p>\u2022 DNI terminados en 8 y 9: 15 de mayo<\/p>\n<p> ASIGNACIONES FAMILIARES DE PENSIONES NO CONTRIBUTIVAS<\/p>\n<p>\u2022 Todas las terminaciones de documento: 11 de mayo al 10 de junio<\/p>\n<p>PRESTACI\u00d3N POR DESEMPLEO<\/p>\n<p>\u2022 DNI terminados en 0 y 1: 22 de mayo<\/p>\n<p>\u2022 DNI terminados en 2 y 3: 26 de mayo<\/p>\n<p>\u2022 DNI terminados en 4 y 5: 27 de mayo<\/p>\n<p>\u2022 DNI terminados en 6 y 7: 28 de mayo<\/p>\n<p>\u2022 DNI terminados en 8 y 9: 29 de mayo<\/p>\n<p>BONO DE ANSES CONFIRMADO<\/p>\n<p>El refuerzo econ\u00f3mico mantendr\u00e1 un valor de $70.000 y est\u00e1 dirigido a un universo espec\u00edfico dentro del sistema previsional. Seg\u00fan precis\u00f3 el organismo, el acceso al beneficio depender\u00e1 del nivel de ingresos de cada titular, por lo que no alcanzar\u00e1 a la totalidad de los adultos mayores.<\/p>\n<p>En paralelo, los haberes previsionales recibir\u00e1n una actualizaci\u00f3n del 3,38% en mayo, conforme a la f\u00f3rmula de movilidad vigente. <\/p>\n<p>Este incremento se calcula en base al \u00faltimo dato del \u00cdndice de Precios al Consumidor difundido por el Instituto Nacional de Estad\u00edstica y Censos correspondiente a marzo, y tiene impacto directo sobre la jubilaci\u00f3n m\u00ednima, que funciona como referencia para el cobro del bono.<\/p>\n<p>QUI\u00c9NES COBRAR\u00c1N EL BONO<\/p>\n<p>De acuerdo con los criterios establecidos por la ANSES el bono completo ser\u00e1 percibido por quienes cobran la jubilaci\u00f3n m\u00ednima. El beneficio se otorgar\u00e1 de manera autom\u00e1tica, sin necesidad de realizar tr\u00e1mites, a los siguientes grupos:<\/p>\n<p> * Jubilados del sistema contributivo general<br \/>\n * Titulares de la Pensi\u00f3n Universal para el Adulto Mayor (PUAM)<br \/>\n * Beneficiarios de pensiones no contributivas (PNC) por invalidez o vejez<\/p>\n<p>La normativa tambi\u00e9n fija un l\u00edmite de ingresos para acceder al refuerzo. Aquellos jubilados y pensionados cuyos haberes superen los $463.174,10 quedar\u00e1n excluidos del pago adicional. Este tope funciona como un criterio de segmentaci\u00f3n que deja fuera del beneficio a un sector del padr\u00f3n previsional.<\/p>\n<p>#AgenciaNA<\/p>\n","protected":false},"excerpt":{"rendered":"<p>Buenos Aires, 30 abril (NA) \u2013 La Administraci\u00f3n Nacional de la Seguridad Social (ANSES) inform\u00f3<\/p>\n","protected":false},"author":0,"featured_media":21274,"comment_status":"","ping_status":"","sticky":false,"template":"","format":"standard","meta":{"footnotes":""},"categories":[1],"tags":[],"class_list":["post-21273","post","type-post","status-publish","format-standard","has-post-thumbnail","hentry","category-regionales"],"yoast_head":"<!-- This site is optimized with the Yoast SEO plugin v27.4 - https:\/\/yoast.com\/product\/yoast-seo-wordpress\/ -->\n<title>ANSES con aumentos y bonos: calendario de pagos para jubilados, AUH y todas las prestaciones de mayo de 2026 - Fm Gente<\/title>\n<meta name=\"robots\" content=\"index, follow, max-snippet:-1, max-image-preview:large, max-video-preview:-1\" \/>\n<link rel=\"canonical\" href=\"https:\/\/fmgente.com.ar\/web\/anses-con-aumentos-y-bonos-calendario-de-pagos-para-jubilados-auh-y-todas-las-prestaciones-de-mayo-de-2026\/\" \/>\n<meta property=\"og:locale\" content=\"es_ES\" \/>\n<meta property=\"og:type\" content=\"article\" \/>\n<meta property=\"og:title\" content=\"ANSES con aumentos y bonos: calendario de pagos para jubilados, AUH y todas las prestaciones de mayo de 2026 - Fm Gente\" \/>\n<meta property=\"og:description\" content=\"Buenos Aires, 30 abril (NA) \u2013 La Administraci\u00f3n Nacional de la Seguridad Social (ANSES) inform\u00f3\" \/>\n<meta property=\"og:url\" content=\"https:\/\/fmgente.com.ar\/web\/anses-con-aumentos-y-bonos-calendario-de-pagos-para-jubilados-auh-y-todas-las-prestaciones-de-mayo-de-2026\/\" \/>\n<meta property=\"og:site_name\" content=\"Fm Gente\" \/>\n<meta property=\"article:published_time\" content=\"2026-05-01T00:05:54+00:00\" \/>\n<meta name=\"twitter:card\" content=\"summary_large_image\" \/>\n<meta name=\"twitter:label1\" content=\"Tiempo de lectura\" \/>\n\t<meta name=\"twitter:data1\" content=\"3 minutos\" \/>\n<script type=\"application\/ld+json\" class=\"yoast-schema-graph\">{\"@context\":\"https:\\\/\\\/schema.org\",\"@graph\":[{\"@type\":\"Article\",\"@id\":\"https:\\\/\\\/fmgente.com.ar\\\/web\\\/anses-con-aumentos-y-bonos-calendario-de-pagos-para-jubilados-auh-y-todas-las-prestaciones-de-mayo-de-2026\\\/#article\",\"isPartOf\":{\"@id\":\"https:\\\/\\\/fmgente.com.ar\\\/web\\\/anses-con-aumentos-y-bonos-calendario-de-pagos-para-jubilados-auh-y-todas-las-prestaciones-de-mayo-de-2026\\\/\"},\"author\":{\"name\":\"\",\"@id\":\"\"},\"headline\":\"ANSES con aumentos y bonos: calendario de pagos para jubilados, AUH y todas las prestaciones de mayo de 2026\",\"datePublished\":\"2026-05-01T00:05:54+00:00\",\"mainEntityOfPage\":{\"@id\":\"https:\\\/\\\/fmgente.com.ar\\\/web\\\/anses-con-aumentos-y-bonos-calendario-de-pagos-para-jubilados-auh-y-todas-las-prestaciones-de-mayo-de-2026\\\/\"},\"wordCount\":700,\"publisher\":{\"@id\":\"https:\\\/\\\/fmgente.com.ar\\\/web\\\/#organization\"},\"image\":{\"@id\":\"https:\\\/\\\/fmgente.com.ar\\\/web\\\/anses-con-aumentos-y-bonos-calendario-de-pagos-para-jubilados-auh-y-todas-las-prestaciones-de-mayo-de-2026\\\/#primaryimage\"},\"thumbnailUrl\":\"https:\\\/\\\/fmgente.com.ar\\\/web\\\/wp-content\\\/uploads\\\/2026\\\/04\\\/720-1488.jpeg\",\"articleSection\":[\"REGIONALES\"],\"inLanguage\":\"es\"},{\"@type\":\"WebPage\",\"@id\":\"https:\\\/\\\/fmgente.com.ar\\\/web\\\/anses-con-aumentos-y-bonos-calendario-de-pagos-para-jubilados-auh-y-todas-las-prestaciones-de-mayo-de-2026\\\/\",\"url\":\"https:\\\/\\\/fmgente.com.ar\\\/web\\\/anses-con-aumentos-y-bonos-calendario-de-pagos-para-jubilados-auh-y-todas-las-prestaciones-de-mayo-de-2026\\\/\",\"name\":\"ANSES con aumentos y bonos: calendario de pagos para jubilados, AUH y todas las prestaciones de mayo de 2026 - Fm Gente\",\"isPartOf\":{\"@id\":\"https:\\\/\\\/fmgente.com.ar\\\/web\\\/#website\"},\"primaryImageOfPage\":{\"@id\":\"https:\\\/\\\/fmgente.com.ar\\\/web\\\/anses-con-aumentos-y-bonos-calendario-de-pagos-para-jubilados-auh-y-todas-las-prestaciones-de-mayo-de-2026\\\/#primaryimage\"},\"image\":{\"@id\":\"https:\\\/\\\/fmgente.com.ar\\\/web\\\/anses-con-aumentos-y-bonos-calendario-de-pagos-para-jubilados-auh-y-todas-las-prestaciones-de-mayo-de-2026\\\/#primaryimage\"},\"thumbnailUrl\":\"https:\\\/\\\/fmgente.com.ar\\\/web\\\/wp-content\\\/uploads\\\/2026\\\/04\\\/720-1488.jpeg\",\"datePublished\":\"2026-05-01T00:05:54+00:00\",\"inLanguage\":\"es\",\"potentialAction\":[{\"@type\":\"ReadAction\",\"target\":[\"https:\\\/\\\/fmgente.com.ar\\\/web\\\/anses-con-aumentos-y-bonos-calendario-de-pagos-para-jubilados-auh-y-todas-las-prestaciones-de-mayo-de-2026\\\/\"]}]},{\"@type\":\"ImageObject\",\"inLanguage\":\"es\",\"@id\":\"https:\\\/\\\/fmgente.com.ar\\\/web\\\/anses-con-aumentos-y-bonos-calendario-de-pagos-para-jubilados-auh-y-todas-las-prestaciones-de-mayo-de-2026\\\/#primaryimage\",\"url\":\"https:\\\/\\\/fmgente.com.ar\\\/web\\\/wp-content\\\/uploads\\\/2026\\\/04\\\/720-1488.jpeg\",\"contentUrl\":\"https:\\\/\\\/fmgente.com.ar\\\/web\\\/wp-content\\\/uploads\\\/2026\\\/04\\\/720-1488.jpeg\",\"width\":1079,\"height\":720},{\"@type\":\"WebSite\",\"@id\":\"https:\\\/\\\/fmgente.com.ar\\\/web\\\/#website\",\"url\":\"https:\\\/\\\/fmgente.com.ar\\\/web\\\/\",\"name\":\"Fm Gente\",\"description\":\"- Jes\u00fas Mar\u00eda\",\"publisher\":{\"@id\":\"https:\\\/\\\/fmgente.com.ar\\\/web\\\/#organization\"},\"potentialAction\":[{\"@type\":\"SearchAction\",\"target\":{\"@type\":\"EntryPoint\",\"urlTemplate\":\"https:\\\/\\\/fmgente.com.ar\\\/web\\\/?s={search_term_string}\"},\"query-input\":{\"@type\":\"PropertyValueSpecification\",\"valueRequired\":true,\"valueName\":\"search_term_string\"}}],\"inLanguage\":\"es\"},{\"@type\":\"Organization\",\"@id\":\"https:\\\/\\\/fmgente.com.ar\\\/web\\\/#organization\",\"name\":\"Fm Gente\",\"url\":\"https:\\\/\\\/fmgente.com.ar\\\/web\\\/\",\"logo\":{\"@type\":\"ImageObject\",\"inLanguage\":\"es\",\"@id\":\"https:\\\/\\\/fmgente.com.ar\\\/web\\\/#\\\/schema\\\/logo\\\/image\\\/\",\"url\":\"https:\\\/\\\/fmgente.com.ar\\\/web\\\/wp-content\\\/uploads\\\/2023\\\/07\\\/cropped-cropped-logo-sombra2.png\",\"contentUrl\":\"https:\\\/\\\/fmgente.com.ar\\\/web\\\/wp-content\\\/uploads\\\/2023\\\/07\\\/cropped-cropped-logo-sombra2.png\",\"width\":1782,\"height\":1782,\"caption\":\"Fm Gente\"},\"image\":{\"@id\":\"https:\\\/\\\/fmgente.com.ar\\\/web\\\/#\\\/schema\\\/logo\\\/image\\\/\"}}]}<\/script>\n<!-- \/ Yoast SEO plugin. -->","yoast_head_json":{"title":"ANSES con aumentos y bonos: calendario de pagos para jubilados, AUH y todas las prestaciones de mayo de 2026 - Fm Gente","robots":{"index":"index","follow":"follow","max-snippet":"max-snippet:-1","max-image-preview":"max-image-preview:large","max-video-preview":"max-video-preview:-1"},"canonical":"https:\/\/fmgente.com.ar\/web\/anses-con-aumentos-y-bonos-calendario-de-pagos-para-jubilados-auh-y-todas-las-prestaciones-de-mayo-de-2026\/","og_locale":"es_ES","og_type":"article","og_title":"ANSES con aumentos y bonos: calendario de pagos para jubilados, AUH y todas las prestaciones de mayo de 2026 - Fm Gente","og_description":"Buenos Aires, 30 abril (NA) \u2013 La Administraci\u00f3n Nacional de la Seguridad Social (ANSES) inform\u00f3","og_url":"https:\/\/fmgente.com.ar\/web\/anses-con-aumentos-y-bonos-calendario-de-pagos-para-jubilados-auh-y-todas-las-prestaciones-de-mayo-de-2026\/","og_site_name":"Fm Gente","article_published_time":"2026-05-01T00:05:54+00:00","twitter_card":"summary_large_image","twitter_misc":{"Tiempo de lectura":"3 minutos"},"schema":{"@context":"https:\/\/schema.org","@graph":[{"@type":"Article","@id":"https:\/\/fmgente.com.ar\/web\/anses-con-aumentos-y-bonos-calendario-de-pagos-para-jubilados-auh-y-todas-las-prestaciones-de-mayo-de-2026\/#article","isPartOf":{"@id":"https:\/\/fmgente.com.ar\/web\/anses-con-aumentos-y-bonos-calendario-de-pagos-para-jubilados-auh-y-todas-las-prestaciones-de-mayo-de-2026\/"},"author":{"name":"","@id":""},"headline":"ANSES con aumentos y bonos: calendario de pagos para jubilados, AUH y todas las prestaciones de mayo de 2026","datePublished":"2026-05-01T00:05:54+00:00","mainEntityOfPage":{"@id":"https:\/\/fmgente.com.ar\/web\/anses-con-aumentos-y-bonos-calendario-de-pagos-para-jubilados-auh-y-todas-las-prestaciones-de-mayo-de-2026\/"},"wordCount":700,"publisher":{"@id":"https:\/\/fmgente.com.ar\/web\/#organization"},"image":{"@id":"https:\/\/fmgente.com.ar\/web\/anses-con-aumentos-y-bonos-calendario-de-pagos-para-jubilados-auh-y-todas-las-prestaciones-de-mayo-de-2026\/#primaryimage"},"thumbnailUrl":"https:\/\/fmgente.com.ar\/web\/wp-content\/uploads\/2026\/04\/720-1488.jpeg","articleSection":["REGIONALES"],"inLanguage":"es"},{"@type":"WebPage","@id":"https:\/\/fmgente.com.ar\/web\/anses-con-aumentos-y-bonos-calendario-de-pagos-para-jubilados-auh-y-todas-las-prestaciones-de-mayo-de-2026\/","url":"https:\/\/fmgente.com.ar\/web\/anses-con-aumentos-y-bonos-calendario-de-pagos-para-jubilados-auh-y-todas-las-prestaciones-de-mayo-de-2026\/","name":"ANSES con aumentos y bonos: calendario de pagos para jubilados, AUH y todas las prestaciones de mayo de 2026 - Fm Gente","isPartOf":{"@id":"https:\/\/fmgente.com.ar\/web\/#website"},"primaryImageOfPage":{"@id":"https:\/\/fmgente.com.ar\/web\/anses-con-aumentos-y-bonos-calendario-de-pagos-para-jubilados-auh-y-todas-las-prestaciones-de-mayo-de-2026\/#primaryimage"},"image":{"@id":"https:\/\/fmgente.com.ar\/web\/anses-con-aumentos-y-bonos-calendario-de-pagos-para-jubilados-auh-y-todas-las-prestaciones-de-mayo-de-2026\/#primaryimage"},"thumbnailUrl":"https:\/\/fmgente.com.ar\/web\/wp-content\/uploads\/2026\/04\/720-1488.jpeg","datePublished":"2026-05-01T00:05:54+00:00","inLanguage":"es","potentialAction":[{"@type":"ReadAction","target":["https:\/\/fmgente.com.ar\/web\/anses-con-aumentos-y-bonos-calendario-de-pagos-para-jubilados-auh-y-todas-las-prestaciones-de-mayo-de-2026\/"]}]},{"@type":"ImageObject","inLanguage":"es","@id":"https:\/\/fmgente.com.ar\/web\/anses-con-aumentos-y-bonos-calendario-de-pagos-para-jubilados-auh-y-todas-las-prestaciones-de-mayo-de-2026\/#primaryimage","url":"https:\/\/fmgente.com.ar\/web\/wp-content\/uploads\/2026\/04\/720-1488.jpeg","contentUrl":"https:\/\/fmgente.com.ar\/web\/wp-content\/uploads\/2026\/04\/720-1488.jpeg","width":1079,"height":720},{"@type":"WebSite","@id":"https:\/\/fmgente.com.ar\/web\/#website","url":"https:\/\/fmgente.com.ar\/web\/","name":"Fm Gente","description":"- Jes\u00fas Mar\u00eda","publisher":{"@id":"https:\/\/fmgente.com.ar\/web\/#organization"},"potentialAction":[{"@type":"SearchAction","target":{"@type":"EntryPoint","urlTemplate":"https:\/\/fmgente.com.ar\/web\/?s={search_term_string}"},"query-input":{"@type":"PropertyValueSpecification","valueRequired":true,"valueName":"search_term_string"}}],"inLanguage":"es"},{"@type":"Organization","@id":"https:\/\/fmgente.com.ar\/web\/#organization","name":"Fm Gente","url":"https:\/\/fmgente.com.ar\/web\/","logo":{"@type":"ImageObject","inLanguage":"es","@id":"https:\/\/fmgente.com.ar\/web\/#\/schema\/logo\/image\/","url":"https:\/\/fmgente.com.ar\/web\/wp-content\/uploads\/2023\/07\/cropped-cropped-logo-sombra2.png","contentUrl":"https:\/\/fmgente.com.ar\/web\/wp-content\/uploads\/2023\/07\/cropped-cropped-logo-sombra2.png","width":1782,"height":1782,"caption":"Fm Gente"},"image":{"@id":"https:\/\/fmgente.com.ar\/web\/#\/schema\/logo\/image\/"}}]}},"_links":{"self":[{"href":"https:\/\/fmgente.com.ar\/web\/wp-json\/wp\/v2\/posts\/21273","targetHints":{"allow":["GET"]}}],"collection":[{"href":"https:\/\/fmgente.com.ar\/web\/wp-json\/wp\/v2\/posts"}],"about":[{"href":"https:\/\/fmgente.com.ar\/web\/wp-json\/wp\/v2\/types\/post"}],"replies":[{"embeddable":true,"href":"https:\/\/fmgente.com.ar\/web\/wp-json\/wp\/v2\/comments?post=21273"}],"version-history":[{"count":0,"href":"https:\/\/fmgente.com.ar\/web\/wp-json\/wp\/v2\/posts\/21273\/revisions"}],"wp:featuredmedia":[{"embeddable":true,"href":"https:\/\/fmgente.com.ar\/web\/wp-json\/wp\/v2\/media\/21274"}],"wp:attachment":[{"href":"https:\/\/fmgente.com.ar\/web\/wp-json\/wp\/v2\/media?parent=21273"}],"wp:term":[{"taxonomy":"category","embeddable":true,"href":"https:\/\/fmgente.com.ar\/web\/wp-json\/wp\/v2\/categories?post=21273"},{"taxonomy":"post_tag","embeddable":true,"href":"https:\/\/fmgente.com.ar\/web\/wp-json\/wp\/v2\/tags?post=21273"}],"curies":[{"name":"wp","href":"https:\/\/api.w.org\/{rel}","templated":true}]}}