{"id":21271,"date":"2026-04-30T21:05:52","date_gmt":"2026-05-01T00:05:52","guid":{"rendered":"https:\/\/fmgente.com.ar\/web\/triple-femicidio-en-florencio-varela-el-lunes-extraditan-a-pequeno-j\/"},"modified":"2026-04-30T21:05:52","modified_gmt":"2026-05-01T00:05:52","slug":"triple-femicidio-en-florencio-varela-el-lunes-extraditan-a-pequeno-j","status":"publish","type":"post","link":"https:\/\/fmgente.com.ar\/web\/triple-femicidio-en-florencio-varela-el-lunes-extraditan-a-pequeno-j\/","title":{"rendered":"Triple femicidio en Florencio Varela: el lunes extraditan a &quot;Peque\u00f1o J&quot;"},"content":{"rendered":"<p>Buenos Aires, 30 abril (NA) \u2014 El proceso judicial por el triple femicidio ocurrido en Florencio Varela sumar\u00e1 un cap\u00edtulo clave el pr\u00f3ximo lunes por la tarde con el arribo al pa\u00eds de \u00abPeque\u00f1o J\u00bb.<\/p>\n<p>El acusado, que se encontraba en el exterior, ser\u00e1 trasladado bajo un estricto operativo de seguridad para responder ante las autoridades locales por su presunta participaci\u00f3n en el violento episodio que conmocion\u00f3 a la zona sur del conurbano.<\/p>\n<p>Noticia en desarrollo\u2026<\/p>\n","protected":false},"excerpt":{"rendered":"<p>Buenos Aires, 30 abril (NA) \u2014 El proceso judicial por el triple femicidio ocurrido en<\/p>\n","protected":false},"author":0,"featured_media":21272,"comment_status":"","ping_status":"","sticky":false,"template":"","format":"standard","meta":{"footnotes":""},"categories":[1],"tags":[],"class_list":["post-21271","post","type-post","status-publish","format-standard","has-post-thumbnail","hentry","category-regionales"],"yoast_head":"<!-- This site is optimized with the Yoast SEO plugin v27.5 - https:\/\/yoast.com\/product\/yoast-seo-wordpress\/ -->\n<title>Triple femicidio en Florencio Varela: el lunes extraditan a &quot;Peque\u00f1o J&quot; - Fm Gente<\/title>\n<meta name=\"robots\" content=\"index, follow, max-snippet:-1, max-image-preview:large, max-video-preview:-1\" \/>\n<link rel=\"canonical\" href=\"https:\/\/fmgente.com.ar\/web\/triple-femicidio-en-florencio-varela-el-lunes-extraditan-a-pequeno-j\/\" \/>\n<meta property=\"og:locale\" content=\"es_ES\" \/>\n<meta property=\"og:type\" content=\"article\" \/>\n<meta property=\"og:title\" content=\"Triple femicidio en Florencio Varela: el lunes extraditan a &quot;Peque\u00f1o J&quot; - Fm Gente\" \/>\n<meta property=\"og:description\" content=\"Buenos Aires, 30 abril (NA) \u2014 El proceso judicial por el triple femicidio ocurrido en\" \/>\n<meta property=\"og:url\" content=\"https:\/\/fmgente.com.ar\/web\/triple-femicidio-en-florencio-varela-el-lunes-extraditan-a-pequeno-j\/\" \/>\n<meta property=\"og:site_name\" content=\"Fm Gente\" \/>\n<meta property=\"article:published_time\" content=\"2026-05-01T00:05:52+00:00\" \/>\n<meta name=\"twitter:card\" content=\"summary_large_image\" \/>\n<script type=\"application\/ld+json\" class=\"yoast-schema-graph\">{\"@context\":\"https:\\\/\\\/schema.org\",\"@graph\":[{\"@type\":\"Article\",\"@id\":\"https:\\\/\\\/fmgente.com.ar\\\/web\\\/triple-femicidio-en-florencio-varela-el-lunes-extraditan-a-pequeno-j\\\/#article\",\"isPartOf\":{\"@id\":\"https:\\\/\\\/fmgente.com.ar\\\/web\\\/triple-femicidio-en-florencio-varela-el-lunes-extraditan-a-pequeno-j\\\/\"},\"author\":{\"name\":\"\",\"@id\":\"\"},\"headline\":\"Triple femicidio en Florencio Varela: el lunes extraditan a &quot;Peque\u00f1o J&quot;\",\"datePublished\":\"2026-05-01T00:05:52+00:00\",\"mainEntityOfPage\":{\"@id\":\"https:\\\/\\\/fmgente.com.ar\\\/web\\\/triple-femicidio-en-florencio-varela-el-lunes-extraditan-a-pequeno-j\\\/\"},\"wordCount\":93,\"publisher\":{\"@id\":\"https:\\\/\\\/fmgente.com.ar\\\/web\\\/#organization\"},\"image\":{\"@id\":\"https:\\\/\\\/fmgente.com.ar\\\/web\\\/triple-femicidio-en-florencio-varela-el-lunes-extraditan-a-pequeno-j\\\/#primaryimage\"},\"thumbnailUrl\":\"https:\\\/\\\/fmgente.com.ar\\\/web\\\/wp-content\\\/uploads\\\/2026\\\/04\\\/720-1487.jpeg\",\"articleSection\":[\"REGIONALES\"],\"inLanguage\":\"es\"},{\"@type\":\"WebPage\",\"@id\":\"https:\\\/\\\/fmgente.com.ar\\\/web\\\/triple-femicidio-en-florencio-varela-el-lunes-extraditan-a-pequeno-j\\\/\",\"url\":\"https:\\\/\\\/fmgente.com.ar\\\/web\\\/triple-femicidio-en-florencio-varela-el-lunes-extraditan-a-pequeno-j\\\/\",\"name\":\"Triple femicidio en Florencio Varela: el lunes extraditan a &quot;Peque\u00f1o J&quot; - Fm Gente\",\"isPartOf\":{\"@id\":\"https:\\\/\\\/fmgente.com.ar\\\/web\\\/#website\"},\"primaryImageOfPage\":{\"@id\":\"https:\\\/\\\/fmgente.com.ar\\\/web\\\/triple-femicidio-en-florencio-varela-el-lunes-extraditan-a-pequeno-j\\\/#primaryimage\"},\"image\":{\"@id\":\"https:\\\/\\\/fmgente.com.ar\\\/web\\\/triple-femicidio-en-florencio-varela-el-lunes-extraditan-a-pequeno-j\\\/#primaryimage\"},\"thumbnailUrl\":\"https:\\\/\\\/fmgente.com.ar\\\/web\\\/wp-content\\\/uploads\\\/2026\\\/04\\\/720-1487.jpeg\",\"datePublished\":\"2026-05-01T00:05:52+00:00\",\"inLanguage\":\"es\",\"potentialAction\":[{\"@type\":\"ReadAction\",\"target\":[\"https:\\\/\\\/fmgente.com.ar\\\/web\\\/triple-femicidio-en-florencio-varela-el-lunes-extraditan-a-pequeno-j\\\/\"]}]},{\"@type\":\"ImageObject\",\"inLanguage\":\"es\",\"@id\":\"https:\\\/\\\/fmgente.com.ar\\\/web\\\/triple-femicidio-en-florencio-varela-el-lunes-extraditan-a-pequeno-j\\\/#primaryimage\",\"url\":\"https:\\\/\\\/fmgente.com.ar\\\/web\\\/wp-content\\\/uploads\\\/2026\\\/04\\\/720-1487.jpeg\",\"contentUrl\":\"https:\\\/\\\/fmgente.com.ar\\\/web\\\/wp-content\\\/uploads\\\/2026\\\/04\\\/720-1487.jpeg\",\"width\":1280,\"height\":720},{\"@type\":\"WebSite\",\"@id\":\"https:\\\/\\\/fmgente.com.ar\\\/web\\\/#website\",\"url\":\"https:\\\/\\\/fmgente.com.ar\\\/web\\\/\",\"name\":\"Fm Gente\",\"description\":\"- Jes\u00fas Mar\u00eda\",\"publisher\":{\"@id\":\"https:\\\/\\\/fmgente.com.ar\\\/web\\\/#organization\"},\"potentialAction\":[{\"@type\":\"SearchAction\",\"target\":{\"@type\":\"EntryPoint\",\"urlTemplate\":\"https:\\\/\\\/fmgente.com.ar\\\/web\\\/?s={search_term_string}\"},\"query-input\":{\"@type\":\"PropertyValueSpecification\",\"valueRequired\":true,\"valueName\":\"search_term_string\"}}],\"inLanguage\":\"es\"},{\"@type\":\"Organization\",\"@id\":\"https:\\\/\\\/fmgente.com.ar\\\/web\\\/#organization\",\"name\":\"Fm Gente\",\"url\":\"https:\\\/\\\/fmgente.com.ar\\\/web\\\/\",\"logo\":{\"@type\":\"ImageObject\",\"inLanguage\":\"es\",\"@id\":\"https:\\\/\\\/fmgente.com.ar\\\/web\\\/#\\\/schema\\\/logo\\\/image\\\/\",\"url\":\"https:\\\/\\\/fmgente.com.ar\\\/web\\\/wp-content\\\/uploads\\\/2023\\\/07\\\/cropped-cropped-logo-sombra2.png\",\"contentUrl\":\"https:\\\/\\\/fmgente.com.ar\\\/web\\\/wp-content\\\/uploads\\\/2023\\\/07\\\/cropped-cropped-logo-sombra2.png\",\"width\":1782,\"height\":1782,\"caption\":\"Fm Gente\"},\"image\":{\"@id\":\"https:\\\/\\\/fmgente.com.ar\\\/web\\\/#\\\/schema\\\/logo\\\/image\\\/\"}}]}<\/script>\n<!-- \/ Yoast SEO plugin. -->","yoast_head_json":{"title":"Triple femicidio en Florencio Varela: el lunes extraditan a &quot;Peque\u00f1o J&quot; - Fm Gente","robots":{"index":"index","follow":"follow","max-snippet":"max-snippet:-1","max-image-preview":"max-image-preview:large","max-video-preview":"max-video-preview:-1"},"canonical":"https:\/\/fmgente.com.ar\/web\/triple-femicidio-en-florencio-varela-el-lunes-extraditan-a-pequeno-j\/","og_locale":"es_ES","og_type":"article","og_title":"Triple femicidio en Florencio Varela: el lunes extraditan a &quot;Peque\u00f1o J&quot; - Fm Gente","og_description":"Buenos Aires, 30 abril (NA) \u2014 El proceso judicial por el triple femicidio ocurrido en","og_url":"https:\/\/fmgente.com.ar\/web\/triple-femicidio-en-florencio-varela-el-lunes-extraditan-a-pequeno-j\/","og_site_name":"Fm Gente","article_published_time":"2026-05-01T00:05:52+00:00","twitter_card":"summary_large_image","schema":{"@context":"https:\/\/schema.org","@graph":[{"@type":"Article","@id":"https:\/\/fmgente.com.ar\/web\/triple-femicidio-en-florencio-varela-el-lunes-extraditan-a-pequeno-j\/#article","isPartOf":{"@id":"https:\/\/fmgente.com.ar\/web\/triple-femicidio-en-florencio-varela-el-lunes-extraditan-a-pequeno-j\/"},"author":{"name":"","@id":""},"headline":"Triple femicidio en Florencio Varela: el lunes extraditan a &quot;Peque\u00f1o J&quot;","datePublished":"2026-05-01T00:05:52+00:00","mainEntityOfPage":{"@id":"https:\/\/fmgente.com.ar\/web\/triple-femicidio-en-florencio-varela-el-lunes-extraditan-a-pequeno-j\/"},"wordCount":93,"publisher":{"@id":"https:\/\/fmgente.com.ar\/web\/#organization"},"image":{"@id":"https:\/\/fmgente.com.ar\/web\/triple-femicidio-en-florencio-varela-el-lunes-extraditan-a-pequeno-j\/#primaryimage"},"thumbnailUrl":"https:\/\/fmgente.com.ar\/web\/wp-content\/uploads\/2026\/04\/720-1487.jpeg","articleSection":["REGIONALES"],"inLanguage":"es"},{"@type":"WebPage","@id":"https:\/\/fmgente.com.ar\/web\/triple-femicidio-en-florencio-varela-el-lunes-extraditan-a-pequeno-j\/","url":"https:\/\/fmgente.com.ar\/web\/triple-femicidio-en-florencio-varela-el-lunes-extraditan-a-pequeno-j\/","name":"Triple femicidio en Florencio Varela: el lunes extraditan a &quot;Peque\u00f1o J&quot; - Fm Gente","isPartOf":{"@id":"https:\/\/fmgente.com.ar\/web\/#website"},"primaryImageOfPage":{"@id":"https:\/\/fmgente.com.ar\/web\/triple-femicidio-en-florencio-varela-el-lunes-extraditan-a-pequeno-j\/#primaryimage"},"image":{"@id":"https:\/\/fmgente.com.ar\/web\/triple-femicidio-en-florencio-varela-el-lunes-extraditan-a-pequeno-j\/#primaryimage"},"thumbnailUrl":"https:\/\/fmgente.com.ar\/web\/wp-content\/uploads\/2026\/04\/720-1487.jpeg","datePublished":"2026-05-01T00:05:52+00:00","inLanguage":"es","potentialAction":[{"@type":"ReadAction","target":["https:\/\/fmgente.com.ar\/web\/triple-femicidio-en-florencio-varela-el-lunes-extraditan-a-pequeno-j\/"]}]},{"@type":"ImageObject","inLanguage":"es","@id":"https:\/\/fmgente.com.ar\/web\/triple-femicidio-en-florencio-varela-el-lunes-extraditan-a-pequeno-j\/#primaryimage","url":"https:\/\/fmgente.com.ar\/web\/wp-content\/uploads\/2026\/04\/720-1487.jpeg","contentUrl":"https:\/\/fmgente.com.ar\/web\/wp-content\/uploads\/2026\/04\/720-1487.jpeg","width":1280,"height":720},{"@type":"WebSite","@id":"https:\/\/fmgente.com.ar\/web\/#website","url":"https:\/\/fmgente.com.ar\/web\/","name":"Fm Gente","description":"- Jes\u00fas Mar\u00eda","publisher":{"@id":"https:\/\/fmgente.com.ar\/web\/#organization"},"potentialAction":[{"@type":"SearchAction","target":{"@type":"EntryPoint","urlTemplate":"https:\/\/fmgente.com.ar\/web\/?s={search_term_string}"},"query-input":{"@type":"PropertyValueSpecification","valueRequired":true,"valueName":"search_term_string"}}],"inLanguage":"es"},{"@type":"Organization","@id":"https:\/\/fmgente.com.ar\/web\/#organization","name":"Fm Gente","url":"https:\/\/fmgente.com.ar\/web\/","logo":{"@type":"ImageObject","inLanguage":"es","@id":"https:\/\/fmgente.com.ar\/web\/#\/schema\/logo\/image\/","url":"https:\/\/fmgente.com.ar\/web\/wp-content\/uploads\/2023\/07\/cropped-cropped-logo-sombra2.png","contentUrl":"https:\/\/fmgente.com.ar\/web\/wp-content\/uploads\/2023\/07\/cropped-cropped-logo-sombra2.png","width":1782,"height":1782,"caption":"Fm Gente"},"image":{"@id":"https:\/\/fmgente.com.ar\/web\/#\/schema\/logo\/image\/"}}]}},"_links":{"self":[{"href":"https:\/\/fmgente.com.ar\/web\/wp-json\/wp\/v2\/posts\/21271","targetHints":{"allow":["GET"]}}],"collection":[{"href":"https:\/\/fmgente.com.ar\/web\/wp-json\/wp\/v2\/posts"}],"about":[{"href":"https:\/\/fmgente.com.ar\/web\/wp-json\/wp\/v2\/types\/post"}],"replies":[{"embeddable":true,"href":"https:\/\/fmgente.com.ar\/web\/wp-json\/wp\/v2\/comments?post=21271"}],"version-history":[{"count":0,"href":"https:\/\/fmgente.com.ar\/web\/wp-json\/wp\/v2\/posts\/21271\/revisions"}],"wp:featuredmedia":[{"embeddable":true,"href":"https:\/\/fmgente.com.ar\/web\/wp-json\/wp\/v2\/media\/21272"}],"wp:attachment":[{"href":"https:\/\/fmgente.com.ar\/web\/wp-json\/wp\/v2\/media?parent=21271"}],"wp:term":[{"taxonomy":"category","embeddable":true,"href":"https:\/\/fmgente.com.ar\/web\/wp-json\/wp\/v2\/categories?post=21271"},{"taxonomy":"post_tag","embeddable":true,"href":"https:\/\/fmgente.com.ar\/web\/wp-json\/wp\/v2\/tags?post=21271"}],"curies":[{"name":"wp","href":"https:\/\/api.w.org\/{rel}","templated":true}]}}