{"id":21269,"date":"2026-04-30T20:05:04","date_gmt":"2026-04-30T23:05:04","guid":{"rendered":"https:\/\/fmgente.com.ar\/web\/otro-guino-de-trump-a-milei-subio-la-calificacion-de-argentina-sobre-propiedad-intelectual\/"},"modified":"2026-04-30T20:05:04","modified_gmt":"2026-04-30T23:05:04","slug":"otro-guino-de-trump-a-milei-subio-la-calificacion-de-argentina-sobre-propiedad-intelectual","status":"publish","type":"post","link":"https:\/\/fmgente.com.ar\/web\/otro-guino-de-trump-a-milei-subio-la-calificacion-de-argentina-sobre-propiedad-intelectual\/","title":{"rendered":"Otro gui\u00f1o de Trump a Milei: subi\u00f3 la calificaci\u00f3n de Argentina sobre propiedad intelectual"},"content":{"rendered":"<p>Buenos Aires, 30 abril (NA) \u2013 El Gobierno de Javier Milei sum\u00f3 un nuevo apoyo de los Estados Unidos al recibir este jueves una mejora en la calificaci\u00f3n de la Argentina con relaci\u00f3n a la propiedad intelectual.<\/p>\n<p>Seg\u00fan supo la Agencia Noticias Argentinas, en una nueva se\u00f1al del gobierno norteamericano hacia la Argentina, la Oficina del Representante Comercial de Estados Unidos (USTR, por sus siglas en ingl\u00e9s) mejor\u00f3 la calificaci\u00f3n del pa\u00eds luego de tres d\u00e9cadas en su revisi\u00f3n anual del estado global de la protecci\u00f3n y la observancia de los derechos de propiedad intelectual.<\/p>\n<p>En este sentido y de acuerdo al llamado Reporte Especial 301 que public\u00f3 este jueves la USTR, liderada por el representante comercial Jamieson Greer, la Argentina de Milei dej\u00f3 su puesto en la \u201cLista de Vigilancia Prioritaria\u201d para ocupar la \u201cLista de Vigilancia\u201d por \u201csus esfuerzos para abordar preocupaciones significativas\u201d en dicha materia.<\/p>\n<p>Argentina ocupaba el lugar que deja en la lista desde 1996. La misma est\u00e1 destinada a pa\u00edses con deficiencias graves en la protecci\u00f3n o el cumplimiento de los derechos de propiedad intelectual.<\/p>\n<p>\u00bfQU\u00c9 MARCA EL REPORTE DE LA USTR SOBRE LA ARGENTINA?<\/p>\n<p>En el reporte, la USTR destac\u00f3 que en febrero pasado Estados Unidos y Argentina firmaron el Acuerdo Rec\u00edproco sobre Comercio e Inversi\u00f3n (ARTI), en virtud del cual la administraci\u00f3n de Javier Milei \u201casumi\u00f3 compromisos que beneficiar\u00e1n a los innovadores y creadores estadounidenses al reforzar la protecci\u00f3n de la propiedad intelectual y priorizar la aplicaci\u00f3n de la ley contra el robo de propiedad intelectual\u201d.<\/p>\n<p>A su vez, en el reporte \u201cesto incluye avanzar en la adhesi\u00f3n a varios tratados internacionales clave sobre propiedad intelectual y adoptar medidas para resolver numerosos problemas de propiedad intelectual de larga data identificados en el Informe Especial 301\u201d.<\/p>\n<p>Por su parte, \u201cla Argentina tambi\u00e9n se ha comprometido a aplicar est\u00e1ndares rigurosos de transparencia y equidad en lo que respecta a la protecci\u00f3n de las indicaciones geogr\u00e1ficas [IG], as\u00ed como a garantizar que los productos estadounidenses puedan seguir utilizando t\u00e9rminos que han sido protegidos injustamente como IG\u201d, se a\u00f1adi\u00f3 en el reporte, dado a conocer a trav\u00e9s de su publicaci\u00f3n en el d\u00eda de la fecha. #AgenciaNA.<\/p>\n","protected":false},"excerpt":{"rendered":"<p>Buenos Aires, 30 abril (NA) \u2013 El Gobierno de Javier Milei sum\u00f3 un nuevo apoyo<\/p>\n","protected":false},"author":0,"featured_media":21270,"comment_status":"","ping_status":"","sticky":false,"template":"","format":"standard","meta":{"footnotes":""},"categories":[1],"tags":[],"class_list":["post-21269","post","type-post","status-publish","format-standard","has-post-thumbnail","hentry","category-regionales"],"yoast_head":"<!-- This site is optimized with the Yoast SEO plugin v27.5 - https:\/\/yoast.com\/product\/yoast-seo-wordpress\/ -->\n<title>Otro gui\u00f1o de Trump a Milei: subi\u00f3 la calificaci\u00f3n de Argentina sobre propiedad intelectual - Fm Gente<\/title>\n<meta name=\"robots\" content=\"index, follow, max-snippet:-1, max-image-preview:large, max-video-preview:-1\" \/>\n<link rel=\"canonical\" href=\"https:\/\/fmgente.com.ar\/web\/otro-guino-de-trump-a-milei-subio-la-calificacion-de-argentina-sobre-propiedad-intelectual\/\" \/>\n<meta property=\"og:locale\" content=\"es_ES\" \/>\n<meta property=\"og:type\" content=\"article\" \/>\n<meta property=\"og:title\" content=\"Otro gui\u00f1o de Trump a Milei: subi\u00f3 la calificaci\u00f3n de Argentina sobre propiedad intelectual - Fm Gente\" \/>\n<meta property=\"og:description\" content=\"Buenos Aires, 30 abril (NA) \u2013 El Gobierno de Javier Milei sum\u00f3 un nuevo apoyo\" \/>\n<meta property=\"og:url\" content=\"https:\/\/fmgente.com.ar\/web\/otro-guino-de-trump-a-milei-subio-la-calificacion-de-argentina-sobre-propiedad-intelectual\/\" \/>\n<meta property=\"og:site_name\" content=\"Fm Gente\" \/>\n<meta property=\"article:published_time\" content=\"2026-04-30T23:05:04+00:00\" \/>\n<meta name=\"twitter:card\" content=\"summary_large_image\" \/>\n<meta name=\"twitter:label1\" content=\"Tiempo de lectura\" \/>\n\t<meta name=\"twitter:data1\" content=\"2 minutos\" \/>\n<script type=\"application\/ld+json\" class=\"yoast-schema-graph\">{\"@context\":\"https:\\\/\\\/schema.org\",\"@graph\":[{\"@type\":\"Article\",\"@id\":\"https:\\\/\\\/fmgente.com.ar\\\/web\\\/otro-guino-de-trump-a-milei-subio-la-calificacion-de-argentina-sobre-propiedad-intelectual\\\/#article\",\"isPartOf\":{\"@id\":\"https:\\\/\\\/fmgente.com.ar\\\/web\\\/otro-guino-de-trump-a-milei-subio-la-calificacion-de-argentina-sobre-propiedad-intelectual\\\/\"},\"author\":{\"name\":\"\",\"@id\":\"\"},\"headline\":\"Otro gui\u00f1o de Trump a Milei: subi\u00f3 la calificaci\u00f3n de Argentina sobre propiedad intelectual\",\"datePublished\":\"2026-04-30T23:05:04+00:00\",\"mainEntityOfPage\":{\"@id\":\"https:\\\/\\\/fmgente.com.ar\\\/web\\\/otro-guino-de-trump-a-milei-subio-la-calificacion-de-argentina-sobre-propiedad-intelectual\\\/\"},\"wordCount\":399,\"publisher\":{\"@id\":\"https:\\\/\\\/fmgente.com.ar\\\/web\\\/#organization\"},\"image\":{\"@id\":\"https:\\\/\\\/fmgente.com.ar\\\/web\\\/otro-guino-de-trump-a-milei-subio-la-calificacion-de-argentina-sobre-propiedad-intelectual\\\/#primaryimage\"},\"thumbnailUrl\":\"https:\\\/\\\/fmgente.com.ar\\\/web\\\/wp-content\\\/uploads\\\/2026\\\/04\\\/720-1486.jpeg\",\"articleSection\":[\"REGIONALES\"],\"inLanguage\":\"es\"},{\"@type\":\"WebPage\",\"@id\":\"https:\\\/\\\/fmgente.com.ar\\\/web\\\/otro-guino-de-trump-a-milei-subio-la-calificacion-de-argentina-sobre-propiedad-intelectual\\\/\",\"url\":\"https:\\\/\\\/fmgente.com.ar\\\/web\\\/otro-guino-de-trump-a-milei-subio-la-calificacion-de-argentina-sobre-propiedad-intelectual\\\/\",\"name\":\"Otro gui\u00f1o de Trump a Milei: subi\u00f3 la calificaci\u00f3n de Argentina sobre propiedad intelectual - Fm Gente\",\"isPartOf\":{\"@id\":\"https:\\\/\\\/fmgente.com.ar\\\/web\\\/#website\"},\"primaryImageOfPage\":{\"@id\":\"https:\\\/\\\/fmgente.com.ar\\\/web\\\/otro-guino-de-trump-a-milei-subio-la-calificacion-de-argentina-sobre-propiedad-intelectual\\\/#primaryimage\"},\"image\":{\"@id\":\"https:\\\/\\\/fmgente.com.ar\\\/web\\\/otro-guino-de-trump-a-milei-subio-la-calificacion-de-argentina-sobre-propiedad-intelectual\\\/#primaryimage\"},\"thumbnailUrl\":\"https:\\\/\\\/fmgente.com.ar\\\/web\\\/wp-content\\\/uploads\\\/2026\\\/04\\\/720-1486.jpeg\",\"datePublished\":\"2026-04-30T23:05:04+00:00\",\"inLanguage\":\"es\",\"potentialAction\":[{\"@type\":\"ReadAction\",\"target\":[\"https:\\\/\\\/fmgente.com.ar\\\/web\\\/otro-guino-de-trump-a-milei-subio-la-calificacion-de-argentina-sobre-propiedad-intelectual\\\/\"]}]},{\"@type\":\"ImageObject\",\"inLanguage\":\"es\",\"@id\":\"https:\\\/\\\/fmgente.com.ar\\\/web\\\/otro-guino-de-trump-a-milei-subio-la-calificacion-de-argentina-sobre-propiedad-intelectual\\\/#primaryimage\",\"url\":\"https:\\\/\\\/fmgente.com.ar\\\/web\\\/wp-content\\\/uploads\\\/2026\\\/04\\\/720-1486.jpeg\",\"contentUrl\":\"https:\\\/\\\/fmgente.com.ar\\\/web\\\/wp-content\\\/uploads\\\/2026\\\/04\\\/720-1486.jpeg\",\"width\":1079,\"height\":720},{\"@type\":\"WebSite\",\"@id\":\"https:\\\/\\\/fmgente.com.ar\\\/web\\\/#website\",\"url\":\"https:\\\/\\\/fmgente.com.ar\\\/web\\\/\",\"name\":\"Fm Gente\",\"description\":\"- Jes\u00fas Mar\u00eda\",\"publisher\":{\"@id\":\"https:\\\/\\\/fmgente.com.ar\\\/web\\\/#organization\"},\"potentialAction\":[{\"@type\":\"SearchAction\",\"target\":{\"@type\":\"EntryPoint\",\"urlTemplate\":\"https:\\\/\\\/fmgente.com.ar\\\/web\\\/?s={search_term_string}\"},\"query-input\":{\"@type\":\"PropertyValueSpecification\",\"valueRequired\":true,\"valueName\":\"search_term_string\"}}],\"inLanguage\":\"es\"},{\"@type\":\"Organization\",\"@id\":\"https:\\\/\\\/fmgente.com.ar\\\/web\\\/#organization\",\"name\":\"Fm Gente\",\"url\":\"https:\\\/\\\/fmgente.com.ar\\\/web\\\/\",\"logo\":{\"@type\":\"ImageObject\",\"inLanguage\":\"es\",\"@id\":\"https:\\\/\\\/fmgente.com.ar\\\/web\\\/#\\\/schema\\\/logo\\\/image\\\/\",\"url\":\"https:\\\/\\\/fmgente.com.ar\\\/web\\\/wp-content\\\/uploads\\\/2023\\\/07\\\/cropped-cropped-logo-sombra2.png\",\"contentUrl\":\"https:\\\/\\\/fmgente.com.ar\\\/web\\\/wp-content\\\/uploads\\\/2023\\\/07\\\/cropped-cropped-logo-sombra2.png\",\"width\":1782,\"height\":1782,\"caption\":\"Fm Gente\"},\"image\":{\"@id\":\"https:\\\/\\\/fmgente.com.ar\\\/web\\\/#\\\/schema\\\/logo\\\/image\\\/\"}}]}<\/script>\n<!-- \/ Yoast SEO plugin. -->","yoast_head_json":{"title":"Otro gui\u00f1o de Trump a Milei: subi\u00f3 la calificaci\u00f3n de Argentina sobre propiedad intelectual - Fm Gente","robots":{"index":"index","follow":"follow","max-snippet":"max-snippet:-1","max-image-preview":"max-image-preview:large","max-video-preview":"max-video-preview:-1"},"canonical":"https:\/\/fmgente.com.ar\/web\/otro-guino-de-trump-a-milei-subio-la-calificacion-de-argentina-sobre-propiedad-intelectual\/","og_locale":"es_ES","og_type":"article","og_title":"Otro gui\u00f1o de Trump a Milei: subi\u00f3 la calificaci\u00f3n de Argentina sobre propiedad intelectual - Fm Gente","og_description":"Buenos Aires, 30 abril (NA) \u2013 El Gobierno de Javier Milei sum\u00f3 un nuevo apoyo","og_url":"https:\/\/fmgente.com.ar\/web\/otro-guino-de-trump-a-milei-subio-la-calificacion-de-argentina-sobre-propiedad-intelectual\/","og_site_name":"Fm Gente","article_published_time":"2026-04-30T23:05:04+00:00","twitter_card":"summary_large_image","twitter_misc":{"Tiempo de lectura":"2 minutos"},"schema":{"@context":"https:\/\/schema.org","@graph":[{"@type":"Article","@id":"https:\/\/fmgente.com.ar\/web\/otro-guino-de-trump-a-milei-subio-la-calificacion-de-argentina-sobre-propiedad-intelectual\/#article","isPartOf":{"@id":"https:\/\/fmgente.com.ar\/web\/otro-guino-de-trump-a-milei-subio-la-calificacion-de-argentina-sobre-propiedad-intelectual\/"},"author":{"name":"","@id":""},"headline":"Otro gui\u00f1o de Trump a Milei: subi\u00f3 la calificaci\u00f3n de Argentina sobre propiedad intelectual","datePublished":"2026-04-30T23:05:04+00:00","mainEntityOfPage":{"@id":"https:\/\/fmgente.com.ar\/web\/otro-guino-de-trump-a-milei-subio-la-calificacion-de-argentina-sobre-propiedad-intelectual\/"},"wordCount":399,"publisher":{"@id":"https:\/\/fmgente.com.ar\/web\/#organization"},"image":{"@id":"https:\/\/fmgente.com.ar\/web\/otro-guino-de-trump-a-milei-subio-la-calificacion-de-argentina-sobre-propiedad-intelectual\/#primaryimage"},"thumbnailUrl":"https:\/\/fmgente.com.ar\/web\/wp-content\/uploads\/2026\/04\/720-1486.jpeg","articleSection":["REGIONALES"],"inLanguage":"es"},{"@type":"WebPage","@id":"https:\/\/fmgente.com.ar\/web\/otro-guino-de-trump-a-milei-subio-la-calificacion-de-argentina-sobre-propiedad-intelectual\/","url":"https:\/\/fmgente.com.ar\/web\/otro-guino-de-trump-a-milei-subio-la-calificacion-de-argentina-sobre-propiedad-intelectual\/","name":"Otro gui\u00f1o de Trump a Milei: subi\u00f3 la calificaci\u00f3n de Argentina sobre propiedad intelectual - Fm Gente","isPartOf":{"@id":"https:\/\/fmgente.com.ar\/web\/#website"},"primaryImageOfPage":{"@id":"https:\/\/fmgente.com.ar\/web\/otro-guino-de-trump-a-milei-subio-la-calificacion-de-argentina-sobre-propiedad-intelectual\/#primaryimage"},"image":{"@id":"https:\/\/fmgente.com.ar\/web\/otro-guino-de-trump-a-milei-subio-la-calificacion-de-argentina-sobre-propiedad-intelectual\/#primaryimage"},"thumbnailUrl":"https:\/\/fmgente.com.ar\/web\/wp-content\/uploads\/2026\/04\/720-1486.jpeg","datePublished":"2026-04-30T23:05:04+00:00","inLanguage":"es","potentialAction":[{"@type":"ReadAction","target":["https:\/\/fmgente.com.ar\/web\/otro-guino-de-trump-a-milei-subio-la-calificacion-de-argentina-sobre-propiedad-intelectual\/"]}]},{"@type":"ImageObject","inLanguage":"es","@id":"https:\/\/fmgente.com.ar\/web\/otro-guino-de-trump-a-milei-subio-la-calificacion-de-argentina-sobre-propiedad-intelectual\/#primaryimage","url":"https:\/\/fmgente.com.ar\/web\/wp-content\/uploads\/2026\/04\/720-1486.jpeg","contentUrl":"https:\/\/fmgente.com.ar\/web\/wp-content\/uploads\/2026\/04\/720-1486.jpeg","width":1079,"height":720},{"@type":"WebSite","@id":"https:\/\/fmgente.com.ar\/web\/#website","url":"https:\/\/fmgente.com.ar\/web\/","name":"Fm Gente","description":"- Jes\u00fas Mar\u00eda","publisher":{"@id":"https:\/\/fmgente.com.ar\/web\/#organization"},"potentialAction":[{"@type":"SearchAction","target":{"@type":"EntryPoint","urlTemplate":"https:\/\/fmgente.com.ar\/web\/?s={search_term_string}"},"query-input":{"@type":"PropertyValueSpecification","valueRequired":true,"valueName":"search_term_string"}}],"inLanguage":"es"},{"@type":"Organization","@id":"https:\/\/fmgente.com.ar\/web\/#organization","name":"Fm Gente","url":"https:\/\/fmgente.com.ar\/web\/","logo":{"@type":"ImageObject","inLanguage":"es","@id":"https:\/\/fmgente.com.ar\/web\/#\/schema\/logo\/image\/","url":"https:\/\/fmgente.com.ar\/web\/wp-content\/uploads\/2023\/07\/cropped-cropped-logo-sombra2.png","contentUrl":"https:\/\/fmgente.com.ar\/web\/wp-content\/uploads\/2023\/07\/cropped-cropped-logo-sombra2.png","width":1782,"height":1782,"caption":"Fm Gente"},"image":{"@id":"https:\/\/fmgente.com.ar\/web\/#\/schema\/logo\/image\/"}}]}},"_links":{"self":[{"href":"https:\/\/fmgente.com.ar\/web\/wp-json\/wp\/v2\/posts\/21269","targetHints":{"allow":["GET"]}}],"collection":[{"href":"https:\/\/fmgente.com.ar\/web\/wp-json\/wp\/v2\/posts"}],"about":[{"href":"https:\/\/fmgente.com.ar\/web\/wp-json\/wp\/v2\/types\/post"}],"replies":[{"embeddable":true,"href":"https:\/\/fmgente.com.ar\/web\/wp-json\/wp\/v2\/comments?post=21269"}],"version-history":[{"count":0,"href":"https:\/\/fmgente.com.ar\/web\/wp-json\/wp\/v2\/posts\/21269\/revisions"}],"wp:featuredmedia":[{"embeddable":true,"href":"https:\/\/fmgente.com.ar\/web\/wp-json\/wp\/v2\/media\/21270"}],"wp:attachment":[{"href":"https:\/\/fmgente.com.ar\/web\/wp-json\/wp\/v2\/media?parent=21269"}],"wp:term":[{"taxonomy":"category","embeddable":true,"href":"https:\/\/fmgente.com.ar\/web\/wp-json\/wp\/v2\/categories?post=21269"},{"taxonomy":"post_tag","embeddable":true,"href":"https:\/\/fmgente.com.ar\/web\/wp-json\/wp\/v2\/tags?post=21269"}],"curies":[{"name":"wp","href":"https:\/\/api.w.org\/{rel}","templated":true}]}}