{"id":21265,"date":"2026-04-30T20:05:02","date_gmt":"2026-04-30T23:05:02","guid":{"rendered":"https:\/\/fmgente.com.ar\/web\/trump-critica-intentos-del-congreso-para-limitar-sus-poderes-de-guerra\/"},"modified":"2026-04-30T20:05:02","modified_gmt":"2026-04-30T23:05:02","slug":"trump-critica-intentos-del-congreso-para-limitar-sus-poderes-de-guerra","status":"publish","type":"post","link":"https:\/\/fmgente.com.ar\/web\/trump-critica-intentos-del-congreso-para-limitar-sus-poderes-de-guerra\/","title":{"rendered":"Trump critica intentos del Congreso para limitar sus poderes de guerra"},"content":{"rendered":"<p>Buenos Aires, 30 abril (NA) \u2013 El presidente de Estados Unidos, Donald Trump, critic\u00f3 este jueves de los intentos del Congreso para limitar sus poderes de guerra, el m\u00e1s reciente de los cuales fue rechazado esta tarde en el Senado, a la vez dijo que est\u00e1 considerando reducir el n\u00famero de tropas en Espa\u00f1a e Italia, del mismo modo que lo plante\u00f3 con Alemania.<\/p>\n<p>El Senado rechaz\u00f3 el sexto intento de los dem\u00f3cratas de limitar la autoridad del presidente Trump para declarar la guerra a Ir\u00e1n. El jueves, una votaci\u00f3n de procedimiento para impulsar una resoluci\u00f3n sobre poderes de guerra presentada por el senador dem\u00f3crata de California, Adam Schiff, fracas\u00f3 por 47 votos contra 50. La medida habr\u00eda ordenado al presidente retirar las fuerzas estadounidenses de las hostilidades con Ir\u00e1n.<\/p>\n<p>En di\u00e1logo con periodistas en la Oficina Oval de la Casa Blanca, Trump se quej\u00f3 de las propuestas en el Congreso: \u201cInsisten una y otra vez con los poderes de guerra\u201d.<\/p>\n<p>\u201cEstoy negociando un acuerdo con Ir\u00e1n\u201d, a\u00f1adi\u00f3. \u201cY cada semana, cada tres d\u00edas, presentan algo para que la guerra se detenga\u201d, sostuvo el mandatario estadounidense, report\u00f3 la cadena CNN y supo la Agencia Noticias Argentinas.<\/p>\n<p>Una ley posterior a la guerra de Vietnam establece un plazo de 60 d\u00edas para el uso de la fuerza militar sin autorizaci\u00f3n del Congreso.<\/p>\n<p>La guerra con Ir\u00e1n alcanzar\u00eda ese l\u00edmite el 1 de mayo, seg\u00fan el texto de la ley, la Resoluci\u00f3n de Poderes de Guerra, aunque existen divergencias sobre la interpretaci\u00f3n de esa norma.<\/p>\n<p>Algunos legisladores sostienen que el conteo de 60 d\u00edas comenz\u00f3 desde el inicio de las hostilidades, lo que situar\u00eda la fecha l\u00edmite en el 29 de abril, mientras que otros citan el texto de la ley para argumentar que se trata de 60 d\u00edas calendario desde que la Casa Blanca notific\u00f3 oficialmente al Congreso, lo que ubicar\u00eda el plazo en el 1 de mayo. Otros republicanos argumentan que los d\u00edas de alto el fuego no cuentan dentro del total de 60 d\u00edas o sostienen que el presidente puede extender unilateralmente el plazo a 90 d\u00edas.<\/p>\n<p>Por otra parte, Trump dijo que est\u00e1 considerando reducir el n\u00famero de tropas de Estados Unidos en Espa\u00f1a e Italia, en medio de una revisi\u00f3n m\u00e1s amplia de la presencia militar estadounidense en Europa por desacuerdos con aliados sobre la guerra con Ir\u00e1n.<\/p>\n<p>\u201cNo han estado exactamente de nuestro lado\u201d, respondi\u00f3 Trump al ser consultado sobre la posibilidad de recortes de tropas en Italia y Espa\u00f1a. La noche anterior, el mandatario tambi\u00e9n hab\u00eda dicho que estaba evaluando una posible reducci\u00f3n de tropas en Alemania.<\/p>\n<p>\u201cS\u00ed, probablemente lo haga\u201d, a\u00f1adi\u00f3 Trump. \u201c\u00bfPor qu\u00e9 no deber\u00eda? Italia no ha sido de ninguna ayuda. Espa\u00f1a ha sido terrible. Absolutamente\u201d, agreg\u00f3.<\/p>\n<p>Trump ha tenido fricciones significativas con l\u00edderes de aliados europeos por no colaborar en la guerra con Ir\u00e1n. Y este jueves en la Oficina Oval renov\u00f3 sus cr\u00edticas, en particular contra el canciller de Alemania, Friedrich Merz.<\/p>\n<p>\u201cUno habr\u00eda pensado que dir\u00edan: \u2018nos encantar\u00eda ayudarlos\u2019\u201d, dijo Trump. \u201cEst\u00e1 haciendo un trabajo terrible\u201d, agreg\u00f3 sobre Merz.<\/p>\n<p>Merz dijo a comienzos de esta semana que Estados Unidos est\u00e1 \u201csiendo humillado\u201d por Ir\u00e1n, aunque tambi\u00e9n se\u00f1al\u00f3 que su relaci\u00f3n con Trump sigue siendo \u201cbuena\u201d.<\/p>\n","protected":false},"excerpt":{"rendered":"<p>Buenos Aires, 30 abril (NA) \u2013 El presidente de Estados Unidos, Donald Trump, critic\u00f3 este<\/p>\n","protected":false},"author":0,"featured_media":21266,"comment_status":"","ping_status":"","sticky":false,"template":"","format":"standard","meta":{"footnotes":""},"categories":[1],"tags":[],"class_list":["post-21265","post","type-post","status-publish","format-standard","has-post-thumbnail","hentry","category-regionales"],"yoast_head":"<!-- This site is optimized with the Yoast SEO plugin v27.5 - https:\/\/yoast.com\/product\/yoast-seo-wordpress\/ -->\n<title>Trump critica intentos del Congreso para limitar sus poderes de guerra - Fm Gente<\/title>\n<meta name=\"robots\" content=\"index, follow, max-snippet:-1, max-image-preview:large, max-video-preview:-1\" \/>\n<link rel=\"canonical\" href=\"https:\/\/fmgente.com.ar\/web\/trump-critica-intentos-del-congreso-para-limitar-sus-poderes-de-guerra\/\" \/>\n<meta property=\"og:locale\" content=\"es_ES\" \/>\n<meta property=\"og:type\" content=\"article\" \/>\n<meta property=\"og:title\" content=\"Trump critica intentos del Congreso para limitar sus poderes de guerra - Fm Gente\" \/>\n<meta property=\"og:description\" content=\"Buenos Aires, 30 abril (NA) \u2013 El presidente de Estados Unidos, Donald Trump, critic\u00f3 este\" \/>\n<meta property=\"og:url\" content=\"https:\/\/fmgente.com.ar\/web\/trump-critica-intentos-del-congreso-para-limitar-sus-poderes-de-guerra\/\" \/>\n<meta property=\"og:site_name\" content=\"Fm Gente\" \/>\n<meta property=\"article:published_time\" content=\"2026-04-30T23:05:02+00:00\" \/>\n<meta name=\"twitter:card\" content=\"summary_large_image\" \/>\n<meta name=\"twitter:label1\" content=\"Tiempo de lectura\" \/>\n\t<meta name=\"twitter:data1\" content=\"3 minutos\" \/>\n<script type=\"application\/ld+json\" class=\"yoast-schema-graph\">{\"@context\":\"https:\\\/\\\/schema.org\",\"@graph\":[{\"@type\":\"Article\",\"@id\":\"https:\\\/\\\/fmgente.com.ar\\\/web\\\/trump-critica-intentos-del-congreso-para-limitar-sus-poderes-de-guerra\\\/#article\",\"isPartOf\":{\"@id\":\"https:\\\/\\\/fmgente.com.ar\\\/web\\\/trump-critica-intentos-del-congreso-para-limitar-sus-poderes-de-guerra\\\/\"},\"author\":{\"name\":\"\",\"@id\":\"\"},\"headline\":\"Trump critica intentos del Congreso para limitar sus poderes de guerra\",\"datePublished\":\"2026-04-30T23:05:02+00:00\",\"mainEntityOfPage\":{\"@id\":\"https:\\\/\\\/fmgente.com.ar\\\/web\\\/trump-critica-intentos-del-congreso-para-limitar-sus-poderes-de-guerra\\\/\"},\"wordCount\":587,\"publisher\":{\"@id\":\"https:\\\/\\\/fmgente.com.ar\\\/web\\\/#organization\"},\"image\":{\"@id\":\"https:\\\/\\\/fmgente.com.ar\\\/web\\\/trump-critica-intentos-del-congreso-para-limitar-sus-poderes-de-guerra\\\/#primaryimage\"},\"thumbnailUrl\":\"https:\\\/\\\/fmgente.com.ar\\\/web\\\/wp-content\\\/uploads\\\/2026\\\/04\\\/720-1484.jpeg\",\"articleSection\":[\"REGIONALES\"],\"inLanguage\":\"es\"},{\"@type\":\"WebPage\",\"@id\":\"https:\\\/\\\/fmgente.com.ar\\\/web\\\/trump-critica-intentos-del-congreso-para-limitar-sus-poderes-de-guerra\\\/\",\"url\":\"https:\\\/\\\/fmgente.com.ar\\\/web\\\/trump-critica-intentos-del-congreso-para-limitar-sus-poderes-de-guerra\\\/\",\"name\":\"Trump critica intentos del Congreso para limitar sus poderes de guerra - Fm Gente\",\"isPartOf\":{\"@id\":\"https:\\\/\\\/fmgente.com.ar\\\/web\\\/#website\"},\"primaryImageOfPage\":{\"@id\":\"https:\\\/\\\/fmgente.com.ar\\\/web\\\/trump-critica-intentos-del-congreso-para-limitar-sus-poderes-de-guerra\\\/#primaryimage\"},\"image\":{\"@id\":\"https:\\\/\\\/fmgente.com.ar\\\/web\\\/trump-critica-intentos-del-congreso-para-limitar-sus-poderes-de-guerra\\\/#primaryimage\"},\"thumbnailUrl\":\"https:\\\/\\\/fmgente.com.ar\\\/web\\\/wp-content\\\/uploads\\\/2026\\\/04\\\/720-1484.jpeg\",\"datePublished\":\"2026-04-30T23:05:02+00:00\",\"inLanguage\":\"es\",\"potentialAction\":[{\"@type\":\"ReadAction\",\"target\":[\"https:\\\/\\\/fmgente.com.ar\\\/web\\\/trump-critica-intentos-del-congreso-para-limitar-sus-poderes-de-guerra\\\/\"]}]},{\"@type\":\"ImageObject\",\"inLanguage\":\"es\",\"@id\":\"https:\\\/\\\/fmgente.com.ar\\\/web\\\/trump-critica-intentos-del-congreso-para-limitar-sus-poderes-de-guerra\\\/#primaryimage\",\"url\":\"https:\\\/\\\/fmgente.com.ar\\\/web\\\/wp-content\\\/uploads\\\/2026\\\/04\\\/720-1484.jpeg\",\"contentUrl\":\"https:\\\/\\\/fmgente.com.ar\\\/web\\\/wp-content\\\/uploads\\\/2026\\\/04\\\/720-1484.jpeg\",\"width\":1187,\"height\":720},{\"@type\":\"WebSite\",\"@id\":\"https:\\\/\\\/fmgente.com.ar\\\/web\\\/#website\",\"url\":\"https:\\\/\\\/fmgente.com.ar\\\/web\\\/\",\"name\":\"Fm Gente\",\"description\":\"- Jes\u00fas Mar\u00eda\",\"publisher\":{\"@id\":\"https:\\\/\\\/fmgente.com.ar\\\/web\\\/#organization\"},\"potentialAction\":[{\"@type\":\"SearchAction\",\"target\":{\"@type\":\"EntryPoint\",\"urlTemplate\":\"https:\\\/\\\/fmgente.com.ar\\\/web\\\/?s={search_term_string}\"},\"query-input\":{\"@type\":\"PropertyValueSpecification\",\"valueRequired\":true,\"valueName\":\"search_term_string\"}}],\"inLanguage\":\"es\"},{\"@type\":\"Organization\",\"@id\":\"https:\\\/\\\/fmgente.com.ar\\\/web\\\/#organization\",\"name\":\"Fm Gente\",\"url\":\"https:\\\/\\\/fmgente.com.ar\\\/web\\\/\",\"logo\":{\"@type\":\"ImageObject\",\"inLanguage\":\"es\",\"@id\":\"https:\\\/\\\/fmgente.com.ar\\\/web\\\/#\\\/schema\\\/logo\\\/image\\\/\",\"url\":\"https:\\\/\\\/fmgente.com.ar\\\/web\\\/wp-content\\\/uploads\\\/2023\\\/07\\\/cropped-cropped-logo-sombra2.png\",\"contentUrl\":\"https:\\\/\\\/fmgente.com.ar\\\/web\\\/wp-content\\\/uploads\\\/2023\\\/07\\\/cropped-cropped-logo-sombra2.png\",\"width\":1782,\"height\":1782,\"caption\":\"Fm Gente\"},\"image\":{\"@id\":\"https:\\\/\\\/fmgente.com.ar\\\/web\\\/#\\\/schema\\\/logo\\\/image\\\/\"}}]}<\/script>\n<!-- \/ Yoast SEO plugin. -->","yoast_head_json":{"title":"Trump critica intentos del Congreso para limitar sus poderes de guerra - Fm Gente","robots":{"index":"index","follow":"follow","max-snippet":"max-snippet:-1","max-image-preview":"max-image-preview:large","max-video-preview":"max-video-preview:-1"},"canonical":"https:\/\/fmgente.com.ar\/web\/trump-critica-intentos-del-congreso-para-limitar-sus-poderes-de-guerra\/","og_locale":"es_ES","og_type":"article","og_title":"Trump critica intentos del Congreso para limitar sus poderes de guerra - Fm Gente","og_description":"Buenos Aires, 30 abril (NA) \u2013 El presidente de Estados Unidos, Donald Trump, critic\u00f3 este","og_url":"https:\/\/fmgente.com.ar\/web\/trump-critica-intentos-del-congreso-para-limitar-sus-poderes-de-guerra\/","og_site_name":"Fm Gente","article_published_time":"2026-04-30T23:05:02+00:00","twitter_card":"summary_large_image","twitter_misc":{"Tiempo de lectura":"3 minutos"},"schema":{"@context":"https:\/\/schema.org","@graph":[{"@type":"Article","@id":"https:\/\/fmgente.com.ar\/web\/trump-critica-intentos-del-congreso-para-limitar-sus-poderes-de-guerra\/#article","isPartOf":{"@id":"https:\/\/fmgente.com.ar\/web\/trump-critica-intentos-del-congreso-para-limitar-sus-poderes-de-guerra\/"},"author":{"name":"","@id":""},"headline":"Trump critica intentos del Congreso para limitar sus poderes de guerra","datePublished":"2026-04-30T23:05:02+00:00","mainEntityOfPage":{"@id":"https:\/\/fmgente.com.ar\/web\/trump-critica-intentos-del-congreso-para-limitar-sus-poderes-de-guerra\/"},"wordCount":587,"publisher":{"@id":"https:\/\/fmgente.com.ar\/web\/#organization"},"image":{"@id":"https:\/\/fmgente.com.ar\/web\/trump-critica-intentos-del-congreso-para-limitar-sus-poderes-de-guerra\/#primaryimage"},"thumbnailUrl":"https:\/\/fmgente.com.ar\/web\/wp-content\/uploads\/2026\/04\/720-1484.jpeg","articleSection":["REGIONALES"],"inLanguage":"es"},{"@type":"WebPage","@id":"https:\/\/fmgente.com.ar\/web\/trump-critica-intentos-del-congreso-para-limitar-sus-poderes-de-guerra\/","url":"https:\/\/fmgente.com.ar\/web\/trump-critica-intentos-del-congreso-para-limitar-sus-poderes-de-guerra\/","name":"Trump critica intentos del Congreso para limitar sus poderes de guerra - Fm Gente","isPartOf":{"@id":"https:\/\/fmgente.com.ar\/web\/#website"},"primaryImageOfPage":{"@id":"https:\/\/fmgente.com.ar\/web\/trump-critica-intentos-del-congreso-para-limitar-sus-poderes-de-guerra\/#primaryimage"},"image":{"@id":"https:\/\/fmgente.com.ar\/web\/trump-critica-intentos-del-congreso-para-limitar-sus-poderes-de-guerra\/#primaryimage"},"thumbnailUrl":"https:\/\/fmgente.com.ar\/web\/wp-content\/uploads\/2026\/04\/720-1484.jpeg","datePublished":"2026-04-30T23:05:02+00:00","inLanguage":"es","potentialAction":[{"@type":"ReadAction","target":["https:\/\/fmgente.com.ar\/web\/trump-critica-intentos-del-congreso-para-limitar-sus-poderes-de-guerra\/"]}]},{"@type":"ImageObject","inLanguage":"es","@id":"https:\/\/fmgente.com.ar\/web\/trump-critica-intentos-del-congreso-para-limitar-sus-poderes-de-guerra\/#primaryimage","url":"https:\/\/fmgente.com.ar\/web\/wp-content\/uploads\/2026\/04\/720-1484.jpeg","contentUrl":"https:\/\/fmgente.com.ar\/web\/wp-content\/uploads\/2026\/04\/720-1484.jpeg","width":1187,"height":720},{"@type":"WebSite","@id":"https:\/\/fmgente.com.ar\/web\/#website","url":"https:\/\/fmgente.com.ar\/web\/","name":"Fm Gente","description":"- Jes\u00fas Mar\u00eda","publisher":{"@id":"https:\/\/fmgente.com.ar\/web\/#organization"},"potentialAction":[{"@type":"SearchAction","target":{"@type":"EntryPoint","urlTemplate":"https:\/\/fmgente.com.ar\/web\/?s={search_term_string}"},"query-input":{"@type":"PropertyValueSpecification","valueRequired":true,"valueName":"search_term_string"}}],"inLanguage":"es"},{"@type":"Organization","@id":"https:\/\/fmgente.com.ar\/web\/#organization","name":"Fm Gente","url":"https:\/\/fmgente.com.ar\/web\/","logo":{"@type":"ImageObject","inLanguage":"es","@id":"https:\/\/fmgente.com.ar\/web\/#\/schema\/logo\/image\/","url":"https:\/\/fmgente.com.ar\/web\/wp-content\/uploads\/2023\/07\/cropped-cropped-logo-sombra2.png","contentUrl":"https:\/\/fmgente.com.ar\/web\/wp-content\/uploads\/2023\/07\/cropped-cropped-logo-sombra2.png","width":1782,"height":1782,"caption":"Fm Gente"},"image":{"@id":"https:\/\/fmgente.com.ar\/web\/#\/schema\/logo\/image\/"}}]}},"_links":{"self":[{"href":"https:\/\/fmgente.com.ar\/web\/wp-json\/wp\/v2\/posts\/21265","targetHints":{"allow":["GET"]}}],"collection":[{"href":"https:\/\/fmgente.com.ar\/web\/wp-json\/wp\/v2\/posts"}],"about":[{"href":"https:\/\/fmgente.com.ar\/web\/wp-json\/wp\/v2\/types\/post"}],"replies":[{"embeddable":true,"href":"https:\/\/fmgente.com.ar\/web\/wp-json\/wp\/v2\/comments?post=21265"}],"version-history":[{"count":0,"href":"https:\/\/fmgente.com.ar\/web\/wp-json\/wp\/v2\/posts\/21265\/revisions"}],"wp:featuredmedia":[{"embeddable":true,"href":"https:\/\/fmgente.com.ar\/web\/wp-json\/wp\/v2\/media\/21266"}],"wp:attachment":[{"href":"https:\/\/fmgente.com.ar\/web\/wp-json\/wp\/v2\/media?parent=21265"}],"wp:term":[{"taxonomy":"category","embeddable":true,"href":"https:\/\/fmgente.com.ar\/web\/wp-json\/wp\/v2\/categories?post=21265"},{"taxonomy":"post_tag","embeddable":true,"href":"https:\/\/fmgente.com.ar\/web\/wp-json\/wp\/v2\/tags?post=21265"}],"curies":[{"name":"wp","href":"https:\/\/api.w.org\/{rel}","templated":true}]}}