{"id":21263,"date":"2026-04-30T20:05:00","date_gmt":"2026-04-30T23:05:00","guid":{"rendered":"https:\/\/fmgente.com.ar\/web\/delcy-rodriguez-celebro-la-reanudacion-de-vuelos-comerciales-entre-venezuela-y-estados-unidos\/"},"modified":"2026-04-30T20:05:00","modified_gmt":"2026-04-30T23:05:00","slug":"delcy-rodriguez-celebro-la-reanudacion-de-vuelos-comerciales-entre-venezuela-y-estados-unidos","status":"publish","type":"post","link":"https:\/\/fmgente.com.ar\/web\/delcy-rodriguez-celebro-la-reanudacion-de-vuelos-comerciales-entre-venezuela-y-estados-unidos\/","title":{"rendered":"Delcy Rodr\u00edguez celebr\u00f3 la reanudaci\u00f3n de vuelos comerciales entre Venezuela y Estados Unidos"},"content":{"rendered":"<p>Buenos Aires, 30 abril (NA) \u2014 La presidenta encargada de Venezuela, Delcy Rodr\u00edguez, salud\u00f3 este jueves la reanudaci\u00f3n de los vuelos comerciales con Estados Unidos despu\u00e9s de siete a\u00f1os de relaciones congeladas.<\/p>\n<p>\u201cHoy lleg\u00f3, despu\u00e9s de siete a\u00f1os, el primer vuelo comercial entre Estados Unidos y Venezuela gracias a la agenda diplom\u00e1tica\u201d, sostuvo Rodr\u00edguez durante la Gran Peregrinaci\u00f3n por una Venezuela libre de sanciones a la que tuvo acceso la Agencia Noticias Argentinas.<\/p>\n<p>El vuelo inaugural de American Airlines, que viaj\u00f3 de Miami hacia Caracas, aterriz\u00f3 en el Aeropuerto Internacional Sim\u00f3n Bol\u00edvar en el c\u00e9ntrico estado La Guaira. Desde la capital venezolana, la presidenta encargada asegur\u00f3 que ambos gobiernos tambi\u00e9n est\u00e1n construyendo una agenda de trabajo en el \u00e1mbito energ\u00e9tico con la base del respeto.<\/p>\n<p>Record\u00f3 que debido al bloqueo naval impuesto por Estados Unidos a finales de 2025, la naci\u00f3n suramericana registr\u00f3 una baja en la producci\u00f3n de crudo, sin embargo, conf\u00eda en que para finales de este a\u00f1o pueda haber un aumento.<\/p>\n<p>Las agendas de relaciones internacionales y energ\u00e9ticas, mantenidas, permitir\u00e1n un mayor crecimiento econ\u00f3mico y un posicionamiento en Am\u00e9rica Latina, incluso con un mejor salario para los trabajadores.<\/p>\n<p>#AgenciaNA<\/p>\n","protected":false},"excerpt":{"rendered":"<p>Buenos Aires, 30 abril (NA) \u2014 La presidenta encargada de Venezuela, Delcy Rodr\u00edguez, salud\u00f3 este<\/p>\n","protected":false},"author":0,"featured_media":21264,"comment_status":"","ping_status":"","sticky":false,"template":"","format":"standard","meta":{"footnotes":""},"categories":[1],"tags":[],"class_list":["post-21263","post","type-post","status-publish","format-standard","has-post-thumbnail","hentry","category-regionales"],"yoast_head":"<!-- This site is optimized with the Yoast SEO plugin v27.5 - https:\/\/yoast.com\/product\/yoast-seo-wordpress\/ -->\n<title>Delcy Rodr\u00edguez celebr\u00f3 la reanudaci\u00f3n de vuelos comerciales entre Venezuela y Estados Unidos - Fm Gente<\/title>\n<meta name=\"robots\" content=\"index, follow, max-snippet:-1, max-image-preview:large, max-video-preview:-1\" \/>\n<link rel=\"canonical\" href=\"https:\/\/fmgente.com.ar\/web\/delcy-rodriguez-celebro-la-reanudacion-de-vuelos-comerciales-entre-venezuela-y-estados-unidos\/\" \/>\n<meta property=\"og:locale\" content=\"es_ES\" \/>\n<meta property=\"og:type\" content=\"article\" \/>\n<meta property=\"og:title\" content=\"Delcy Rodr\u00edguez celebr\u00f3 la reanudaci\u00f3n de vuelos comerciales entre Venezuela y Estados Unidos - Fm Gente\" \/>\n<meta property=\"og:description\" content=\"Buenos Aires, 30 abril (NA) \u2014 La presidenta encargada de Venezuela, Delcy Rodr\u00edguez, salud\u00f3 este\" \/>\n<meta property=\"og:url\" content=\"https:\/\/fmgente.com.ar\/web\/delcy-rodriguez-celebro-la-reanudacion-de-vuelos-comerciales-entre-venezuela-y-estados-unidos\/\" \/>\n<meta property=\"og:site_name\" content=\"Fm Gente\" \/>\n<meta property=\"article:published_time\" content=\"2026-04-30T23:05:00+00:00\" \/>\n<meta name=\"twitter:card\" content=\"summary_large_image\" \/>\n<meta name=\"twitter:label1\" content=\"Tiempo de lectura\" \/>\n\t<meta name=\"twitter:data1\" content=\"1 minuto\" \/>\n<script type=\"application\/ld+json\" class=\"yoast-schema-graph\">{\"@context\":\"https:\\\/\\\/schema.org\",\"@graph\":[{\"@type\":\"Article\",\"@id\":\"https:\\\/\\\/fmgente.com.ar\\\/web\\\/delcy-rodriguez-celebro-la-reanudacion-de-vuelos-comerciales-entre-venezuela-y-estados-unidos\\\/#article\",\"isPartOf\":{\"@id\":\"https:\\\/\\\/fmgente.com.ar\\\/web\\\/delcy-rodriguez-celebro-la-reanudacion-de-vuelos-comerciales-entre-venezuela-y-estados-unidos\\\/\"},\"author\":{\"name\":\"\",\"@id\":\"\"},\"headline\":\"Delcy Rodr\u00edguez celebr\u00f3 la reanudaci\u00f3n de vuelos comerciales entre Venezuela y Estados Unidos\",\"datePublished\":\"2026-04-30T23:05:00+00:00\",\"mainEntityOfPage\":{\"@id\":\"https:\\\/\\\/fmgente.com.ar\\\/web\\\/delcy-rodriguez-celebro-la-reanudacion-de-vuelos-comerciales-entre-venezuela-y-estados-unidos\\\/\"},\"wordCount\":227,\"publisher\":{\"@id\":\"https:\\\/\\\/fmgente.com.ar\\\/web\\\/#organization\"},\"image\":{\"@id\":\"https:\\\/\\\/fmgente.com.ar\\\/web\\\/delcy-rodriguez-celebro-la-reanudacion-de-vuelos-comerciales-entre-venezuela-y-estados-unidos\\\/#primaryimage\"},\"thumbnailUrl\":\"https:\\\/\\\/fmgente.com.ar\\\/web\\\/wp-content\\\/uploads\\\/2026\\\/04\\\/720-1483.jpeg\",\"articleSection\":[\"REGIONALES\"],\"inLanguage\":\"es\"},{\"@type\":\"WebPage\",\"@id\":\"https:\\\/\\\/fmgente.com.ar\\\/web\\\/delcy-rodriguez-celebro-la-reanudacion-de-vuelos-comerciales-entre-venezuela-y-estados-unidos\\\/\",\"url\":\"https:\\\/\\\/fmgente.com.ar\\\/web\\\/delcy-rodriguez-celebro-la-reanudacion-de-vuelos-comerciales-entre-venezuela-y-estados-unidos\\\/\",\"name\":\"Delcy Rodr\u00edguez celebr\u00f3 la reanudaci\u00f3n de vuelos comerciales entre Venezuela y Estados Unidos - Fm Gente\",\"isPartOf\":{\"@id\":\"https:\\\/\\\/fmgente.com.ar\\\/web\\\/#website\"},\"primaryImageOfPage\":{\"@id\":\"https:\\\/\\\/fmgente.com.ar\\\/web\\\/delcy-rodriguez-celebro-la-reanudacion-de-vuelos-comerciales-entre-venezuela-y-estados-unidos\\\/#primaryimage\"},\"image\":{\"@id\":\"https:\\\/\\\/fmgente.com.ar\\\/web\\\/delcy-rodriguez-celebro-la-reanudacion-de-vuelos-comerciales-entre-venezuela-y-estados-unidos\\\/#primaryimage\"},\"thumbnailUrl\":\"https:\\\/\\\/fmgente.com.ar\\\/web\\\/wp-content\\\/uploads\\\/2026\\\/04\\\/720-1483.jpeg\",\"datePublished\":\"2026-04-30T23:05:00+00:00\",\"inLanguage\":\"es\",\"potentialAction\":[{\"@type\":\"ReadAction\",\"target\":[\"https:\\\/\\\/fmgente.com.ar\\\/web\\\/delcy-rodriguez-celebro-la-reanudacion-de-vuelos-comerciales-entre-venezuela-y-estados-unidos\\\/\"]}]},{\"@type\":\"ImageObject\",\"inLanguage\":\"es\",\"@id\":\"https:\\\/\\\/fmgente.com.ar\\\/web\\\/delcy-rodriguez-celebro-la-reanudacion-de-vuelos-comerciales-entre-venezuela-y-estados-unidos\\\/#primaryimage\",\"url\":\"https:\\\/\\\/fmgente.com.ar\\\/web\\\/wp-content\\\/uploads\\\/2026\\\/04\\\/720-1483.jpeg\",\"contentUrl\":\"https:\\\/\\\/fmgente.com.ar\\\/web\\\/wp-content\\\/uploads\\\/2026\\\/04\\\/720-1483.jpeg\",\"width\":1079,\"height\":720},{\"@type\":\"WebSite\",\"@id\":\"https:\\\/\\\/fmgente.com.ar\\\/web\\\/#website\",\"url\":\"https:\\\/\\\/fmgente.com.ar\\\/web\\\/\",\"name\":\"Fm Gente\",\"description\":\"- Jes\u00fas Mar\u00eda\",\"publisher\":{\"@id\":\"https:\\\/\\\/fmgente.com.ar\\\/web\\\/#organization\"},\"potentialAction\":[{\"@type\":\"SearchAction\",\"target\":{\"@type\":\"EntryPoint\",\"urlTemplate\":\"https:\\\/\\\/fmgente.com.ar\\\/web\\\/?s={search_term_string}\"},\"query-input\":{\"@type\":\"PropertyValueSpecification\",\"valueRequired\":true,\"valueName\":\"search_term_string\"}}],\"inLanguage\":\"es\"},{\"@type\":\"Organization\",\"@id\":\"https:\\\/\\\/fmgente.com.ar\\\/web\\\/#organization\",\"name\":\"Fm Gente\",\"url\":\"https:\\\/\\\/fmgente.com.ar\\\/web\\\/\",\"logo\":{\"@type\":\"ImageObject\",\"inLanguage\":\"es\",\"@id\":\"https:\\\/\\\/fmgente.com.ar\\\/web\\\/#\\\/schema\\\/logo\\\/image\\\/\",\"url\":\"https:\\\/\\\/fmgente.com.ar\\\/web\\\/wp-content\\\/uploads\\\/2023\\\/07\\\/cropped-cropped-logo-sombra2.png\",\"contentUrl\":\"https:\\\/\\\/fmgente.com.ar\\\/web\\\/wp-content\\\/uploads\\\/2023\\\/07\\\/cropped-cropped-logo-sombra2.png\",\"width\":1782,\"height\":1782,\"caption\":\"Fm Gente\"},\"image\":{\"@id\":\"https:\\\/\\\/fmgente.com.ar\\\/web\\\/#\\\/schema\\\/logo\\\/image\\\/\"}}]}<\/script>\n<!-- \/ Yoast SEO plugin. -->","yoast_head_json":{"title":"Delcy Rodr\u00edguez celebr\u00f3 la reanudaci\u00f3n de vuelos comerciales entre Venezuela y Estados Unidos - Fm Gente","robots":{"index":"index","follow":"follow","max-snippet":"max-snippet:-1","max-image-preview":"max-image-preview:large","max-video-preview":"max-video-preview:-1"},"canonical":"https:\/\/fmgente.com.ar\/web\/delcy-rodriguez-celebro-la-reanudacion-de-vuelos-comerciales-entre-venezuela-y-estados-unidos\/","og_locale":"es_ES","og_type":"article","og_title":"Delcy Rodr\u00edguez celebr\u00f3 la reanudaci\u00f3n de vuelos comerciales entre Venezuela y Estados Unidos - Fm Gente","og_description":"Buenos Aires, 30 abril (NA) \u2014 La presidenta encargada de Venezuela, Delcy Rodr\u00edguez, salud\u00f3 este","og_url":"https:\/\/fmgente.com.ar\/web\/delcy-rodriguez-celebro-la-reanudacion-de-vuelos-comerciales-entre-venezuela-y-estados-unidos\/","og_site_name":"Fm Gente","article_published_time":"2026-04-30T23:05:00+00:00","twitter_card":"summary_large_image","twitter_misc":{"Tiempo de lectura":"1 minuto"},"schema":{"@context":"https:\/\/schema.org","@graph":[{"@type":"Article","@id":"https:\/\/fmgente.com.ar\/web\/delcy-rodriguez-celebro-la-reanudacion-de-vuelos-comerciales-entre-venezuela-y-estados-unidos\/#article","isPartOf":{"@id":"https:\/\/fmgente.com.ar\/web\/delcy-rodriguez-celebro-la-reanudacion-de-vuelos-comerciales-entre-venezuela-y-estados-unidos\/"},"author":{"name":"","@id":""},"headline":"Delcy Rodr\u00edguez celebr\u00f3 la reanudaci\u00f3n de vuelos comerciales entre Venezuela y Estados Unidos","datePublished":"2026-04-30T23:05:00+00:00","mainEntityOfPage":{"@id":"https:\/\/fmgente.com.ar\/web\/delcy-rodriguez-celebro-la-reanudacion-de-vuelos-comerciales-entre-venezuela-y-estados-unidos\/"},"wordCount":227,"publisher":{"@id":"https:\/\/fmgente.com.ar\/web\/#organization"},"image":{"@id":"https:\/\/fmgente.com.ar\/web\/delcy-rodriguez-celebro-la-reanudacion-de-vuelos-comerciales-entre-venezuela-y-estados-unidos\/#primaryimage"},"thumbnailUrl":"https:\/\/fmgente.com.ar\/web\/wp-content\/uploads\/2026\/04\/720-1483.jpeg","articleSection":["REGIONALES"],"inLanguage":"es"},{"@type":"WebPage","@id":"https:\/\/fmgente.com.ar\/web\/delcy-rodriguez-celebro-la-reanudacion-de-vuelos-comerciales-entre-venezuela-y-estados-unidos\/","url":"https:\/\/fmgente.com.ar\/web\/delcy-rodriguez-celebro-la-reanudacion-de-vuelos-comerciales-entre-venezuela-y-estados-unidos\/","name":"Delcy Rodr\u00edguez celebr\u00f3 la reanudaci\u00f3n de vuelos comerciales entre Venezuela y Estados Unidos - Fm Gente","isPartOf":{"@id":"https:\/\/fmgente.com.ar\/web\/#website"},"primaryImageOfPage":{"@id":"https:\/\/fmgente.com.ar\/web\/delcy-rodriguez-celebro-la-reanudacion-de-vuelos-comerciales-entre-venezuela-y-estados-unidos\/#primaryimage"},"image":{"@id":"https:\/\/fmgente.com.ar\/web\/delcy-rodriguez-celebro-la-reanudacion-de-vuelos-comerciales-entre-venezuela-y-estados-unidos\/#primaryimage"},"thumbnailUrl":"https:\/\/fmgente.com.ar\/web\/wp-content\/uploads\/2026\/04\/720-1483.jpeg","datePublished":"2026-04-30T23:05:00+00:00","inLanguage":"es","potentialAction":[{"@type":"ReadAction","target":["https:\/\/fmgente.com.ar\/web\/delcy-rodriguez-celebro-la-reanudacion-de-vuelos-comerciales-entre-venezuela-y-estados-unidos\/"]}]},{"@type":"ImageObject","inLanguage":"es","@id":"https:\/\/fmgente.com.ar\/web\/delcy-rodriguez-celebro-la-reanudacion-de-vuelos-comerciales-entre-venezuela-y-estados-unidos\/#primaryimage","url":"https:\/\/fmgente.com.ar\/web\/wp-content\/uploads\/2026\/04\/720-1483.jpeg","contentUrl":"https:\/\/fmgente.com.ar\/web\/wp-content\/uploads\/2026\/04\/720-1483.jpeg","width":1079,"height":720},{"@type":"WebSite","@id":"https:\/\/fmgente.com.ar\/web\/#website","url":"https:\/\/fmgente.com.ar\/web\/","name":"Fm Gente","description":"- Jes\u00fas Mar\u00eda","publisher":{"@id":"https:\/\/fmgente.com.ar\/web\/#organization"},"potentialAction":[{"@type":"SearchAction","target":{"@type":"EntryPoint","urlTemplate":"https:\/\/fmgente.com.ar\/web\/?s={search_term_string}"},"query-input":{"@type":"PropertyValueSpecification","valueRequired":true,"valueName":"search_term_string"}}],"inLanguage":"es"},{"@type":"Organization","@id":"https:\/\/fmgente.com.ar\/web\/#organization","name":"Fm Gente","url":"https:\/\/fmgente.com.ar\/web\/","logo":{"@type":"ImageObject","inLanguage":"es","@id":"https:\/\/fmgente.com.ar\/web\/#\/schema\/logo\/image\/","url":"https:\/\/fmgente.com.ar\/web\/wp-content\/uploads\/2023\/07\/cropped-cropped-logo-sombra2.png","contentUrl":"https:\/\/fmgente.com.ar\/web\/wp-content\/uploads\/2023\/07\/cropped-cropped-logo-sombra2.png","width":1782,"height":1782,"caption":"Fm Gente"},"image":{"@id":"https:\/\/fmgente.com.ar\/web\/#\/schema\/logo\/image\/"}}]}},"_links":{"self":[{"href":"https:\/\/fmgente.com.ar\/web\/wp-json\/wp\/v2\/posts\/21263","targetHints":{"allow":["GET"]}}],"collection":[{"href":"https:\/\/fmgente.com.ar\/web\/wp-json\/wp\/v2\/posts"}],"about":[{"href":"https:\/\/fmgente.com.ar\/web\/wp-json\/wp\/v2\/types\/post"}],"replies":[{"embeddable":true,"href":"https:\/\/fmgente.com.ar\/web\/wp-json\/wp\/v2\/comments?post=21263"}],"version-history":[{"count":0,"href":"https:\/\/fmgente.com.ar\/web\/wp-json\/wp\/v2\/posts\/21263\/revisions"}],"wp:featuredmedia":[{"embeddable":true,"href":"https:\/\/fmgente.com.ar\/web\/wp-json\/wp\/v2\/media\/21264"}],"wp:attachment":[{"href":"https:\/\/fmgente.com.ar\/web\/wp-json\/wp\/v2\/media?parent=21263"}],"wp:term":[{"taxonomy":"category","embeddable":true,"href":"https:\/\/fmgente.com.ar\/web\/wp-json\/wp\/v2\/categories?post=21263"},{"taxonomy":"post_tag","embeddable":true,"href":"https:\/\/fmgente.com.ar\/web\/wp-json\/wp\/v2\/tags?post=21263"}],"curies":[{"name":"wp","href":"https:\/\/api.w.org\/{rel}","templated":true}]}}