{"id":21247,"date":"2026-04-30T18:04:52","date_gmt":"2026-04-30T21:04:52","guid":{"rendered":"https:\/\/fmgente.com.ar\/web\/senado-comision-de-acuerdos-dio-dictamen-favorable-a-16-postulantes-a-jueces-defensores-y-fiscales\/"},"modified":"2026-04-30T18:04:52","modified_gmt":"2026-04-30T21:04:52","slug":"senado-comision-de-acuerdos-dio-dictamen-favorable-a-16-postulantes-a-jueces-defensores-y-fiscales","status":"publish","type":"post","link":"https:\/\/fmgente.com.ar\/web\/senado-comision-de-acuerdos-dio-dictamen-favorable-a-16-postulantes-a-jueces-defensores-y-fiscales\/","title":{"rendered":"Senado: Comisi\u00f3n de Acuerdos dio dictamen favorable a 16 postulantes a jueces, defensores y fiscales"},"content":{"rendered":"<p>Buenos Aires, 30 abril (NA) &#8212; El Senado respald\u00f3 en comisi\u00f3n hoy la postulaci\u00f3n de 16 pliegos para cubrir vacantes en el Poder Judicial, luego de una audiencia p\u00fablica donde los postulantes defendieron su designaci\u00f3n para desempe\u00f1arse como jueces, defensores y fiscales.<\/p>\n<p>La Comisi\u00f3n de Acuerdos firm\u00f3 dictamen favorable a favor de los letrados que vinieron a exponer sobre su propuesta de ascenso en la Justicia, con lo cual ahora ese despacho deber\u00e1 ser considerado en una sesi\u00f3n que podr\u00eda realizarse el pr\u00f3ximo 14 de Mayo, seg\u00fan revel\u00f3 una fuente parlamentaria a la Agencia Noticias Argentinas.<\/p>\n<p>El dictamen firmado en la comisi\u00f3n de Acuerdos-que preside el libertario Juan Carlos Pagotto-tuvo el respaldo de la Libertad Avanza, la UCR, el PRO, y bloques provinciales.<\/p>\n<p>Al comenzar la reuni\u00f3n, el presidente del bloque Justicialista, Jos\u00e9 Mayans, volvi\u00f3 a desconocer la validez de la conformaci\u00f3n de la comisi\u00f3n de Acuerdos dado que no le otorgaron los seis miembros que reclama ese espacio pol\u00edtico.<\/p>\n<p>Se\u00f1al\u00f3 que esa decisi\u00f3n  presidente del bloque Justicialista del Senado, Jos\u00e9 Mayans, desconoci\u00f3 hoy la validez de la comisi\u00f3n de Acuerdos de la C\u00e1mara Alta, al sostener que \u201csu actual composici\u00f3n viola la representatividad dada por el voto popular y no respeta la cantidad de lugares que le corresponden a la principal bancada de oposici\u00f3n\u201d.<\/p>\n<p>Dijo que el Gobierno postul\u00f3 a a personas que \u201cno tienen ning\u00fan tipo de m\u00e9rito\u201d  y detall\u00f3 que uno de los candidatos \u201creci\u00e9n aparece en una quinta terna y con un orden de m\u00e9rito n\u00famero 13, o sea que pas\u00f3 por arriba de cuatro ternas de candidatos y de otras dos personas de su propia terna\u201d.<\/p>\n<p>Advirti\u00f3 que este tipo de manejo \u201cpatotero de hacer pol\u00edtica  afecta la seguridad jur\u00eddica del pa\u00eds\u201d.<\/p>\n<p>Desde el oficialismo, la jefa del bloque de la Libertad Avanza, Patricia Bullrich, dijo que \u00abhayay vacantes que no fueron nombradas por la oposici\u00f3n por una decisi\u00f3n arbitraria. Esta C\u00e1mara tiene representaci\u00f3n de provincias y no haber nombrado las vacantes demuestra el intento de vaciar las comisiones\u201d.<\/p>\n<p>AUDIENCIA<\/p>\n<p>La Audiencia que se realiz\u00f3 es la primera de las cuatro que se efectuar\u00e1n hasta el 13 de mayo, previo a que esos 77 pliegos se traten en el recinto de sesiones del Senado, que con mayor\u00eda simple votar\u00e1 la designaci\u00f3n de postulantes para el Poder Judicial.<\/p>\n<p>Durante la reuni\u00f3n defendi\u00f3 su pliego Mar\u00eda In\u00e9s Rest\u00f3n como Defensora P\u00fablica ante los juzgados y la C\u00e1mara Nacional de Apelaciones en lo Penal Econ\u00f3mico, un lugar estrat\u00e9gico para el Gobierno.<\/p>\n<p>Rest\u00f3n obtuvo el primer lugar en el orden de m\u00e9rito del Concurso N\u00b0 175 para el Ministerio P\u00fablico de la Defensa y ha figurado con altos puntajes en el Concurso N\u00b0 216, seg\u00fan supo NA.<\/p>\n<p>Reston dijo que \u201cvaloro mucho que la Audiencia sea p\u00fablica. As\u00ed debe serlo porque nos recuerda el compromiso con la ciudadan\u00eda y el sentido de nuestro trabajo del que tambi\u00e9n tenemos que rendir cuentas y demostrarlo\u201d.<\/p>\n<p>Tambi\u00e9n defendi\u00f3 su pliego  Ricardo Lombardo, a quien se propone como juez de la C\u00e1mara del Tribunal Oral de Menores N\u00b0 3 de la Capital Federal, se\u00f1al\u00f3 que \u201cquiero reforzar mi vocaci\u00f3n de servicio para contribuir a un mejor funcionamiento de la justicia y del tribunal\u00bb<\/p>\n<p>Se\u00f1al\u00f3 que ese Tribunal \u00abtiene aproximadamente mil causas en tr\u00e1mite y la vocal\u00eda a la que aspiro tiene 500 causas en tr\u00e1mite. Ingresan casi 150 causas por a\u00f1o y se resuelven 200 causas\u201d.<\/p>\n<p>Santiso, candidato a juez del Juzgado Nacional de Primera Instancia en lo Civil N\u00b0 5 de la Capital Federal, dijo que se trata de un juzgado que tiene en \u201ctr\u00e1mite m\u00e1s de 5 mil expedientes\u201d  y dijo que\u00bb hay que trabajar en post de mejorar esa dilaci\u00f3n de los procesos y achicar los plazos\u201d.<\/p>\n<p>\u00abMe siento orgulloso de esta convocatoria por los m\u00e9ritos que he hecho para llegar ac\u00e1 y porque considero que es el resultado de una vida dedicada a la capacitaci\u00f3n y al trabajo en el Poder Judicial y en particular dentro de fuero civil\u201d, agreg\u00f3.<\/p>\n<p>Tambi\u00e9n expusieron los postulantes a  juez del Juzgado Nacional en lo Criminal y Correccional N\u00b0 13 de la Capital Federal, Santiago Alberto Poncio, del Juzgado Nacional de Menores N\u00b0 2 de la Capital Federal, Ignacio Labadens, y Juli\u00e1n Herrera para el Juzgado Nacional de Primera Instancia en lo Civil N\u00b0 44 de la Capital Federal.<\/p>\n<p>Tambi\u00e9n lo hicieron Santiago Munilla, quien est\u00e1 propuesto a  juez del Juzgado Nacional en lo Criminal y Correccional N\u00b0 59 de la Capital Federal,  y Gloria Capanegra para el Juzgado Nacional en lo Criminal y Correccional N\u00b0 17 de la Capital Federal.<\/p>\n<p>Adem\u00e1s defendieron sus  pliegos: Soledad Mari\u00f1o, propuesta para el Juzgado Nacional en lo Criminal N.\u00ba 18 de la Capital Federal; Paula Fuertes, como jueza para el Juzgado en lo Criminal y Correccional N.\u00ba 14 de la Capital Federal; y Laura Kvitko, para el Juzgado Nacional en lo Criminal y Correccional N.\u00ba 23 de la Capital Federal.<\/p>\n<p>Tambi\u00e9n expusieron en la Audiencia P\u00fablica Hugo Decaria, como juez de la C\u00e1mara del Tribunal Oral en lo Criminal y Correccional N.\u00ba 3 de la Capital Federal; Juan Balc\u00e1zar, como juez del Juzgado Nacional de Primera Instancia en lo Civil N.\u00ba 95 de la Capital Federal; y Ezequiel Sobrino Reig, como juez del Juzgado de Primera Instancia en lo Civil N.\u00ba 80 de la Capital Federal.<\/p>\n<p>Durante la Audiencia defendieron sus pliegos, Germ\u00e1n Augusto Degano como juez del Juzgado Nacional de Primera Instancia en lo Civil N\u00b0 64 de la Capital Federal, y  Jos\u00e9 Miguel Guerrero para el Juzgado Nacional en lo Criminal y Correccional N\u00b0 1 de la Capital Federal.<\/p>\n<p>Agencia NA<\/p>\n","protected":false},"excerpt":{"rendered":"<p>Buenos Aires, 30 abril (NA) &#8212; El Senado respald\u00f3 en comisi\u00f3n hoy la postulaci\u00f3n de<\/p>\n","protected":false},"author":0,"featured_media":21248,"comment_status":"","ping_status":"","sticky":false,"template":"","format":"standard","meta":{"footnotes":""},"categories":[1],"tags":[],"class_list":["post-21247","post","type-post","status-publish","format-standard","has-post-thumbnail","hentry","category-regionales"],"yoast_head":"<!-- This site is optimized with the Yoast SEO plugin v27.5 - https:\/\/yoast.com\/product\/yoast-seo-wordpress\/ -->\n<title>Senado: Comisi\u00f3n de Acuerdos dio dictamen favorable a 16 postulantes a jueces, defensores y fiscales - Fm Gente<\/title>\n<meta name=\"robots\" content=\"index, follow, max-snippet:-1, max-image-preview:large, max-video-preview:-1\" \/>\n<link rel=\"canonical\" href=\"https:\/\/fmgente.com.ar\/web\/senado-comision-de-acuerdos-dio-dictamen-favorable-a-16-postulantes-a-jueces-defensores-y-fiscales\/\" \/>\n<meta property=\"og:locale\" content=\"es_ES\" \/>\n<meta property=\"og:type\" content=\"article\" \/>\n<meta property=\"og:title\" content=\"Senado: Comisi\u00f3n de Acuerdos dio dictamen favorable a 16 postulantes a jueces, defensores y fiscales - Fm Gente\" \/>\n<meta property=\"og:description\" content=\"Buenos Aires, 30 abril (NA) &#8212; El Senado respald\u00f3 en comisi\u00f3n hoy la postulaci\u00f3n de\" \/>\n<meta property=\"og:url\" content=\"https:\/\/fmgente.com.ar\/web\/senado-comision-de-acuerdos-dio-dictamen-favorable-a-16-postulantes-a-jueces-defensores-y-fiscales\/\" \/>\n<meta property=\"og:site_name\" content=\"Fm Gente\" \/>\n<meta property=\"article:published_time\" content=\"2026-04-30T21:04:52+00:00\" \/>\n<meta name=\"twitter:card\" content=\"summary_large_image\" \/>\n<meta name=\"twitter:label1\" content=\"Tiempo de lectura\" \/>\n\t<meta name=\"twitter:data1\" content=\"5 minutos\" \/>\n<script type=\"application\/ld+json\" class=\"yoast-schema-graph\">{\"@context\":\"https:\\\/\\\/schema.org\",\"@graph\":[{\"@type\":\"Article\",\"@id\":\"https:\\\/\\\/fmgente.com.ar\\\/web\\\/senado-comision-de-acuerdos-dio-dictamen-favorable-a-16-postulantes-a-jueces-defensores-y-fiscales\\\/#article\",\"isPartOf\":{\"@id\":\"https:\\\/\\\/fmgente.com.ar\\\/web\\\/senado-comision-de-acuerdos-dio-dictamen-favorable-a-16-postulantes-a-jueces-defensores-y-fiscales\\\/\"},\"author\":{\"name\":\"\",\"@id\":\"\"},\"headline\":\"Senado: Comisi\u00f3n de Acuerdos dio dictamen favorable a 16 postulantes a jueces, defensores y fiscales\",\"datePublished\":\"2026-04-30T21:04:52+00:00\",\"mainEntityOfPage\":{\"@id\":\"https:\\\/\\\/fmgente.com.ar\\\/web\\\/senado-comision-de-acuerdos-dio-dictamen-favorable-a-16-postulantes-a-jueces-defensores-y-fiscales\\\/\"},\"wordCount\":990,\"publisher\":{\"@id\":\"https:\\\/\\\/fmgente.com.ar\\\/web\\\/#organization\"},\"image\":{\"@id\":\"https:\\\/\\\/fmgente.com.ar\\\/web\\\/senado-comision-de-acuerdos-dio-dictamen-favorable-a-16-postulantes-a-jueces-defensores-y-fiscales\\\/#primaryimage\"},\"thumbnailUrl\":\"https:\\\/\\\/fmgente.com.ar\\\/web\\\/wp-content\\\/uploads\\\/2026\\\/04\\\/720-1475.jpeg\",\"articleSection\":[\"REGIONALES\"],\"inLanguage\":\"es\"},{\"@type\":\"WebPage\",\"@id\":\"https:\\\/\\\/fmgente.com.ar\\\/web\\\/senado-comision-de-acuerdos-dio-dictamen-favorable-a-16-postulantes-a-jueces-defensores-y-fiscales\\\/\",\"url\":\"https:\\\/\\\/fmgente.com.ar\\\/web\\\/senado-comision-de-acuerdos-dio-dictamen-favorable-a-16-postulantes-a-jueces-defensores-y-fiscales\\\/\",\"name\":\"Senado: Comisi\u00f3n de Acuerdos dio dictamen favorable a 16 postulantes a jueces, defensores y fiscales - Fm Gente\",\"isPartOf\":{\"@id\":\"https:\\\/\\\/fmgente.com.ar\\\/web\\\/#website\"},\"primaryImageOfPage\":{\"@id\":\"https:\\\/\\\/fmgente.com.ar\\\/web\\\/senado-comision-de-acuerdos-dio-dictamen-favorable-a-16-postulantes-a-jueces-defensores-y-fiscales\\\/#primaryimage\"},\"image\":{\"@id\":\"https:\\\/\\\/fmgente.com.ar\\\/web\\\/senado-comision-de-acuerdos-dio-dictamen-favorable-a-16-postulantes-a-jueces-defensores-y-fiscales\\\/#primaryimage\"},\"thumbnailUrl\":\"https:\\\/\\\/fmgente.com.ar\\\/web\\\/wp-content\\\/uploads\\\/2026\\\/04\\\/720-1475.jpeg\",\"datePublished\":\"2026-04-30T21:04:52+00:00\",\"inLanguage\":\"es\",\"potentialAction\":[{\"@type\":\"ReadAction\",\"target\":[\"https:\\\/\\\/fmgente.com.ar\\\/web\\\/senado-comision-de-acuerdos-dio-dictamen-favorable-a-16-postulantes-a-jueces-defensores-y-fiscales\\\/\"]}]},{\"@type\":\"ImageObject\",\"inLanguage\":\"es\",\"@id\":\"https:\\\/\\\/fmgente.com.ar\\\/web\\\/senado-comision-de-acuerdos-dio-dictamen-favorable-a-16-postulantes-a-jueces-defensores-y-fiscales\\\/#primaryimage\",\"url\":\"https:\\\/\\\/fmgente.com.ar\\\/web\\\/wp-content\\\/uploads\\\/2026\\\/04\\\/720-1475.jpeg\",\"contentUrl\":\"https:\\\/\\\/fmgente.com.ar\\\/web\\\/wp-content\\\/uploads\\\/2026\\\/04\\\/720-1475.jpeg\",\"width\":1080,\"height\":720},{\"@type\":\"WebSite\",\"@id\":\"https:\\\/\\\/fmgente.com.ar\\\/web\\\/#website\",\"url\":\"https:\\\/\\\/fmgente.com.ar\\\/web\\\/\",\"name\":\"Fm Gente\",\"description\":\"- Jes\u00fas Mar\u00eda\",\"publisher\":{\"@id\":\"https:\\\/\\\/fmgente.com.ar\\\/web\\\/#organization\"},\"potentialAction\":[{\"@type\":\"SearchAction\",\"target\":{\"@type\":\"EntryPoint\",\"urlTemplate\":\"https:\\\/\\\/fmgente.com.ar\\\/web\\\/?s={search_term_string}\"},\"query-input\":{\"@type\":\"PropertyValueSpecification\",\"valueRequired\":true,\"valueName\":\"search_term_string\"}}],\"inLanguage\":\"es\"},{\"@type\":\"Organization\",\"@id\":\"https:\\\/\\\/fmgente.com.ar\\\/web\\\/#organization\",\"name\":\"Fm Gente\",\"url\":\"https:\\\/\\\/fmgente.com.ar\\\/web\\\/\",\"logo\":{\"@type\":\"ImageObject\",\"inLanguage\":\"es\",\"@id\":\"https:\\\/\\\/fmgente.com.ar\\\/web\\\/#\\\/schema\\\/logo\\\/image\\\/\",\"url\":\"https:\\\/\\\/fmgente.com.ar\\\/web\\\/wp-content\\\/uploads\\\/2023\\\/07\\\/cropped-cropped-logo-sombra2.png\",\"contentUrl\":\"https:\\\/\\\/fmgente.com.ar\\\/web\\\/wp-content\\\/uploads\\\/2023\\\/07\\\/cropped-cropped-logo-sombra2.png\",\"width\":1782,\"height\":1782,\"caption\":\"Fm Gente\"},\"image\":{\"@id\":\"https:\\\/\\\/fmgente.com.ar\\\/web\\\/#\\\/schema\\\/logo\\\/image\\\/\"}}]}<\/script>\n<!-- \/ Yoast SEO plugin. -->","yoast_head_json":{"title":"Senado: Comisi\u00f3n de Acuerdos dio dictamen favorable a 16 postulantes a jueces, defensores y fiscales - Fm Gente","robots":{"index":"index","follow":"follow","max-snippet":"max-snippet:-1","max-image-preview":"max-image-preview:large","max-video-preview":"max-video-preview:-1"},"canonical":"https:\/\/fmgente.com.ar\/web\/senado-comision-de-acuerdos-dio-dictamen-favorable-a-16-postulantes-a-jueces-defensores-y-fiscales\/","og_locale":"es_ES","og_type":"article","og_title":"Senado: Comisi\u00f3n de Acuerdos dio dictamen favorable a 16 postulantes a jueces, defensores y fiscales - Fm Gente","og_description":"Buenos Aires, 30 abril (NA) &#8212; El Senado respald\u00f3 en comisi\u00f3n hoy la postulaci\u00f3n de","og_url":"https:\/\/fmgente.com.ar\/web\/senado-comision-de-acuerdos-dio-dictamen-favorable-a-16-postulantes-a-jueces-defensores-y-fiscales\/","og_site_name":"Fm Gente","article_published_time":"2026-04-30T21:04:52+00:00","twitter_card":"summary_large_image","twitter_misc":{"Tiempo de lectura":"5 minutos"},"schema":{"@context":"https:\/\/schema.org","@graph":[{"@type":"Article","@id":"https:\/\/fmgente.com.ar\/web\/senado-comision-de-acuerdos-dio-dictamen-favorable-a-16-postulantes-a-jueces-defensores-y-fiscales\/#article","isPartOf":{"@id":"https:\/\/fmgente.com.ar\/web\/senado-comision-de-acuerdos-dio-dictamen-favorable-a-16-postulantes-a-jueces-defensores-y-fiscales\/"},"author":{"name":"","@id":""},"headline":"Senado: Comisi\u00f3n de Acuerdos dio dictamen favorable a 16 postulantes a jueces, defensores y fiscales","datePublished":"2026-04-30T21:04:52+00:00","mainEntityOfPage":{"@id":"https:\/\/fmgente.com.ar\/web\/senado-comision-de-acuerdos-dio-dictamen-favorable-a-16-postulantes-a-jueces-defensores-y-fiscales\/"},"wordCount":990,"publisher":{"@id":"https:\/\/fmgente.com.ar\/web\/#organization"},"image":{"@id":"https:\/\/fmgente.com.ar\/web\/senado-comision-de-acuerdos-dio-dictamen-favorable-a-16-postulantes-a-jueces-defensores-y-fiscales\/#primaryimage"},"thumbnailUrl":"https:\/\/fmgente.com.ar\/web\/wp-content\/uploads\/2026\/04\/720-1475.jpeg","articleSection":["REGIONALES"],"inLanguage":"es"},{"@type":"WebPage","@id":"https:\/\/fmgente.com.ar\/web\/senado-comision-de-acuerdos-dio-dictamen-favorable-a-16-postulantes-a-jueces-defensores-y-fiscales\/","url":"https:\/\/fmgente.com.ar\/web\/senado-comision-de-acuerdos-dio-dictamen-favorable-a-16-postulantes-a-jueces-defensores-y-fiscales\/","name":"Senado: Comisi\u00f3n de Acuerdos dio dictamen favorable a 16 postulantes a jueces, defensores y fiscales - Fm Gente","isPartOf":{"@id":"https:\/\/fmgente.com.ar\/web\/#website"},"primaryImageOfPage":{"@id":"https:\/\/fmgente.com.ar\/web\/senado-comision-de-acuerdos-dio-dictamen-favorable-a-16-postulantes-a-jueces-defensores-y-fiscales\/#primaryimage"},"image":{"@id":"https:\/\/fmgente.com.ar\/web\/senado-comision-de-acuerdos-dio-dictamen-favorable-a-16-postulantes-a-jueces-defensores-y-fiscales\/#primaryimage"},"thumbnailUrl":"https:\/\/fmgente.com.ar\/web\/wp-content\/uploads\/2026\/04\/720-1475.jpeg","datePublished":"2026-04-30T21:04:52+00:00","inLanguage":"es","potentialAction":[{"@type":"ReadAction","target":["https:\/\/fmgente.com.ar\/web\/senado-comision-de-acuerdos-dio-dictamen-favorable-a-16-postulantes-a-jueces-defensores-y-fiscales\/"]}]},{"@type":"ImageObject","inLanguage":"es","@id":"https:\/\/fmgente.com.ar\/web\/senado-comision-de-acuerdos-dio-dictamen-favorable-a-16-postulantes-a-jueces-defensores-y-fiscales\/#primaryimage","url":"https:\/\/fmgente.com.ar\/web\/wp-content\/uploads\/2026\/04\/720-1475.jpeg","contentUrl":"https:\/\/fmgente.com.ar\/web\/wp-content\/uploads\/2026\/04\/720-1475.jpeg","width":1080,"height":720},{"@type":"WebSite","@id":"https:\/\/fmgente.com.ar\/web\/#website","url":"https:\/\/fmgente.com.ar\/web\/","name":"Fm Gente","description":"- Jes\u00fas Mar\u00eda","publisher":{"@id":"https:\/\/fmgente.com.ar\/web\/#organization"},"potentialAction":[{"@type":"SearchAction","target":{"@type":"EntryPoint","urlTemplate":"https:\/\/fmgente.com.ar\/web\/?s={search_term_string}"},"query-input":{"@type":"PropertyValueSpecification","valueRequired":true,"valueName":"search_term_string"}}],"inLanguage":"es"},{"@type":"Organization","@id":"https:\/\/fmgente.com.ar\/web\/#organization","name":"Fm Gente","url":"https:\/\/fmgente.com.ar\/web\/","logo":{"@type":"ImageObject","inLanguage":"es","@id":"https:\/\/fmgente.com.ar\/web\/#\/schema\/logo\/image\/","url":"https:\/\/fmgente.com.ar\/web\/wp-content\/uploads\/2023\/07\/cropped-cropped-logo-sombra2.png","contentUrl":"https:\/\/fmgente.com.ar\/web\/wp-content\/uploads\/2023\/07\/cropped-cropped-logo-sombra2.png","width":1782,"height":1782,"caption":"Fm Gente"},"image":{"@id":"https:\/\/fmgente.com.ar\/web\/#\/schema\/logo\/image\/"}}]}},"_links":{"self":[{"href":"https:\/\/fmgente.com.ar\/web\/wp-json\/wp\/v2\/posts\/21247","targetHints":{"allow":["GET"]}}],"collection":[{"href":"https:\/\/fmgente.com.ar\/web\/wp-json\/wp\/v2\/posts"}],"about":[{"href":"https:\/\/fmgente.com.ar\/web\/wp-json\/wp\/v2\/types\/post"}],"replies":[{"embeddable":true,"href":"https:\/\/fmgente.com.ar\/web\/wp-json\/wp\/v2\/comments?post=21247"}],"version-history":[{"count":0,"href":"https:\/\/fmgente.com.ar\/web\/wp-json\/wp\/v2\/posts\/21247\/revisions"}],"wp:featuredmedia":[{"embeddable":true,"href":"https:\/\/fmgente.com.ar\/web\/wp-json\/wp\/v2\/media\/21248"}],"wp:attachment":[{"href":"https:\/\/fmgente.com.ar\/web\/wp-json\/wp\/v2\/media?parent=21247"}],"wp:term":[{"taxonomy":"category","embeddable":true,"href":"https:\/\/fmgente.com.ar\/web\/wp-json\/wp\/v2\/categories?post=21247"},{"taxonomy":"post_tag","embeddable":true,"href":"https:\/\/fmgente.com.ar\/web\/wp-json\/wp\/v2\/tags?post=21247"}],"curies":[{"name":"wp","href":"https:\/\/api.w.org\/{rel}","templated":true}]}}