{"id":21245,"date":"2026-04-30T18:04:51","date_gmt":"2026-04-30T21:04:51","guid":{"rendered":"https:\/\/fmgente.com.ar\/web\/como-sigue-la-salud-de-diego-peretti-tras-su-internacion\/"},"modified":"2026-04-30T18:04:51","modified_gmt":"2026-04-30T21:04:51","slug":"como-sigue-la-salud-de-diego-peretti-tras-su-internacion","status":"publish","type":"post","link":"https:\/\/fmgente.com.ar\/web\/como-sigue-la-salud-de-diego-peretti-tras-su-internacion\/","title":{"rendered":"C\u00f3mo sigue la salud de Diego Peretti tras su internaci\u00f3n"},"content":{"rendered":"<p>Buenos Aires, 30 abril (NA) \u2013 La salud del actor Diego Peretti est\u00e1 bajo la lupa. En las \u00faltimas horas trascendi\u00f3 que estuvo internado en el ICBA (Instituto Cardiovascular) desde el pasado martes y se someti\u00f3 a una angioplastia, bajo el diagn\u00f3stico de una cardiopat\u00eda isqu\u00e9mica.<\/p>\n<p>Seg\u00fan supo la Agencia Noticias Argentinas, el actor se vio obligado a suspender las funciones de su obra El jefe del jefe, pero las retomar\u00eda la semana que viene. Tiene una funci\u00f3n programada para el 8 de mayo.<\/p>\n<p>La periodista Maribel Leone dio detalles sobre la intervenci\u00f3n. Seg\u00fan su informaci\u00f3n, todo surgi\u00f3 a partir de un estudio de chequeo de rutina el d\u00eda martes. Los m\u00e9dicos notaron una irregularidad y decidieron dejarlo internado por precauci\u00f3n para realizar estudios de mayor rigor, derivando en la intervenci\u00f3n del pasado mi\u00e9rcoles.<\/p>\n<p>\u00ab\u00c9l se fue a hacerse un estudio de chequeo del coraz\u00f3n y los m\u00e9dicos decidieron dejarlo internado por precauci\u00f3n, para realizarle m\u00e1s estudios de rigor\u00bb, explic\u00f3. \u00abAyer le colocaron un stent; sali\u00f3 todo bien. El diagn\u00f3stico es una cardiopat\u00eda isqu\u00e9mica, que se da cuando las arterias coronarias se estrechan\u00bb, sum\u00f3.<\/p>\n<p>Para llevar tranquilidad, asegur\u00f3 que la intervenci\u00f3n \u201csali\u00f3 bien\u201d y que en los pr\u00f3ximos d\u00edas recibir\u00eda el alta m\u00e9dica: \u00abEs probable que en los pr\u00f3ximos d\u00edas reciba el alta, pero va a tener que guardar reposo. \u00c9l est\u00e1 haciendo la obra El jefe del jefe en el Paseo La Plaza y tuvieron que suspender las funciones por esta semana; luego vuelve a subirse a las tablas\u00bb, revel\u00f3.<\/p>\n<p>#AgenciaNA<\/p>\n","protected":false},"excerpt":{"rendered":"<p>Buenos Aires, 30 abril (NA) \u2013 La salud del actor Diego Peretti est\u00e1 bajo la<\/p>\n","protected":false},"author":0,"featured_media":21246,"comment_status":"","ping_status":"","sticky":false,"template":"","format":"standard","meta":{"footnotes":""},"categories":[1],"tags":[],"class_list":["post-21245","post","type-post","status-publish","format-standard","has-post-thumbnail","hentry","category-regionales"],"yoast_head":"<!-- This site is optimized with the Yoast SEO plugin v27.5 - https:\/\/yoast.com\/product\/yoast-seo-wordpress\/ -->\n<title>C\u00f3mo sigue la salud de Diego Peretti tras su internaci\u00f3n - Fm Gente<\/title>\n<meta name=\"robots\" content=\"index, follow, max-snippet:-1, max-image-preview:large, max-video-preview:-1\" \/>\n<link rel=\"canonical\" href=\"https:\/\/fmgente.com.ar\/web\/como-sigue-la-salud-de-diego-peretti-tras-su-internacion\/\" \/>\n<meta property=\"og:locale\" content=\"es_ES\" \/>\n<meta property=\"og:type\" content=\"article\" \/>\n<meta property=\"og:title\" content=\"C\u00f3mo sigue la salud de Diego Peretti tras su internaci\u00f3n - Fm Gente\" \/>\n<meta property=\"og:description\" content=\"Buenos Aires, 30 abril (NA) \u2013 La salud del actor Diego Peretti est\u00e1 bajo la\" \/>\n<meta property=\"og:url\" content=\"https:\/\/fmgente.com.ar\/web\/como-sigue-la-salud-de-diego-peretti-tras-su-internacion\/\" \/>\n<meta property=\"og:site_name\" content=\"Fm Gente\" \/>\n<meta property=\"article:published_time\" content=\"2026-04-30T21:04:51+00:00\" \/>\n<meta name=\"twitter:card\" content=\"summary_large_image\" \/>\n<meta name=\"twitter:label1\" content=\"Tiempo de lectura\" \/>\n\t<meta name=\"twitter:data1\" content=\"1 minuto\" \/>\n<script type=\"application\/ld+json\" class=\"yoast-schema-graph\">{\"@context\":\"https:\\\/\\\/schema.org\",\"@graph\":[{\"@type\":\"Article\",\"@id\":\"https:\\\/\\\/fmgente.com.ar\\\/web\\\/como-sigue-la-salud-de-diego-peretti-tras-su-internacion\\\/#article\",\"isPartOf\":{\"@id\":\"https:\\\/\\\/fmgente.com.ar\\\/web\\\/como-sigue-la-salud-de-diego-peretti-tras-su-internacion\\\/\"},\"author\":{\"name\":\"\",\"@id\":\"\"},\"headline\":\"C\u00f3mo sigue la salud de Diego Peretti tras su internaci\u00f3n\",\"datePublished\":\"2026-04-30T21:04:51+00:00\",\"mainEntityOfPage\":{\"@id\":\"https:\\\/\\\/fmgente.com.ar\\\/web\\\/como-sigue-la-salud-de-diego-peretti-tras-su-internacion\\\/\"},\"wordCount\":289,\"publisher\":{\"@id\":\"https:\\\/\\\/fmgente.com.ar\\\/web\\\/#organization\"},\"image\":{\"@id\":\"https:\\\/\\\/fmgente.com.ar\\\/web\\\/como-sigue-la-salud-de-diego-peretti-tras-su-internacion\\\/#primaryimage\"},\"thumbnailUrl\":\"https:\\\/\\\/fmgente.com.ar\\\/web\\\/wp-content\\\/uploads\\\/2026\\\/04\\\/720-1474.jpeg\",\"articleSection\":[\"REGIONALES\"],\"inLanguage\":\"es\"},{\"@type\":\"WebPage\",\"@id\":\"https:\\\/\\\/fmgente.com.ar\\\/web\\\/como-sigue-la-salud-de-diego-peretti-tras-su-internacion\\\/\",\"url\":\"https:\\\/\\\/fmgente.com.ar\\\/web\\\/como-sigue-la-salud-de-diego-peretti-tras-su-internacion\\\/\",\"name\":\"C\u00f3mo sigue la salud de Diego Peretti tras su internaci\u00f3n - Fm Gente\",\"isPartOf\":{\"@id\":\"https:\\\/\\\/fmgente.com.ar\\\/web\\\/#website\"},\"primaryImageOfPage\":{\"@id\":\"https:\\\/\\\/fmgente.com.ar\\\/web\\\/como-sigue-la-salud-de-diego-peretti-tras-su-internacion\\\/#primaryimage\"},\"image\":{\"@id\":\"https:\\\/\\\/fmgente.com.ar\\\/web\\\/como-sigue-la-salud-de-diego-peretti-tras-su-internacion\\\/#primaryimage\"},\"thumbnailUrl\":\"https:\\\/\\\/fmgente.com.ar\\\/web\\\/wp-content\\\/uploads\\\/2026\\\/04\\\/720-1474.jpeg\",\"datePublished\":\"2026-04-30T21:04:51+00:00\",\"inLanguage\":\"es\",\"potentialAction\":[{\"@type\":\"ReadAction\",\"target\":[\"https:\\\/\\\/fmgente.com.ar\\\/web\\\/como-sigue-la-salud-de-diego-peretti-tras-su-internacion\\\/\"]}]},{\"@type\":\"ImageObject\",\"inLanguage\":\"es\",\"@id\":\"https:\\\/\\\/fmgente.com.ar\\\/web\\\/como-sigue-la-salud-de-diego-peretti-tras-su-internacion\\\/#primaryimage\",\"url\":\"https:\\\/\\\/fmgente.com.ar\\\/web\\\/wp-content\\\/uploads\\\/2026\\\/04\\\/720-1474.jpeg\",\"contentUrl\":\"https:\\\/\\\/fmgente.com.ar\\\/web\\\/wp-content\\\/uploads\\\/2026\\\/04\\\/720-1474.jpeg\",\"width\":1082,\"height\":720},{\"@type\":\"WebSite\",\"@id\":\"https:\\\/\\\/fmgente.com.ar\\\/web\\\/#website\",\"url\":\"https:\\\/\\\/fmgente.com.ar\\\/web\\\/\",\"name\":\"Fm Gente\",\"description\":\"- Jes\u00fas Mar\u00eda\",\"publisher\":{\"@id\":\"https:\\\/\\\/fmgente.com.ar\\\/web\\\/#organization\"},\"potentialAction\":[{\"@type\":\"SearchAction\",\"target\":{\"@type\":\"EntryPoint\",\"urlTemplate\":\"https:\\\/\\\/fmgente.com.ar\\\/web\\\/?s={search_term_string}\"},\"query-input\":{\"@type\":\"PropertyValueSpecification\",\"valueRequired\":true,\"valueName\":\"search_term_string\"}}],\"inLanguage\":\"es\"},{\"@type\":\"Organization\",\"@id\":\"https:\\\/\\\/fmgente.com.ar\\\/web\\\/#organization\",\"name\":\"Fm Gente\",\"url\":\"https:\\\/\\\/fmgente.com.ar\\\/web\\\/\",\"logo\":{\"@type\":\"ImageObject\",\"inLanguage\":\"es\",\"@id\":\"https:\\\/\\\/fmgente.com.ar\\\/web\\\/#\\\/schema\\\/logo\\\/image\\\/\",\"url\":\"https:\\\/\\\/fmgente.com.ar\\\/web\\\/wp-content\\\/uploads\\\/2023\\\/07\\\/cropped-cropped-logo-sombra2.png\",\"contentUrl\":\"https:\\\/\\\/fmgente.com.ar\\\/web\\\/wp-content\\\/uploads\\\/2023\\\/07\\\/cropped-cropped-logo-sombra2.png\",\"width\":1782,\"height\":1782,\"caption\":\"Fm Gente\"},\"image\":{\"@id\":\"https:\\\/\\\/fmgente.com.ar\\\/web\\\/#\\\/schema\\\/logo\\\/image\\\/\"}}]}<\/script>\n<!-- \/ Yoast SEO plugin. -->","yoast_head_json":{"title":"C\u00f3mo sigue la salud de Diego Peretti tras su internaci\u00f3n - Fm Gente","robots":{"index":"index","follow":"follow","max-snippet":"max-snippet:-1","max-image-preview":"max-image-preview:large","max-video-preview":"max-video-preview:-1"},"canonical":"https:\/\/fmgente.com.ar\/web\/como-sigue-la-salud-de-diego-peretti-tras-su-internacion\/","og_locale":"es_ES","og_type":"article","og_title":"C\u00f3mo sigue la salud de Diego Peretti tras su internaci\u00f3n - Fm Gente","og_description":"Buenos Aires, 30 abril (NA) \u2013 La salud del actor Diego Peretti est\u00e1 bajo la","og_url":"https:\/\/fmgente.com.ar\/web\/como-sigue-la-salud-de-diego-peretti-tras-su-internacion\/","og_site_name":"Fm Gente","article_published_time":"2026-04-30T21:04:51+00:00","twitter_card":"summary_large_image","twitter_misc":{"Tiempo de lectura":"1 minuto"},"schema":{"@context":"https:\/\/schema.org","@graph":[{"@type":"Article","@id":"https:\/\/fmgente.com.ar\/web\/como-sigue-la-salud-de-diego-peretti-tras-su-internacion\/#article","isPartOf":{"@id":"https:\/\/fmgente.com.ar\/web\/como-sigue-la-salud-de-diego-peretti-tras-su-internacion\/"},"author":{"name":"","@id":""},"headline":"C\u00f3mo sigue la salud de Diego Peretti tras su internaci\u00f3n","datePublished":"2026-04-30T21:04:51+00:00","mainEntityOfPage":{"@id":"https:\/\/fmgente.com.ar\/web\/como-sigue-la-salud-de-diego-peretti-tras-su-internacion\/"},"wordCount":289,"publisher":{"@id":"https:\/\/fmgente.com.ar\/web\/#organization"},"image":{"@id":"https:\/\/fmgente.com.ar\/web\/como-sigue-la-salud-de-diego-peretti-tras-su-internacion\/#primaryimage"},"thumbnailUrl":"https:\/\/fmgente.com.ar\/web\/wp-content\/uploads\/2026\/04\/720-1474.jpeg","articleSection":["REGIONALES"],"inLanguage":"es"},{"@type":"WebPage","@id":"https:\/\/fmgente.com.ar\/web\/como-sigue-la-salud-de-diego-peretti-tras-su-internacion\/","url":"https:\/\/fmgente.com.ar\/web\/como-sigue-la-salud-de-diego-peretti-tras-su-internacion\/","name":"C\u00f3mo sigue la salud de Diego Peretti tras su internaci\u00f3n - Fm Gente","isPartOf":{"@id":"https:\/\/fmgente.com.ar\/web\/#website"},"primaryImageOfPage":{"@id":"https:\/\/fmgente.com.ar\/web\/como-sigue-la-salud-de-diego-peretti-tras-su-internacion\/#primaryimage"},"image":{"@id":"https:\/\/fmgente.com.ar\/web\/como-sigue-la-salud-de-diego-peretti-tras-su-internacion\/#primaryimage"},"thumbnailUrl":"https:\/\/fmgente.com.ar\/web\/wp-content\/uploads\/2026\/04\/720-1474.jpeg","datePublished":"2026-04-30T21:04:51+00:00","inLanguage":"es","potentialAction":[{"@type":"ReadAction","target":["https:\/\/fmgente.com.ar\/web\/como-sigue-la-salud-de-diego-peretti-tras-su-internacion\/"]}]},{"@type":"ImageObject","inLanguage":"es","@id":"https:\/\/fmgente.com.ar\/web\/como-sigue-la-salud-de-diego-peretti-tras-su-internacion\/#primaryimage","url":"https:\/\/fmgente.com.ar\/web\/wp-content\/uploads\/2026\/04\/720-1474.jpeg","contentUrl":"https:\/\/fmgente.com.ar\/web\/wp-content\/uploads\/2026\/04\/720-1474.jpeg","width":1082,"height":720},{"@type":"WebSite","@id":"https:\/\/fmgente.com.ar\/web\/#website","url":"https:\/\/fmgente.com.ar\/web\/","name":"Fm Gente","description":"- Jes\u00fas Mar\u00eda","publisher":{"@id":"https:\/\/fmgente.com.ar\/web\/#organization"},"potentialAction":[{"@type":"SearchAction","target":{"@type":"EntryPoint","urlTemplate":"https:\/\/fmgente.com.ar\/web\/?s={search_term_string}"},"query-input":{"@type":"PropertyValueSpecification","valueRequired":true,"valueName":"search_term_string"}}],"inLanguage":"es"},{"@type":"Organization","@id":"https:\/\/fmgente.com.ar\/web\/#organization","name":"Fm Gente","url":"https:\/\/fmgente.com.ar\/web\/","logo":{"@type":"ImageObject","inLanguage":"es","@id":"https:\/\/fmgente.com.ar\/web\/#\/schema\/logo\/image\/","url":"https:\/\/fmgente.com.ar\/web\/wp-content\/uploads\/2023\/07\/cropped-cropped-logo-sombra2.png","contentUrl":"https:\/\/fmgente.com.ar\/web\/wp-content\/uploads\/2023\/07\/cropped-cropped-logo-sombra2.png","width":1782,"height":1782,"caption":"Fm Gente"},"image":{"@id":"https:\/\/fmgente.com.ar\/web\/#\/schema\/logo\/image\/"}}]}},"_links":{"self":[{"href":"https:\/\/fmgente.com.ar\/web\/wp-json\/wp\/v2\/posts\/21245","targetHints":{"allow":["GET"]}}],"collection":[{"href":"https:\/\/fmgente.com.ar\/web\/wp-json\/wp\/v2\/posts"}],"about":[{"href":"https:\/\/fmgente.com.ar\/web\/wp-json\/wp\/v2\/types\/post"}],"replies":[{"embeddable":true,"href":"https:\/\/fmgente.com.ar\/web\/wp-json\/wp\/v2\/comments?post=21245"}],"version-history":[{"count":0,"href":"https:\/\/fmgente.com.ar\/web\/wp-json\/wp\/v2\/posts\/21245\/revisions"}],"wp:featuredmedia":[{"embeddable":true,"href":"https:\/\/fmgente.com.ar\/web\/wp-json\/wp\/v2\/media\/21246"}],"wp:attachment":[{"href":"https:\/\/fmgente.com.ar\/web\/wp-json\/wp\/v2\/media?parent=21245"}],"wp:term":[{"taxonomy":"category","embeddable":true,"href":"https:\/\/fmgente.com.ar\/web\/wp-json\/wp\/v2\/categories?post=21245"},{"taxonomy":"post_tag","embeddable":true,"href":"https:\/\/fmgente.com.ar\/web\/wp-json\/wp\/v2\/tags?post=21245"}],"curies":[{"name":"wp","href":"https:\/\/api.w.org\/{rel}","templated":true}]}}