{"id":21243,"date":"2026-04-30T18:04:49","date_gmt":"2026-04-30T21:04:49","guid":{"rendered":"https:\/\/fmgente.com.ar\/web\/mercedes-llano-asumio-la-presidencia-del-partido-democrata\/"},"modified":"2026-04-30T18:04:49","modified_gmt":"2026-04-30T21:04:49","slug":"mercedes-llano-asumio-la-presidencia-del-partido-democrata","status":"publish","type":"post","link":"https:\/\/fmgente.com.ar\/web\/mercedes-llano-asumio-la-presidencia-del-partido-democrata\/","title":{"rendered":"Mercedes Llano asumi\u00f3 la presidencia del Partido Dem\u00f3crata"},"content":{"rendered":"<p>Buenos Aires, 30 abril (NA) \u2013 La diputada nacional de La Libertad Avanza, Mercedes Llano, asumi\u00f3 la presidencia del Partido Dem\u00f3crata Nacional (PDN), y destac\u00f3 la centralidad y el compromiso que tuvo el espacio pol\u00edtico para la llegada al poder del actual gobierno liberal a la Casa Rosada. <\/p>\n<p>Sostuvo que fueron \u201clos custodios hist\u00f3ricos del liberalismo, sin improvisaci\u00f3n en dar la batalla cultural\u201d, la cual dieron \u201den soledad por m\u00e1s de 90 a\u00f1os\u00bb.<\/p>\n<p>\u201cDesde hace 15 a\u00f1os un n\u00facleo duro liberal resistente, cuando nadie osaba siquiera a mencionar nuestro ideario, se encamin\u00f3 a reconstruir el Partido Dem\u00f3crata Nacional sobre la base de fuerzas locales liberales y conservadoras y esa construcci\u00f3n proporcion\u00f3 al actual presidente Javier Milei la primera estructura partidaria sobre la cual recost\u00f3 su candidatura. Nos uni\u00f3 la convicci\u00f3n y no la conveniencia\u201d, record\u00f3 Llano.<\/p>\n<p>En ese sentido, la diputada nacional destac\u00f3 las adversidades que sorte\u00f3 el espacio que integraba el PDN para alcanzar lo que en su momento era una utop\u00eda. \u201cEn soledad, sin recursos, frente a un escenario totalmente adverso y hostil, y contra todos los oficialismos, los medios pautados y partidos hegem\u00f3nicos, el Partido Dem\u00f3crata Nacional jug\u00f3 un rol fundante y central en la devoluci\u00f3n de la esperanza de poner fin a la decadencia populista y motorizar el sue\u00f1o liberal\u201d, remarc\u00f3.<\/p>\n<p>\u201cEs necesario unir fuerzas y poner a las ideas por encima de todo, respetando los matices\u201d, destac\u00f3 la dirigente dem\u00f3crata, y agreg\u00f3: \u201cNuestro partido es un espacio complementario por su significado hist\u00f3rico, su experiencia, su capilaridad territorial y anclaje federal y, principalmente, por su car\u00e1cter conservador y su esp\u00edritu liberal en lo pol\u00edtico que lo hace un ac\u00e9rrimo defensor de las tradiciones republicanas, cuyo cumplimiento permite que florezcan las libertades econ\u00f3micas\u201d.  <\/p>\n<p>Llano se convirti\u00f3 en la primera presidente mujer de la historia del Partido Dem\u00f3crata Nacional, en un acto que se llev\u00f3 a cabo en la sede central del partido, y que cont\u00f3 con la participaci\u00f3n del presidente de la Convenci\u00f3n, Patricio Villegas, y el presidente saliente del PDN, Carlos Balter. <\/p>\n<p>Tambi\u00e9n estuvieron presentes los senadores nacionales Mar\u00eda Emilia Orozco, Agust\u00edn Monteverde, Vilma Vedia y Gonzalo Guzm\u00e1n, y los diputados nacionales Alida Ferreyra, Cecilia Ib\u00e1\u00f1ez, Andr\u00e9s Leone y Yamila Ruiz, presidentes provinciales del PD, los legisladores provinciales Armando Magistretti y Gregorio Hern\u00e1ndez Maqueda, concejales, referentes pol\u00edticos como \u00c1lvaro Alsogaray, Sof\u00eda Laferrere de Pinedo y autoridades del PAN y la UCeDe. #AgenciaNA<\/p>\n","protected":false},"excerpt":{"rendered":"<p>Buenos Aires, 30 abril (NA) \u2013 La diputada nacional de La Libertad Avanza, Mercedes Llano,<\/p>\n","protected":false},"author":0,"featured_media":21244,"comment_status":"","ping_status":"","sticky":false,"template":"","format":"standard","meta":{"footnotes":""},"categories":[1],"tags":[],"class_list":["post-21243","post","type-post","status-publish","format-standard","has-post-thumbnail","hentry","category-regionales"],"yoast_head":"<!-- This site is optimized with the Yoast SEO plugin v27.5 - https:\/\/yoast.com\/product\/yoast-seo-wordpress\/ -->\n<title>Mercedes Llano asumi\u00f3 la presidencia del Partido Dem\u00f3crata - Fm Gente<\/title>\n<meta name=\"robots\" content=\"index, follow, max-snippet:-1, max-image-preview:large, max-video-preview:-1\" \/>\n<link rel=\"canonical\" href=\"https:\/\/fmgente.com.ar\/web\/mercedes-llano-asumio-la-presidencia-del-partido-democrata\/\" \/>\n<meta property=\"og:locale\" content=\"es_ES\" \/>\n<meta property=\"og:type\" content=\"article\" \/>\n<meta property=\"og:title\" content=\"Mercedes Llano asumi\u00f3 la presidencia del Partido Dem\u00f3crata - Fm Gente\" \/>\n<meta property=\"og:description\" content=\"Buenos Aires, 30 abril (NA) \u2013 La diputada nacional de La Libertad Avanza, Mercedes Llano,\" \/>\n<meta property=\"og:url\" content=\"https:\/\/fmgente.com.ar\/web\/mercedes-llano-asumio-la-presidencia-del-partido-democrata\/\" \/>\n<meta property=\"og:site_name\" content=\"Fm Gente\" \/>\n<meta property=\"article:published_time\" content=\"2026-04-30T21:04:49+00:00\" \/>\n<meta name=\"twitter:card\" content=\"summary_large_image\" \/>\n<meta name=\"twitter:label1\" content=\"Tiempo de lectura\" \/>\n\t<meta name=\"twitter:data1\" content=\"2 minutos\" \/>\n<script type=\"application\/ld+json\" class=\"yoast-schema-graph\">{\"@context\":\"https:\\\/\\\/schema.org\",\"@graph\":[{\"@type\":\"Article\",\"@id\":\"https:\\\/\\\/fmgente.com.ar\\\/web\\\/mercedes-llano-asumio-la-presidencia-del-partido-democrata\\\/#article\",\"isPartOf\":{\"@id\":\"https:\\\/\\\/fmgente.com.ar\\\/web\\\/mercedes-llano-asumio-la-presidencia-del-partido-democrata\\\/\"},\"author\":{\"name\":\"\",\"@id\":\"\"},\"headline\":\"Mercedes Llano asumi\u00f3 la presidencia del Partido Dem\u00f3crata\",\"datePublished\":\"2026-04-30T21:04:49+00:00\",\"mainEntityOfPage\":{\"@id\":\"https:\\\/\\\/fmgente.com.ar\\\/web\\\/mercedes-llano-asumio-la-presidencia-del-partido-democrata\\\/\"},\"wordCount\":436,\"publisher\":{\"@id\":\"https:\\\/\\\/fmgente.com.ar\\\/web\\\/#organization\"},\"image\":{\"@id\":\"https:\\\/\\\/fmgente.com.ar\\\/web\\\/mercedes-llano-asumio-la-presidencia-del-partido-democrata\\\/#primaryimage\"},\"thumbnailUrl\":\"https:\\\/\\\/fmgente.com.ar\\\/web\\\/wp-content\\\/uploads\\\/2026\\\/04\\\/720-1473.jpeg\",\"articleSection\":[\"REGIONALES\"],\"inLanguage\":\"es\"},{\"@type\":\"WebPage\",\"@id\":\"https:\\\/\\\/fmgente.com.ar\\\/web\\\/mercedes-llano-asumio-la-presidencia-del-partido-democrata\\\/\",\"url\":\"https:\\\/\\\/fmgente.com.ar\\\/web\\\/mercedes-llano-asumio-la-presidencia-del-partido-democrata\\\/\",\"name\":\"Mercedes Llano asumi\u00f3 la presidencia del Partido Dem\u00f3crata - Fm Gente\",\"isPartOf\":{\"@id\":\"https:\\\/\\\/fmgente.com.ar\\\/web\\\/#website\"},\"primaryImageOfPage\":{\"@id\":\"https:\\\/\\\/fmgente.com.ar\\\/web\\\/mercedes-llano-asumio-la-presidencia-del-partido-democrata\\\/#primaryimage\"},\"image\":{\"@id\":\"https:\\\/\\\/fmgente.com.ar\\\/web\\\/mercedes-llano-asumio-la-presidencia-del-partido-democrata\\\/#primaryimage\"},\"thumbnailUrl\":\"https:\\\/\\\/fmgente.com.ar\\\/web\\\/wp-content\\\/uploads\\\/2026\\\/04\\\/720-1473.jpeg\",\"datePublished\":\"2026-04-30T21:04:49+00:00\",\"inLanguage\":\"es\",\"potentialAction\":[{\"@type\":\"ReadAction\",\"target\":[\"https:\\\/\\\/fmgente.com.ar\\\/web\\\/mercedes-llano-asumio-la-presidencia-del-partido-democrata\\\/\"]}]},{\"@type\":\"ImageObject\",\"inLanguage\":\"es\",\"@id\":\"https:\\\/\\\/fmgente.com.ar\\\/web\\\/mercedes-llano-asumio-la-presidencia-del-partido-democrata\\\/#primaryimage\",\"url\":\"https:\\\/\\\/fmgente.com.ar\\\/web\\\/wp-content\\\/uploads\\\/2026\\\/04\\\/720-1473.jpeg\",\"contentUrl\":\"https:\\\/\\\/fmgente.com.ar\\\/web\\\/wp-content\\\/uploads\\\/2026\\\/04\\\/720-1473.jpeg\",\"width\":1280,\"height\":672},{\"@type\":\"WebSite\",\"@id\":\"https:\\\/\\\/fmgente.com.ar\\\/web\\\/#website\",\"url\":\"https:\\\/\\\/fmgente.com.ar\\\/web\\\/\",\"name\":\"Fm Gente\",\"description\":\"- Jes\u00fas Mar\u00eda\",\"publisher\":{\"@id\":\"https:\\\/\\\/fmgente.com.ar\\\/web\\\/#organization\"},\"potentialAction\":[{\"@type\":\"SearchAction\",\"target\":{\"@type\":\"EntryPoint\",\"urlTemplate\":\"https:\\\/\\\/fmgente.com.ar\\\/web\\\/?s={search_term_string}\"},\"query-input\":{\"@type\":\"PropertyValueSpecification\",\"valueRequired\":true,\"valueName\":\"search_term_string\"}}],\"inLanguage\":\"es\"},{\"@type\":\"Organization\",\"@id\":\"https:\\\/\\\/fmgente.com.ar\\\/web\\\/#organization\",\"name\":\"Fm Gente\",\"url\":\"https:\\\/\\\/fmgente.com.ar\\\/web\\\/\",\"logo\":{\"@type\":\"ImageObject\",\"inLanguage\":\"es\",\"@id\":\"https:\\\/\\\/fmgente.com.ar\\\/web\\\/#\\\/schema\\\/logo\\\/image\\\/\",\"url\":\"https:\\\/\\\/fmgente.com.ar\\\/web\\\/wp-content\\\/uploads\\\/2023\\\/07\\\/cropped-cropped-logo-sombra2.png\",\"contentUrl\":\"https:\\\/\\\/fmgente.com.ar\\\/web\\\/wp-content\\\/uploads\\\/2023\\\/07\\\/cropped-cropped-logo-sombra2.png\",\"width\":1782,\"height\":1782,\"caption\":\"Fm Gente\"},\"image\":{\"@id\":\"https:\\\/\\\/fmgente.com.ar\\\/web\\\/#\\\/schema\\\/logo\\\/image\\\/\"}}]}<\/script>\n<!-- \/ Yoast SEO plugin. -->","yoast_head_json":{"title":"Mercedes Llano asumi\u00f3 la presidencia del Partido Dem\u00f3crata - Fm Gente","robots":{"index":"index","follow":"follow","max-snippet":"max-snippet:-1","max-image-preview":"max-image-preview:large","max-video-preview":"max-video-preview:-1"},"canonical":"https:\/\/fmgente.com.ar\/web\/mercedes-llano-asumio-la-presidencia-del-partido-democrata\/","og_locale":"es_ES","og_type":"article","og_title":"Mercedes Llano asumi\u00f3 la presidencia del Partido Dem\u00f3crata - Fm Gente","og_description":"Buenos Aires, 30 abril (NA) \u2013 La diputada nacional de La Libertad Avanza, Mercedes Llano,","og_url":"https:\/\/fmgente.com.ar\/web\/mercedes-llano-asumio-la-presidencia-del-partido-democrata\/","og_site_name":"Fm Gente","article_published_time":"2026-04-30T21:04:49+00:00","twitter_card":"summary_large_image","twitter_misc":{"Tiempo de lectura":"2 minutos"},"schema":{"@context":"https:\/\/schema.org","@graph":[{"@type":"Article","@id":"https:\/\/fmgente.com.ar\/web\/mercedes-llano-asumio-la-presidencia-del-partido-democrata\/#article","isPartOf":{"@id":"https:\/\/fmgente.com.ar\/web\/mercedes-llano-asumio-la-presidencia-del-partido-democrata\/"},"author":{"name":"","@id":""},"headline":"Mercedes Llano asumi\u00f3 la presidencia del Partido Dem\u00f3crata","datePublished":"2026-04-30T21:04:49+00:00","mainEntityOfPage":{"@id":"https:\/\/fmgente.com.ar\/web\/mercedes-llano-asumio-la-presidencia-del-partido-democrata\/"},"wordCount":436,"publisher":{"@id":"https:\/\/fmgente.com.ar\/web\/#organization"},"image":{"@id":"https:\/\/fmgente.com.ar\/web\/mercedes-llano-asumio-la-presidencia-del-partido-democrata\/#primaryimage"},"thumbnailUrl":"https:\/\/fmgente.com.ar\/web\/wp-content\/uploads\/2026\/04\/720-1473.jpeg","articleSection":["REGIONALES"],"inLanguage":"es"},{"@type":"WebPage","@id":"https:\/\/fmgente.com.ar\/web\/mercedes-llano-asumio-la-presidencia-del-partido-democrata\/","url":"https:\/\/fmgente.com.ar\/web\/mercedes-llano-asumio-la-presidencia-del-partido-democrata\/","name":"Mercedes Llano asumi\u00f3 la presidencia del Partido Dem\u00f3crata - Fm Gente","isPartOf":{"@id":"https:\/\/fmgente.com.ar\/web\/#website"},"primaryImageOfPage":{"@id":"https:\/\/fmgente.com.ar\/web\/mercedes-llano-asumio-la-presidencia-del-partido-democrata\/#primaryimage"},"image":{"@id":"https:\/\/fmgente.com.ar\/web\/mercedes-llano-asumio-la-presidencia-del-partido-democrata\/#primaryimage"},"thumbnailUrl":"https:\/\/fmgente.com.ar\/web\/wp-content\/uploads\/2026\/04\/720-1473.jpeg","datePublished":"2026-04-30T21:04:49+00:00","inLanguage":"es","potentialAction":[{"@type":"ReadAction","target":["https:\/\/fmgente.com.ar\/web\/mercedes-llano-asumio-la-presidencia-del-partido-democrata\/"]}]},{"@type":"ImageObject","inLanguage":"es","@id":"https:\/\/fmgente.com.ar\/web\/mercedes-llano-asumio-la-presidencia-del-partido-democrata\/#primaryimage","url":"https:\/\/fmgente.com.ar\/web\/wp-content\/uploads\/2026\/04\/720-1473.jpeg","contentUrl":"https:\/\/fmgente.com.ar\/web\/wp-content\/uploads\/2026\/04\/720-1473.jpeg","width":1280,"height":672},{"@type":"WebSite","@id":"https:\/\/fmgente.com.ar\/web\/#website","url":"https:\/\/fmgente.com.ar\/web\/","name":"Fm Gente","description":"- Jes\u00fas Mar\u00eda","publisher":{"@id":"https:\/\/fmgente.com.ar\/web\/#organization"},"potentialAction":[{"@type":"SearchAction","target":{"@type":"EntryPoint","urlTemplate":"https:\/\/fmgente.com.ar\/web\/?s={search_term_string}"},"query-input":{"@type":"PropertyValueSpecification","valueRequired":true,"valueName":"search_term_string"}}],"inLanguage":"es"},{"@type":"Organization","@id":"https:\/\/fmgente.com.ar\/web\/#organization","name":"Fm Gente","url":"https:\/\/fmgente.com.ar\/web\/","logo":{"@type":"ImageObject","inLanguage":"es","@id":"https:\/\/fmgente.com.ar\/web\/#\/schema\/logo\/image\/","url":"https:\/\/fmgente.com.ar\/web\/wp-content\/uploads\/2023\/07\/cropped-cropped-logo-sombra2.png","contentUrl":"https:\/\/fmgente.com.ar\/web\/wp-content\/uploads\/2023\/07\/cropped-cropped-logo-sombra2.png","width":1782,"height":1782,"caption":"Fm Gente"},"image":{"@id":"https:\/\/fmgente.com.ar\/web\/#\/schema\/logo\/image\/"}}]}},"_links":{"self":[{"href":"https:\/\/fmgente.com.ar\/web\/wp-json\/wp\/v2\/posts\/21243","targetHints":{"allow":["GET"]}}],"collection":[{"href":"https:\/\/fmgente.com.ar\/web\/wp-json\/wp\/v2\/posts"}],"about":[{"href":"https:\/\/fmgente.com.ar\/web\/wp-json\/wp\/v2\/types\/post"}],"replies":[{"embeddable":true,"href":"https:\/\/fmgente.com.ar\/web\/wp-json\/wp\/v2\/comments?post=21243"}],"version-history":[{"count":0,"href":"https:\/\/fmgente.com.ar\/web\/wp-json\/wp\/v2\/posts\/21243\/revisions"}],"wp:featuredmedia":[{"embeddable":true,"href":"https:\/\/fmgente.com.ar\/web\/wp-json\/wp\/v2\/media\/21244"}],"wp:attachment":[{"href":"https:\/\/fmgente.com.ar\/web\/wp-json\/wp\/v2\/media?parent=21243"}],"wp:term":[{"taxonomy":"category","embeddable":true,"href":"https:\/\/fmgente.com.ar\/web\/wp-json\/wp\/v2\/categories?post=21243"},{"taxonomy":"post_tag","embeddable":true,"href":"https:\/\/fmgente.com.ar\/web\/wp-json\/wp\/v2\/tags?post=21243"}],"curies":[{"name":"wp","href":"https:\/\/api.w.org\/{rel}","templated":true}]}}