{"id":21237,"date":"2026-04-30T17:06:36","date_gmt":"2026-04-30T20:06:36","guid":{"rendered":"https:\/\/fmgente.com.ar\/web\/campana-bajo-fuego-denuncian-que-municipales-viajan-como-ganado\/"},"modified":"2026-04-30T17:06:36","modified_gmt":"2026-04-30T20:06:36","slug":"campana-bajo-fuego-denuncian-que-municipales-viajan-como-ganado","status":"publish","type":"post","link":"https:\/\/fmgente.com.ar\/web\/campana-bajo-fuego-denuncian-que-municipales-viajan-como-ganado\/","title":{"rendered":"Campana bajo fuego: denuncian que municipales viajan \u201ccomo ganado\u201d"},"content":{"rendered":"<p>Buenos Aires, 30 abril (NA) &#8211; Una denuncia pol\u00edtica volvi\u00f3 a poner a Campana bajo un reflector inc\u00f3modo: el concejal de Fuerza Patria Gustavo Fern\u00e1ndez cuestion\u00f3 con dureza a la gesti\u00f3n municipal tras conocerse im\u00e1genes de trabajadores trasladados en la caja de un cami\u00f3n.<\/p>\n<p>Seg\u00fan supo la Agencia Noticias Argentinas, Fern\u00e1ndez habl\u00f3 de condiciones \u201ctotalmente indignas\u201d y sin medidas m\u00ednimas de seguridad para el traslado del personal, y asegur\u00f3 que la escena no puede ser le\u00edda como una an\u00e9cdota aislada sino como parte de una precarizaci\u00f3n m\u00e1s profunda.<\/p>\n<p>El edil fue todav\u00eda m\u00e1s all\u00e1 al cargar directamente contra el intendente Sebasti\u00e1n Abella. En sus declaraciones sostuvo que el jefe comunal les paga \u201csalarios de miseria\u201d a los municipales y permite que sean trasladados \u201ccomo ganado\u201d, una acusaci\u00f3n de alt\u00edsimo voltaje pol\u00edtico en un distrito donde el empleo p\u00fablico sostiene buena parte de la estructura cotidiana de servicios.<\/p>\n<p>La denuncia qued\u00f3 montada, adem\u00e1s, sobre una cr\u00edtica m\u00e1s amplia a la gesti\u00f3n local. Fern\u00e1ndez afirm\u00f3 que existe un modelo que \u201cnaturaliza el maltrato y la precarizaci\u00f3n laboral\u201d, mientras quienes gobiernan mantienen, seg\u00fan su planteo, una realidad econ\u00f3mica completamente disociada de la de los trabajadores municipales.<\/p>\n<p>Hasta donde surge de la publicaci\u00f3n local, el reclamo fue presentado como una reacci\u00f3n a im\u00e1genes ya difundidas y no como una hip\u00f3tesis abstracta. Eso vuelve el episodio todav\u00eda m\u00e1s sensible: no se trata de una discusi\u00f3n salarial te\u00f3rica sino de la forma concreta en que se mover\u00eda al personal comunal.<\/p>\n<p>En Campana, el tema dej\u00f3 otra foto dif\u00edcil de defender: cuando la oposici\u00f3n denuncia que quienes sostienen la ciudad son trasladados sin seguridad y en condiciones indignas, lo que se pone en discusi\u00f3n ya no es solo la administraci\u00f3n de recursos, sino el valor que la gesti\u00f3n le asigna a sus propios trabajadores.<\/p>\n<p>#AgenciaNA<\/p>\n","protected":false},"excerpt":{"rendered":"<p>Buenos Aires, 30 abril (NA) &#8211; Una denuncia pol\u00edtica volvi\u00f3 a poner a Campana bajo<\/p>\n","protected":false},"author":0,"featured_media":21238,"comment_status":"","ping_status":"","sticky":false,"template":"","format":"standard","meta":{"footnotes":""},"categories":[1],"tags":[],"class_list":["post-21237","post","type-post","status-publish","format-standard","has-post-thumbnail","hentry","category-regionales"],"yoast_head":"<!-- This site is optimized with the Yoast SEO plugin v27.5 - https:\/\/yoast.com\/product\/yoast-seo-wordpress\/ -->\n<title>Campana bajo fuego: denuncian que municipales viajan \u201ccomo ganado\u201d - Fm Gente<\/title>\n<meta name=\"robots\" content=\"index, follow, max-snippet:-1, max-image-preview:large, max-video-preview:-1\" \/>\n<link rel=\"canonical\" href=\"https:\/\/fmgente.com.ar\/web\/campana-bajo-fuego-denuncian-que-municipales-viajan-como-ganado\/\" \/>\n<meta property=\"og:locale\" content=\"es_ES\" \/>\n<meta property=\"og:type\" content=\"article\" \/>\n<meta property=\"og:title\" content=\"Campana bajo fuego: denuncian que municipales viajan \u201ccomo ganado\u201d - Fm Gente\" \/>\n<meta property=\"og:description\" content=\"Buenos Aires, 30 abril (NA) &#8211; Una denuncia pol\u00edtica volvi\u00f3 a poner a Campana bajo\" \/>\n<meta property=\"og:url\" content=\"https:\/\/fmgente.com.ar\/web\/campana-bajo-fuego-denuncian-que-municipales-viajan-como-ganado\/\" \/>\n<meta property=\"og:site_name\" content=\"Fm Gente\" \/>\n<meta property=\"article:published_time\" content=\"2026-04-30T20:06:36+00:00\" \/>\n<meta name=\"twitter:card\" content=\"summary_large_image\" \/>\n<meta name=\"twitter:label1\" content=\"Tiempo de lectura\" \/>\n\t<meta name=\"twitter:data1\" content=\"2 minutos\" \/>\n<script type=\"application\/ld+json\" class=\"yoast-schema-graph\">{\"@context\":\"https:\\\/\\\/schema.org\",\"@graph\":[{\"@type\":\"Article\",\"@id\":\"https:\\\/\\\/fmgente.com.ar\\\/web\\\/campana-bajo-fuego-denuncian-que-municipales-viajan-como-ganado\\\/#article\",\"isPartOf\":{\"@id\":\"https:\\\/\\\/fmgente.com.ar\\\/web\\\/campana-bajo-fuego-denuncian-que-municipales-viajan-como-ganado\\\/\"},\"author\":{\"name\":\"\",\"@id\":\"\"},\"headline\":\"Campana bajo fuego: denuncian que municipales viajan \u201ccomo ganado\u201d\",\"datePublished\":\"2026-04-30T20:06:36+00:00\",\"mainEntityOfPage\":{\"@id\":\"https:\\\/\\\/fmgente.com.ar\\\/web\\\/campana-bajo-fuego-denuncian-que-municipales-viajan-como-ganado\\\/\"},\"wordCount\":348,\"publisher\":{\"@id\":\"https:\\\/\\\/fmgente.com.ar\\\/web\\\/#organization\"},\"image\":{\"@id\":\"https:\\\/\\\/fmgente.com.ar\\\/web\\\/campana-bajo-fuego-denuncian-que-municipales-viajan-como-ganado\\\/#primaryimage\"},\"thumbnailUrl\":\"https:\\\/\\\/fmgente.com.ar\\\/web\\\/wp-content\\\/uploads\\\/2026\\\/04\\\/720-1470.jpeg\",\"articleSection\":[\"REGIONALES\"],\"inLanguage\":\"es\"},{\"@type\":\"WebPage\",\"@id\":\"https:\\\/\\\/fmgente.com.ar\\\/web\\\/campana-bajo-fuego-denuncian-que-municipales-viajan-como-ganado\\\/\",\"url\":\"https:\\\/\\\/fmgente.com.ar\\\/web\\\/campana-bajo-fuego-denuncian-que-municipales-viajan-como-ganado\\\/\",\"name\":\"Campana bajo fuego: denuncian que municipales viajan \u201ccomo ganado\u201d - Fm Gente\",\"isPartOf\":{\"@id\":\"https:\\\/\\\/fmgente.com.ar\\\/web\\\/#website\"},\"primaryImageOfPage\":{\"@id\":\"https:\\\/\\\/fmgente.com.ar\\\/web\\\/campana-bajo-fuego-denuncian-que-municipales-viajan-como-ganado\\\/#primaryimage\"},\"image\":{\"@id\":\"https:\\\/\\\/fmgente.com.ar\\\/web\\\/campana-bajo-fuego-denuncian-que-municipales-viajan-como-ganado\\\/#primaryimage\"},\"thumbnailUrl\":\"https:\\\/\\\/fmgente.com.ar\\\/web\\\/wp-content\\\/uploads\\\/2026\\\/04\\\/720-1470.jpeg\",\"datePublished\":\"2026-04-30T20:06:36+00:00\",\"inLanguage\":\"es\",\"potentialAction\":[{\"@type\":\"ReadAction\",\"target\":[\"https:\\\/\\\/fmgente.com.ar\\\/web\\\/campana-bajo-fuego-denuncian-que-municipales-viajan-como-ganado\\\/\"]}]},{\"@type\":\"ImageObject\",\"inLanguage\":\"es\",\"@id\":\"https:\\\/\\\/fmgente.com.ar\\\/web\\\/campana-bajo-fuego-denuncian-que-municipales-viajan-como-ganado\\\/#primaryimage\",\"url\":\"https:\\\/\\\/fmgente.com.ar\\\/web\\\/wp-content\\\/uploads\\\/2026\\\/04\\\/720-1470.jpeg\",\"contentUrl\":\"https:\\\/\\\/fmgente.com.ar\\\/web\\\/wp-content\\\/uploads\\\/2026\\\/04\\\/720-1470.jpeg\",\"width\":1280,\"height\":716},{\"@type\":\"WebSite\",\"@id\":\"https:\\\/\\\/fmgente.com.ar\\\/web\\\/#website\",\"url\":\"https:\\\/\\\/fmgente.com.ar\\\/web\\\/\",\"name\":\"Fm Gente\",\"description\":\"- Jes\u00fas Mar\u00eda\",\"publisher\":{\"@id\":\"https:\\\/\\\/fmgente.com.ar\\\/web\\\/#organization\"},\"potentialAction\":[{\"@type\":\"SearchAction\",\"target\":{\"@type\":\"EntryPoint\",\"urlTemplate\":\"https:\\\/\\\/fmgente.com.ar\\\/web\\\/?s={search_term_string}\"},\"query-input\":{\"@type\":\"PropertyValueSpecification\",\"valueRequired\":true,\"valueName\":\"search_term_string\"}}],\"inLanguage\":\"es\"},{\"@type\":\"Organization\",\"@id\":\"https:\\\/\\\/fmgente.com.ar\\\/web\\\/#organization\",\"name\":\"Fm Gente\",\"url\":\"https:\\\/\\\/fmgente.com.ar\\\/web\\\/\",\"logo\":{\"@type\":\"ImageObject\",\"inLanguage\":\"es\",\"@id\":\"https:\\\/\\\/fmgente.com.ar\\\/web\\\/#\\\/schema\\\/logo\\\/image\\\/\",\"url\":\"https:\\\/\\\/fmgente.com.ar\\\/web\\\/wp-content\\\/uploads\\\/2023\\\/07\\\/cropped-cropped-logo-sombra2.png\",\"contentUrl\":\"https:\\\/\\\/fmgente.com.ar\\\/web\\\/wp-content\\\/uploads\\\/2023\\\/07\\\/cropped-cropped-logo-sombra2.png\",\"width\":1782,\"height\":1782,\"caption\":\"Fm Gente\"},\"image\":{\"@id\":\"https:\\\/\\\/fmgente.com.ar\\\/web\\\/#\\\/schema\\\/logo\\\/image\\\/\"}}]}<\/script>\n<!-- \/ Yoast SEO plugin. -->","yoast_head_json":{"title":"Campana bajo fuego: denuncian que municipales viajan \u201ccomo ganado\u201d - Fm Gente","robots":{"index":"index","follow":"follow","max-snippet":"max-snippet:-1","max-image-preview":"max-image-preview:large","max-video-preview":"max-video-preview:-1"},"canonical":"https:\/\/fmgente.com.ar\/web\/campana-bajo-fuego-denuncian-que-municipales-viajan-como-ganado\/","og_locale":"es_ES","og_type":"article","og_title":"Campana bajo fuego: denuncian que municipales viajan \u201ccomo ganado\u201d - Fm Gente","og_description":"Buenos Aires, 30 abril (NA) &#8211; Una denuncia pol\u00edtica volvi\u00f3 a poner a Campana bajo","og_url":"https:\/\/fmgente.com.ar\/web\/campana-bajo-fuego-denuncian-que-municipales-viajan-como-ganado\/","og_site_name":"Fm Gente","article_published_time":"2026-04-30T20:06:36+00:00","twitter_card":"summary_large_image","twitter_misc":{"Tiempo de lectura":"2 minutos"},"schema":{"@context":"https:\/\/schema.org","@graph":[{"@type":"Article","@id":"https:\/\/fmgente.com.ar\/web\/campana-bajo-fuego-denuncian-que-municipales-viajan-como-ganado\/#article","isPartOf":{"@id":"https:\/\/fmgente.com.ar\/web\/campana-bajo-fuego-denuncian-que-municipales-viajan-como-ganado\/"},"author":{"name":"","@id":""},"headline":"Campana bajo fuego: denuncian que municipales viajan \u201ccomo ganado\u201d","datePublished":"2026-04-30T20:06:36+00:00","mainEntityOfPage":{"@id":"https:\/\/fmgente.com.ar\/web\/campana-bajo-fuego-denuncian-que-municipales-viajan-como-ganado\/"},"wordCount":348,"publisher":{"@id":"https:\/\/fmgente.com.ar\/web\/#organization"},"image":{"@id":"https:\/\/fmgente.com.ar\/web\/campana-bajo-fuego-denuncian-que-municipales-viajan-como-ganado\/#primaryimage"},"thumbnailUrl":"https:\/\/fmgente.com.ar\/web\/wp-content\/uploads\/2026\/04\/720-1470.jpeg","articleSection":["REGIONALES"],"inLanguage":"es"},{"@type":"WebPage","@id":"https:\/\/fmgente.com.ar\/web\/campana-bajo-fuego-denuncian-que-municipales-viajan-como-ganado\/","url":"https:\/\/fmgente.com.ar\/web\/campana-bajo-fuego-denuncian-que-municipales-viajan-como-ganado\/","name":"Campana bajo fuego: denuncian que municipales viajan \u201ccomo ganado\u201d - Fm Gente","isPartOf":{"@id":"https:\/\/fmgente.com.ar\/web\/#website"},"primaryImageOfPage":{"@id":"https:\/\/fmgente.com.ar\/web\/campana-bajo-fuego-denuncian-que-municipales-viajan-como-ganado\/#primaryimage"},"image":{"@id":"https:\/\/fmgente.com.ar\/web\/campana-bajo-fuego-denuncian-que-municipales-viajan-como-ganado\/#primaryimage"},"thumbnailUrl":"https:\/\/fmgente.com.ar\/web\/wp-content\/uploads\/2026\/04\/720-1470.jpeg","datePublished":"2026-04-30T20:06:36+00:00","inLanguage":"es","potentialAction":[{"@type":"ReadAction","target":["https:\/\/fmgente.com.ar\/web\/campana-bajo-fuego-denuncian-que-municipales-viajan-como-ganado\/"]}]},{"@type":"ImageObject","inLanguage":"es","@id":"https:\/\/fmgente.com.ar\/web\/campana-bajo-fuego-denuncian-que-municipales-viajan-como-ganado\/#primaryimage","url":"https:\/\/fmgente.com.ar\/web\/wp-content\/uploads\/2026\/04\/720-1470.jpeg","contentUrl":"https:\/\/fmgente.com.ar\/web\/wp-content\/uploads\/2026\/04\/720-1470.jpeg","width":1280,"height":716},{"@type":"WebSite","@id":"https:\/\/fmgente.com.ar\/web\/#website","url":"https:\/\/fmgente.com.ar\/web\/","name":"Fm Gente","description":"- Jes\u00fas Mar\u00eda","publisher":{"@id":"https:\/\/fmgente.com.ar\/web\/#organization"},"potentialAction":[{"@type":"SearchAction","target":{"@type":"EntryPoint","urlTemplate":"https:\/\/fmgente.com.ar\/web\/?s={search_term_string}"},"query-input":{"@type":"PropertyValueSpecification","valueRequired":true,"valueName":"search_term_string"}}],"inLanguage":"es"},{"@type":"Organization","@id":"https:\/\/fmgente.com.ar\/web\/#organization","name":"Fm Gente","url":"https:\/\/fmgente.com.ar\/web\/","logo":{"@type":"ImageObject","inLanguage":"es","@id":"https:\/\/fmgente.com.ar\/web\/#\/schema\/logo\/image\/","url":"https:\/\/fmgente.com.ar\/web\/wp-content\/uploads\/2023\/07\/cropped-cropped-logo-sombra2.png","contentUrl":"https:\/\/fmgente.com.ar\/web\/wp-content\/uploads\/2023\/07\/cropped-cropped-logo-sombra2.png","width":1782,"height":1782,"caption":"Fm Gente"},"image":{"@id":"https:\/\/fmgente.com.ar\/web\/#\/schema\/logo\/image\/"}}]}},"_links":{"self":[{"href":"https:\/\/fmgente.com.ar\/web\/wp-json\/wp\/v2\/posts\/21237","targetHints":{"allow":["GET"]}}],"collection":[{"href":"https:\/\/fmgente.com.ar\/web\/wp-json\/wp\/v2\/posts"}],"about":[{"href":"https:\/\/fmgente.com.ar\/web\/wp-json\/wp\/v2\/types\/post"}],"replies":[{"embeddable":true,"href":"https:\/\/fmgente.com.ar\/web\/wp-json\/wp\/v2\/comments?post=21237"}],"version-history":[{"count":0,"href":"https:\/\/fmgente.com.ar\/web\/wp-json\/wp\/v2\/posts\/21237\/revisions"}],"wp:featuredmedia":[{"embeddable":true,"href":"https:\/\/fmgente.com.ar\/web\/wp-json\/wp\/v2\/media\/21238"}],"wp:attachment":[{"href":"https:\/\/fmgente.com.ar\/web\/wp-json\/wp\/v2\/media?parent=21237"}],"wp:term":[{"taxonomy":"category","embeddable":true,"href":"https:\/\/fmgente.com.ar\/web\/wp-json\/wp\/v2\/categories?post=21237"},{"taxonomy":"post_tag","embeddable":true,"href":"https:\/\/fmgente.com.ar\/web\/wp-json\/wp\/v2\/tags?post=21237"}],"curies":[{"name":"wp","href":"https:\/\/api.w.org\/{rel}","templated":true}]}}