{"id":21231,"date":"2026-04-30T17:06:32","date_gmt":"2026-04-30T20:06:32","guid":{"rendered":"https:\/\/fmgente.com.ar\/web\/premios-martin-fierro-de-television-todos-los-nominados-y-detalles\/"},"modified":"2026-04-30T17:06:32","modified_gmt":"2026-04-30T20:06:32","slug":"premios-martin-fierro-de-television-todos-los-nominados-y-detalles","status":"publish","type":"post","link":"https:\/\/fmgente.com.ar\/web\/premios-martin-fierro-de-television-todos-los-nominados-y-detalles\/","title":{"rendered":"Premios Mart\u00edn Fierro de Televisi\u00f3n: todos los nominados y detalles"},"content":{"rendered":"<p>Buenos Aires, 30 abril (NA) \u2013 Los premios Mart\u00edn Fierro 2026 a la Televisi\u00f3n Abierta se otorgar\u00e1n el pr\u00f3ximo s\u00e1bado 18 de mayo en el Hotel Hilton y reconocer\u00e1n a los trabajos m\u00e1s destacados de la pantalla chica nacional. La ceremonia estar\u00e1 a cargo de Santiago del Moro y se transmitir\u00e1 por la se\u00f1al de Telefe. <\/p>\n<p>Seg\u00fan supo la Agencia Noticias Argentinas, los nombres de los nominados se revelaron esta ma\u00f1ana en A la Barbarossa, junto a la conductora Georgina Barbarossa y el presidente de APTRA, Luis Ventura.<\/p>\n<p>\u201cLa voz ausente\u201d, la serie basada en el libro de Gabriel Rol\u00f3n, fue el proyecto con m\u00e1s nominaciones. Le sigue MasterChef Celebrity con 7 nominaciones repartidas por jurado, revelaciones, direcci\u00f3n, producci\u00f3n integral y conducci\u00f3n, seguido por un empate con cinco nominaciones cada uno para La Voz Argentina, A la Barbarossa y Otro D\u00eda Perdido.<\/p>\n<p>A CONTINUACI\u00d3N, LOS NOMINADOS:<\/p>\n<p>Ficci\u00f3n:<br \/>\nAMIA (Telefe)<br \/>\nLa voz ausente (El Trece)<br \/>\nTaf\u00ed Viejo, verdor sin tiempo (El Nueve)<\/p>\n<p>Period\u00edstico:<br \/>\nCamino a Casa (Telefe)<br \/>\nGPS (Am\u00e9rica)<br \/>\nOpini\u00f3n p\u00fablica (El Nueve)<\/p>\n<p>Noticiero diurno:<br \/>\nArriba Argentinos (El Trece)<br \/>\nEl Noticiero de la Gente (Telefe)<br \/>\nTelenueve al Mediod\u00eda (El Nueve)<\/p>\n<p>Noticiero nocturno:<br \/>\nAm\u00e9rica Noticias (Am\u00e9rica)<br \/>\nTelefe Noticias (Telefe)<br \/>\nTelenoche (El Trece)<\/p>\n<p>Musical:<br \/>\nHay m\u00fasica siempre (Televisi\u00f3n P\u00fablica)<br \/>\nLa Pe\u00f1a de Morfi (Telefe)<br \/>\nPasi\u00f3n de S\u00e1bado (Am\u00e9rica)<br \/>\nPlaneta Nueve (El Nueve)<\/p>\n<p>Humor\u00edstico \/ de actualidad:<br \/>\nLa noche perfecta (El Trece)<br \/>\nLas chicas de la culpa (El Trece)<br \/>\nPol\u00e9mica en el bar (Am\u00e9rica)<\/p>\n<p>Magazine:<br \/>\nA la Barbarossa (Telefe)<br \/>\nCort\u00e1 por Lozano (Telefe)<br \/>\nNara que ver (El Nueve)<br \/>\nTe Veo (Net TV)<br \/>\nCon Carmen (El Nueve)<\/p>\n<p>Entretenimiento:<br \/>\nAhora caigo (El Trece)<br \/>\nBuenas noches, familia (El Trece)<br \/>\nPasapalabra (Telefe)<\/p>\n<p>Big Show:<br \/>\nLa Voz Argentina (Telefe)<br \/>\nMedianoche con Jey (El Nueve)<br \/>\nOtro d\u00eda perdido (El Trece)<\/p>\n<p>Reality:<br \/>\nCuesti\u00f3n de peso (El Trece)<br \/>\nMasterChef Celebrity (Telefe)<br \/>\nGran Hermano (Telefe)<\/p>\n<p>Gastronom\u00eda:<br \/>\nAriel en su salsa (Telefe)<br \/>\nEscuela de cocina (El Nueve)<br \/>\nQu\u00e9 ma\u00f1ana (El Nueve)<\/p>\n<p>Jurados:<br \/>\nBetular, De Santis y Martitegui, por MasterChef Celebrity (Telefe)<br \/>\nDrago, Ram\u00edrez, Mart\u00ednez, Wirtz, Bachor y Pucheta, por Bienvenidos a ganar (El Nueve)<br \/>\nLali, Miranda!, Luck Ra y Pastorutti, por La Voz Argentina (Telefe)<\/p>\n<p>Mejor actor:<br \/>\nC\u00e9sar Bord\u00f3n, por La voz ausente (El Trece) y AMIA (Telefe)<br \/>\nLuciano C\u00e1ceres, por Taf\u00ed Viejo (El Nueve)<br \/>\nGustavo Garz\u00f3n, por La voz ausente (El Trece)<br \/>\nBenjam\u00edn Vicu\u00f1a, por La voz ausente (El Trece)<\/p>\n<p>Mejor actriz:<br \/>\nGimena Accardi, por La voz ausente (El Trece)<br \/>\nPaloma Contreras, por Taf\u00ed Viejo (El Nueve)<br \/>\nSus\u00fa Pecoraro, por La voz ausente (El Trece)<br \/>\nJazm\u00edn Stuart, por La voz ausente (El Trece)<\/p>\n<p>Revelaci\u00f3n:<br \/>\nLaura Grandinetti, por Taf\u00ed Viejo (El Nueve)<br \/>\nIan Lucas, por MasterChef Celebrity (Telefe)<br \/>\nSof\u00eda Gonet, por MasterChef Celebrity (Telefe)<\/p>\n<p>Director no ficci\u00f3n:<br \/>\nClaudio Cuscuela, Otro d\u00eda perdido (El Trece)<br \/>\nFernando Emiliozzi, MasterChef Celebrity y La Voz Argentina (Telefe)<br \/>\nChristian Font\u00e1n, La Noche Perfecta, Los 8 escalones, Cuesti\u00f3n de Peso y The Floor (El Trece)<\/p>\n<p>Panelista femenina:<br \/>\nMarcela Feudale, LAM (Am\u00e9rica)<br \/>\nEdith Hermida, Bendita (El Nueve)<br \/>\nNatalie Weber, Pas\u00f3 en Am\u00e9rica (Am\u00e9rica)<br \/>\nAnal\u00eda Franch\u00edn, A la Barbarossa (Telefe)<br \/>\nMariana Brey, A la Barbarossa (Telefe)<\/p>\n<p>Panelista masculino:<br \/>\nMart\u00edn Candalaft, Diario de Mariana (Am\u00e9rica)<br \/>\nCeferino Reato, Gran Hermano El Debate (Telefe)<br \/>\nLuis Bremer, A la tarde y Desayuno Americano (Am\u00e9rica)<br \/>\nPaulo Kablan, A la Barbarossa y El Noticiero de la Gente (Telefe)<\/p>\n<p>Producci\u00f3n integral:<br \/>\nLa Voz Argentina (Telefe)<br \/>\nOtro d\u00eda perdido (El Trece)<br \/>\nMasterChef Celebrity (Telefe)<br \/>\nTelefe Noticias (Telefe)<\/p>\n<p>Inter\u00e9s general:<br \/>\nAlmorzando con Juana (El Trece)<br \/>\nEl Diario de Mariana (Am\u00e9rica)<br \/>\nLos profesionales de siempre (El Nueve)<br \/>\nS\u00e1lvese quien pueda (Am\u00e9rica)<br \/>\nLAM (Am\u00e9rica)<br \/>\nLape Club Social Informativo (Am\u00e9rica)<\/p>\n<p>Labor en conducci\u00f3n masculina:<br \/>\nDar\u00edo Barassi, por Ahora caigo (El Trece)<br \/>\nIv\u00e1n de Pineda, por Pasapalabra (Telefe)<br \/>\nGuido Kaczka, por Buenas noches, familia (El Trece)<br \/>\nSantiago del Moro, por Gran Hermano (Telefe)<br \/>\nNico Occhiato, por La Voz Argentina (Telefe)<\/p>\n<p>Labor conducci\u00f3n feminina:<br \/>\nMoria Cas\u00e1n, por La ma\u00f1ana con Moria (El Trece)<br \/>\nPamela David, por Desayuno Americano (Am\u00e9rica)<br \/>\nVero Lozano, por Cort\u00e1 por Lozano y Chef al div\u00e1n (Telefe)<br \/>\nKarina Mazzocco, por A la tarde (Am\u00e9rica)<br \/>\nWanda Nara, por MasterChef Celebrity (Telefe)<br \/>\nMariana Fabbiani, por El Diario de Mariana (Am\u00e9rica)<br \/>\nGeorgina Barbarossa, por A la Barbarossa (Telefe)<\/p>\n<p>Labor period\u00edstica femenina:<br \/>\nCarolina Amoroso, Telenoche (El Trece)<br \/>\nSoledad Larghi, Am\u00e9rica Noticias (Am\u00e9rica)<br \/>\nMirtha Legrand, La Noche de Mirtha (El Trece)<\/p>\n<p>Labor period\u00edstica masculina:<br \/>\nNelson Castro, Telenoche (El Trece)<br \/>\nRolando Gra\u00f1a, Am\u00e9rica Noticias (Am\u00e9rica)<br \/>\nMauro Szeta, Lape Club Social Informativo (Am\u00e9rica)<br \/>\nGerm\u00e1n Paoloski, El Noticiero de la Gente (Telefe)<\/p>\n<p>Cronista \/ Movilero:<br \/>\nAlejandro Guatti, Intrusos (Am\u00e9rica)<br \/>\nCecilia Insinga, Arriba Argentinos (El Trece)<br \/>\nMart\u00edn Salwe, Lape Club Social Informativo (Am\u00e9rica)<br \/>\nDaniel Roggiano, Buen Telefe, El Noticiero de la Gente y Telefe Noticias (Telefe)<\/p>\n<p>Labor humor\u00edstica:<br \/>\nAgust\u00edn Rada Aristar\u00e1n, Otro d\u00eda perdido (El Trece)<br \/>\nConnie Ballarini, Las chicas de la culpa (El Trece)<br \/>\nDar\u00edo Lopilato, Viralizados (Am\u00e9rica)<br \/>\nLaila Roth, Otro d\u00eda perdido (El Trece)<\/p>\n<p>Viajes \/ Turismo:<br \/>\nIv\u00e1n de viaje (Telefe)<br \/>\nPor el Mundo (Telefe)<br \/>\nResto del Mundo (El Trece)<\/p>\n<p>Deportivo:<br \/>\nKnockout 9 (El Nueve)<br \/>\nMundial de F\u00fatbol (Telefe)<br \/>\nPasi\u00f3n por el F\u00fatbol (El Trece)<\/p>\n<p>Director:<br \/>\nGustavo Hern\u00e1ndez, La voz ausente (El Trece)<br \/>\nEduardo Pinto, Taf\u00ed Viejo (El Nueve)<br \/>\nGuillermo Rocamora, AMIA (Telefe)<\/p>\n<p>Autor \/ Guionista:<br \/>\nRoma, Meira, Zicanelli, \u00c1valrez y Custo, por La voz ausente (El Trece)<br \/>\nHarlev, Gur, Snir, Arazi, Bertilotti y Bonet, por AMIA (Telefe)<br \/>\nPinto, Mac\u00edas y Torres, por Taf\u00ed Viejo (El Nueve)<\/p>\n<p>Cultural \/ Educativo:<br \/>\nArgentina de pel\u00edcula (Am\u00e9rica)<br \/>\nSer humanos (Am\u00e9rica)<br \/>\nTierras (Telefe)<\/p>\n<p>Aviso publicitario:<br \/>\nDec\u00edselo, Quilmes (ABI INBEV \/ La Am\u00e9rica)<br \/>\nTarjetita, Swiss Medical (La Am\u00e9rica)<br \/>\nUniverso Dad\u00e1, Grupo Pe\u00f1aflor (La Comunidad)<br \/>\nPaparazzi, Stella Artois (ABI INBEV \/ GUT Buenos Aires)<\/p>\n<p>Programa de servicios:<br \/>\nADN, Buena Salud (TVP)<br \/>\nAire de campo (TVP)<br \/>\nIntelexis (Net TV)<br \/>\nMascotas al rescate (Am\u00e9rica)<\/p>\n<p>#AgenciaNA<\/p>\n","protected":false},"excerpt":{"rendered":"<p>Buenos Aires, 30 abril (NA) \u2013 Los premios Mart\u00edn Fierro 2026 a la Televisi\u00f3n Abierta<\/p>\n","protected":false},"author":0,"featured_media":21232,"comment_status":"","ping_status":"","sticky":false,"template":"","format":"standard","meta":{"footnotes":""},"categories":[1],"tags":[],"class_list":["post-21231","post","type-post","status-publish","format-standard","has-post-thumbnail","hentry","category-regionales"],"yoast_head":"<!-- This site is optimized with the Yoast SEO plugin v27.4 - https:\/\/yoast.com\/product\/yoast-seo-wordpress\/ -->\n<title>Premios Mart\u00edn Fierro de Televisi\u00f3n: todos los nominados y detalles - Fm Gente<\/title>\n<meta name=\"robots\" content=\"index, follow, max-snippet:-1, max-image-preview:large, max-video-preview:-1\" \/>\n<link rel=\"canonical\" href=\"https:\/\/fmgente.com.ar\/web\/premios-martin-fierro-de-television-todos-los-nominados-y-detalles\/\" \/>\n<meta property=\"og:locale\" content=\"es_ES\" \/>\n<meta property=\"og:type\" content=\"article\" \/>\n<meta property=\"og:title\" content=\"Premios Mart\u00edn Fierro de Televisi\u00f3n: todos los nominados y detalles - Fm Gente\" \/>\n<meta property=\"og:description\" content=\"Buenos Aires, 30 abril (NA) \u2013 Los premios Mart\u00edn Fierro 2026 a la Televisi\u00f3n Abierta\" \/>\n<meta property=\"og:url\" content=\"https:\/\/fmgente.com.ar\/web\/premios-martin-fierro-de-television-todos-los-nominados-y-detalles\/\" \/>\n<meta property=\"og:site_name\" content=\"Fm Gente\" \/>\n<meta property=\"article:published_time\" content=\"2026-04-30T20:06:32+00:00\" \/>\n<meta name=\"twitter:card\" content=\"summary_large_image\" \/>\n<meta name=\"twitter:label1\" content=\"Tiempo de lectura\" \/>\n\t<meta name=\"twitter:data1\" content=\"5 minutos\" \/>\n<script type=\"application\/ld+json\" class=\"yoast-schema-graph\">{\"@context\":\"https:\\\/\\\/schema.org\",\"@graph\":[{\"@type\":\"Article\",\"@id\":\"https:\\\/\\\/fmgente.com.ar\\\/web\\\/premios-martin-fierro-de-television-todos-los-nominados-y-detalles\\\/#article\",\"isPartOf\":{\"@id\":\"https:\\\/\\\/fmgente.com.ar\\\/web\\\/premios-martin-fierro-de-television-todos-los-nominados-y-detalles\\\/\"},\"author\":{\"name\":\"\",\"@id\":\"\"},\"headline\":\"Premios Mart\u00edn Fierro de Televisi\u00f3n: todos los nominados y detalles\",\"datePublished\":\"2026-04-30T20:06:32+00:00\",\"mainEntityOfPage\":{\"@id\":\"https:\\\/\\\/fmgente.com.ar\\\/web\\\/premios-martin-fierro-de-television-todos-los-nominados-y-detalles\\\/\"},\"wordCount\":1048,\"publisher\":{\"@id\":\"https:\\\/\\\/fmgente.com.ar\\\/web\\\/#organization\"},\"image\":{\"@id\":\"https:\\\/\\\/fmgente.com.ar\\\/web\\\/premios-martin-fierro-de-television-todos-los-nominados-y-detalles\\\/#primaryimage\"},\"thumbnailUrl\":\"https:\\\/\\\/fmgente.com.ar\\\/web\\\/wp-content\\\/uploads\\\/2026\\\/04\\\/720-1467.jpeg\",\"articleSection\":[\"REGIONALES\"],\"inLanguage\":\"es\"},{\"@type\":\"WebPage\",\"@id\":\"https:\\\/\\\/fmgente.com.ar\\\/web\\\/premios-martin-fierro-de-television-todos-los-nominados-y-detalles\\\/\",\"url\":\"https:\\\/\\\/fmgente.com.ar\\\/web\\\/premios-martin-fierro-de-television-todos-los-nominados-y-detalles\\\/\",\"name\":\"Premios Mart\u00edn Fierro de Televisi\u00f3n: todos los nominados y detalles - Fm Gente\",\"isPartOf\":{\"@id\":\"https:\\\/\\\/fmgente.com.ar\\\/web\\\/#website\"},\"primaryImageOfPage\":{\"@id\":\"https:\\\/\\\/fmgente.com.ar\\\/web\\\/premios-martin-fierro-de-television-todos-los-nominados-y-detalles\\\/#primaryimage\"},\"image\":{\"@id\":\"https:\\\/\\\/fmgente.com.ar\\\/web\\\/premios-martin-fierro-de-television-todos-los-nominados-y-detalles\\\/#primaryimage\"},\"thumbnailUrl\":\"https:\\\/\\\/fmgente.com.ar\\\/web\\\/wp-content\\\/uploads\\\/2026\\\/04\\\/720-1467.jpeg\",\"datePublished\":\"2026-04-30T20:06:32+00:00\",\"inLanguage\":\"es\",\"potentialAction\":[{\"@type\":\"ReadAction\",\"target\":[\"https:\\\/\\\/fmgente.com.ar\\\/web\\\/premios-martin-fierro-de-television-todos-los-nominados-y-detalles\\\/\"]}]},{\"@type\":\"ImageObject\",\"inLanguage\":\"es\",\"@id\":\"https:\\\/\\\/fmgente.com.ar\\\/web\\\/premios-martin-fierro-de-television-todos-los-nominados-y-detalles\\\/#primaryimage\",\"url\":\"https:\\\/\\\/fmgente.com.ar\\\/web\\\/wp-content\\\/uploads\\\/2026\\\/04\\\/720-1467.jpeg\",\"contentUrl\":\"https:\\\/\\\/fmgente.com.ar\\\/web\\\/wp-content\\\/uploads\\\/2026\\\/04\\\/720-1467.jpeg\",\"width\":1080,\"height\":720},{\"@type\":\"WebSite\",\"@id\":\"https:\\\/\\\/fmgente.com.ar\\\/web\\\/#website\",\"url\":\"https:\\\/\\\/fmgente.com.ar\\\/web\\\/\",\"name\":\"Fm Gente\",\"description\":\"- Jes\u00fas Mar\u00eda\",\"publisher\":{\"@id\":\"https:\\\/\\\/fmgente.com.ar\\\/web\\\/#organization\"},\"potentialAction\":[{\"@type\":\"SearchAction\",\"target\":{\"@type\":\"EntryPoint\",\"urlTemplate\":\"https:\\\/\\\/fmgente.com.ar\\\/web\\\/?s={search_term_string}\"},\"query-input\":{\"@type\":\"PropertyValueSpecification\",\"valueRequired\":true,\"valueName\":\"search_term_string\"}}],\"inLanguage\":\"es\"},{\"@type\":\"Organization\",\"@id\":\"https:\\\/\\\/fmgente.com.ar\\\/web\\\/#organization\",\"name\":\"Fm Gente\",\"url\":\"https:\\\/\\\/fmgente.com.ar\\\/web\\\/\",\"logo\":{\"@type\":\"ImageObject\",\"inLanguage\":\"es\",\"@id\":\"https:\\\/\\\/fmgente.com.ar\\\/web\\\/#\\\/schema\\\/logo\\\/image\\\/\",\"url\":\"https:\\\/\\\/fmgente.com.ar\\\/web\\\/wp-content\\\/uploads\\\/2023\\\/07\\\/cropped-cropped-logo-sombra2.png\",\"contentUrl\":\"https:\\\/\\\/fmgente.com.ar\\\/web\\\/wp-content\\\/uploads\\\/2023\\\/07\\\/cropped-cropped-logo-sombra2.png\",\"width\":1782,\"height\":1782,\"caption\":\"Fm Gente\"},\"image\":{\"@id\":\"https:\\\/\\\/fmgente.com.ar\\\/web\\\/#\\\/schema\\\/logo\\\/image\\\/\"}}]}<\/script>\n<!-- \/ Yoast SEO plugin. -->","yoast_head_json":{"title":"Premios Mart\u00edn Fierro de Televisi\u00f3n: todos los nominados y detalles - Fm Gente","robots":{"index":"index","follow":"follow","max-snippet":"max-snippet:-1","max-image-preview":"max-image-preview:large","max-video-preview":"max-video-preview:-1"},"canonical":"https:\/\/fmgente.com.ar\/web\/premios-martin-fierro-de-television-todos-los-nominados-y-detalles\/","og_locale":"es_ES","og_type":"article","og_title":"Premios Mart\u00edn Fierro de Televisi\u00f3n: todos los nominados y detalles - Fm Gente","og_description":"Buenos Aires, 30 abril (NA) \u2013 Los premios Mart\u00edn Fierro 2026 a la Televisi\u00f3n Abierta","og_url":"https:\/\/fmgente.com.ar\/web\/premios-martin-fierro-de-television-todos-los-nominados-y-detalles\/","og_site_name":"Fm Gente","article_published_time":"2026-04-30T20:06:32+00:00","twitter_card":"summary_large_image","twitter_misc":{"Tiempo de lectura":"5 minutos"},"schema":{"@context":"https:\/\/schema.org","@graph":[{"@type":"Article","@id":"https:\/\/fmgente.com.ar\/web\/premios-martin-fierro-de-television-todos-los-nominados-y-detalles\/#article","isPartOf":{"@id":"https:\/\/fmgente.com.ar\/web\/premios-martin-fierro-de-television-todos-los-nominados-y-detalles\/"},"author":{"name":"","@id":""},"headline":"Premios Mart\u00edn Fierro de Televisi\u00f3n: todos los nominados y detalles","datePublished":"2026-04-30T20:06:32+00:00","mainEntityOfPage":{"@id":"https:\/\/fmgente.com.ar\/web\/premios-martin-fierro-de-television-todos-los-nominados-y-detalles\/"},"wordCount":1048,"publisher":{"@id":"https:\/\/fmgente.com.ar\/web\/#organization"},"image":{"@id":"https:\/\/fmgente.com.ar\/web\/premios-martin-fierro-de-television-todos-los-nominados-y-detalles\/#primaryimage"},"thumbnailUrl":"https:\/\/fmgente.com.ar\/web\/wp-content\/uploads\/2026\/04\/720-1467.jpeg","articleSection":["REGIONALES"],"inLanguage":"es"},{"@type":"WebPage","@id":"https:\/\/fmgente.com.ar\/web\/premios-martin-fierro-de-television-todos-los-nominados-y-detalles\/","url":"https:\/\/fmgente.com.ar\/web\/premios-martin-fierro-de-television-todos-los-nominados-y-detalles\/","name":"Premios Mart\u00edn Fierro de Televisi\u00f3n: todos los nominados y detalles - Fm Gente","isPartOf":{"@id":"https:\/\/fmgente.com.ar\/web\/#website"},"primaryImageOfPage":{"@id":"https:\/\/fmgente.com.ar\/web\/premios-martin-fierro-de-television-todos-los-nominados-y-detalles\/#primaryimage"},"image":{"@id":"https:\/\/fmgente.com.ar\/web\/premios-martin-fierro-de-television-todos-los-nominados-y-detalles\/#primaryimage"},"thumbnailUrl":"https:\/\/fmgente.com.ar\/web\/wp-content\/uploads\/2026\/04\/720-1467.jpeg","datePublished":"2026-04-30T20:06:32+00:00","inLanguage":"es","potentialAction":[{"@type":"ReadAction","target":["https:\/\/fmgente.com.ar\/web\/premios-martin-fierro-de-television-todos-los-nominados-y-detalles\/"]}]},{"@type":"ImageObject","inLanguage":"es","@id":"https:\/\/fmgente.com.ar\/web\/premios-martin-fierro-de-television-todos-los-nominados-y-detalles\/#primaryimage","url":"https:\/\/fmgente.com.ar\/web\/wp-content\/uploads\/2026\/04\/720-1467.jpeg","contentUrl":"https:\/\/fmgente.com.ar\/web\/wp-content\/uploads\/2026\/04\/720-1467.jpeg","width":1080,"height":720},{"@type":"WebSite","@id":"https:\/\/fmgente.com.ar\/web\/#website","url":"https:\/\/fmgente.com.ar\/web\/","name":"Fm Gente","description":"- Jes\u00fas Mar\u00eda","publisher":{"@id":"https:\/\/fmgente.com.ar\/web\/#organization"},"potentialAction":[{"@type":"SearchAction","target":{"@type":"EntryPoint","urlTemplate":"https:\/\/fmgente.com.ar\/web\/?s={search_term_string}"},"query-input":{"@type":"PropertyValueSpecification","valueRequired":true,"valueName":"search_term_string"}}],"inLanguage":"es"},{"@type":"Organization","@id":"https:\/\/fmgente.com.ar\/web\/#organization","name":"Fm Gente","url":"https:\/\/fmgente.com.ar\/web\/","logo":{"@type":"ImageObject","inLanguage":"es","@id":"https:\/\/fmgente.com.ar\/web\/#\/schema\/logo\/image\/","url":"https:\/\/fmgente.com.ar\/web\/wp-content\/uploads\/2023\/07\/cropped-cropped-logo-sombra2.png","contentUrl":"https:\/\/fmgente.com.ar\/web\/wp-content\/uploads\/2023\/07\/cropped-cropped-logo-sombra2.png","width":1782,"height":1782,"caption":"Fm Gente"},"image":{"@id":"https:\/\/fmgente.com.ar\/web\/#\/schema\/logo\/image\/"}}]}},"_links":{"self":[{"href":"https:\/\/fmgente.com.ar\/web\/wp-json\/wp\/v2\/posts\/21231","targetHints":{"allow":["GET"]}}],"collection":[{"href":"https:\/\/fmgente.com.ar\/web\/wp-json\/wp\/v2\/posts"}],"about":[{"href":"https:\/\/fmgente.com.ar\/web\/wp-json\/wp\/v2\/types\/post"}],"replies":[{"embeddable":true,"href":"https:\/\/fmgente.com.ar\/web\/wp-json\/wp\/v2\/comments?post=21231"}],"version-history":[{"count":0,"href":"https:\/\/fmgente.com.ar\/web\/wp-json\/wp\/v2\/posts\/21231\/revisions"}],"wp:featuredmedia":[{"embeddable":true,"href":"https:\/\/fmgente.com.ar\/web\/wp-json\/wp\/v2\/media\/21232"}],"wp:attachment":[{"href":"https:\/\/fmgente.com.ar\/web\/wp-json\/wp\/v2\/media?parent=21231"}],"wp:term":[{"taxonomy":"category","embeddable":true,"href":"https:\/\/fmgente.com.ar\/web\/wp-json\/wp\/v2\/categories?post=21231"},{"taxonomy":"post_tag","embeddable":true,"href":"https:\/\/fmgente.com.ar\/web\/wp-json\/wp\/v2\/tags?post=21231"}],"curies":[{"name":"wp","href":"https:\/\/api.w.org\/{rel}","templated":true}]}}