{"id":21210,"date":"2026-04-30T10:28:49","date_gmt":"2026-04-30T13:28:49","guid":{"rendered":"https:\/\/fmgente.com.ar\/web\/?p=21210"},"modified":"2026-04-30T10:28:49","modified_gmt":"2026-04-30T13:28:49","slug":"jesus-maria-suma-nuevos-cursos-gratuitos-en-el-nido-costanera-inscripciones-abiertas","status":"publish","type":"post","link":"https:\/\/fmgente.com.ar\/web\/jesus-maria-suma-nuevos-cursos-gratuitos-en-el-nido-costanera-inscripciones-abiertas\/","title":{"rendered":"Jes\u00fas Mar\u00eda suma nuevos cursos gratuitos en el Nido Costanera: inscripciones abiertas"},"content":{"rendered":"<p>La Municipalidad de Jes\u00fas Mar\u00eda informa que ya se encuentran abiertas las inscripciones para una nueva propuesta de cursos gratuitos que iniciar\u00e1n en mayo en el Nido Costanera, ubicado en Avenida Biondi 655.<\/p>\n<p>Las capacitaciones se dictar\u00e1n junto al CEDER Jes\u00fas Mar\u00eda, a trav\u00e9s del programa provincial CBA Me Capacita, y est\u00e1n orientadas a brindar herramientas pr\u00e1cticas para mejorar la empleabilidad, potenciar emprendimientos y fortalecer competencias laborales en distintos rubros.<\/p>\n<p>Las propuestas disponibles son:<\/p>\n<p>&#x1f4cc; Curso de Calidad de Atenci\u00f3n al Cliente<br \/>\nSe dictar\u00e1 durante mayo y contar\u00e1 con una carga horaria total de 37 horas.<\/p>\n<p>&#x1f4cc; Curso de Gesti\u00f3n de Ventas<br \/>\nSe desarrollar\u00e1 en mayo, en el horario de 17 a 19 horas.<\/p>\n<p>&#x1f4cc; Curso de Auxiliar en Administraci\u00f3n<br \/>\nTendr\u00e1 lugar durante mayo, de 9 a 12 horas.<\/p>\n<p>&#x1f4cc; Curso de Marketing Digital<br \/>\nSe realizar\u00e1 durante mayo, de 9 a 11 horas.<\/p>\n<p>Estas instancias de formaci\u00f3n apuntan a acercar conocimientos actuales y aplicables, generando m\u00e1s herramientas para quienes buscan insertarse laboralmente, mejorar su perfil profesional o impulsar proyectos propios.<\/p>\n<p>Las inscripciones y consultas pueden realizarse por tel\u00e9fono al 03525-443715 o de manera presencial en el Nido Costanera (Av. Biondi 655).<\/p>\n<p>Una vez realizada la inscripci\u00f3n, cada participante recibir\u00e1 informaci\u00f3n sobre la fecha de inicio de su curso.<\/p>\n<p>Con este tipo de acciones, la Municipalidad contin\u00faa promoviendo espacios de capacitaci\u00f3n y crecimiento para acompa\u00f1ar el desarrollo personal y laboral de la comunidad, articulando trabajo conjunto con la Provincia para ampliar oportunidades de formaci\u00f3n.<\/p>\n<p><img loading=\"lazy\" decoding=\"async\" class=\"alignnone size-full wp-image-21211\" src=\"https:\/\/fmgente.com.ar\/web\/wp-content\/uploads\/2026\/04\/6dd4e43b-3f9d-4ef7-a53b-81465db059c7.jpg\" alt=\"\" width=\"782\" height=\"1390\" srcset=\"https:\/\/fmgente.com.ar\/web\/wp-content\/uploads\/2026\/04\/6dd4e43b-3f9d-4ef7-a53b-81465db059c7.jpg 782w, https:\/\/fmgente.com.ar\/web\/wp-content\/uploads\/2026\/04\/6dd4e43b-3f9d-4ef7-a53b-81465db059c7-169x300.jpg 169w, https:\/\/fmgente.com.ar\/web\/wp-content\/uploads\/2026\/04\/6dd4e43b-3f9d-4ef7-a53b-81465db059c7-768x1365.jpg 768w\" sizes=\"auto, (max-width: 782px) 100vw, 782px\" \/> <img loading=\"lazy\" decoding=\"async\" class=\"alignnone size-full wp-image-21212\" src=\"https:\/\/fmgente.com.ar\/web\/wp-content\/uploads\/2026\/04\/97740c5c-431d-4d0c-bfe1-4cf8fff99cad.jpg\" alt=\"\" width=\"782\" height=\"1390\" srcset=\"https:\/\/fmgente.com.ar\/web\/wp-content\/uploads\/2026\/04\/97740c5c-431d-4d0c-bfe1-4cf8fff99cad.jpg 782w, https:\/\/fmgente.com.ar\/web\/wp-content\/uploads\/2026\/04\/97740c5c-431d-4d0c-bfe1-4cf8fff99cad-169x300.jpg 169w, https:\/\/fmgente.com.ar\/web\/wp-content\/uploads\/2026\/04\/97740c5c-431d-4d0c-bfe1-4cf8fff99cad-768x1365.jpg 768w\" sizes=\"auto, (max-width: 782px) 100vw, 782px\" \/> <img loading=\"lazy\" decoding=\"async\" class=\"alignnone size-full wp-image-21213\" src=\"https:\/\/fmgente.com.ar\/web\/wp-content\/uploads\/2026\/04\/d41b12b0-0af0-4ee2-8de9-d0c0c0d17d1d.jpg\" alt=\"\" width=\"782\" height=\"1390\" srcset=\"https:\/\/fmgente.com.ar\/web\/wp-content\/uploads\/2026\/04\/d41b12b0-0af0-4ee2-8de9-d0c0c0d17d1d.jpg 782w, https:\/\/fmgente.com.ar\/web\/wp-content\/uploads\/2026\/04\/d41b12b0-0af0-4ee2-8de9-d0c0c0d17d1d-169x300.jpg 169w, https:\/\/fmgente.com.ar\/web\/wp-content\/uploads\/2026\/04\/d41b12b0-0af0-4ee2-8de9-d0c0c0d17d1d-768x1365.jpg 768w\" sizes=\"auto, (max-width: 782px) 100vw, 782px\" \/><\/p>\n","protected":false},"excerpt":{"rendered":"<p>La Municipalidad de Jes\u00fas Mar\u00eda informa que ya se encuentran abiertas las inscripciones para una<\/p>\n","protected":false},"author":2,"featured_media":21212,"comment_status":"closed","ping_status":"closed","sticky":false,"template":"","format":"standard","meta":{"footnotes":""},"categories":[40],"tags":[573,1745,290,1750,1748,1753,303,1758,1621,23,1630,644,216,1757,897,249,1751,265,92,1760,1718,1756,793,1747,1746,1671,1749,1752,1697,1761,1744,1759,791,1683,782,1754,1755,1255],"class_list":["post-21210","post","type-post","status-publish","format-standard","has-post-thumbnail","hentry","category-principales","tag-agro","tag-cadena-norte","tag-campo","tag-carlos-ciprian","tag-ciprian","tag-coe","tag-colonia-caroya","tag-comuna","tag-cooperativa","tag-cordoba","tag-covid-19","tag-dean-funes","tag-deportes","tag-doctor","tag-federico-zarate","tag-fpa","tag-gustavo-brandan","tag-hospital","tag-jesus-maria","tag-la-dormida","tag-las-penas","tag-medico","tag-municipalidad","tag-news","tag-norte","tag-noticias","tag-nuevo-dia","tag-paola-nanini","tag-policiales","tag-quilino","tag-radio-fm","tag-rio-seco","tag-sinsacate","tag-sociedad-rural","tag-srjm","tag-ultimo-momento","tag-urgente","tag-villa-del-totoral"],"yoast_head":"<!-- This site is optimized with the Yoast SEO plugin v27.4 - https:\/\/yoast.com\/product\/yoast-seo-wordpress\/ -->\n<title>Jes\u00fas Mar\u00eda suma nuevos cursos gratuitos en el Nido Costanera: inscripciones abiertas - Fm Gente<\/title>\n<meta name=\"robots\" content=\"index, follow, max-snippet:-1, max-image-preview:large, max-video-preview:-1\" \/>\n<link rel=\"canonical\" href=\"https:\/\/fmgente.com.ar\/web\/jesus-maria-suma-nuevos-cursos-gratuitos-en-el-nido-costanera-inscripciones-abiertas\/\" \/>\n<meta property=\"og:locale\" content=\"es_ES\" \/>\n<meta property=\"og:type\" content=\"article\" \/>\n<meta property=\"og:title\" content=\"Jes\u00fas Mar\u00eda suma nuevos cursos gratuitos en el Nido Costanera: inscripciones abiertas - Fm Gente\" \/>\n<meta property=\"og:description\" content=\"La Municipalidad de Jes\u00fas Mar\u00eda informa que ya se encuentran abiertas las inscripciones para una\" \/>\n<meta property=\"og:url\" content=\"https:\/\/fmgente.com.ar\/web\/jesus-maria-suma-nuevos-cursos-gratuitos-en-el-nido-costanera-inscripciones-abiertas\/\" \/>\n<meta property=\"og:site_name\" content=\"Fm Gente\" \/>\n<meta property=\"article:published_time\" content=\"2026-04-30T13:28:49+00:00\" \/>\n<meta property=\"og:image\" content=\"https:\/\/fmgente.com.ar\/web\/wp-content\/uploads\/2026\/04\/97740c5c-431d-4d0c-bfe1-4cf8fff99cad.jpg\" \/>\n\t<meta property=\"og:image:width\" content=\"782\" \/>\n\t<meta property=\"og:image:height\" content=\"1390\" \/>\n\t<meta property=\"og:image:type\" content=\"image\/jpeg\" \/>\n<meta name=\"author\" content=\"Adri\u00e1n Hern\u00e1ndez\" \/>\n<meta name=\"twitter:card\" content=\"summary_large_image\" \/>\n<meta name=\"twitter:label1\" content=\"Escrito por\" \/>\n\t<meta name=\"twitter:data1\" content=\"Adri\u00e1n Hern\u00e1ndez\" \/>\n\t<meta name=\"twitter:label2\" content=\"Tiempo de lectura\" \/>\n\t<meta name=\"twitter:data2\" content=\"2 minutos\" \/>\n<script type=\"application\/ld+json\" class=\"yoast-schema-graph\">{\"@context\":\"https:\\\/\\\/schema.org\",\"@graph\":[{\"@type\":\"Article\",\"@id\":\"https:\\\/\\\/fmgente.com.ar\\\/web\\\/jesus-maria-suma-nuevos-cursos-gratuitos-en-el-nido-costanera-inscripciones-abiertas\\\/#article\",\"isPartOf\":{\"@id\":\"https:\\\/\\\/fmgente.com.ar\\\/web\\\/jesus-maria-suma-nuevos-cursos-gratuitos-en-el-nido-costanera-inscripciones-abiertas\\\/\"},\"author\":{\"name\":\"Adri\u00e1n Hern\u00e1ndez\",\"@id\":\"https:\\\/\\\/fmgente.com.ar\\\/web\\\/#\\\/schema\\\/person\\\/ba03fa75c17effdaafbd6daa1d78c508\"},\"headline\":\"Jes\u00fas Mar\u00eda suma nuevos cursos gratuitos en el Nido Costanera: inscripciones abiertas\",\"datePublished\":\"2026-04-30T13:28:49+00:00\",\"mainEntityOfPage\":{\"@id\":\"https:\\\/\\\/fmgente.com.ar\\\/web\\\/jesus-maria-suma-nuevos-cursos-gratuitos-en-el-nido-costanera-inscripciones-abiertas\\\/\"},\"wordCount\":277,\"publisher\":{\"@id\":\"https:\\\/\\\/fmgente.com.ar\\\/web\\\/#organization\"},\"image\":{\"@id\":\"https:\\\/\\\/fmgente.com.ar\\\/web\\\/jesus-maria-suma-nuevos-cursos-gratuitos-en-el-nido-costanera-inscripciones-abiertas\\\/#primaryimage\"},\"thumbnailUrl\":\"https:\\\/\\\/fmgente.com.ar\\\/web\\\/wp-content\\\/uploads\\\/2026\\\/04\\\/97740c5c-431d-4d0c-bfe1-4cf8fff99cad.jpg\",\"keywords\":[\"agro\",\"cadena norte\",\"campo\",\"Carlos Ciprian\",\"Ciprian\",\"COE\",\"Colonia Caroya\",\"comuna\",\"cooperativa\",\"C\u00f3rdoba\",\"covid 19\",\"Dean Funes\",\"deportes\",\"doctor\",\"Federico Z\u00e1rate\",\"fpa\",\"Gustavo Brand\u00e1n\",\"hospital\",\"Jes\u00fas Mar\u00eda\",\"La Dormida\",\"las pe\u00f1as\",\"m\u00e9dico\",\"Municipalidad\",\"news\",\"Norte\",\"noticias\",\"Nuevo D\u00eda\",\"Paola Nanini\",\"policiales\",\"Quilino\",\"radio fm\",\"Rio Seco\",\"Sinsacate\",\"Sociedad Rural\",\"srjm\",\"\u00faltimo momento\",\"urgente\",\"Villa del Totoral\"],\"articleSection\":[\"PRINCIPALES\"],\"inLanguage\":\"es\"},{\"@type\":\"WebPage\",\"@id\":\"https:\\\/\\\/fmgente.com.ar\\\/web\\\/jesus-maria-suma-nuevos-cursos-gratuitos-en-el-nido-costanera-inscripciones-abiertas\\\/\",\"url\":\"https:\\\/\\\/fmgente.com.ar\\\/web\\\/jesus-maria-suma-nuevos-cursos-gratuitos-en-el-nido-costanera-inscripciones-abiertas\\\/\",\"name\":\"Jes\u00fas Mar\u00eda suma nuevos cursos gratuitos en el Nido Costanera: inscripciones abiertas - Fm Gente\",\"isPartOf\":{\"@id\":\"https:\\\/\\\/fmgente.com.ar\\\/web\\\/#website\"},\"primaryImageOfPage\":{\"@id\":\"https:\\\/\\\/fmgente.com.ar\\\/web\\\/jesus-maria-suma-nuevos-cursos-gratuitos-en-el-nido-costanera-inscripciones-abiertas\\\/#primaryimage\"},\"image\":{\"@id\":\"https:\\\/\\\/fmgente.com.ar\\\/web\\\/jesus-maria-suma-nuevos-cursos-gratuitos-en-el-nido-costanera-inscripciones-abiertas\\\/#primaryimage\"},\"thumbnailUrl\":\"https:\\\/\\\/fmgente.com.ar\\\/web\\\/wp-content\\\/uploads\\\/2026\\\/04\\\/97740c5c-431d-4d0c-bfe1-4cf8fff99cad.jpg\",\"datePublished\":\"2026-04-30T13:28:49+00:00\",\"inLanguage\":\"es\",\"potentialAction\":[{\"@type\":\"ReadAction\",\"target\":[\"https:\\\/\\\/fmgente.com.ar\\\/web\\\/jesus-maria-suma-nuevos-cursos-gratuitos-en-el-nido-costanera-inscripciones-abiertas\\\/\"]}]},{\"@type\":\"ImageObject\",\"inLanguage\":\"es\",\"@id\":\"https:\\\/\\\/fmgente.com.ar\\\/web\\\/jesus-maria-suma-nuevos-cursos-gratuitos-en-el-nido-costanera-inscripciones-abiertas\\\/#primaryimage\",\"url\":\"https:\\\/\\\/fmgente.com.ar\\\/web\\\/wp-content\\\/uploads\\\/2026\\\/04\\\/97740c5c-431d-4d0c-bfe1-4cf8fff99cad.jpg\",\"contentUrl\":\"https:\\\/\\\/fmgente.com.ar\\\/web\\\/wp-content\\\/uploads\\\/2026\\\/04\\\/97740c5c-431d-4d0c-bfe1-4cf8fff99cad.jpg\",\"width\":782,\"height\":1390},{\"@type\":\"WebSite\",\"@id\":\"https:\\\/\\\/fmgente.com.ar\\\/web\\\/#website\",\"url\":\"https:\\\/\\\/fmgente.com.ar\\\/web\\\/\",\"name\":\"Fm Gente\",\"description\":\"- Jes\u00fas Mar\u00eda\",\"publisher\":{\"@id\":\"https:\\\/\\\/fmgente.com.ar\\\/web\\\/#organization\"},\"potentialAction\":[{\"@type\":\"SearchAction\",\"target\":{\"@type\":\"EntryPoint\",\"urlTemplate\":\"https:\\\/\\\/fmgente.com.ar\\\/web\\\/?s={search_term_string}\"},\"query-input\":{\"@type\":\"PropertyValueSpecification\",\"valueRequired\":true,\"valueName\":\"search_term_string\"}}],\"inLanguage\":\"es\"},{\"@type\":\"Organization\",\"@id\":\"https:\\\/\\\/fmgente.com.ar\\\/web\\\/#organization\",\"name\":\"Fm Gente\",\"url\":\"https:\\\/\\\/fmgente.com.ar\\\/web\\\/\",\"logo\":{\"@type\":\"ImageObject\",\"inLanguage\":\"es\",\"@id\":\"https:\\\/\\\/fmgente.com.ar\\\/web\\\/#\\\/schema\\\/logo\\\/image\\\/\",\"url\":\"https:\\\/\\\/fmgente.com.ar\\\/web\\\/wp-content\\\/uploads\\\/2023\\\/07\\\/cropped-cropped-logo-sombra2.png\",\"contentUrl\":\"https:\\\/\\\/fmgente.com.ar\\\/web\\\/wp-content\\\/uploads\\\/2023\\\/07\\\/cropped-cropped-logo-sombra2.png\",\"width\":1782,\"height\":1782,\"caption\":\"Fm Gente\"},\"image\":{\"@id\":\"https:\\\/\\\/fmgente.com.ar\\\/web\\\/#\\\/schema\\\/logo\\\/image\\\/\"}},{\"@type\":\"Person\",\"@id\":\"https:\\\/\\\/fmgente.com.ar\\\/web\\\/#\\\/schema\\\/person\\\/ba03fa75c17effdaafbd6daa1d78c508\",\"name\":\"Adri\u00e1n Hern\u00e1ndez\",\"url\":\"https:\\\/\\\/fmgente.com.ar\\\/web\\\/author\\\/c1601891\\\/\"}]}<\/script>\n<!-- \/ Yoast SEO plugin. -->","yoast_head_json":{"title":"Jes\u00fas Mar\u00eda suma nuevos cursos gratuitos en el Nido Costanera: inscripciones abiertas - Fm Gente","robots":{"index":"index","follow":"follow","max-snippet":"max-snippet:-1","max-image-preview":"max-image-preview:large","max-video-preview":"max-video-preview:-1"},"canonical":"https:\/\/fmgente.com.ar\/web\/jesus-maria-suma-nuevos-cursos-gratuitos-en-el-nido-costanera-inscripciones-abiertas\/","og_locale":"es_ES","og_type":"article","og_title":"Jes\u00fas Mar\u00eda suma nuevos cursos gratuitos en el Nido Costanera: inscripciones abiertas - Fm Gente","og_description":"La Municipalidad de Jes\u00fas Mar\u00eda informa que ya se encuentran abiertas las inscripciones para una","og_url":"https:\/\/fmgente.com.ar\/web\/jesus-maria-suma-nuevos-cursos-gratuitos-en-el-nido-costanera-inscripciones-abiertas\/","og_site_name":"Fm Gente","article_published_time":"2026-04-30T13:28:49+00:00","og_image":[{"width":782,"height":1390,"url":"https:\/\/fmgente.com.ar\/web\/wp-content\/uploads\/2026\/04\/97740c5c-431d-4d0c-bfe1-4cf8fff99cad.jpg","type":"image\/jpeg"}],"author":"Adri\u00e1n Hern\u00e1ndez","twitter_card":"summary_large_image","twitter_misc":{"Escrito por":"Adri\u00e1n Hern\u00e1ndez","Tiempo de lectura":"2 minutos"},"schema":{"@context":"https:\/\/schema.org","@graph":[{"@type":"Article","@id":"https:\/\/fmgente.com.ar\/web\/jesus-maria-suma-nuevos-cursos-gratuitos-en-el-nido-costanera-inscripciones-abiertas\/#article","isPartOf":{"@id":"https:\/\/fmgente.com.ar\/web\/jesus-maria-suma-nuevos-cursos-gratuitos-en-el-nido-costanera-inscripciones-abiertas\/"},"author":{"name":"Adri\u00e1n Hern\u00e1ndez","@id":"https:\/\/fmgente.com.ar\/web\/#\/schema\/person\/ba03fa75c17effdaafbd6daa1d78c508"},"headline":"Jes\u00fas Mar\u00eda suma nuevos cursos gratuitos en el Nido Costanera: inscripciones abiertas","datePublished":"2026-04-30T13:28:49+00:00","mainEntityOfPage":{"@id":"https:\/\/fmgente.com.ar\/web\/jesus-maria-suma-nuevos-cursos-gratuitos-en-el-nido-costanera-inscripciones-abiertas\/"},"wordCount":277,"publisher":{"@id":"https:\/\/fmgente.com.ar\/web\/#organization"},"image":{"@id":"https:\/\/fmgente.com.ar\/web\/jesus-maria-suma-nuevos-cursos-gratuitos-en-el-nido-costanera-inscripciones-abiertas\/#primaryimage"},"thumbnailUrl":"https:\/\/fmgente.com.ar\/web\/wp-content\/uploads\/2026\/04\/97740c5c-431d-4d0c-bfe1-4cf8fff99cad.jpg","keywords":["agro","cadena norte","campo","Carlos Ciprian","Ciprian","COE","Colonia Caroya","comuna","cooperativa","C\u00f3rdoba","covid 19","Dean Funes","deportes","doctor","Federico Z\u00e1rate","fpa","Gustavo Brand\u00e1n","hospital","Jes\u00fas Mar\u00eda","La Dormida","las pe\u00f1as","m\u00e9dico","Municipalidad","news","Norte","noticias","Nuevo D\u00eda","Paola Nanini","policiales","Quilino","radio fm","Rio Seco","Sinsacate","Sociedad Rural","srjm","\u00faltimo momento","urgente","Villa del Totoral"],"articleSection":["PRINCIPALES"],"inLanguage":"es"},{"@type":"WebPage","@id":"https:\/\/fmgente.com.ar\/web\/jesus-maria-suma-nuevos-cursos-gratuitos-en-el-nido-costanera-inscripciones-abiertas\/","url":"https:\/\/fmgente.com.ar\/web\/jesus-maria-suma-nuevos-cursos-gratuitos-en-el-nido-costanera-inscripciones-abiertas\/","name":"Jes\u00fas Mar\u00eda suma nuevos cursos gratuitos en el Nido Costanera: inscripciones abiertas - Fm Gente","isPartOf":{"@id":"https:\/\/fmgente.com.ar\/web\/#website"},"primaryImageOfPage":{"@id":"https:\/\/fmgente.com.ar\/web\/jesus-maria-suma-nuevos-cursos-gratuitos-en-el-nido-costanera-inscripciones-abiertas\/#primaryimage"},"image":{"@id":"https:\/\/fmgente.com.ar\/web\/jesus-maria-suma-nuevos-cursos-gratuitos-en-el-nido-costanera-inscripciones-abiertas\/#primaryimage"},"thumbnailUrl":"https:\/\/fmgente.com.ar\/web\/wp-content\/uploads\/2026\/04\/97740c5c-431d-4d0c-bfe1-4cf8fff99cad.jpg","datePublished":"2026-04-30T13:28:49+00:00","inLanguage":"es","potentialAction":[{"@type":"ReadAction","target":["https:\/\/fmgente.com.ar\/web\/jesus-maria-suma-nuevos-cursos-gratuitos-en-el-nido-costanera-inscripciones-abiertas\/"]}]},{"@type":"ImageObject","inLanguage":"es","@id":"https:\/\/fmgente.com.ar\/web\/jesus-maria-suma-nuevos-cursos-gratuitos-en-el-nido-costanera-inscripciones-abiertas\/#primaryimage","url":"https:\/\/fmgente.com.ar\/web\/wp-content\/uploads\/2026\/04\/97740c5c-431d-4d0c-bfe1-4cf8fff99cad.jpg","contentUrl":"https:\/\/fmgente.com.ar\/web\/wp-content\/uploads\/2026\/04\/97740c5c-431d-4d0c-bfe1-4cf8fff99cad.jpg","width":782,"height":1390},{"@type":"WebSite","@id":"https:\/\/fmgente.com.ar\/web\/#website","url":"https:\/\/fmgente.com.ar\/web\/","name":"Fm Gente","description":"- Jes\u00fas Mar\u00eda","publisher":{"@id":"https:\/\/fmgente.com.ar\/web\/#organization"},"potentialAction":[{"@type":"SearchAction","target":{"@type":"EntryPoint","urlTemplate":"https:\/\/fmgente.com.ar\/web\/?s={search_term_string}"},"query-input":{"@type":"PropertyValueSpecification","valueRequired":true,"valueName":"search_term_string"}}],"inLanguage":"es"},{"@type":"Organization","@id":"https:\/\/fmgente.com.ar\/web\/#organization","name":"Fm Gente","url":"https:\/\/fmgente.com.ar\/web\/","logo":{"@type":"ImageObject","inLanguage":"es","@id":"https:\/\/fmgente.com.ar\/web\/#\/schema\/logo\/image\/","url":"https:\/\/fmgente.com.ar\/web\/wp-content\/uploads\/2023\/07\/cropped-cropped-logo-sombra2.png","contentUrl":"https:\/\/fmgente.com.ar\/web\/wp-content\/uploads\/2023\/07\/cropped-cropped-logo-sombra2.png","width":1782,"height":1782,"caption":"Fm Gente"},"image":{"@id":"https:\/\/fmgente.com.ar\/web\/#\/schema\/logo\/image\/"}},{"@type":"Person","@id":"https:\/\/fmgente.com.ar\/web\/#\/schema\/person\/ba03fa75c17effdaafbd6daa1d78c508","name":"Adri\u00e1n Hern\u00e1ndez","url":"https:\/\/fmgente.com.ar\/web\/author\/c1601891\/"}]}},"_links":{"self":[{"href":"https:\/\/fmgente.com.ar\/web\/wp-json\/wp\/v2\/posts\/21210","targetHints":{"allow":["GET"]}}],"collection":[{"href":"https:\/\/fmgente.com.ar\/web\/wp-json\/wp\/v2\/posts"}],"about":[{"href":"https:\/\/fmgente.com.ar\/web\/wp-json\/wp\/v2\/types\/post"}],"author":[{"embeddable":true,"href":"https:\/\/fmgente.com.ar\/web\/wp-json\/wp\/v2\/users\/2"}],"replies":[{"embeddable":true,"href":"https:\/\/fmgente.com.ar\/web\/wp-json\/wp\/v2\/comments?post=21210"}],"version-history":[{"count":1,"href":"https:\/\/fmgente.com.ar\/web\/wp-json\/wp\/v2\/posts\/21210\/revisions"}],"predecessor-version":[{"id":21214,"href":"https:\/\/fmgente.com.ar\/web\/wp-json\/wp\/v2\/posts\/21210\/revisions\/21214"}],"wp:featuredmedia":[{"embeddable":true,"href":"https:\/\/fmgente.com.ar\/web\/wp-json\/wp\/v2\/media\/21212"}],"wp:attachment":[{"href":"https:\/\/fmgente.com.ar\/web\/wp-json\/wp\/v2\/media?parent=21210"}],"wp:term":[{"taxonomy":"category","embeddable":true,"href":"https:\/\/fmgente.com.ar\/web\/wp-json\/wp\/v2\/categories?post=21210"},{"taxonomy":"post_tag","embeddable":true,"href":"https:\/\/fmgente.com.ar\/web\/wp-json\/wp\/v2\/tags?post=21210"}],"curies":[{"name":"wp","href":"https:\/\/api.w.org\/{rel}","templated":true}]}}