{"id":21201,"date":"2026-04-30T05:05:15","date_gmt":"2026-04-30T08:05:15","guid":{"rendered":"https:\/\/fmgente.com.ar\/web\/causa-cuadernos-declarara-jose-lopez-el-acusado-que-mas-compromete-a-cristina-kirchner\/"},"modified":"2026-04-30T05:05:15","modified_gmt":"2026-04-30T08:05:15","slug":"causa-cuadernos-declarara-jose-lopez-el-acusado-que-mas-compromete-a-cristina-kirchner","status":"publish","type":"post","link":"https:\/\/fmgente.com.ar\/web\/causa-cuadernos-declarara-jose-lopez-el-acusado-que-mas-compromete-a-cristina-kirchner\/","title":{"rendered":"Causa Cuadernos: declarar\u00e1 Jos\u00e9 L\u00f3pez, el acusado que m\u00e1s compromete a Cristina Kirchner"},"content":{"rendered":"<p>Buenos Aires, 29 abril (NA) \u2013 El ex secretario de Obras P\u00fablicas Jos\u00e9 L\u00f3pez deber\u00e1 declarar este jueves 30 ante el Tribunal Oral Federal Nro. 7 y, con ello, se dar\u00e1 inicio a la ronda de 43 testimonios planificada en esta nueva etapa.<\/p>\n<p>L\u00f3pez, quien fue funcionario en los gobiernos kirchneristas entre 2003 y 2015, es el acusado que m\u00e1s compromete a la ex presidenta Cristina Kirchner, debido a que es una pieza clave en el caso Cuadernos: actu\u00f3 como imputado colaborador, com\u00fanmente llamado \u201carrepentido\u201d, confes\u00f3 formar parte del sistema de recaudaci\u00f3n ilegal de sobornos por parte de contratistas y afirm\u00f3 haber estado vinculado con altos funcionarios que oficiaban de organizadores. <\/p>\n<p>Su figura tom\u00f3 estado p\u00fablico cuando fue detenido en el a\u00f1o 2016, mientras intentaba ocultar bolsos con millones de d\u00f3lares en un convento.<\/p>\n<p>Adem\u00e1s de su declaraci\u00f3n, est\u00e1n planificadas las indagatorias de los empresarios Marcelo Marcuzzi, cuya defensa solicit\u00f3 una \u00abreparaci\u00f3n integral\u00bb para su sobreseimiento, el cual fue rechazado por la fiscal de juicio Fabiana Le\u00f3n, y Juan Jos\u00e9 Luciano, un hombre vinculado al sector de la construcci\u00f3n y quien figura en el expediente como uno de los arrepentidos, que admiti\u00f3 ante la Justicia haber realizado pagos peri\u00f3dicos a ex funcionarios para mantener contratos de concesiones viales.<\/p>\n<p>En esta etapa, que continuar\u00e1 en mayo, ser\u00e1n convocados para dar testimonio varios periodistas que participaron en la investigaci\u00f3n inicial y exfuncionarios y allegados de los principales acusados, incluyendo a la exsecretaria de N\u00e9stor Kirchner, Miriam Quiroga, confirm\u00f3 la Agencia Noticias Argentinas. <\/p>\n<p>Por el momento, el tribunal integrado por los jueces Enrique M\u00e9ndez Signori, Fernando Canero y Germ\u00e1n Castelli rechaz\u00f3 recientemente diversos pedidos de nulidad presentados por las defensas de los acusados para intentar detener el debate. #AgenciaNA<\/p>\n","protected":false},"excerpt":{"rendered":"<p>Buenos Aires, 29 abril (NA) \u2013 El ex secretario de Obras P\u00fablicas Jos\u00e9 L\u00f3pez deber\u00e1<\/p>\n","protected":false},"author":0,"featured_media":21202,"comment_status":"","ping_status":"","sticky":false,"template":"","format":"standard","meta":{"footnotes":""},"categories":[1],"tags":[],"class_list":["post-21201","post","type-post","status-publish","format-standard","has-post-thumbnail","hentry","category-regionales"],"yoast_head":"<!-- This site is optimized with the Yoast SEO plugin v27.5 - https:\/\/yoast.com\/product\/yoast-seo-wordpress\/ -->\n<title>Causa Cuadernos: declarar\u00e1 Jos\u00e9 L\u00f3pez, el acusado que m\u00e1s compromete a Cristina Kirchner - Fm Gente<\/title>\n<meta name=\"robots\" content=\"index, follow, max-snippet:-1, max-image-preview:large, max-video-preview:-1\" \/>\n<link rel=\"canonical\" href=\"https:\/\/fmgente.com.ar\/web\/causa-cuadernos-declarara-jose-lopez-el-acusado-que-mas-compromete-a-cristina-kirchner\/\" \/>\n<meta property=\"og:locale\" content=\"es_ES\" \/>\n<meta property=\"og:type\" content=\"article\" \/>\n<meta property=\"og:title\" content=\"Causa Cuadernos: declarar\u00e1 Jos\u00e9 L\u00f3pez, el acusado que m\u00e1s compromete a Cristina Kirchner - Fm Gente\" \/>\n<meta property=\"og:description\" content=\"Buenos Aires, 29 abril (NA) \u2013 El ex secretario de Obras P\u00fablicas Jos\u00e9 L\u00f3pez deber\u00e1\" \/>\n<meta property=\"og:url\" content=\"https:\/\/fmgente.com.ar\/web\/causa-cuadernos-declarara-jose-lopez-el-acusado-que-mas-compromete-a-cristina-kirchner\/\" \/>\n<meta property=\"og:site_name\" content=\"Fm Gente\" \/>\n<meta property=\"article:published_time\" content=\"2026-04-30T08:05:15+00:00\" \/>\n<meta name=\"twitter:card\" content=\"summary_large_image\" \/>\n<meta name=\"twitter:label1\" content=\"Tiempo de lectura\" \/>\n\t<meta name=\"twitter:data1\" content=\"1 minuto\" \/>\n<script type=\"application\/ld+json\" class=\"yoast-schema-graph\">{\"@context\":\"https:\\\/\\\/schema.org\",\"@graph\":[{\"@type\":\"Article\",\"@id\":\"https:\\\/\\\/fmgente.com.ar\\\/web\\\/causa-cuadernos-declarara-jose-lopez-el-acusado-que-mas-compromete-a-cristina-kirchner\\\/#article\",\"isPartOf\":{\"@id\":\"https:\\\/\\\/fmgente.com.ar\\\/web\\\/causa-cuadernos-declarara-jose-lopez-el-acusado-que-mas-compromete-a-cristina-kirchner\\\/\"},\"author\":{\"name\":\"\",\"@id\":\"\"},\"headline\":\"Causa Cuadernos: declarar\u00e1 Jos\u00e9 L\u00f3pez, el acusado que m\u00e1s compromete a Cristina Kirchner\",\"datePublished\":\"2026-04-30T08:05:15+00:00\",\"mainEntityOfPage\":{\"@id\":\"https:\\\/\\\/fmgente.com.ar\\\/web\\\/causa-cuadernos-declarara-jose-lopez-el-acusado-que-mas-compromete-a-cristina-kirchner\\\/\"},\"wordCount\":314,\"publisher\":{\"@id\":\"https:\\\/\\\/fmgente.com.ar\\\/web\\\/#organization\"},\"image\":{\"@id\":\"https:\\\/\\\/fmgente.com.ar\\\/web\\\/causa-cuadernos-declarara-jose-lopez-el-acusado-que-mas-compromete-a-cristina-kirchner\\\/#primaryimage\"},\"thumbnailUrl\":\"https:\\\/\\\/fmgente.com.ar\\\/web\\\/wp-content\\\/uploads\\\/2026\\\/04\\\/image-29.jpg\",\"articleSection\":[\"REGIONALES\"],\"inLanguage\":\"es\"},{\"@type\":\"WebPage\",\"@id\":\"https:\\\/\\\/fmgente.com.ar\\\/web\\\/causa-cuadernos-declarara-jose-lopez-el-acusado-que-mas-compromete-a-cristina-kirchner\\\/\",\"url\":\"https:\\\/\\\/fmgente.com.ar\\\/web\\\/causa-cuadernos-declarara-jose-lopez-el-acusado-que-mas-compromete-a-cristina-kirchner\\\/\",\"name\":\"Causa Cuadernos: declarar\u00e1 Jos\u00e9 L\u00f3pez, el acusado que m\u00e1s compromete a Cristina Kirchner - Fm Gente\",\"isPartOf\":{\"@id\":\"https:\\\/\\\/fmgente.com.ar\\\/web\\\/#website\"},\"primaryImageOfPage\":{\"@id\":\"https:\\\/\\\/fmgente.com.ar\\\/web\\\/causa-cuadernos-declarara-jose-lopez-el-acusado-que-mas-compromete-a-cristina-kirchner\\\/#primaryimage\"},\"image\":{\"@id\":\"https:\\\/\\\/fmgente.com.ar\\\/web\\\/causa-cuadernos-declarara-jose-lopez-el-acusado-que-mas-compromete-a-cristina-kirchner\\\/#primaryimage\"},\"thumbnailUrl\":\"https:\\\/\\\/fmgente.com.ar\\\/web\\\/wp-content\\\/uploads\\\/2026\\\/04\\\/image-29.jpg\",\"datePublished\":\"2026-04-30T08:05:15+00:00\",\"inLanguage\":\"es\",\"potentialAction\":[{\"@type\":\"ReadAction\",\"target\":[\"https:\\\/\\\/fmgente.com.ar\\\/web\\\/causa-cuadernos-declarara-jose-lopez-el-acusado-que-mas-compromete-a-cristina-kirchner\\\/\"]}]},{\"@type\":\"ImageObject\",\"inLanguage\":\"es\",\"@id\":\"https:\\\/\\\/fmgente.com.ar\\\/web\\\/causa-cuadernos-declarara-jose-lopez-el-acusado-que-mas-compromete-a-cristina-kirchner\\\/#primaryimage\",\"url\":\"https:\\\/\\\/fmgente.com.ar\\\/web\\\/wp-content\\\/uploads\\\/2026\\\/04\\\/image-29.jpg\",\"contentUrl\":\"https:\\\/\\\/fmgente.com.ar\\\/web\\\/wp-content\\\/uploads\\\/2026\\\/04\\\/image-29.jpg\",\"width\":1024,\"height\":871},{\"@type\":\"WebSite\",\"@id\":\"https:\\\/\\\/fmgente.com.ar\\\/web\\\/#website\",\"url\":\"https:\\\/\\\/fmgente.com.ar\\\/web\\\/\",\"name\":\"Fm Gente\",\"description\":\"- Jes\u00fas Mar\u00eda\",\"publisher\":{\"@id\":\"https:\\\/\\\/fmgente.com.ar\\\/web\\\/#organization\"},\"potentialAction\":[{\"@type\":\"SearchAction\",\"target\":{\"@type\":\"EntryPoint\",\"urlTemplate\":\"https:\\\/\\\/fmgente.com.ar\\\/web\\\/?s={search_term_string}\"},\"query-input\":{\"@type\":\"PropertyValueSpecification\",\"valueRequired\":true,\"valueName\":\"search_term_string\"}}],\"inLanguage\":\"es\"},{\"@type\":\"Organization\",\"@id\":\"https:\\\/\\\/fmgente.com.ar\\\/web\\\/#organization\",\"name\":\"Fm Gente\",\"url\":\"https:\\\/\\\/fmgente.com.ar\\\/web\\\/\",\"logo\":{\"@type\":\"ImageObject\",\"inLanguage\":\"es\",\"@id\":\"https:\\\/\\\/fmgente.com.ar\\\/web\\\/#\\\/schema\\\/logo\\\/image\\\/\",\"url\":\"https:\\\/\\\/fmgente.com.ar\\\/web\\\/wp-content\\\/uploads\\\/2023\\\/07\\\/cropped-cropped-logo-sombra2.png\",\"contentUrl\":\"https:\\\/\\\/fmgente.com.ar\\\/web\\\/wp-content\\\/uploads\\\/2023\\\/07\\\/cropped-cropped-logo-sombra2.png\",\"width\":1782,\"height\":1782,\"caption\":\"Fm Gente\"},\"image\":{\"@id\":\"https:\\\/\\\/fmgente.com.ar\\\/web\\\/#\\\/schema\\\/logo\\\/image\\\/\"}}]}<\/script>\n<!-- \/ Yoast SEO plugin. -->","yoast_head_json":{"title":"Causa Cuadernos: declarar\u00e1 Jos\u00e9 L\u00f3pez, el acusado que m\u00e1s compromete a Cristina Kirchner - Fm Gente","robots":{"index":"index","follow":"follow","max-snippet":"max-snippet:-1","max-image-preview":"max-image-preview:large","max-video-preview":"max-video-preview:-1"},"canonical":"https:\/\/fmgente.com.ar\/web\/causa-cuadernos-declarara-jose-lopez-el-acusado-que-mas-compromete-a-cristina-kirchner\/","og_locale":"es_ES","og_type":"article","og_title":"Causa Cuadernos: declarar\u00e1 Jos\u00e9 L\u00f3pez, el acusado que m\u00e1s compromete a Cristina Kirchner - Fm Gente","og_description":"Buenos Aires, 29 abril (NA) \u2013 El ex secretario de Obras P\u00fablicas Jos\u00e9 L\u00f3pez deber\u00e1","og_url":"https:\/\/fmgente.com.ar\/web\/causa-cuadernos-declarara-jose-lopez-el-acusado-que-mas-compromete-a-cristina-kirchner\/","og_site_name":"Fm Gente","article_published_time":"2026-04-30T08:05:15+00:00","twitter_card":"summary_large_image","twitter_misc":{"Tiempo de lectura":"1 minuto"},"schema":{"@context":"https:\/\/schema.org","@graph":[{"@type":"Article","@id":"https:\/\/fmgente.com.ar\/web\/causa-cuadernos-declarara-jose-lopez-el-acusado-que-mas-compromete-a-cristina-kirchner\/#article","isPartOf":{"@id":"https:\/\/fmgente.com.ar\/web\/causa-cuadernos-declarara-jose-lopez-el-acusado-que-mas-compromete-a-cristina-kirchner\/"},"author":{"name":"","@id":""},"headline":"Causa Cuadernos: declarar\u00e1 Jos\u00e9 L\u00f3pez, el acusado que m\u00e1s compromete a Cristina Kirchner","datePublished":"2026-04-30T08:05:15+00:00","mainEntityOfPage":{"@id":"https:\/\/fmgente.com.ar\/web\/causa-cuadernos-declarara-jose-lopez-el-acusado-que-mas-compromete-a-cristina-kirchner\/"},"wordCount":314,"publisher":{"@id":"https:\/\/fmgente.com.ar\/web\/#organization"},"image":{"@id":"https:\/\/fmgente.com.ar\/web\/causa-cuadernos-declarara-jose-lopez-el-acusado-que-mas-compromete-a-cristina-kirchner\/#primaryimage"},"thumbnailUrl":"https:\/\/fmgente.com.ar\/web\/wp-content\/uploads\/2026\/04\/image-29.jpg","articleSection":["REGIONALES"],"inLanguage":"es"},{"@type":"WebPage","@id":"https:\/\/fmgente.com.ar\/web\/causa-cuadernos-declarara-jose-lopez-el-acusado-que-mas-compromete-a-cristina-kirchner\/","url":"https:\/\/fmgente.com.ar\/web\/causa-cuadernos-declarara-jose-lopez-el-acusado-que-mas-compromete-a-cristina-kirchner\/","name":"Causa Cuadernos: declarar\u00e1 Jos\u00e9 L\u00f3pez, el acusado que m\u00e1s compromete a Cristina Kirchner - Fm Gente","isPartOf":{"@id":"https:\/\/fmgente.com.ar\/web\/#website"},"primaryImageOfPage":{"@id":"https:\/\/fmgente.com.ar\/web\/causa-cuadernos-declarara-jose-lopez-el-acusado-que-mas-compromete-a-cristina-kirchner\/#primaryimage"},"image":{"@id":"https:\/\/fmgente.com.ar\/web\/causa-cuadernos-declarara-jose-lopez-el-acusado-que-mas-compromete-a-cristina-kirchner\/#primaryimage"},"thumbnailUrl":"https:\/\/fmgente.com.ar\/web\/wp-content\/uploads\/2026\/04\/image-29.jpg","datePublished":"2026-04-30T08:05:15+00:00","inLanguage":"es","potentialAction":[{"@type":"ReadAction","target":["https:\/\/fmgente.com.ar\/web\/causa-cuadernos-declarara-jose-lopez-el-acusado-que-mas-compromete-a-cristina-kirchner\/"]}]},{"@type":"ImageObject","inLanguage":"es","@id":"https:\/\/fmgente.com.ar\/web\/causa-cuadernos-declarara-jose-lopez-el-acusado-que-mas-compromete-a-cristina-kirchner\/#primaryimage","url":"https:\/\/fmgente.com.ar\/web\/wp-content\/uploads\/2026\/04\/image-29.jpg","contentUrl":"https:\/\/fmgente.com.ar\/web\/wp-content\/uploads\/2026\/04\/image-29.jpg","width":1024,"height":871},{"@type":"WebSite","@id":"https:\/\/fmgente.com.ar\/web\/#website","url":"https:\/\/fmgente.com.ar\/web\/","name":"Fm Gente","description":"- Jes\u00fas Mar\u00eda","publisher":{"@id":"https:\/\/fmgente.com.ar\/web\/#organization"},"potentialAction":[{"@type":"SearchAction","target":{"@type":"EntryPoint","urlTemplate":"https:\/\/fmgente.com.ar\/web\/?s={search_term_string}"},"query-input":{"@type":"PropertyValueSpecification","valueRequired":true,"valueName":"search_term_string"}}],"inLanguage":"es"},{"@type":"Organization","@id":"https:\/\/fmgente.com.ar\/web\/#organization","name":"Fm Gente","url":"https:\/\/fmgente.com.ar\/web\/","logo":{"@type":"ImageObject","inLanguage":"es","@id":"https:\/\/fmgente.com.ar\/web\/#\/schema\/logo\/image\/","url":"https:\/\/fmgente.com.ar\/web\/wp-content\/uploads\/2023\/07\/cropped-cropped-logo-sombra2.png","contentUrl":"https:\/\/fmgente.com.ar\/web\/wp-content\/uploads\/2023\/07\/cropped-cropped-logo-sombra2.png","width":1782,"height":1782,"caption":"Fm Gente"},"image":{"@id":"https:\/\/fmgente.com.ar\/web\/#\/schema\/logo\/image\/"}}]}},"_links":{"self":[{"href":"https:\/\/fmgente.com.ar\/web\/wp-json\/wp\/v2\/posts\/21201","targetHints":{"allow":["GET"]}}],"collection":[{"href":"https:\/\/fmgente.com.ar\/web\/wp-json\/wp\/v2\/posts"}],"about":[{"href":"https:\/\/fmgente.com.ar\/web\/wp-json\/wp\/v2\/types\/post"}],"replies":[{"embeddable":true,"href":"https:\/\/fmgente.com.ar\/web\/wp-json\/wp\/v2\/comments?post=21201"}],"version-history":[{"count":0,"href":"https:\/\/fmgente.com.ar\/web\/wp-json\/wp\/v2\/posts\/21201\/revisions"}],"wp:featuredmedia":[{"embeddable":true,"href":"https:\/\/fmgente.com.ar\/web\/wp-json\/wp\/v2\/media\/21202"}],"wp:attachment":[{"href":"https:\/\/fmgente.com.ar\/web\/wp-json\/wp\/v2\/media?parent=21201"}],"wp:term":[{"taxonomy":"category","embeddable":true,"href":"https:\/\/fmgente.com.ar\/web\/wp-json\/wp\/v2\/categories?post=21201"},{"taxonomy":"post_tag","embeddable":true,"href":"https:\/\/fmgente.com.ar\/web\/wp-json\/wp\/v2\/tags?post=21201"}],"curies":[{"name":"wp","href":"https:\/\/api.w.org\/{rel}","templated":true}]}}