{"id":21199,"date":"2026-04-30T05:05:14","date_gmt":"2026-04-30T08:05:14","guid":{"rendered":"https:\/\/fmgente.com.ar\/web\/caso-maradona-veronica-ojeda-retomara-su-testimonio-y-exhibiria-un-audio-de-la-reunion-en-la-clinica-olivos\/"},"modified":"2026-04-30T05:05:14","modified_gmt":"2026-04-30T08:05:14","slug":"caso-maradona-veronica-ojeda-retomara-su-testimonio-y-exhibiria-un-audio-de-la-reunion-en-la-clinica-olivos","status":"publish","type":"post","link":"https:\/\/fmgente.com.ar\/web\/caso-maradona-veronica-ojeda-retomara-su-testimonio-y-exhibiria-un-audio-de-la-reunion-en-la-clinica-olivos\/","title":{"rendered":"Caso Maradona: Ver\u00f3nica Ojeda retomar\u00e1 su testimonio y exhibir\u00eda un audio de la reuni\u00f3n en la Cl\u00ednica Olivos"},"content":{"rendered":"<p>Buenos Aires, 28 abril (NA) \u2013 Ver\u00f3nica Ojeda retomar\u00e1 este jueves su testimonio en el juicio por la muerte de Diego Armando Maradona y exhibir\u00eda un nuevo audio de la reuni\u00f3n realizada en la Cl\u00ednica Olivos.<\/p>\n<p>Fuentes judiciales informaron a la Agencia Noticias Argentinas que la madre de Dieguito Fernando, el hijo menor del astro argentino, continuar\u00e1 con su declaraci\u00f3n luego de que la \u00faltima audiencia se suspendiera por problemas t\u00e9cnicos en los micr\u00f3fonos.<\/p>\n<p>Ojeda propuso a los jueces Alberto Gaig, Alberto Ortolani y Pablo Rol\u00f3n incorporar al expediente material del encuentro llevado a cabo en el sanatorio de Vicente L\u00f3pez, donde se determin\u00f3 la internaci\u00f3n domiciliaria del paciente en el barrio cerrado San Andr\u00e9s, partido de Tigre.<\/p>\n<p>Los magistrados aceptaron la prueba y analizar\u00e1n si se reproduce en la pr\u00f3xima jornada para compararla con el primer audio que grab\u00f3 y present\u00f3 Rodolfo Benvenuti, m\u00e9dico allegado al abogado V\u00edctor Stinfale.<\/p>\n<p>El otro testigo que concurrir\u00e1 a los Tribunales de San Isidro es Collin Campbell, el m\u00e9dico vecino que fue la primera persona en asistir a Diego cuando se descompens\u00f3 el 25 de noviembre de 2020 en la localidad de Benav\u00eddez.<\/p>\n<p>Por otra parte, el psic\u00f3logo Carlos D\u00edaz, uno de los siete acusados por el supuesto homicidio simple con dolo eventual de Diego, pedir\u00eda la palabra luego de no poder comparecer este martes.<\/p>\n<p>Los otros seis imputados son el neurocirujano y ex m\u00e9dico personal de Maradona, Leopoldo Luque; la psiquiatra Agustina Cosachov; el m\u00e9dico cl\u00ednico Pedro Di Spagna; la jefa de cuidados domiciliarios de Swiss Medical, Nancy Forlini; el enfermero Ricardo Almir\u00f3n; y el coordinador Mariano Perroni.<\/p>\n<p>La enfermera Dahiana Madrid es la \u00fanica sindicada que afrontar\u00e1 un juicio por jurado popular, una vez que finalice el debate principal.<\/p>\n<p>#AgenciaNA<\/p>\n","protected":false},"excerpt":{"rendered":"<p>Buenos Aires, 28 abril (NA) \u2013 Ver\u00f3nica Ojeda retomar\u00e1 este jueves su testimonio en el<\/p>\n","protected":false},"author":0,"featured_media":21200,"comment_status":"","ping_status":"","sticky":false,"template":"","format":"standard","meta":{"footnotes":""},"categories":[1],"tags":[],"class_list":["post-21199","post","type-post","status-publish","format-standard","has-post-thumbnail","hentry","category-regionales"],"yoast_head":"<!-- This site is optimized with the Yoast SEO plugin v27.5 - https:\/\/yoast.com\/product\/yoast-seo-wordpress\/ -->\n<title>Caso Maradona: Ver\u00f3nica Ojeda retomar\u00e1 su testimonio y exhibir\u00eda un audio de la reuni\u00f3n en la Cl\u00ednica Olivos - Fm Gente<\/title>\n<meta name=\"robots\" content=\"index, follow, max-snippet:-1, max-image-preview:large, max-video-preview:-1\" \/>\n<link rel=\"canonical\" href=\"https:\/\/fmgente.com.ar\/web\/caso-maradona-veronica-ojeda-retomara-su-testimonio-y-exhibiria-un-audio-de-la-reunion-en-la-clinica-olivos\/\" \/>\n<meta property=\"og:locale\" content=\"es_ES\" \/>\n<meta property=\"og:type\" content=\"article\" \/>\n<meta property=\"og:title\" content=\"Caso Maradona: Ver\u00f3nica Ojeda retomar\u00e1 su testimonio y exhibir\u00eda un audio de la reuni\u00f3n en la Cl\u00ednica Olivos - Fm Gente\" \/>\n<meta property=\"og:description\" content=\"Buenos Aires, 28 abril (NA) \u2013 Ver\u00f3nica Ojeda retomar\u00e1 este jueves su testimonio en el\" \/>\n<meta property=\"og:url\" content=\"https:\/\/fmgente.com.ar\/web\/caso-maradona-veronica-ojeda-retomara-su-testimonio-y-exhibiria-un-audio-de-la-reunion-en-la-clinica-olivos\/\" \/>\n<meta property=\"og:site_name\" content=\"Fm Gente\" \/>\n<meta property=\"article:published_time\" content=\"2026-04-30T08:05:14+00:00\" \/>\n<meta name=\"twitter:card\" content=\"summary_large_image\" \/>\n<meta name=\"twitter:label1\" content=\"Tiempo de lectura\" \/>\n\t<meta name=\"twitter:data1\" content=\"2 minutos\" \/>\n<script type=\"application\/ld+json\" class=\"yoast-schema-graph\">{\"@context\":\"https:\\\/\\\/schema.org\",\"@graph\":[{\"@type\":\"Article\",\"@id\":\"https:\\\/\\\/fmgente.com.ar\\\/web\\\/caso-maradona-veronica-ojeda-retomara-su-testimonio-y-exhibiria-un-audio-de-la-reunion-en-la-clinica-olivos\\\/#article\",\"isPartOf\":{\"@id\":\"https:\\\/\\\/fmgente.com.ar\\\/web\\\/caso-maradona-veronica-ojeda-retomara-su-testimonio-y-exhibiria-un-audio-de-la-reunion-en-la-clinica-olivos\\\/\"},\"author\":{\"name\":\"\",\"@id\":\"\"},\"headline\":\"Caso Maradona: Ver\u00f3nica Ojeda retomar\u00e1 su testimonio y exhibir\u00eda un audio de la reuni\u00f3n en la Cl\u00ednica Olivos\",\"datePublished\":\"2026-04-30T08:05:14+00:00\",\"mainEntityOfPage\":{\"@id\":\"https:\\\/\\\/fmgente.com.ar\\\/web\\\/caso-maradona-veronica-ojeda-retomara-su-testimonio-y-exhibiria-un-audio-de-la-reunion-en-la-clinica-olivos\\\/\"},\"wordCount\":331,\"publisher\":{\"@id\":\"https:\\\/\\\/fmgente.com.ar\\\/web\\\/#organization\"},\"image\":{\"@id\":\"https:\\\/\\\/fmgente.com.ar\\\/web\\\/caso-maradona-veronica-ojeda-retomara-su-testimonio-y-exhibiria-un-audio-de-la-reunion-en-la-clinica-olivos\\\/#primaryimage\"},\"thumbnailUrl\":\"https:\\\/\\\/fmgente.com.ar\\\/web\\\/wp-content\\\/uploads\\\/2026\\\/04\\\/720-1466.jpeg\",\"articleSection\":[\"REGIONALES\"],\"inLanguage\":\"es\"},{\"@type\":\"WebPage\",\"@id\":\"https:\\\/\\\/fmgente.com.ar\\\/web\\\/caso-maradona-veronica-ojeda-retomara-su-testimonio-y-exhibiria-un-audio-de-la-reunion-en-la-clinica-olivos\\\/\",\"url\":\"https:\\\/\\\/fmgente.com.ar\\\/web\\\/caso-maradona-veronica-ojeda-retomara-su-testimonio-y-exhibiria-un-audio-de-la-reunion-en-la-clinica-olivos\\\/\",\"name\":\"Caso Maradona: Ver\u00f3nica Ojeda retomar\u00e1 su testimonio y exhibir\u00eda un audio de la reuni\u00f3n en la Cl\u00ednica Olivos - Fm Gente\",\"isPartOf\":{\"@id\":\"https:\\\/\\\/fmgente.com.ar\\\/web\\\/#website\"},\"primaryImageOfPage\":{\"@id\":\"https:\\\/\\\/fmgente.com.ar\\\/web\\\/caso-maradona-veronica-ojeda-retomara-su-testimonio-y-exhibiria-un-audio-de-la-reunion-en-la-clinica-olivos\\\/#primaryimage\"},\"image\":{\"@id\":\"https:\\\/\\\/fmgente.com.ar\\\/web\\\/caso-maradona-veronica-ojeda-retomara-su-testimonio-y-exhibiria-un-audio-de-la-reunion-en-la-clinica-olivos\\\/#primaryimage\"},\"thumbnailUrl\":\"https:\\\/\\\/fmgente.com.ar\\\/web\\\/wp-content\\\/uploads\\\/2026\\\/04\\\/720-1466.jpeg\",\"datePublished\":\"2026-04-30T08:05:14+00:00\",\"inLanguage\":\"es\",\"potentialAction\":[{\"@type\":\"ReadAction\",\"target\":[\"https:\\\/\\\/fmgente.com.ar\\\/web\\\/caso-maradona-veronica-ojeda-retomara-su-testimonio-y-exhibiria-un-audio-de-la-reunion-en-la-clinica-olivos\\\/\"]}]},{\"@type\":\"ImageObject\",\"inLanguage\":\"es\",\"@id\":\"https:\\\/\\\/fmgente.com.ar\\\/web\\\/caso-maradona-veronica-ojeda-retomara-su-testimonio-y-exhibiria-un-audio-de-la-reunion-en-la-clinica-olivos\\\/#primaryimage\",\"url\":\"https:\\\/\\\/fmgente.com.ar\\\/web\\\/wp-content\\\/uploads\\\/2026\\\/04\\\/720-1466.jpeg\",\"contentUrl\":\"https:\\\/\\\/fmgente.com.ar\\\/web\\\/wp-content\\\/uploads\\\/2026\\\/04\\\/720-1466.jpeg\",\"width\":986,\"height\":720},{\"@type\":\"WebSite\",\"@id\":\"https:\\\/\\\/fmgente.com.ar\\\/web\\\/#website\",\"url\":\"https:\\\/\\\/fmgente.com.ar\\\/web\\\/\",\"name\":\"Fm Gente\",\"description\":\"- Jes\u00fas Mar\u00eda\",\"publisher\":{\"@id\":\"https:\\\/\\\/fmgente.com.ar\\\/web\\\/#organization\"},\"potentialAction\":[{\"@type\":\"SearchAction\",\"target\":{\"@type\":\"EntryPoint\",\"urlTemplate\":\"https:\\\/\\\/fmgente.com.ar\\\/web\\\/?s={search_term_string}\"},\"query-input\":{\"@type\":\"PropertyValueSpecification\",\"valueRequired\":true,\"valueName\":\"search_term_string\"}}],\"inLanguage\":\"es\"},{\"@type\":\"Organization\",\"@id\":\"https:\\\/\\\/fmgente.com.ar\\\/web\\\/#organization\",\"name\":\"Fm Gente\",\"url\":\"https:\\\/\\\/fmgente.com.ar\\\/web\\\/\",\"logo\":{\"@type\":\"ImageObject\",\"inLanguage\":\"es\",\"@id\":\"https:\\\/\\\/fmgente.com.ar\\\/web\\\/#\\\/schema\\\/logo\\\/image\\\/\",\"url\":\"https:\\\/\\\/fmgente.com.ar\\\/web\\\/wp-content\\\/uploads\\\/2023\\\/07\\\/cropped-cropped-logo-sombra2.png\",\"contentUrl\":\"https:\\\/\\\/fmgente.com.ar\\\/web\\\/wp-content\\\/uploads\\\/2023\\\/07\\\/cropped-cropped-logo-sombra2.png\",\"width\":1782,\"height\":1782,\"caption\":\"Fm Gente\"},\"image\":{\"@id\":\"https:\\\/\\\/fmgente.com.ar\\\/web\\\/#\\\/schema\\\/logo\\\/image\\\/\"}}]}<\/script>\n<!-- \/ Yoast SEO plugin. -->","yoast_head_json":{"title":"Caso Maradona: Ver\u00f3nica Ojeda retomar\u00e1 su testimonio y exhibir\u00eda un audio de la reuni\u00f3n en la Cl\u00ednica Olivos - Fm Gente","robots":{"index":"index","follow":"follow","max-snippet":"max-snippet:-1","max-image-preview":"max-image-preview:large","max-video-preview":"max-video-preview:-1"},"canonical":"https:\/\/fmgente.com.ar\/web\/caso-maradona-veronica-ojeda-retomara-su-testimonio-y-exhibiria-un-audio-de-la-reunion-en-la-clinica-olivos\/","og_locale":"es_ES","og_type":"article","og_title":"Caso Maradona: Ver\u00f3nica Ojeda retomar\u00e1 su testimonio y exhibir\u00eda un audio de la reuni\u00f3n en la Cl\u00ednica Olivos - Fm Gente","og_description":"Buenos Aires, 28 abril (NA) \u2013 Ver\u00f3nica Ojeda retomar\u00e1 este jueves su testimonio en el","og_url":"https:\/\/fmgente.com.ar\/web\/caso-maradona-veronica-ojeda-retomara-su-testimonio-y-exhibiria-un-audio-de-la-reunion-en-la-clinica-olivos\/","og_site_name":"Fm Gente","article_published_time":"2026-04-30T08:05:14+00:00","twitter_card":"summary_large_image","twitter_misc":{"Tiempo de lectura":"2 minutos"},"schema":{"@context":"https:\/\/schema.org","@graph":[{"@type":"Article","@id":"https:\/\/fmgente.com.ar\/web\/caso-maradona-veronica-ojeda-retomara-su-testimonio-y-exhibiria-un-audio-de-la-reunion-en-la-clinica-olivos\/#article","isPartOf":{"@id":"https:\/\/fmgente.com.ar\/web\/caso-maradona-veronica-ojeda-retomara-su-testimonio-y-exhibiria-un-audio-de-la-reunion-en-la-clinica-olivos\/"},"author":{"name":"","@id":""},"headline":"Caso Maradona: Ver\u00f3nica Ojeda retomar\u00e1 su testimonio y exhibir\u00eda un audio de la reuni\u00f3n en la Cl\u00ednica Olivos","datePublished":"2026-04-30T08:05:14+00:00","mainEntityOfPage":{"@id":"https:\/\/fmgente.com.ar\/web\/caso-maradona-veronica-ojeda-retomara-su-testimonio-y-exhibiria-un-audio-de-la-reunion-en-la-clinica-olivos\/"},"wordCount":331,"publisher":{"@id":"https:\/\/fmgente.com.ar\/web\/#organization"},"image":{"@id":"https:\/\/fmgente.com.ar\/web\/caso-maradona-veronica-ojeda-retomara-su-testimonio-y-exhibiria-un-audio-de-la-reunion-en-la-clinica-olivos\/#primaryimage"},"thumbnailUrl":"https:\/\/fmgente.com.ar\/web\/wp-content\/uploads\/2026\/04\/720-1466.jpeg","articleSection":["REGIONALES"],"inLanguage":"es"},{"@type":"WebPage","@id":"https:\/\/fmgente.com.ar\/web\/caso-maradona-veronica-ojeda-retomara-su-testimonio-y-exhibiria-un-audio-de-la-reunion-en-la-clinica-olivos\/","url":"https:\/\/fmgente.com.ar\/web\/caso-maradona-veronica-ojeda-retomara-su-testimonio-y-exhibiria-un-audio-de-la-reunion-en-la-clinica-olivos\/","name":"Caso Maradona: Ver\u00f3nica Ojeda retomar\u00e1 su testimonio y exhibir\u00eda un audio de la reuni\u00f3n en la Cl\u00ednica Olivos - Fm Gente","isPartOf":{"@id":"https:\/\/fmgente.com.ar\/web\/#website"},"primaryImageOfPage":{"@id":"https:\/\/fmgente.com.ar\/web\/caso-maradona-veronica-ojeda-retomara-su-testimonio-y-exhibiria-un-audio-de-la-reunion-en-la-clinica-olivos\/#primaryimage"},"image":{"@id":"https:\/\/fmgente.com.ar\/web\/caso-maradona-veronica-ojeda-retomara-su-testimonio-y-exhibiria-un-audio-de-la-reunion-en-la-clinica-olivos\/#primaryimage"},"thumbnailUrl":"https:\/\/fmgente.com.ar\/web\/wp-content\/uploads\/2026\/04\/720-1466.jpeg","datePublished":"2026-04-30T08:05:14+00:00","inLanguage":"es","potentialAction":[{"@type":"ReadAction","target":["https:\/\/fmgente.com.ar\/web\/caso-maradona-veronica-ojeda-retomara-su-testimonio-y-exhibiria-un-audio-de-la-reunion-en-la-clinica-olivos\/"]}]},{"@type":"ImageObject","inLanguage":"es","@id":"https:\/\/fmgente.com.ar\/web\/caso-maradona-veronica-ojeda-retomara-su-testimonio-y-exhibiria-un-audio-de-la-reunion-en-la-clinica-olivos\/#primaryimage","url":"https:\/\/fmgente.com.ar\/web\/wp-content\/uploads\/2026\/04\/720-1466.jpeg","contentUrl":"https:\/\/fmgente.com.ar\/web\/wp-content\/uploads\/2026\/04\/720-1466.jpeg","width":986,"height":720},{"@type":"WebSite","@id":"https:\/\/fmgente.com.ar\/web\/#website","url":"https:\/\/fmgente.com.ar\/web\/","name":"Fm Gente","description":"- Jes\u00fas Mar\u00eda","publisher":{"@id":"https:\/\/fmgente.com.ar\/web\/#organization"},"potentialAction":[{"@type":"SearchAction","target":{"@type":"EntryPoint","urlTemplate":"https:\/\/fmgente.com.ar\/web\/?s={search_term_string}"},"query-input":{"@type":"PropertyValueSpecification","valueRequired":true,"valueName":"search_term_string"}}],"inLanguage":"es"},{"@type":"Organization","@id":"https:\/\/fmgente.com.ar\/web\/#organization","name":"Fm Gente","url":"https:\/\/fmgente.com.ar\/web\/","logo":{"@type":"ImageObject","inLanguage":"es","@id":"https:\/\/fmgente.com.ar\/web\/#\/schema\/logo\/image\/","url":"https:\/\/fmgente.com.ar\/web\/wp-content\/uploads\/2023\/07\/cropped-cropped-logo-sombra2.png","contentUrl":"https:\/\/fmgente.com.ar\/web\/wp-content\/uploads\/2023\/07\/cropped-cropped-logo-sombra2.png","width":1782,"height":1782,"caption":"Fm Gente"},"image":{"@id":"https:\/\/fmgente.com.ar\/web\/#\/schema\/logo\/image\/"}}]}},"_links":{"self":[{"href":"https:\/\/fmgente.com.ar\/web\/wp-json\/wp\/v2\/posts\/21199","targetHints":{"allow":["GET"]}}],"collection":[{"href":"https:\/\/fmgente.com.ar\/web\/wp-json\/wp\/v2\/posts"}],"about":[{"href":"https:\/\/fmgente.com.ar\/web\/wp-json\/wp\/v2\/types\/post"}],"replies":[{"embeddable":true,"href":"https:\/\/fmgente.com.ar\/web\/wp-json\/wp\/v2\/comments?post=21199"}],"version-history":[{"count":0,"href":"https:\/\/fmgente.com.ar\/web\/wp-json\/wp\/v2\/posts\/21199\/revisions"}],"wp:featuredmedia":[{"embeddable":true,"href":"https:\/\/fmgente.com.ar\/web\/wp-json\/wp\/v2\/media\/21200"}],"wp:attachment":[{"href":"https:\/\/fmgente.com.ar\/web\/wp-json\/wp\/v2\/media?parent=21199"}],"wp:term":[{"taxonomy":"category","embeddable":true,"href":"https:\/\/fmgente.com.ar\/web\/wp-json\/wp\/v2\/categories?post=21199"},{"taxonomy":"post_tag","embeddable":true,"href":"https:\/\/fmgente.com.ar\/web\/wp-json\/wp\/v2\/tags?post=21199"}],"curies":[{"name":"wp","href":"https:\/\/api.w.org\/{rel}","templated":true}]}}