{"id":21187,"date":"2026-04-29T23:05:52","date_gmt":"2026-04-30T02:05:52","guid":{"rendered":"https:\/\/fmgente.com.ar\/web\/quien-es-maria-de-los-angeles-colinet-la-mujer-vinculada-al-caso-del-hijo-adoptado-por-nicole-minetti\/"},"modified":"2026-04-29T23:05:52","modified_gmt":"2026-04-30T02:05:52","slug":"quien-es-maria-de-los-angeles-colinet-la-mujer-vinculada-al-caso-del-hijo-adoptado-por-nicole-minetti","status":"publish","type":"post","link":"https:\/\/fmgente.com.ar\/web\/quien-es-maria-de-los-angeles-colinet-la-mujer-vinculada-al-caso-del-hijo-adoptado-por-nicole-minetti\/","title":{"rendered":"Qui\u00e9n es Mar\u00eda de los \u00c1ngeles Colinet, la mujer vinculada al caso del hijo adoptado por Nicole Minetti"},"content":{"rendered":"<p>Buenos Aires, 29 abril (NA) &#8212; Mar\u00eda de los \u00c1ngeles Colinet qued\u00f3 en el centro de la escena p\u00fablica luego de que medios uruguayos revelaran que es la madre biol\u00f3gica del ni\u00f1o adoptado por la ex pol\u00edtica italiana Nicole Minetti y el empresario Giuseppe Cipriani en Uruguay.<\/p>\n<p>El nombre de la mujer comenz\u00f3 a circular tras la repercusi\u00f3n internacional del caso, que actualmente genera controversia en Italia por el indulto otorgado a Minetti y las condiciones en las que se concret\u00f3 la adopci\u00f3n del menor.<\/p>\n<p>Seg\u00fan informaron medios uruguayos y pudo saber la Agencia Noticias Argentinas, Colinet contaba con antecedentes delictivos y era conocida en el ambiente policial por distintos episodios criminales registrados en suelo uruguayo. Adem\u00e1s, publicaciones locales la describieron como una figura vinculada a hechos de alta peligrosidad.<\/p>\n<p>La mujer, quien se encuentra desaparecida desde febrero, habr\u00eda perdido la tenencia del ni\u00f1o antes de que avanzara el proceso de adopci\u00f3n que termin\u00f3 beneficiando a Minetti y Cipriani.<\/p>\n<p>El caso tom\u00f3 dimensi\u00f3n internacional luego de que en Italia se iniciara una revisi\u00f3n sobre el perd\u00f3n judicial concedido a Nicole Minetti, quien hab\u00eda argumentado cuestiones humanitarias vinculadas al cuidado del menor adoptado. En ese contexto, comenzaron a surgir detalles sobre la historia familiar y el entorno biol\u00f3gico del ni\u00f1o.<\/p>\n<p>La adopci\u00f3n se realiz\u00f3 en Uruguay y qued\u00f3 bajo la lupa por presuntas irregularidades y cuestionamientos sobre el proceso judicial que permiti\u00f3 concretarla.<\/p>\n<p>De esta manera, la figura de Mar\u00eda de los \u00c1ngeles Colinet pas\u00f3 a formar parte de una trama judicial y medi\u00e1tica que involucra a empresarios, dirigentes italianos y un caso que hoy genera repercusi\u00f3n internacional.<\/p>\n<p>Por \u00faltimo, la abogada Yuria Troche, representante del menor durante el proceso judicial, afirm\u00f3 que la adopci\u00f3n se llev\u00f3 adelante respetando todos los procedimientos legales establecidos. En tanto, Nicole Minetti cuestion\u00f3 la exposici\u00f3n medi\u00e1tica del caso y pidi\u00f3 preservar la intimidad del ni\u00f1o, al considerar que la difusi\u00f3n p\u00fablica de la situaci\u00f3n result\u00f3 inapropiada.<\/p>\n<p>#AgenciaNA<\/p>\n","protected":false},"excerpt":{"rendered":"<p>Buenos Aires, 29 abril (NA) &#8212; Mar\u00eda de los \u00c1ngeles Colinet qued\u00f3 en el centro<\/p>\n","protected":false},"author":0,"featured_media":21188,"comment_status":"","ping_status":"","sticky":false,"template":"","format":"standard","meta":{"footnotes":""},"categories":[1],"tags":[],"class_list":["post-21187","post","type-post","status-publish","format-standard","has-post-thumbnail","hentry","category-regionales"],"yoast_head":"<!-- This site is optimized with the Yoast SEO plugin v27.4 - https:\/\/yoast.com\/product\/yoast-seo-wordpress\/ -->\n<title>Qui\u00e9n es Mar\u00eda de los \u00c1ngeles Colinet, la mujer vinculada al caso del hijo adoptado por Nicole Minetti - Fm Gente<\/title>\n<meta name=\"robots\" content=\"index, follow, max-snippet:-1, max-image-preview:large, max-video-preview:-1\" \/>\n<link rel=\"canonical\" href=\"https:\/\/fmgente.com.ar\/web\/quien-es-maria-de-los-angeles-colinet-la-mujer-vinculada-al-caso-del-hijo-adoptado-por-nicole-minetti\/\" \/>\n<meta property=\"og:locale\" content=\"es_ES\" \/>\n<meta property=\"og:type\" content=\"article\" \/>\n<meta property=\"og:title\" content=\"Qui\u00e9n es Mar\u00eda de los \u00c1ngeles Colinet, la mujer vinculada al caso del hijo adoptado por Nicole Minetti - Fm Gente\" \/>\n<meta property=\"og:description\" content=\"Buenos Aires, 29 abril (NA) &#8212; Mar\u00eda de los \u00c1ngeles Colinet qued\u00f3 en el centro\" \/>\n<meta property=\"og:url\" content=\"https:\/\/fmgente.com.ar\/web\/quien-es-maria-de-los-angeles-colinet-la-mujer-vinculada-al-caso-del-hijo-adoptado-por-nicole-minetti\/\" \/>\n<meta property=\"og:site_name\" content=\"Fm Gente\" \/>\n<meta property=\"article:published_time\" content=\"2026-04-30T02:05:52+00:00\" \/>\n<meta name=\"twitter:card\" content=\"summary_large_image\" \/>\n<meta name=\"twitter:label1\" content=\"Tiempo de lectura\" \/>\n\t<meta name=\"twitter:data1\" content=\"2 minutos\" \/>\n<script type=\"application\/ld+json\" class=\"yoast-schema-graph\">{\"@context\":\"https:\\\/\\\/schema.org\",\"@graph\":[{\"@type\":\"Article\",\"@id\":\"https:\\\/\\\/fmgente.com.ar\\\/web\\\/quien-es-maria-de-los-angeles-colinet-la-mujer-vinculada-al-caso-del-hijo-adoptado-por-nicole-minetti\\\/#article\",\"isPartOf\":{\"@id\":\"https:\\\/\\\/fmgente.com.ar\\\/web\\\/quien-es-maria-de-los-angeles-colinet-la-mujer-vinculada-al-caso-del-hijo-adoptado-por-nicole-minetti\\\/\"},\"author\":{\"name\":\"\",\"@id\":\"\"},\"headline\":\"Qui\u00e9n es Mar\u00eda de los \u00c1ngeles Colinet, la mujer vinculada al caso del hijo adoptado por Nicole Minetti\",\"datePublished\":\"2026-04-30T02:05:52+00:00\",\"mainEntityOfPage\":{\"@id\":\"https:\\\/\\\/fmgente.com.ar\\\/web\\\/quien-es-maria-de-los-angeles-colinet-la-mujer-vinculada-al-caso-del-hijo-adoptado-por-nicole-minetti\\\/\"},\"wordCount\":370,\"publisher\":{\"@id\":\"https:\\\/\\\/fmgente.com.ar\\\/web\\\/#organization\"},\"image\":{\"@id\":\"https:\\\/\\\/fmgente.com.ar\\\/web\\\/quien-es-maria-de-los-angeles-colinet-la-mujer-vinculada-al-caso-del-hijo-adoptado-por-nicole-minetti\\\/#primaryimage\"},\"thumbnailUrl\":\"https:\\\/\\\/fmgente.com.ar\\\/web\\\/wp-content\\\/uploads\\\/2026\\\/04\\\/720-1460.jpeg\",\"articleSection\":[\"REGIONALES\"],\"inLanguage\":\"es\"},{\"@type\":\"WebPage\",\"@id\":\"https:\\\/\\\/fmgente.com.ar\\\/web\\\/quien-es-maria-de-los-angeles-colinet-la-mujer-vinculada-al-caso-del-hijo-adoptado-por-nicole-minetti\\\/\",\"url\":\"https:\\\/\\\/fmgente.com.ar\\\/web\\\/quien-es-maria-de-los-angeles-colinet-la-mujer-vinculada-al-caso-del-hijo-adoptado-por-nicole-minetti\\\/\",\"name\":\"Qui\u00e9n es Mar\u00eda de los \u00c1ngeles Colinet, la mujer vinculada al caso del hijo adoptado por Nicole Minetti - Fm Gente\",\"isPartOf\":{\"@id\":\"https:\\\/\\\/fmgente.com.ar\\\/web\\\/#website\"},\"primaryImageOfPage\":{\"@id\":\"https:\\\/\\\/fmgente.com.ar\\\/web\\\/quien-es-maria-de-los-angeles-colinet-la-mujer-vinculada-al-caso-del-hijo-adoptado-por-nicole-minetti\\\/#primaryimage\"},\"image\":{\"@id\":\"https:\\\/\\\/fmgente.com.ar\\\/web\\\/quien-es-maria-de-los-angeles-colinet-la-mujer-vinculada-al-caso-del-hijo-adoptado-por-nicole-minetti\\\/#primaryimage\"},\"thumbnailUrl\":\"https:\\\/\\\/fmgente.com.ar\\\/web\\\/wp-content\\\/uploads\\\/2026\\\/04\\\/720-1460.jpeg\",\"datePublished\":\"2026-04-30T02:05:52+00:00\",\"inLanguage\":\"es\",\"potentialAction\":[{\"@type\":\"ReadAction\",\"target\":[\"https:\\\/\\\/fmgente.com.ar\\\/web\\\/quien-es-maria-de-los-angeles-colinet-la-mujer-vinculada-al-caso-del-hijo-adoptado-por-nicole-minetti\\\/\"]}]},{\"@type\":\"ImageObject\",\"inLanguage\":\"es\",\"@id\":\"https:\\\/\\\/fmgente.com.ar\\\/web\\\/quien-es-maria-de-los-angeles-colinet-la-mujer-vinculada-al-caso-del-hijo-adoptado-por-nicole-minetti\\\/#primaryimage\",\"url\":\"https:\\\/\\\/fmgente.com.ar\\\/web\\\/wp-content\\\/uploads\\\/2026\\\/04\\\/720-1460.jpeg\",\"contentUrl\":\"https:\\\/\\\/fmgente.com.ar\\\/web\\\/wp-content\\\/uploads\\\/2026\\\/04\\\/720-1460.jpeg\",\"width\":1080,\"height\":720},{\"@type\":\"WebSite\",\"@id\":\"https:\\\/\\\/fmgente.com.ar\\\/web\\\/#website\",\"url\":\"https:\\\/\\\/fmgente.com.ar\\\/web\\\/\",\"name\":\"Fm Gente\",\"description\":\"- Jes\u00fas Mar\u00eda\",\"publisher\":{\"@id\":\"https:\\\/\\\/fmgente.com.ar\\\/web\\\/#organization\"},\"potentialAction\":[{\"@type\":\"SearchAction\",\"target\":{\"@type\":\"EntryPoint\",\"urlTemplate\":\"https:\\\/\\\/fmgente.com.ar\\\/web\\\/?s={search_term_string}\"},\"query-input\":{\"@type\":\"PropertyValueSpecification\",\"valueRequired\":true,\"valueName\":\"search_term_string\"}}],\"inLanguage\":\"es\"},{\"@type\":\"Organization\",\"@id\":\"https:\\\/\\\/fmgente.com.ar\\\/web\\\/#organization\",\"name\":\"Fm Gente\",\"url\":\"https:\\\/\\\/fmgente.com.ar\\\/web\\\/\",\"logo\":{\"@type\":\"ImageObject\",\"inLanguage\":\"es\",\"@id\":\"https:\\\/\\\/fmgente.com.ar\\\/web\\\/#\\\/schema\\\/logo\\\/image\\\/\",\"url\":\"https:\\\/\\\/fmgente.com.ar\\\/web\\\/wp-content\\\/uploads\\\/2023\\\/07\\\/cropped-cropped-logo-sombra2.png\",\"contentUrl\":\"https:\\\/\\\/fmgente.com.ar\\\/web\\\/wp-content\\\/uploads\\\/2023\\\/07\\\/cropped-cropped-logo-sombra2.png\",\"width\":1782,\"height\":1782,\"caption\":\"Fm Gente\"},\"image\":{\"@id\":\"https:\\\/\\\/fmgente.com.ar\\\/web\\\/#\\\/schema\\\/logo\\\/image\\\/\"}}]}<\/script>\n<!-- \/ Yoast SEO plugin. -->","yoast_head_json":{"title":"Qui\u00e9n es Mar\u00eda de los \u00c1ngeles Colinet, la mujer vinculada al caso del hijo adoptado por Nicole Minetti - Fm Gente","robots":{"index":"index","follow":"follow","max-snippet":"max-snippet:-1","max-image-preview":"max-image-preview:large","max-video-preview":"max-video-preview:-1"},"canonical":"https:\/\/fmgente.com.ar\/web\/quien-es-maria-de-los-angeles-colinet-la-mujer-vinculada-al-caso-del-hijo-adoptado-por-nicole-minetti\/","og_locale":"es_ES","og_type":"article","og_title":"Qui\u00e9n es Mar\u00eda de los \u00c1ngeles Colinet, la mujer vinculada al caso del hijo adoptado por Nicole Minetti - Fm Gente","og_description":"Buenos Aires, 29 abril (NA) &#8212; Mar\u00eda de los \u00c1ngeles Colinet qued\u00f3 en el centro","og_url":"https:\/\/fmgente.com.ar\/web\/quien-es-maria-de-los-angeles-colinet-la-mujer-vinculada-al-caso-del-hijo-adoptado-por-nicole-minetti\/","og_site_name":"Fm Gente","article_published_time":"2026-04-30T02:05:52+00:00","twitter_card":"summary_large_image","twitter_misc":{"Tiempo de lectura":"2 minutos"},"schema":{"@context":"https:\/\/schema.org","@graph":[{"@type":"Article","@id":"https:\/\/fmgente.com.ar\/web\/quien-es-maria-de-los-angeles-colinet-la-mujer-vinculada-al-caso-del-hijo-adoptado-por-nicole-minetti\/#article","isPartOf":{"@id":"https:\/\/fmgente.com.ar\/web\/quien-es-maria-de-los-angeles-colinet-la-mujer-vinculada-al-caso-del-hijo-adoptado-por-nicole-minetti\/"},"author":{"name":"","@id":""},"headline":"Qui\u00e9n es Mar\u00eda de los \u00c1ngeles Colinet, la mujer vinculada al caso del hijo adoptado por Nicole Minetti","datePublished":"2026-04-30T02:05:52+00:00","mainEntityOfPage":{"@id":"https:\/\/fmgente.com.ar\/web\/quien-es-maria-de-los-angeles-colinet-la-mujer-vinculada-al-caso-del-hijo-adoptado-por-nicole-minetti\/"},"wordCount":370,"publisher":{"@id":"https:\/\/fmgente.com.ar\/web\/#organization"},"image":{"@id":"https:\/\/fmgente.com.ar\/web\/quien-es-maria-de-los-angeles-colinet-la-mujer-vinculada-al-caso-del-hijo-adoptado-por-nicole-minetti\/#primaryimage"},"thumbnailUrl":"https:\/\/fmgente.com.ar\/web\/wp-content\/uploads\/2026\/04\/720-1460.jpeg","articleSection":["REGIONALES"],"inLanguage":"es"},{"@type":"WebPage","@id":"https:\/\/fmgente.com.ar\/web\/quien-es-maria-de-los-angeles-colinet-la-mujer-vinculada-al-caso-del-hijo-adoptado-por-nicole-minetti\/","url":"https:\/\/fmgente.com.ar\/web\/quien-es-maria-de-los-angeles-colinet-la-mujer-vinculada-al-caso-del-hijo-adoptado-por-nicole-minetti\/","name":"Qui\u00e9n es Mar\u00eda de los \u00c1ngeles Colinet, la mujer vinculada al caso del hijo adoptado por Nicole Minetti - Fm Gente","isPartOf":{"@id":"https:\/\/fmgente.com.ar\/web\/#website"},"primaryImageOfPage":{"@id":"https:\/\/fmgente.com.ar\/web\/quien-es-maria-de-los-angeles-colinet-la-mujer-vinculada-al-caso-del-hijo-adoptado-por-nicole-minetti\/#primaryimage"},"image":{"@id":"https:\/\/fmgente.com.ar\/web\/quien-es-maria-de-los-angeles-colinet-la-mujer-vinculada-al-caso-del-hijo-adoptado-por-nicole-minetti\/#primaryimage"},"thumbnailUrl":"https:\/\/fmgente.com.ar\/web\/wp-content\/uploads\/2026\/04\/720-1460.jpeg","datePublished":"2026-04-30T02:05:52+00:00","inLanguage":"es","potentialAction":[{"@type":"ReadAction","target":["https:\/\/fmgente.com.ar\/web\/quien-es-maria-de-los-angeles-colinet-la-mujer-vinculada-al-caso-del-hijo-adoptado-por-nicole-minetti\/"]}]},{"@type":"ImageObject","inLanguage":"es","@id":"https:\/\/fmgente.com.ar\/web\/quien-es-maria-de-los-angeles-colinet-la-mujer-vinculada-al-caso-del-hijo-adoptado-por-nicole-minetti\/#primaryimage","url":"https:\/\/fmgente.com.ar\/web\/wp-content\/uploads\/2026\/04\/720-1460.jpeg","contentUrl":"https:\/\/fmgente.com.ar\/web\/wp-content\/uploads\/2026\/04\/720-1460.jpeg","width":1080,"height":720},{"@type":"WebSite","@id":"https:\/\/fmgente.com.ar\/web\/#website","url":"https:\/\/fmgente.com.ar\/web\/","name":"Fm Gente","description":"- Jes\u00fas Mar\u00eda","publisher":{"@id":"https:\/\/fmgente.com.ar\/web\/#organization"},"potentialAction":[{"@type":"SearchAction","target":{"@type":"EntryPoint","urlTemplate":"https:\/\/fmgente.com.ar\/web\/?s={search_term_string}"},"query-input":{"@type":"PropertyValueSpecification","valueRequired":true,"valueName":"search_term_string"}}],"inLanguage":"es"},{"@type":"Organization","@id":"https:\/\/fmgente.com.ar\/web\/#organization","name":"Fm Gente","url":"https:\/\/fmgente.com.ar\/web\/","logo":{"@type":"ImageObject","inLanguage":"es","@id":"https:\/\/fmgente.com.ar\/web\/#\/schema\/logo\/image\/","url":"https:\/\/fmgente.com.ar\/web\/wp-content\/uploads\/2023\/07\/cropped-cropped-logo-sombra2.png","contentUrl":"https:\/\/fmgente.com.ar\/web\/wp-content\/uploads\/2023\/07\/cropped-cropped-logo-sombra2.png","width":1782,"height":1782,"caption":"Fm Gente"},"image":{"@id":"https:\/\/fmgente.com.ar\/web\/#\/schema\/logo\/image\/"}}]}},"_links":{"self":[{"href":"https:\/\/fmgente.com.ar\/web\/wp-json\/wp\/v2\/posts\/21187","targetHints":{"allow":["GET"]}}],"collection":[{"href":"https:\/\/fmgente.com.ar\/web\/wp-json\/wp\/v2\/posts"}],"about":[{"href":"https:\/\/fmgente.com.ar\/web\/wp-json\/wp\/v2\/types\/post"}],"replies":[{"embeddable":true,"href":"https:\/\/fmgente.com.ar\/web\/wp-json\/wp\/v2\/comments?post=21187"}],"version-history":[{"count":0,"href":"https:\/\/fmgente.com.ar\/web\/wp-json\/wp\/v2\/posts\/21187\/revisions"}],"wp:featuredmedia":[{"embeddable":true,"href":"https:\/\/fmgente.com.ar\/web\/wp-json\/wp\/v2\/media\/21188"}],"wp:attachment":[{"href":"https:\/\/fmgente.com.ar\/web\/wp-json\/wp\/v2\/media?parent=21187"}],"wp:term":[{"taxonomy":"category","embeddable":true,"href":"https:\/\/fmgente.com.ar\/web\/wp-json\/wp\/v2\/categories?post=21187"},{"taxonomy":"post_tag","embeddable":true,"href":"https:\/\/fmgente.com.ar\/web\/wp-json\/wp\/v2\/tags?post=21187"}],"curies":[{"name":"wp","href":"https:\/\/api.w.org\/{rel}","templated":true}]}}