{"id":21185,"date":"2026-04-29T23:05:51","date_gmt":"2026-04-30T02:05:51","guid":{"rendered":"https:\/\/fmgente.com.ar\/web\/el-record-que-julian-alvarez-le-arrebato-a-messi-y-lo-ubico-como-uno-de-los-mejores-de-la-historia-argentina\/"},"modified":"2026-04-29T23:05:51","modified_gmt":"2026-04-30T02:05:51","slug":"el-record-que-julian-alvarez-le-arrebato-a-messi-y-lo-ubico-como-uno-de-los-mejores-de-la-historia-argentina","status":"publish","type":"post","link":"https:\/\/fmgente.com.ar\/web\/el-record-que-julian-alvarez-le-arrebato-a-messi-y-lo-ubico-como-uno-de-los-mejores-de-la-historia-argentina\/","title":{"rendered":"El r\u00e9cord que Juli\u00e1n \u00c1lvarez le arrebat\u00f3 a Messi y lo ubic\u00f3 como uno de los mejores de la historia argentina"},"content":{"rendered":"<p>Buenos Aires, 29 abril (NA) \u2013 El delantero argentino Juli\u00e1n \u00c1lvarez, actual atacante del Atl\u00e9tico de Madrid espa\u00f1ol, se convirti\u00f3 en el jugador nacional que necesit\u00f3 menos partidos para alcanzar los 25 goles en la UEFA Champions League.<\/p>\n<p>Seg\u00fan supo la Agencia Noticias Argentinas, el atacante convirti\u00f3 el \u00fanico gol del equipo espa\u00f1ol en el empate 1-1 ante el Arsenal de Inglaterra, por la ida de las semifinales del certamen europeo, para llegar a las 25 conquistas en 41 partidos.<\/p>\n<p>As\u00ed, \u00c1lvarez super\u00f3 al astro argentino Lionel Messi, que hab\u00eda necesitado 42 participaciones para llegar a la cifra mencionada, y se qued\u00f3 con el r\u00e9cord.<\/p>\n<p>Juli\u00e1n \u00c1lvarez, pieza fundamental en el ataque del equipo que dirige Diego \u201cCholo\u201d Simeone y de la Selecci\u00f3n argentina, contin\u00faa pulverizando r\u00e9cords y qued\u00f3 en la historia de la UEFA Champions League.<\/p>\n<p>Tras 41 partidos en la competencia, entre su anterior paso por el Manchester City ingl\u00e9s y su actualidad en el conjunto madrile\u00f1o, el jugador de 26 a\u00f1os, que tuvo que ser sustituido por una leve lesi\u00f3n, se convirti\u00f3 en el argentino que menos partidos tuvo que disputar para alcanzar los 25 goles.<\/p>\n<p>Habiendo debutado en la copa el 6 de septiembre de 2022, en el ataque del equipo que dirige Josep Guardiola, Juli\u00e1n marc\u00f3 su primer gol en la tercera fecha de la fase de grupos de aquella temporada, convirtiendo ante el Copenhague de Dinamarca.<\/p>\n<p>Adem\u00e1s, en esa temporada sum\u00f3 dos goles m\u00e1s, ante el Sevilla en fase de grupos y en la semifinal de vuelta frente al Real Madrid, en la que ser\u00eda la primera Champions ganada por el City.<\/p>\n<p>En la temporada 2023\/24, Juli\u00e1n tuvo menos lugar en el once inicial del equipo ingl\u00e9s, pero igualmente marc\u00f3 cinco goles: dos ante el Estrella Roja de Serbia, dos frente al Red Bull Leipzig en distintos partidos de la fase de grupos y uno ante el Copenhague, en un nuevo enfrentamiento, en los octavos de final.<\/p>\n<p>Llegada la temporada 2024\/25, el delantero argentino fue incorporado por el Atl\u00e9tico de Madrid y recuper\u00f3 su lugar como titular en uno de los equipos m\u00e1s grandes del mundo, en una Champions en la que convirti\u00f3 siete tantos, uno de ellos en los octavos de final ante el Real Madrid, en una serie que terminar\u00eda con la recordada tanda de penales en la que pate\u00f3 un penal accidentalmente con ambas piernas.<\/p>\n<p>En el curso actual, aunque no acumula una impactante racha goleadora en el torneo local, con ocho tantos, el cordob\u00e9s est\u00e1 siendo letal de cara a la red en la Champions League, en la que ya convirti\u00f3 10 goles.<\/p>\n<p>Tras superar la fase inicial con cuatro tantos, el Atl\u00e9tico tuvo que arrancar el cuadro eliminatorio en los 16avos y Juli\u00e1n marc\u00f3 seis goles desde entonces, convirtiendo en todas las series: uno ante el Brujas de B\u00e9lgica en la instancia mencionada, tres frente al Tottenham, uno contra el Barcelona en cuartos de final y uno en el partido de ida contra el Arsenal, en una semifinal que se definir\u00e1 el pr\u00f3ximo martes 5 de mayo a las 16:00 (horario argentino).<\/p>\n<p>#AgenciaNA<\/p>\n","protected":false},"excerpt":{"rendered":"<p>Buenos Aires, 29 abril (NA) \u2013 El delantero argentino Juli\u00e1n \u00c1lvarez, actual atacante del Atl\u00e9tico<\/p>\n","protected":false},"author":0,"featured_media":21186,"comment_status":"","ping_status":"","sticky":false,"template":"","format":"standard","meta":{"footnotes":""},"categories":[1],"tags":[],"class_list":["post-21185","post","type-post","status-publish","format-standard","has-post-thumbnail","hentry","category-regionales"],"yoast_head":"<!-- This site is optimized with the Yoast SEO plugin v27.4 - https:\/\/yoast.com\/product\/yoast-seo-wordpress\/ -->\n<title>El r\u00e9cord que Juli\u00e1n \u00c1lvarez le arrebat\u00f3 a Messi y lo ubic\u00f3 como uno de los mejores de la historia argentina - Fm Gente<\/title>\n<meta name=\"robots\" content=\"index, follow, max-snippet:-1, max-image-preview:large, max-video-preview:-1\" \/>\n<link rel=\"canonical\" href=\"https:\/\/fmgente.com.ar\/web\/el-record-que-julian-alvarez-le-arrebato-a-messi-y-lo-ubico-como-uno-de-los-mejores-de-la-historia-argentina\/\" \/>\n<meta property=\"og:locale\" content=\"es_ES\" \/>\n<meta property=\"og:type\" content=\"article\" \/>\n<meta property=\"og:title\" content=\"El r\u00e9cord que Juli\u00e1n \u00c1lvarez le arrebat\u00f3 a Messi y lo ubic\u00f3 como uno de los mejores de la historia argentina - Fm Gente\" \/>\n<meta property=\"og:description\" content=\"Buenos Aires, 29 abril (NA) \u2013 El delantero argentino Juli\u00e1n \u00c1lvarez, actual atacante del Atl\u00e9tico\" \/>\n<meta property=\"og:url\" content=\"https:\/\/fmgente.com.ar\/web\/el-record-que-julian-alvarez-le-arrebato-a-messi-y-lo-ubico-como-uno-de-los-mejores-de-la-historia-argentina\/\" \/>\n<meta property=\"og:site_name\" content=\"Fm Gente\" \/>\n<meta property=\"article:published_time\" content=\"2026-04-30T02:05:51+00:00\" \/>\n<meta name=\"twitter:card\" content=\"summary_large_image\" \/>\n<meta name=\"twitter:label1\" content=\"Tiempo de lectura\" \/>\n\t<meta name=\"twitter:data1\" content=\"3 minutos\" \/>\n<script type=\"application\/ld+json\" class=\"yoast-schema-graph\">{\"@context\":\"https:\\\/\\\/schema.org\",\"@graph\":[{\"@type\":\"Article\",\"@id\":\"https:\\\/\\\/fmgente.com.ar\\\/web\\\/el-record-que-julian-alvarez-le-arrebato-a-messi-y-lo-ubico-como-uno-de-los-mejores-de-la-historia-argentina\\\/#article\",\"isPartOf\":{\"@id\":\"https:\\\/\\\/fmgente.com.ar\\\/web\\\/el-record-que-julian-alvarez-le-arrebato-a-messi-y-lo-ubico-como-uno-de-los-mejores-de-la-historia-argentina\\\/\"},\"author\":{\"name\":\"\",\"@id\":\"\"},\"headline\":\"El r\u00e9cord que Juli\u00e1n \u00c1lvarez le arrebat\u00f3 a Messi y lo ubic\u00f3 como uno de los mejores de la historia argentina\",\"datePublished\":\"2026-04-30T02:05:51+00:00\",\"mainEntityOfPage\":{\"@id\":\"https:\\\/\\\/fmgente.com.ar\\\/web\\\/el-record-que-julian-alvarez-le-arrebato-a-messi-y-lo-ubico-como-uno-de-los-mejores-de-la-historia-argentina\\\/\"},\"wordCount\":550,\"publisher\":{\"@id\":\"https:\\\/\\\/fmgente.com.ar\\\/web\\\/#organization\"},\"image\":{\"@id\":\"https:\\\/\\\/fmgente.com.ar\\\/web\\\/el-record-que-julian-alvarez-le-arrebato-a-messi-y-lo-ubico-como-uno-de-los-mejores-de-la-historia-argentina\\\/#primaryimage\"},\"thumbnailUrl\":\"https:\\\/\\\/fmgente.com.ar\\\/web\\\/wp-content\\\/uploads\\\/2026\\\/04\\\/720-1459.jpeg\",\"articleSection\":[\"REGIONALES\"],\"inLanguage\":\"es\"},{\"@type\":\"WebPage\",\"@id\":\"https:\\\/\\\/fmgente.com.ar\\\/web\\\/el-record-que-julian-alvarez-le-arrebato-a-messi-y-lo-ubico-como-uno-de-los-mejores-de-la-historia-argentina\\\/\",\"url\":\"https:\\\/\\\/fmgente.com.ar\\\/web\\\/el-record-que-julian-alvarez-le-arrebato-a-messi-y-lo-ubico-como-uno-de-los-mejores-de-la-historia-argentina\\\/\",\"name\":\"El r\u00e9cord que Juli\u00e1n \u00c1lvarez le arrebat\u00f3 a Messi y lo ubic\u00f3 como uno de los mejores de la historia argentina - Fm Gente\",\"isPartOf\":{\"@id\":\"https:\\\/\\\/fmgente.com.ar\\\/web\\\/#website\"},\"primaryImageOfPage\":{\"@id\":\"https:\\\/\\\/fmgente.com.ar\\\/web\\\/el-record-que-julian-alvarez-le-arrebato-a-messi-y-lo-ubico-como-uno-de-los-mejores-de-la-historia-argentina\\\/#primaryimage\"},\"image\":{\"@id\":\"https:\\\/\\\/fmgente.com.ar\\\/web\\\/el-record-que-julian-alvarez-le-arrebato-a-messi-y-lo-ubico-como-uno-de-los-mejores-de-la-historia-argentina\\\/#primaryimage\"},\"thumbnailUrl\":\"https:\\\/\\\/fmgente.com.ar\\\/web\\\/wp-content\\\/uploads\\\/2026\\\/04\\\/720-1459.jpeg\",\"datePublished\":\"2026-04-30T02:05:51+00:00\",\"inLanguage\":\"es\",\"potentialAction\":[{\"@type\":\"ReadAction\",\"target\":[\"https:\\\/\\\/fmgente.com.ar\\\/web\\\/el-record-que-julian-alvarez-le-arrebato-a-messi-y-lo-ubico-como-uno-de-los-mejores-de-la-historia-argentina\\\/\"]}]},{\"@type\":\"ImageObject\",\"inLanguage\":\"es\",\"@id\":\"https:\\\/\\\/fmgente.com.ar\\\/web\\\/el-record-que-julian-alvarez-le-arrebato-a-messi-y-lo-ubico-como-uno-de-los-mejores-de-la-historia-argentina\\\/#primaryimage\",\"url\":\"https:\\\/\\\/fmgente.com.ar\\\/web\\\/wp-content\\\/uploads\\\/2026\\\/04\\\/720-1459.jpeg\",\"contentUrl\":\"https:\\\/\\\/fmgente.com.ar\\\/web\\\/wp-content\\\/uploads\\\/2026\\\/04\\\/720-1459.jpeg\",\"width\":576,\"height\":720},{\"@type\":\"WebSite\",\"@id\":\"https:\\\/\\\/fmgente.com.ar\\\/web\\\/#website\",\"url\":\"https:\\\/\\\/fmgente.com.ar\\\/web\\\/\",\"name\":\"Fm Gente\",\"description\":\"- Jes\u00fas Mar\u00eda\",\"publisher\":{\"@id\":\"https:\\\/\\\/fmgente.com.ar\\\/web\\\/#organization\"},\"potentialAction\":[{\"@type\":\"SearchAction\",\"target\":{\"@type\":\"EntryPoint\",\"urlTemplate\":\"https:\\\/\\\/fmgente.com.ar\\\/web\\\/?s={search_term_string}\"},\"query-input\":{\"@type\":\"PropertyValueSpecification\",\"valueRequired\":true,\"valueName\":\"search_term_string\"}}],\"inLanguage\":\"es\"},{\"@type\":\"Organization\",\"@id\":\"https:\\\/\\\/fmgente.com.ar\\\/web\\\/#organization\",\"name\":\"Fm Gente\",\"url\":\"https:\\\/\\\/fmgente.com.ar\\\/web\\\/\",\"logo\":{\"@type\":\"ImageObject\",\"inLanguage\":\"es\",\"@id\":\"https:\\\/\\\/fmgente.com.ar\\\/web\\\/#\\\/schema\\\/logo\\\/image\\\/\",\"url\":\"https:\\\/\\\/fmgente.com.ar\\\/web\\\/wp-content\\\/uploads\\\/2023\\\/07\\\/cropped-cropped-logo-sombra2.png\",\"contentUrl\":\"https:\\\/\\\/fmgente.com.ar\\\/web\\\/wp-content\\\/uploads\\\/2023\\\/07\\\/cropped-cropped-logo-sombra2.png\",\"width\":1782,\"height\":1782,\"caption\":\"Fm Gente\"},\"image\":{\"@id\":\"https:\\\/\\\/fmgente.com.ar\\\/web\\\/#\\\/schema\\\/logo\\\/image\\\/\"}}]}<\/script>\n<!-- \/ Yoast SEO plugin. -->","yoast_head_json":{"title":"El r\u00e9cord que Juli\u00e1n \u00c1lvarez le arrebat\u00f3 a Messi y lo ubic\u00f3 como uno de los mejores de la historia argentina - Fm Gente","robots":{"index":"index","follow":"follow","max-snippet":"max-snippet:-1","max-image-preview":"max-image-preview:large","max-video-preview":"max-video-preview:-1"},"canonical":"https:\/\/fmgente.com.ar\/web\/el-record-que-julian-alvarez-le-arrebato-a-messi-y-lo-ubico-como-uno-de-los-mejores-de-la-historia-argentina\/","og_locale":"es_ES","og_type":"article","og_title":"El r\u00e9cord que Juli\u00e1n \u00c1lvarez le arrebat\u00f3 a Messi y lo ubic\u00f3 como uno de los mejores de la historia argentina - Fm Gente","og_description":"Buenos Aires, 29 abril (NA) \u2013 El delantero argentino Juli\u00e1n \u00c1lvarez, actual atacante del Atl\u00e9tico","og_url":"https:\/\/fmgente.com.ar\/web\/el-record-que-julian-alvarez-le-arrebato-a-messi-y-lo-ubico-como-uno-de-los-mejores-de-la-historia-argentina\/","og_site_name":"Fm Gente","article_published_time":"2026-04-30T02:05:51+00:00","twitter_card":"summary_large_image","twitter_misc":{"Tiempo de lectura":"3 minutos"},"schema":{"@context":"https:\/\/schema.org","@graph":[{"@type":"Article","@id":"https:\/\/fmgente.com.ar\/web\/el-record-que-julian-alvarez-le-arrebato-a-messi-y-lo-ubico-como-uno-de-los-mejores-de-la-historia-argentina\/#article","isPartOf":{"@id":"https:\/\/fmgente.com.ar\/web\/el-record-que-julian-alvarez-le-arrebato-a-messi-y-lo-ubico-como-uno-de-los-mejores-de-la-historia-argentina\/"},"author":{"name":"","@id":""},"headline":"El r\u00e9cord que Juli\u00e1n \u00c1lvarez le arrebat\u00f3 a Messi y lo ubic\u00f3 como uno de los mejores de la historia argentina","datePublished":"2026-04-30T02:05:51+00:00","mainEntityOfPage":{"@id":"https:\/\/fmgente.com.ar\/web\/el-record-que-julian-alvarez-le-arrebato-a-messi-y-lo-ubico-como-uno-de-los-mejores-de-la-historia-argentina\/"},"wordCount":550,"publisher":{"@id":"https:\/\/fmgente.com.ar\/web\/#organization"},"image":{"@id":"https:\/\/fmgente.com.ar\/web\/el-record-que-julian-alvarez-le-arrebato-a-messi-y-lo-ubico-como-uno-de-los-mejores-de-la-historia-argentina\/#primaryimage"},"thumbnailUrl":"https:\/\/fmgente.com.ar\/web\/wp-content\/uploads\/2026\/04\/720-1459.jpeg","articleSection":["REGIONALES"],"inLanguage":"es"},{"@type":"WebPage","@id":"https:\/\/fmgente.com.ar\/web\/el-record-que-julian-alvarez-le-arrebato-a-messi-y-lo-ubico-como-uno-de-los-mejores-de-la-historia-argentina\/","url":"https:\/\/fmgente.com.ar\/web\/el-record-que-julian-alvarez-le-arrebato-a-messi-y-lo-ubico-como-uno-de-los-mejores-de-la-historia-argentina\/","name":"El r\u00e9cord que Juli\u00e1n \u00c1lvarez le arrebat\u00f3 a Messi y lo ubic\u00f3 como uno de los mejores de la historia argentina - Fm Gente","isPartOf":{"@id":"https:\/\/fmgente.com.ar\/web\/#website"},"primaryImageOfPage":{"@id":"https:\/\/fmgente.com.ar\/web\/el-record-que-julian-alvarez-le-arrebato-a-messi-y-lo-ubico-como-uno-de-los-mejores-de-la-historia-argentina\/#primaryimage"},"image":{"@id":"https:\/\/fmgente.com.ar\/web\/el-record-que-julian-alvarez-le-arrebato-a-messi-y-lo-ubico-como-uno-de-los-mejores-de-la-historia-argentina\/#primaryimage"},"thumbnailUrl":"https:\/\/fmgente.com.ar\/web\/wp-content\/uploads\/2026\/04\/720-1459.jpeg","datePublished":"2026-04-30T02:05:51+00:00","inLanguage":"es","potentialAction":[{"@type":"ReadAction","target":["https:\/\/fmgente.com.ar\/web\/el-record-que-julian-alvarez-le-arrebato-a-messi-y-lo-ubico-como-uno-de-los-mejores-de-la-historia-argentina\/"]}]},{"@type":"ImageObject","inLanguage":"es","@id":"https:\/\/fmgente.com.ar\/web\/el-record-que-julian-alvarez-le-arrebato-a-messi-y-lo-ubico-como-uno-de-los-mejores-de-la-historia-argentina\/#primaryimage","url":"https:\/\/fmgente.com.ar\/web\/wp-content\/uploads\/2026\/04\/720-1459.jpeg","contentUrl":"https:\/\/fmgente.com.ar\/web\/wp-content\/uploads\/2026\/04\/720-1459.jpeg","width":576,"height":720},{"@type":"WebSite","@id":"https:\/\/fmgente.com.ar\/web\/#website","url":"https:\/\/fmgente.com.ar\/web\/","name":"Fm Gente","description":"- Jes\u00fas Mar\u00eda","publisher":{"@id":"https:\/\/fmgente.com.ar\/web\/#organization"},"potentialAction":[{"@type":"SearchAction","target":{"@type":"EntryPoint","urlTemplate":"https:\/\/fmgente.com.ar\/web\/?s={search_term_string}"},"query-input":{"@type":"PropertyValueSpecification","valueRequired":true,"valueName":"search_term_string"}}],"inLanguage":"es"},{"@type":"Organization","@id":"https:\/\/fmgente.com.ar\/web\/#organization","name":"Fm Gente","url":"https:\/\/fmgente.com.ar\/web\/","logo":{"@type":"ImageObject","inLanguage":"es","@id":"https:\/\/fmgente.com.ar\/web\/#\/schema\/logo\/image\/","url":"https:\/\/fmgente.com.ar\/web\/wp-content\/uploads\/2023\/07\/cropped-cropped-logo-sombra2.png","contentUrl":"https:\/\/fmgente.com.ar\/web\/wp-content\/uploads\/2023\/07\/cropped-cropped-logo-sombra2.png","width":1782,"height":1782,"caption":"Fm Gente"},"image":{"@id":"https:\/\/fmgente.com.ar\/web\/#\/schema\/logo\/image\/"}}]}},"_links":{"self":[{"href":"https:\/\/fmgente.com.ar\/web\/wp-json\/wp\/v2\/posts\/21185","targetHints":{"allow":["GET"]}}],"collection":[{"href":"https:\/\/fmgente.com.ar\/web\/wp-json\/wp\/v2\/posts"}],"about":[{"href":"https:\/\/fmgente.com.ar\/web\/wp-json\/wp\/v2\/types\/post"}],"replies":[{"embeddable":true,"href":"https:\/\/fmgente.com.ar\/web\/wp-json\/wp\/v2\/comments?post=21185"}],"version-history":[{"count":0,"href":"https:\/\/fmgente.com.ar\/web\/wp-json\/wp\/v2\/posts\/21185\/revisions"}],"wp:featuredmedia":[{"embeddable":true,"href":"https:\/\/fmgente.com.ar\/web\/wp-json\/wp\/v2\/media\/21186"}],"wp:attachment":[{"href":"https:\/\/fmgente.com.ar\/web\/wp-json\/wp\/v2\/media?parent=21185"}],"wp:term":[{"taxonomy":"category","embeddable":true,"href":"https:\/\/fmgente.com.ar\/web\/wp-json\/wp\/v2\/categories?post=21185"},{"taxonomy":"post_tag","embeddable":true,"href":"https:\/\/fmgente.com.ar\/web\/wp-json\/wp\/v2\/tags?post=21185"}],"curies":[{"name":"wp","href":"https:\/\/api.w.org\/{rel}","templated":true}]}}