{"id":21177,"date":"2026-04-29T22:04:53","date_gmt":"2026-04-30T01:04:53","guid":{"rendered":"https:\/\/fmgente.com.ar\/web\/alarma-en-la-seleccion-argentina-por-la-lesion-de-julian-alvarez-con-el-mundial-en-el-horizonte\/"},"modified":"2026-04-29T22:04:53","modified_gmt":"2026-04-30T01:04:53","slug":"alarma-en-la-seleccion-argentina-por-la-lesion-de-julian-alvarez-con-el-mundial-en-el-horizonte","status":"publish","type":"post","link":"https:\/\/fmgente.com.ar\/web\/alarma-en-la-seleccion-argentina-por-la-lesion-de-julian-alvarez-con-el-mundial-en-el-horizonte\/","title":{"rendered":"Alarma en la Selecci\u00f3n argentina por la lesi\u00f3n de Juli\u00e1n \u00c1lvarez con el Mundial en el horizonte"},"content":{"rendered":"<p>Buenos Aires, 29 abril (NA) \u2013 El delantero del Atl\u00e9tico de Madrid Juli\u00e1n \u00c1lvarez encendi\u00f3 las alarmas en la Selecci\u00f3n argentina luego de ser reemplazado del cruce de este mi\u00e9rcoles ante Arsenal por la ida de las semifinales de la Champions League.<\/p>\n<p>Seg\u00fan supo la Agencia Noticias Argentinas, el atacante surgido en River debi\u00f3 dejar el terreno de juego, tras marcar un gol y con el encuentro 1-1, a los 32 minutos del segundo tiempo por una torcedura en el tobillo al momento de disputar el bal\u00f3n con Eberechi Eze, volante ingl\u00e9s de los \u201cGunners\u201d. En su lugar ingres\u00f3 el espa\u00f1ol \u00c1lex Baena, pero el resultado no se movi\u00f3 y finaliz\u00f3 en empate.<\/p>\n<p>M\u00e1s all\u00e1 del resultado, la situaci\u00f3n preocup\u00f3 a Lionel Scaloni, entrenador de la \u201cAlbiceleste\u201d, dado que queda poco m\u00e1s de un mes para el comienzo de la Copa del Mundo 2026, competici\u00f3n en la que sus dirigidos buscar\u00e1n defender el t\u00edtulo obtenido en 2022.<\/p>\n<p>Horas m\u00e1s tarde del pitazo final, el periodista deportivo Gast\u00f3n Edul, especializado en el combinado nacional, expres\u00f3 a trav\u00e9s de sus redes sociales que: \u201cJuli\u00e1n \u00c1lvarez sinti\u00f3 una torcedura y sali\u00f3 por el dolor del momento. Se cree que no ser\u00eda m\u00e1s que eso\u201d, lo que r\u00e1pidamente tranquiliz\u00f3 al DT oriundo de pujato y al p\u00fablico argentino.<\/p>\n<p>No obstante, el futbolista con pasado en Manchester City deber\u00e1 someterse a estudios para confirmar que el problema f\u00edsico no haya sido m\u00e1s que un susto y que podr\u00e1 disputar no solo la pr\u00f3xima cita mundialista, sino tambi\u00e9n el partido de vuelta frente al Arsenal, estipulada para el martes 5 de mayo, a partir de las 16:00.<\/p>\n<p>#AgenciaNA<\/p>\n","protected":false},"excerpt":{"rendered":"<p>Buenos Aires, 29 abril (NA) \u2013 El delantero del Atl\u00e9tico de Madrid Juli\u00e1n \u00c1lvarez encendi\u00f3<\/p>\n","protected":false},"author":0,"featured_media":21178,"comment_status":"","ping_status":"","sticky":false,"template":"","format":"standard","meta":{"footnotes":""},"categories":[1],"tags":[],"class_list":["post-21177","post","type-post","status-publish","format-standard","has-post-thumbnail","hentry","category-regionales"],"yoast_head":"<!-- This site is optimized with the Yoast SEO plugin v27.4 - https:\/\/yoast.com\/product\/yoast-seo-wordpress\/ -->\n<title>Alarma en la Selecci\u00f3n argentina por la lesi\u00f3n de Juli\u00e1n \u00c1lvarez con el Mundial en el horizonte - Fm Gente<\/title>\n<meta name=\"robots\" content=\"index, follow, max-snippet:-1, max-image-preview:large, max-video-preview:-1\" \/>\n<link rel=\"canonical\" href=\"https:\/\/fmgente.com.ar\/web\/alarma-en-la-seleccion-argentina-por-la-lesion-de-julian-alvarez-con-el-mundial-en-el-horizonte\/\" \/>\n<meta property=\"og:locale\" content=\"es_ES\" \/>\n<meta property=\"og:type\" content=\"article\" \/>\n<meta property=\"og:title\" content=\"Alarma en la Selecci\u00f3n argentina por la lesi\u00f3n de Juli\u00e1n \u00c1lvarez con el Mundial en el horizonte - Fm Gente\" \/>\n<meta property=\"og:description\" content=\"Buenos Aires, 29 abril (NA) \u2013 El delantero del Atl\u00e9tico de Madrid Juli\u00e1n \u00c1lvarez encendi\u00f3\" \/>\n<meta property=\"og:url\" content=\"https:\/\/fmgente.com.ar\/web\/alarma-en-la-seleccion-argentina-por-la-lesion-de-julian-alvarez-con-el-mundial-en-el-horizonte\/\" \/>\n<meta property=\"og:site_name\" content=\"Fm Gente\" \/>\n<meta property=\"article:published_time\" content=\"2026-04-30T01:04:53+00:00\" \/>\n<meta name=\"twitter:card\" content=\"summary_large_image\" \/>\n<meta name=\"twitter:label1\" content=\"Tiempo de lectura\" \/>\n\t<meta name=\"twitter:data1\" content=\"1 minuto\" \/>\n<script type=\"application\/ld+json\" class=\"yoast-schema-graph\">{\"@context\":\"https:\\\/\\\/schema.org\",\"@graph\":[{\"@type\":\"Article\",\"@id\":\"https:\\\/\\\/fmgente.com.ar\\\/web\\\/alarma-en-la-seleccion-argentina-por-la-lesion-de-julian-alvarez-con-el-mundial-en-el-horizonte\\\/#article\",\"isPartOf\":{\"@id\":\"https:\\\/\\\/fmgente.com.ar\\\/web\\\/alarma-en-la-seleccion-argentina-por-la-lesion-de-julian-alvarez-con-el-mundial-en-el-horizonte\\\/\"},\"author\":{\"name\":\"\",\"@id\":\"\"},\"headline\":\"Alarma en la Selecci\u00f3n argentina por la lesi\u00f3n de Juli\u00e1n \u00c1lvarez con el Mundial en el horizonte\",\"datePublished\":\"2026-04-30T01:04:53+00:00\",\"mainEntityOfPage\":{\"@id\":\"https:\\\/\\\/fmgente.com.ar\\\/web\\\/alarma-en-la-seleccion-argentina-por-la-lesion-de-julian-alvarez-con-el-mundial-en-el-horizonte\\\/\"},\"wordCount\":311,\"publisher\":{\"@id\":\"https:\\\/\\\/fmgente.com.ar\\\/web\\\/#organization\"},\"image\":{\"@id\":\"https:\\\/\\\/fmgente.com.ar\\\/web\\\/alarma-en-la-seleccion-argentina-por-la-lesion-de-julian-alvarez-con-el-mundial-en-el-horizonte\\\/#primaryimage\"},\"thumbnailUrl\":\"https:\\\/\\\/fmgente.com.ar\\\/web\\\/wp-content\\\/uploads\\\/2026\\\/04\\\/720-1455.jpeg\",\"articleSection\":[\"REGIONALES\"],\"inLanguage\":\"es\"},{\"@type\":\"WebPage\",\"@id\":\"https:\\\/\\\/fmgente.com.ar\\\/web\\\/alarma-en-la-seleccion-argentina-por-la-lesion-de-julian-alvarez-con-el-mundial-en-el-horizonte\\\/\",\"url\":\"https:\\\/\\\/fmgente.com.ar\\\/web\\\/alarma-en-la-seleccion-argentina-por-la-lesion-de-julian-alvarez-con-el-mundial-en-el-horizonte\\\/\",\"name\":\"Alarma en la Selecci\u00f3n argentina por la lesi\u00f3n de Juli\u00e1n \u00c1lvarez con el Mundial en el horizonte - Fm Gente\",\"isPartOf\":{\"@id\":\"https:\\\/\\\/fmgente.com.ar\\\/web\\\/#website\"},\"primaryImageOfPage\":{\"@id\":\"https:\\\/\\\/fmgente.com.ar\\\/web\\\/alarma-en-la-seleccion-argentina-por-la-lesion-de-julian-alvarez-con-el-mundial-en-el-horizonte\\\/#primaryimage\"},\"image\":{\"@id\":\"https:\\\/\\\/fmgente.com.ar\\\/web\\\/alarma-en-la-seleccion-argentina-por-la-lesion-de-julian-alvarez-con-el-mundial-en-el-horizonte\\\/#primaryimage\"},\"thumbnailUrl\":\"https:\\\/\\\/fmgente.com.ar\\\/web\\\/wp-content\\\/uploads\\\/2026\\\/04\\\/720-1455.jpeg\",\"datePublished\":\"2026-04-30T01:04:53+00:00\",\"inLanguage\":\"es\",\"potentialAction\":[{\"@type\":\"ReadAction\",\"target\":[\"https:\\\/\\\/fmgente.com.ar\\\/web\\\/alarma-en-la-seleccion-argentina-por-la-lesion-de-julian-alvarez-con-el-mundial-en-el-horizonte\\\/\"]}]},{\"@type\":\"ImageObject\",\"inLanguage\":\"es\",\"@id\":\"https:\\\/\\\/fmgente.com.ar\\\/web\\\/alarma-en-la-seleccion-argentina-por-la-lesion-de-julian-alvarez-con-el-mundial-en-el-horizonte\\\/#primaryimage\",\"url\":\"https:\\\/\\\/fmgente.com.ar\\\/web\\\/wp-content\\\/uploads\\\/2026\\\/04\\\/720-1455.jpeg\",\"contentUrl\":\"https:\\\/\\\/fmgente.com.ar\\\/web\\\/wp-content\\\/uploads\\\/2026\\\/04\\\/720-1455.jpeg\",\"width\":634,\"height\":720},{\"@type\":\"WebSite\",\"@id\":\"https:\\\/\\\/fmgente.com.ar\\\/web\\\/#website\",\"url\":\"https:\\\/\\\/fmgente.com.ar\\\/web\\\/\",\"name\":\"Fm Gente\",\"description\":\"- Jes\u00fas Mar\u00eda\",\"publisher\":{\"@id\":\"https:\\\/\\\/fmgente.com.ar\\\/web\\\/#organization\"},\"potentialAction\":[{\"@type\":\"SearchAction\",\"target\":{\"@type\":\"EntryPoint\",\"urlTemplate\":\"https:\\\/\\\/fmgente.com.ar\\\/web\\\/?s={search_term_string}\"},\"query-input\":{\"@type\":\"PropertyValueSpecification\",\"valueRequired\":true,\"valueName\":\"search_term_string\"}}],\"inLanguage\":\"es\"},{\"@type\":\"Organization\",\"@id\":\"https:\\\/\\\/fmgente.com.ar\\\/web\\\/#organization\",\"name\":\"Fm Gente\",\"url\":\"https:\\\/\\\/fmgente.com.ar\\\/web\\\/\",\"logo\":{\"@type\":\"ImageObject\",\"inLanguage\":\"es\",\"@id\":\"https:\\\/\\\/fmgente.com.ar\\\/web\\\/#\\\/schema\\\/logo\\\/image\\\/\",\"url\":\"https:\\\/\\\/fmgente.com.ar\\\/web\\\/wp-content\\\/uploads\\\/2023\\\/07\\\/cropped-cropped-logo-sombra2.png\",\"contentUrl\":\"https:\\\/\\\/fmgente.com.ar\\\/web\\\/wp-content\\\/uploads\\\/2023\\\/07\\\/cropped-cropped-logo-sombra2.png\",\"width\":1782,\"height\":1782,\"caption\":\"Fm Gente\"},\"image\":{\"@id\":\"https:\\\/\\\/fmgente.com.ar\\\/web\\\/#\\\/schema\\\/logo\\\/image\\\/\"}}]}<\/script>\n<!-- \/ Yoast SEO plugin. -->","yoast_head_json":{"title":"Alarma en la Selecci\u00f3n argentina por la lesi\u00f3n de Juli\u00e1n \u00c1lvarez con el Mundial en el horizonte - Fm Gente","robots":{"index":"index","follow":"follow","max-snippet":"max-snippet:-1","max-image-preview":"max-image-preview:large","max-video-preview":"max-video-preview:-1"},"canonical":"https:\/\/fmgente.com.ar\/web\/alarma-en-la-seleccion-argentina-por-la-lesion-de-julian-alvarez-con-el-mundial-en-el-horizonte\/","og_locale":"es_ES","og_type":"article","og_title":"Alarma en la Selecci\u00f3n argentina por la lesi\u00f3n de Juli\u00e1n \u00c1lvarez con el Mundial en el horizonte - Fm Gente","og_description":"Buenos Aires, 29 abril (NA) \u2013 El delantero del Atl\u00e9tico de Madrid Juli\u00e1n \u00c1lvarez encendi\u00f3","og_url":"https:\/\/fmgente.com.ar\/web\/alarma-en-la-seleccion-argentina-por-la-lesion-de-julian-alvarez-con-el-mundial-en-el-horizonte\/","og_site_name":"Fm Gente","article_published_time":"2026-04-30T01:04:53+00:00","twitter_card":"summary_large_image","twitter_misc":{"Tiempo de lectura":"1 minuto"},"schema":{"@context":"https:\/\/schema.org","@graph":[{"@type":"Article","@id":"https:\/\/fmgente.com.ar\/web\/alarma-en-la-seleccion-argentina-por-la-lesion-de-julian-alvarez-con-el-mundial-en-el-horizonte\/#article","isPartOf":{"@id":"https:\/\/fmgente.com.ar\/web\/alarma-en-la-seleccion-argentina-por-la-lesion-de-julian-alvarez-con-el-mundial-en-el-horizonte\/"},"author":{"name":"","@id":""},"headline":"Alarma en la Selecci\u00f3n argentina por la lesi\u00f3n de Juli\u00e1n \u00c1lvarez con el Mundial en el horizonte","datePublished":"2026-04-30T01:04:53+00:00","mainEntityOfPage":{"@id":"https:\/\/fmgente.com.ar\/web\/alarma-en-la-seleccion-argentina-por-la-lesion-de-julian-alvarez-con-el-mundial-en-el-horizonte\/"},"wordCount":311,"publisher":{"@id":"https:\/\/fmgente.com.ar\/web\/#organization"},"image":{"@id":"https:\/\/fmgente.com.ar\/web\/alarma-en-la-seleccion-argentina-por-la-lesion-de-julian-alvarez-con-el-mundial-en-el-horizonte\/#primaryimage"},"thumbnailUrl":"https:\/\/fmgente.com.ar\/web\/wp-content\/uploads\/2026\/04\/720-1455.jpeg","articleSection":["REGIONALES"],"inLanguage":"es"},{"@type":"WebPage","@id":"https:\/\/fmgente.com.ar\/web\/alarma-en-la-seleccion-argentina-por-la-lesion-de-julian-alvarez-con-el-mundial-en-el-horizonte\/","url":"https:\/\/fmgente.com.ar\/web\/alarma-en-la-seleccion-argentina-por-la-lesion-de-julian-alvarez-con-el-mundial-en-el-horizonte\/","name":"Alarma en la Selecci\u00f3n argentina por la lesi\u00f3n de Juli\u00e1n \u00c1lvarez con el Mundial en el horizonte - Fm Gente","isPartOf":{"@id":"https:\/\/fmgente.com.ar\/web\/#website"},"primaryImageOfPage":{"@id":"https:\/\/fmgente.com.ar\/web\/alarma-en-la-seleccion-argentina-por-la-lesion-de-julian-alvarez-con-el-mundial-en-el-horizonte\/#primaryimage"},"image":{"@id":"https:\/\/fmgente.com.ar\/web\/alarma-en-la-seleccion-argentina-por-la-lesion-de-julian-alvarez-con-el-mundial-en-el-horizonte\/#primaryimage"},"thumbnailUrl":"https:\/\/fmgente.com.ar\/web\/wp-content\/uploads\/2026\/04\/720-1455.jpeg","datePublished":"2026-04-30T01:04:53+00:00","inLanguage":"es","potentialAction":[{"@type":"ReadAction","target":["https:\/\/fmgente.com.ar\/web\/alarma-en-la-seleccion-argentina-por-la-lesion-de-julian-alvarez-con-el-mundial-en-el-horizonte\/"]}]},{"@type":"ImageObject","inLanguage":"es","@id":"https:\/\/fmgente.com.ar\/web\/alarma-en-la-seleccion-argentina-por-la-lesion-de-julian-alvarez-con-el-mundial-en-el-horizonte\/#primaryimage","url":"https:\/\/fmgente.com.ar\/web\/wp-content\/uploads\/2026\/04\/720-1455.jpeg","contentUrl":"https:\/\/fmgente.com.ar\/web\/wp-content\/uploads\/2026\/04\/720-1455.jpeg","width":634,"height":720},{"@type":"WebSite","@id":"https:\/\/fmgente.com.ar\/web\/#website","url":"https:\/\/fmgente.com.ar\/web\/","name":"Fm Gente","description":"- Jes\u00fas Mar\u00eda","publisher":{"@id":"https:\/\/fmgente.com.ar\/web\/#organization"},"potentialAction":[{"@type":"SearchAction","target":{"@type":"EntryPoint","urlTemplate":"https:\/\/fmgente.com.ar\/web\/?s={search_term_string}"},"query-input":{"@type":"PropertyValueSpecification","valueRequired":true,"valueName":"search_term_string"}}],"inLanguage":"es"},{"@type":"Organization","@id":"https:\/\/fmgente.com.ar\/web\/#organization","name":"Fm Gente","url":"https:\/\/fmgente.com.ar\/web\/","logo":{"@type":"ImageObject","inLanguage":"es","@id":"https:\/\/fmgente.com.ar\/web\/#\/schema\/logo\/image\/","url":"https:\/\/fmgente.com.ar\/web\/wp-content\/uploads\/2023\/07\/cropped-cropped-logo-sombra2.png","contentUrl":"https:\/\/fmgente.com.ar\/web\/wp-content\/uploads\/2023\/07\/cropped-cropped-logo-sombra2.png","width":1782,"height":1782,"caption":"Fm Gente"},"image":{"@id":"https:\/\/fmgente.com.ar\/web\/#\/schema\/logo\/image\/"}}]}},"_links":{"self":[{"href":"https:\/\/fmgente.com.ar\/web\/wp-json\/wp\/v2\/posts\/21177","targetHints":{"allow":["GET"]}}],"collection":[{"href":"https:\/\/fmgente.com.ar\/web\/wp-json\/wp\/v2\/posts"}],"about":[{"href":"https:\/\/fmgente.com.ar\/web\/wp-json\/wp\/v2\/types\/post"}],"replies":[{"embeddable":true,"href":"https:\/\/fmgente.com.ar\/web\/wp-json\/wp\/v2\/comments?post=21177"}],"version-history":[{"count":0,"href":"https:\/\/fmgente.com.ar\/web\/wp-json\/wp\/v2\/posts\/21177\/revisions"}],"wp:featuredmedia":[{"embeddable":true,"href":"https:\/\/fmgente.com.ar\/web\/wp-json\/wp\/v2\/media\/21178"}],"wp:attachment":[{"href":"https:\/\/fmgente.com.ar\/web\/wp-json\/wp\/v2\/media?parent=21177"}],"wp:term":[{"taxonomy":"category","embeddable":true,"href":"https:\/\/fmgente.com.ar\/web\/wp-json\/wp\/v2\/categories?post=21177"},{"taxonomy":"post_tag","embeddable":true,"href":"https:\/\/fmgente.com.ar\/web\/wp-json\/wp\/v2\/tags?post=21177"}],"curies":[{"name":"wp","href":"https:\/\/api.w.org\/{rel}","templated":true}]}}