{"id":21175,"date":"2026-04-29T22:04:52","date_gmt":"2026-04-30T01:04:52","guid":{"rendered":"https:\/\/fmgente.com.ar\/web\/indulto-a-organizadora-de-fiestas-de-berlusconi-provoca-escandalo-en-uruguay-por-adopcion-irregular\/"},"modified":"2026-04-29T22:04:52","modified_gmt":"2026-04-30T01:04:52","slug":"indulto-a-organizadora-de-fiestas-de-berlusconi-provoca-escandalo-en-uruguay-por-adopcion-irregular","status":"publish","type":"post","link":"https:\/\/fmgente.com.ar\/web\/indulto-a-organizadora-de-fiestas-de-berlusconi-provoca-escandalo-en-uruguay-por-adopcion-irregular\/","title":{"rendered":"Indulto a organizadora de fiestas de Berlusconi provoca esc\u00e1ndalo en Uruguay por adopci\u00f3n irregular"},"content":{"rendered":"<p>Buenos Aires, 29 abril (NA) \u2013 El indulto otorgado por el presidente de Italia, Sergio Mattarella, a Nicole Minetti, figura ligada a los esc\u00e1ndalos de Silvio Berlusconi, deriv\u00f3 en una crisis pol\u00edtica y judicial que ahora involucra a Uruguay por presuntas irregularidades en una adopci\u00f3n.<\/p>\n<p>La medida, presentada como un gesto de \u201cclemencia humanitaria\u201d, se sustent\u00f3 en la necesidad de Minetti de cuidar a un hijo adoptivo con problemas de salud. <\/p>\n<p>Sin embargo, investigaciones posteriores revelaron inconsistencias en ese argumento: el menor, presentado como hu\u00e9rfano, tendr\u00eda padres biol\u00f3gicos vivos, seg\u00fan registros judiciales en el departamento de Maldonado.<\/p>\n<p>DE ITALIA A UN ESC\u00c1NDALO EN URUGUAY<\/p>\n<p>El caso expuso una compleja trama que conecta Italia con Uruguay. El ni\u00f1o naci\u00f3 en 2017 en un contexto de vulnerabilidad y qued\u00f3 bajo la \u00f3rbita del Instituto del Ni\u00f1o y Adolescente del Uruguay (INAU). All\u00ed entraron en escena Minetti y su pareja, el empresario Giuseppe Cipriani, quienes desarrollaron un v\u00ednculo con el menor y posteriormente avanzaron en el proceso de adopci\u00f3n.<\/p>\n<p>Las sospechas crecieron al conocerse que el ni\u00f1o habr\u00eda sido trasladado al exterior antes de que la pareja contara con la tutela legal, adem\u00e1s de inconsistencias en el proceso que culmin\u00f3 con la p\u00e9rdida de la patria potestad por parte de los padres biol\u00f3gicos en 2023.<\/p>\n<p>El caso se agrav\u00f3 con episodios que a\u00fan est\u00e1n bajo investigaci\u00f3n en Uruguay: la muerte de dos abogados vinculados al expediente en un incendio con peritajes contradictorios y la desaparici\u00f3n de la madre biol\u00f3gica del menor, buscada a nivel nacional sin resultados hasta el momento.<\/p>\n<p>Mientras tanto, en Italia, el impacto pol\u00edtico es significativo. Sectores de la oposici\u00f3n reclaman la renuncia del ministro de Justicia, Carlo Nordio, mientras que la primera ministra Giorgia Meloni respald\u00f3 su continuidad. La fiscal\u00eda de Mil\u00e1n, por su parte, advirti\u00f3 sobre la posible revisi\u00f3n del caso ante la aparici\u00f3n de \u201chechos grav\u00edsimos\u201d.<\/p>\n<p>Minetti, condenada por su rol en el caso conocido como \u201cRuby bis\u201d y por malversaci\u00f3n de fondos p\u00fablicos, rechaza las acusaciones y sostiene que el proceso de adopci\u00f3n fue legal. No obstante, el avance de las investigaciones podr\u00eda derivar en la revisi\u00f3n del indulto e incluso en la apertura de nuevas causas penales.<\/p>\n<p>El esc\u00e1ndalo, que vuelve a poner bajo la lupa el entorno del \u201cbunga bunga\u201d, abre adem\u00e1s interrogantes sobre el funcionamiento del sistema de adopciones en Uruguay y el rol de los organismos involucrados, en un contexto ya cuestionado por denuncias previas sobre irregularidades.<\/p>\n","protected":false},"excerpt":{"rendered":"<p>Buenos Aires, 29 abril (NA) \u2013 El indulto otorgado por el presidente de Italia, Sergio<\/p>\n","protected":false},"author":0,"featured_media":21176,"comment_status":"","ping_status":"","sticky":false,"template":"","format":"standard","meta":{"footnotes":""},"categories":[1],"tags":[],"class_list":["post-21175","post","type-post","status-publish","format-standard","has-post-thumbnail","hentry","category-regionales"],"yoast_head":"<!-- This site is optimized with the Yoast SEO plugin v27.4 - https:\/\/yoast.com\/product\/yoast-seo-wordpress\/ -->\n<title>Indulto a organizadora de fiestas de Berlusconi provoca esc\u00e1ndalo en Uruguay por adopci\u00f3n irregular - Fm Gente<\/title>\n<meta name=\"robots\" content=\"index, follow, max-snippet:-1, max-image-preview:large, max-video-preview:-1\" \/>\n<link rel=\"canonical\" href=\"https:\/\/fmgente.com.ar\/web\/indulto-a-organizadora-de-fiestas-de-berlusconi-provoca-escandalo-en-uruguay-por-adopcion-irregular\/\" \/>\n<meta property=\"og:locale\" content=\"es_ES\" \/>\n<meta property=\"og:type\" content=\"article\" \/>\n<meta property=\"og:title\" content=\"Indulto a organizadora de fiestas de Berlusconi provoca esc\u00e1ndalo en Uruguay por adopci\u00f3n irregular - Fm Gente\" \/>\n<meta property=\"og:description\" content=\"Buenos Aires, 29 abril (NA) \u2013 El indulto otorgado por el presidente de Italia, Sergio\" \/>\n<meta property=\"og:url\" content=\"https:\/\/fmgente.com.ar\/web\/indulto-a-organizadora-de-fiestas-de-berlusconi-provoca-escandalo-en-uruguay-por-adopcion-irregular\/\" \/>\n<meta property=\"og:site_name\" content=\"Fm Gente\" \/>\n<meta property=\"article:published_time\" content=\"2026-04-30T01:04:52+00:00\" \/>\n<meta name=\"twitter:card\" content=\"summary_large_image\" \/>\n<meta name=\"twitter:label1\" content=\"Tiempo de lectura\" \/>\n\t<meta name=\"twitter:data1\" content=\"2 minutos\" \/>\n<script type=\"application\/ld+json\" class=\"yoast-schema-graph\">{\"@context\":\"https:\\\/\\\/schema.org\",\"@graph\":[{\"@type\":\"Article\",\"@id\":\"https:\\\/\\\/fmgente.com.ar\\\/web\\\/indulto-a-organizadora-de-fiestas-de-berlusconi-provoca-escandalo-en-uruguay-por-adopcion-irregular\\\/#article\",\"isPartOf\":{\"@id\":\"https:\\\/\\\/fmgente.com.ar\\\/web\\\/indulto-a-organizadora-de-fiestas-de-berlusconi-provoca-escandalo-en-uruguay-por-adopcion-irregular\\\/\"},\"author\":{\"name\":\"\",\"@id\":\"\"},\"headline\":\"Indulto a organizadora de fiestas de Berlusconi provoca esc\u00e1ndalo en Uruguay por adopci\u00f3n irregular\",\"datePublished\":\"2026-04-30T01:04:52+00:00\",\"mainEntityOfPage\":{\"@id\":\"https:\\\/\\\/fmgente.com.ar\\\/web\\\/indulto-a-organizadora-de-fiestas-de-berlusconi-provoca-escandalo-en-uruguay-por-adopcion-irregular\\\/\"},\"wordCount\":453,\"publisher\":{\"@id\":\"https:\\\/\\\/fmgente.com.ar\\\/web\\\/#organization\"},\"image\":{\"@id\":\"https:\\\/\\\/fmgente.com.ar\\\/web\\\/indulto-a-organizadora-de-fiestas-de-berlusconi-provoca-escandalo-en-uruguay-por-adopcion-irregular\\\/#primaryimage\"},\"thumbnailUrl\":\"https:\\\/\\\/fmgente.com.ar\\\/web\\\/wp-content\\\/uploads\\\/2026\\\/04\\\/720-1454.jpeg\",\"articleSection\":[\"REGIONALES\"],\"inLanguage\":\"es\"},{\"@type\":\"WebPage\",\"@id\":\"https:\\\/\\\/fmgente.com.ar\\\/web\\\/indulto-a-organizadora-de-fiestas-de-berlusconi-provoca-escandalo-en-uruguay-por-adopcion-irregular\\\/\",\"url\":\"https:\\\/\\\/fmgente.com.ar\\\/web\\\/indulto-a-organizadora-de-fiestas-de-berlusconi-provoca-escandalo-en-uruguay-por-adopcion-irregular\\\/\",\"name\":\"Indulto a organizadora de fiestas de Berlusconi provoca esc\u00e1ndalo en Uruguay por adopci\u00f3n irregular - Fm Gente\",\"isPartOf\":{\"@id\":\"https:\\\/\\\/fmgente.com.ar\\\/web\\\/#website\"},\"primaryImageOfPage\":{\"@id\":\"https:\\\/\\\/fmgente.com.ar\\\/web\\\/indulto-a-organizadora-de-fiestas-de-berlusconi-provoca-escandalo-en-uruguay-por-adopcion-irregular\\\/#primaryimage\"},\"image\":{\"@id\":\"https:\\\/\\\/fmgente.com.ar\\\/web\\\/indulto-a-organizadora-de-fiestas-de-berlusconi-provoca-escandalo-en-uruguay-por-adopcion-irregular\\\/#primaryimage\"},\"thumbnailUrl\":\"https:\\\/\\\/fmgente.com.ar\\\/web\\\/wp-content\\\/uploads\\\/2026\\\/04\\\/720-1454.jpeg\",\"datePublished\":\"2026-04-30T01:04:52+00:00\",\"inLanguage\":\"es\",\"potentialAction\":[{\"@type\":\"ReadAction\",\"target\":[\"https:\\\/\\\/fmgente.com.ar\\\/web\\\/indulto-a-organizadora-de-fiestas-de-berlusconi-provoca-escandalo-en-uruguay-por-adopcion-irregular\\\/\"]}]},{\"@type\":\"ImageObject\",\"inLanguage\":\"es\",\"@id\":\"https:\\\/\\\/fmgente.com.ar\\\/web\\\/indulto-a-organizadora-de-fiestas-de-berlusconi-provoca-escandalo-en-uruguay-por-adopcion-irregular\\\/#primaryimage\",\"url\":\"https:\\\/\\\/fmgente.com.ar\\\/web\\\/wp-content\\\/uploads\\\/2026\\\/04\\\/720-1454.jpeg\",\"contentUrl\":\"https:\\\/\\\/fmgente.com.ar\\\/web\\\/wp-content\\\/uploads\\\/2026\\\/04\\\/720-1454.jpeg\",\"width\":832,\"height\":720},{\"@type\":\"WebSite\",\"@id\":\"https:\\\/\\\/fmgente.com.ar\\\/web\\\/#website\",\"url\":\"https:\\\/\\\/fmgente.com.ar\\\/web\\\/\",\"name\":\"Fm Gente\",\"description\":\"- Jes\u00fas Mar\u00eda\",\"publisher\":{\"@id\":\"https:\\\/\\\/fmgente.com.ar\\\/web\\\/#organization\"},\"potentialAction\":[{\"@type\":\"SearchAction\",\"target\":{\"@type\":\"EntryPoint\",\"urlTemplate\":\"https:\\\/\\\/fmgente.com.ar\\\/web\\\/?s={search_term_string}\"},\"query-input\":{\"@type\":\"PropertyValueSpecification\",\"valueRequired\":true,\"valueName\":\"search_term_string\"}}],\"inLanguage\":\"es\"},{\"@type\":\"Organization\",\"@id\":\"https:\\\/\\\/fmgente.com.ar\\\/web\\\/#organization\",\"name\":\"Fm Gente\",\"url\":\"https:\\\/\\\/fmgente.com.ar\\\/web\\\/\",\"logo\":{\"@type\":\"ImageObject\",\"inLanguage\":\"es\",\"@id\":\"https:\\\/\\\/fmgente.com.ar\\\/web\\\/#\\\/schema\\\/logo\\\/image\\\/\",\"url\":\"https:\\\/\\\/fmgente.com.ar\\\/web\\\/wp-content\\\/uploads\\\/2023\\\/07\\\/cropped-cropped-logo-sombra2.png\",\"contentUrl\":\"https:\\\/\\\/fmgente.com.ar\\\/web\\\/wp-content\\\/uploads\\\/2023\\\/07\\\/cropped-cropped-logo-sombra2.png\",\"width\":1782,\"height\":1782,\"caption\":\"Fm Gente\"},\"image\":{\"@id\":\"https:\\\/\\\/fmgente.com.ar\\\/web\\\/#\\\/schema\\\/logo\\\/image\\\/\"}}]}<\/script>\n<!-- \/ Yoast SEO plugin. -->","yoast_head_json":{"title":"Indulto a organizadora de fiestas de Berlusconi provoca esc\u00e1ndalo en Uruguay por adopci\u00f3n irregular - Fm Gente","robots":{"index":"index","follow":"follow","max-snippet":"max-snippet:-1","max-image-preview":"max-image-preview:large","max-video-preview":"max-video-preview:-1"},"canonical":"https:\/\/fmgente.com.ar\/web\/indulto-a-organizadora-de-fiestas-de-berlusconi-provoca-escandalo-en-uruguay-por-adopcion-irregular\/","og_locale":"es_ES","og_type":"article","og_title":"Indulto a organizadora de fiestas de Berlusconi provoca esc\u00e1ndalo en Uruguay por adopci\u00f3n irregular - Fm Gente","og_description":"Buenos Aires, 29 abril (NA) \u2013 El indulto otorgado por el presidente de Italia, Sergio","og_url":"https:\/\/fmgente.com.ar\/web\/indulto-a-organizadora-de-fiestas-de-berlusconi-provoca-escandalo-en-uruguay-por-adopcion-irregular\/","og_site_name":"Fm Gente","article_published_time":"2026-04-30T01:04:52+00:00","twitter_card":"summary_large_image","twitter_misc":{"Tiempo de lectura":"2 minutos"},"schema":{"@context":"https:\/\/schema.org","@graph":[{"@type":"Article","@id":"https:\/\/fmgente.com.ar\/web\/indulto-a-organizadora-de-fiestas-de-berlusconi-provoca-escandalo-en-uruguay-por-adopcion-irregular\/#article","isPartOf":{"@id":"https:\/\/fmgente.com.ar\/web\/indulto-a-organizadora-de-fiestas-de-berlusconi-provoca-escandalo-en-uruguay-por-adopcion-irregular\/"},"author":{"name":"","@id":""},"headline":"Indulto a organizadora de fiestas de Berlusconi provoca esc\u00e1ndalo en Uruguay por adopci\u00f3n irregular","datePublished":"2026-04-30T01:04:52+00:00","mainEntityOfPage":{"@id":"https:\/\/fmgente.com.ar\/web\/indulto-a-organizadora-de-fiestas-de-berlusconi-provoca-escandalo-en-uruguay-por-adopcion-irregular\/"},"wordCount":453,"publisher":{"@id":"https:\/\/fmgente.com.ar\/web\/#organization"},"image":{"@id":"https:\/\/fmgente.com.ar\/web\/indulto-a-organizadora-de-fiestas-de-berlusconi-provoca-escandalo-en-uruguay-por-adopcion-irregular\/#primaryimage"},"thumbnailUrl":"https:\/\/fmgente.com.ar\/web\/wp-content\/uploads\/2026\/04\/720-1454.jpeg","articleSection":["REGIONALES"],"inLanguage":"es"},{"@type":"WebPage","@id":"https:\/\/fmgente.com.ar\/web\/indulto-a-organizadora-de-fiestas-de-berlusconi-provoca-escandalo-en-uruguay-por-adopcion-irregular\/","url":"https:\/\/fmgente.com.ar\/web\/indulto-a-organizadora-de-fiestas-de-berlusconi-provoca-escandalo-en-uruguay-por-adopcion-irregular\/","name":"Indulto a organizadora de fiestas de Berlusconi provoca esc\u00e1ndalo en Uruguay por adopci\u00f3n irregular - Fm Gente","isPartOf":{"@id":"https:\/\/fmgente.com.ar\/web\/#website"},"primaryImageOfPage":{"@id":"https:\/\/fmgente.com.ar\/web\/indulto-a-organizadora-de-fiestas-de-berlusconi-provoca-escandalo-en-uruguay-por-adopcion-irregular\/#primaryimage"},"image":{"@id":"https:\/\/fmgente.com.ar\/web\/indulto-a-organizadora-de-fiestas-de-berlusconi-provoca-escandalo-en-uruguay-por-adopcion-irregular\/#primaryimage"},"thumbnailUrl":"https:\/\/fmgente.com.ar\/web\/wp-content\/uploads\/2026\/04\/720-1454.jpeg","datePublished":"2026-04-30T01:04:52+00:00","inLanguage":"es","potentialAction":[{"@type":"ReadAction","target":["https:\/\/fmgente.com.ar\/web\/indulto-a-organizadora-de-fiestas-de-berlusconi-provoca-escandalo-en-uruguay-por-adopcion-irregular\/"]}]},{"@type":"ImageObject","inLanguage":"es","@id":"https:\/\/fmgente.com.ar\/web\/indulto-a-organizadora-de-fiestas-de-berlusconi-provoca-escandalo-en-uruguay-por-adopcion-irregular\/#primaryimage","url":"https:\/\/fmgente.com.ar\/web\/wp-content\/uploads\/2026\/04\/720-1454.jpeg","contentUrl":"https:\/\/fmgente.com.ar\/web\/wp-content\/uploads\/2026\/04\/720-1454.jpeg","width":832,"height":720},{"@type":"WebSite","@id":"https:\/\/fmgente.com.ar\/web\/#website","url":"https:\/\/fmgente.com.ar\/web\/","name":"Fm Gente","description":"- Jes\u00fas Mar\u00eda","publisher":{"@id":"https:\/\/fmgente.com.ar\/web\/#organization"},"potentialAction":[{"@type":"SearchAction","target":{"@type":"EntryPoint","urlTemplate":"https:\/\/fmgente.com.ar\/web\/?s={search_term_string}"},"query-input":{"@type":"PropertyValueSpecification","valueRequired":true,"valueName":"search_term_string"}}],"inLanguage":"es"},{"@type":"Organization","@id":"https:\/\/fmgente.com.ar\/web\/#organization","name":"Fm Gente","url":"https:\/\/fmgente.com.ar\/web\/","logo":{"@type":"ImageObject","inLanguage":"es","@id":"https:\/\/fmgente.com.ar\/web\/#\/schema\/logo\/image\/","url":"https:\/\/fmgente.com.ar\/web\/wp-content\/uploads\/2023\/07\/cropped-cropped-logo-sombra2.png","contentUrl":"https:\/\/fmgente.com.ar\/web\/wp-content\/uploads\/2023\/07\/cropped-cropped-logo-sombra2.png","width":1782,"height":1782,"caption":"Fm Gente"},"image":{"@id":"https:\/\/fmgente.com.ar\/web\/#\/schema\/logo\/image\/"}}]}},"_links":{"self":[{"href":"https:\/\/fmgente.com.ar\/web\/wp-json\/wp\/v2\/posts\/21175","targetHints":{"allow":["GET"]}}],"collection":[{"href":"https:\/\/fmgente.com.ar\/web\/wp-json\/wp\/v2\/posts"}],"about":[{"href":"https:\/\/fmgente.com.ar\/web\/wp-json\/wp\/v2\/types\/post"}],"replies":[{"embeddable":true,"href":"https:\/\/fmgente.com.ar\/web\/wp-json\/wp\/v2\/comments?post=21175"}],"version-history":[{"count":0,"href":"https:\/\/fmgente.com.ar\/web\/wp-json\/wp\/v2\/posts\/21175\/revisions"}],"wp:featuredmedia":[{"embeddable":true,"href":"https:\/\/fmgente.com.ar\/web\/wp-json\/wp\/v2\/media\/21176"}],"wp:attachment":[{"href":"https:\/\/fmgente.com.ar\/web\/wp-json\/wp\/v2\/media?parent=21175"}],"wp:term":[{"taxonomy":"category","embeddable":true,"href":"https:\/\/fmgente.com.ar\/web\/wp-json\/wp\/v2\/categories?post=21175"},{"taxonomy":"post_tag","embeddable":true,"href":"https:\/\/fmgente.com.ar\/web\/wp-json\/wp\/v2\/tags?post=21175"}],"curies":[{"name":"wp","href":"https:\/\/api.w.org\/{rel}","templated":true}]}}