{"id":21169,"date":"2026-04-29T21:05:30","date_gmt":"2026-04-30T00:05:30","guid":{"rendered":"https:\/\/fmgente.com.ar\/web\/quien-es-y-cuanto-cobra-el-diputado-libertario-que-se-durmio-en-el-congreso\/"},"modified":"2026-04-29T21:05:30","modified_gmt":"2026-04-30T00:05:30","slug":"quien-es-y-cuanto-cobra-el-diputado-libertario-que-se-durmio-en-el-congreso","status":"publish","type":"post","link":"https:\/\/fmgente.com.ar\/web\/quien-es-y-cuanto-cobra-el-diputado-libertario-que-se-durmio-en-el-congreso\/","title":{"rendered":"Qui\u00e9n es y cu\u00e1nto cobra el diputado libertario que se durmi\u00f3 en el Congreso"},"content":{"rendered":"<p>Buenos Aires, 29 abril (NA) \u2013 Una escena ins\u00f3lita se vivi\u00f3 este martes en la C\u00e1mara de Diputados, cuando el legislador de La Libertad Avanza Sergio Figliuolo, conocido como \u201cTronco\u201d, fue captado dormido en plena sesi\u00f3n mientras expon\u00eda el jefe de Gabinete, Manuel Adorni.<\/p>\n<p>El episodio ocurri\u00f3 en medio de una jornada de alta relevancia pol\u00edtica, en la que Adorni brindaba su informe ante el Congreso, en el medio de gritos y discusiones.<\/p>\n<p>El hecho cobra mayor notoriedad al considerar las cifras que perciben los diputados nacionales. Seg\u00fan datos actualizados, un legislador cobrar\u00e1 en abril poco m\u00e1s de 8 millones de pesos brutos, lo que reaviv\u00f3 el debate sobre el desempe\u00f1o y la responsabilidad de los representantes p\u00fablicos.<\/p>\n<p>#AgenciaNA<\/p>\n","protected":false},"excerpt":{"rendered":"<p>Buenos Aires, 29 abril (NA) \u2013 Una escena ins\u00f3lita se vivi\u00f3 este martes en la<\/p>\n","protected":false},"author":0,"featured_media":21170,"comment_status":"","ping_status":"","sticky":false,"template":"","format":"standard","meta":{"footnotes":""},"categories":[1],"tags":[],"class_list":["post-21169","post","type-post","status-publish","format-standard","has-post-thumbnail","hentry","category-regionales"],"yoast_head":"<!-- This site is optimized with the Yoast SEO plugin v27.4 - https:\/\/yoast.com\/product\/yoast-seo-wordpress\/ -->\n<title>Qui\u00e9n es y cu\u00e1nto cobra el diputado libertario que se durmi\u00f3 en el Congreso - Fm Gente<\/title>\n<meta name=\"robots\" content=\"index, follow, max-snippet:-1, max-image-preview:large, max-video-preview:-1\" \/>\n<link rel=\"canonical\" href=\"https:\/\/fmgente.com.ar\/web\/quien-es-y-cuanto-cobra-el-diputado-libertario-que-se-durmio-en-el-congreso\/\" \/>\n<meta property=\"og:locale\" content=\"es_ES\" \/>\n<meta property=\"og:type\" content=\"article\" \/>\n<meta property=\"og:title\" content=\"Qui\u00e9n es y cu\u00e1nto cobra el diputado libertario que se durmi\u00f3 en el Congreso - Fm Gente\" \/>\n<meta property=\"og:description\" content=\"Buenos Aires, 29 abril (NA) \u2013 Una escena ins\u00f3lita se vivi\u00f3 este martes en la\" \/>\n<meta property=\"og:url\" content=\"https:\/\/fmgente.com.ar\/web\/quien-es-y-cuanto-cobra-el-diputado-libertario-que-se-durmio-en-el-congreso\/\" \/>\n<meta property=\"og:site_name\" content=\"Fm Gente\" \/>\n<meta property=\"article:published_time\" content=\"2026-04-30T00:05:30+00:00\" \/>\n<meta name=\"twitter:card\" content=\"summary_large_image\" \/>\n<meta name=\"twitter:label1\" content=\"Tiempo de lectura\" \/>\n\t<meta name=\"twitter:data1\" content=\"1 minuto\" \/>\n<script type=\"application\/ld+json\" class=\"yoast-schema-graph\">{\"@context\":\"https:\\\/\\\/schema.org\",\"@graph\":[{\"@type\":\"Article\",\"@id\":\"https:\\\/\\\/fmgente.com.ar\\\/web\\\/quien-es-y-cuanto-cobra-el-diputado-libertario-que-se-durmio-en-el-congreso\\\/#article\",\"isPartOf\":{\"@id\":\"https:\\\/\\\/fmgente.com.ar\\\/web\\\/quien-es-y-cuanto-cobra-el-diputado-libertario-que-se-durmio-en-el-congreso\\\/\"},\"author\":{\"name\":\"\",\"@id\":\"\"},\"headline\":\"Qui\u00e9n es y cu\u00e1nto cobra el diputado libertario que se durmi\u00f3 en el Congreso\",\"datePublished\":\"2026-04-30T00:05:30+00:00\",\"mainEntityOfPage\":{\"@id\":\"https:\\\/\\\/fmgente.com.ar\\\/web\\\/quien-es-y-cuanto-cobra-el-diputado-libertario-que-se-durmio-en-el-congreso\\\/\"},\"wordCount\":141,\"publisher\":{\"@id\":\"https:\\\/\\\/fmgente.com.ar\\\/web\\\/#organization\"},\"image\":{\"@id\":\"https:\\\/\\\/fmgente.com.ar\\\/web\\\/quien-es-y-cuanto-cobra-el-diputado-libertario-que-se-durmio-en-el-congreso\\\/#primaryimage\"},\"thumbnailUrl\":\"https:\\\/\\\/fmgente.com.ar\\\/web\\\/wp-content\\\/uploads\\\/2026\\\/04\\\/720-1451.jpeg\",\"articleSection\":[\"REGIONALES\"],\"inLanguage\":\"es\"},{\"@type\":\"WebPage\",\"@id\":\"https:\\\/\\\/fmgente.com.ar\\\/web\\\/quien-es-y-cuanto-cobra-el-diputado-libertario-que-se-durmio-en-el-congreso\\\/\",\"url\":\"https:\\\/\\\/fmgente.com.ar\\\/web\\\/quien-es-y-cuanto-cobra-el-diputado-libertario-que-se-durmio-en-el-congreso\\\/\",\"name\":\"Qui\u00e9n es y cu\u00e1nto cobra el diputado libertario que se durmi\u00f3 en el Congreso - Fm Gente\",\"isPartOf\":{\"@id\":\"https:\\\/\\\/fmgente.com.ar\\\/web\\\/#website\"},\"primaryImageOfPage\":{\"@id\":\"https:\\\/\\\/fmgente.com.ar\\\/web\\\/quien-es-y-cuanto-cobra-el-diputado-libertario-que-se-durmio-en-el-congreso\\\/#primaryimage\"},\"image\":{\"@id\":\"https:\\\/\\\/fmgente.com.ar\\\/web\\\/quien-es-y-cuanto-cobra-el-diputado-libertario-que-se-durmio-en-el-congreso\\\/#primaryimage\"},\"thumbnailUrl\":\"https:\\\/\\\/fmgente.com.ar\\\/web\\\/wp-content\\\/uploads\\\/2026\\\/04\\\/720-1451.jpeg\",\"datePublished\":\"2026-04-30T00:05:30+00:00\",\"inLanguage\":\"es\",\"potentialAction\":[{\"@type\":\"ReadAction\",\"target\":[\"https:\\\/\\\/fmgente.com.ar\\\/web\\\/quien-es-y-cuanto-cobra-el-diputado-libertario-que-se-durmio-en-el-congreso\\\/\"]}]},{\"@type\":\"ImageObject\",\"inLanguage\":\"es\",\"@id\":\"https:\\\/\\\/fmgente.com.ar\\\/web\\\/quien-es-y-cuanto-cobra-el-diputado-libertario-que-se-durmio-en-el-congreso\\\/#primaryimage\",\"url\":\"https:\\\/\\\/fmgente.com.ar\\\/web\\\/wp-content\\\/uploads\\\/2026\\\/04\\\/720-1451.jpeg\",\"contentUrl\":\"https:\\\/\\\/fmgente.com.ar\\\/web\\\/wp-content\\\/uploads\\\/2026\\\/04\\\/720-1451.jpeg\",\"width\":1280,\"height\":580},{\"@type\":\"WebSite\",\"@id\":\"https:\\\/\\\/fmgente.com.ar\\\/web\\\/#website\",\"url\":\"https:\\\/\\\/fmgente.com.ar\\\/web\\\/\",\"name\":\"Fm Gente\",\"description\":\"- Jes\u00fas Mar\u00eda\",\"publisher\":{\"@id\":\"https:\\\/\\\/fmgente.com.ar\\\/web\\\/#organization\"},\"potentialAction\":[{\"@type\":\"SearchAction\",\"target\":{\"@type\":\"EntryPoint\",\"urlTemplate\":\"https:\\\/\\\/fmgente.com.ar\\\/web\\\/?s={search_term_string}\"},\"query-input\":{\"@type\":\"PropertyValueSpecification\",\"valueRequired\":true,\"valueName\":\"search_term_string\"}}],\"inLanguage\":\"es\"},{\"@type\":\"Organization\",\"@id\":\"https:\\\/\\\/fmgente.com.ar\\\/web\\\/#organization\",\"name\":\"Fm Gente\",\"url\":\"https:\\\/\\\/fmgente.com.ar\\\/web\\\/\",\"logo\":{\"@type\":\"ImageObject\",\"inLanguage\":\"es\",\"@id\":\"https:\\\/\\\/fmgente.com.ar\\\/web\\\/#\\\/schema\\\/logo\\\/image\\\/\",\"url\":\"https:\\\/\\\/fmgente.com.ar\\\/web\\\/wp-content\\\/uploads\\\/2023\\\/07\\\/cropped-cropped-logo-sombra2.png\",\"contentUrl\":\"https:\\\/\\\/fmgente.com.ar\\\/web\\\/wp-content\\\/uploads\\\/2023\\\/07\\\/cropped-cropped-logo-sombra2.png\",\"width\":1782,\"height\":1782,\"caption\":\"Fm Gente\"},\"image\":{\"@id\":\"https:\\\/\\\/fmgente.com.ar\\\/web\\\/#\\\/schema\\\/logo\\\/image\\\/\"}}]}<\/script>\n<!-- \/ Yoast SEO plugin. -->","yoast_head_json":{"title":"Qui\u00e9n es y cu\u00e1nto cobra el diputado libertario que se durmi\u00f3 en el Congreso - Fm Gente","robots":{"index":"index","follow":"follow","max-snippet":"max-snippet:-1","max-image-preview":"max-image-preview:large","max-video-preview":"max-video-preview:-1"},"canonical":"https:\/\/fmgente.com.ar\/web\/quien-es-y-cuanto-cobra-el-diputado-libertario-que-se-durmio-en-el-congreso\/","og_locale":"es_ES","og_type":"article","og_title":"Qui\u00e9n es y cu\u00e1nto cobra el diputado libertario que se durmi\u00f3 en el Congreso - Fm Gente","og_description":"Buenos Aires, 29 abril (NA) \u2013 Una escena ins\u00f3lita se vivi\u00f3 este martes en la","og_url":"https:\/\/fmgente.com.ar\/web\/quien-es-y-cuanto-cobra-el-diputado-libertario-que-se-durmio-en-el-congreso\/","og_site_name":"Fm Gente","article_published_time":"2026-04-30T00:05:30+00:00","twitter_card":"summary_large_image","twitter_misc":{"Tiempo de lectura":"1 minuto"},"schema":{"@context":"https:\/\/schema.org","@graph":[{"@type":"Article","@id":"https:\/\/fmgente.com.ar\/web\/quien-es-y-cuanto-cobra-el-diputado-libertario-que-se-durmio-en-el-congreso\/#article","isPartOf":{"@id":"https:\/\/fmgente.com.ar\/web\/quien-es-y-cuanto-cobra-el-diputado-libertario-que-se-durmio-en-el-congreso\/"},"author":{"name":"","@id":""},"headline":"Qui\u00e9n es y cu\u00e1nto cobra el diputado libertario que se durmi\u00f3 en el Congreso","datePublished":"2026-04-30T00:05:30+00:00","mainEntityOfPage":{"@id":"https:\/\/fmgente.com.ar\/web\/quien-es-y-cuanto-cobra-el-diputado-libertario-que-se-durmio-en-el-congreso\/"},"wordCount":141,"publisher":{"@id":"https:\/\/fmgente.com.ar\/web\/#organization"},"image":{"@id":"https:\/\/fmgente.com.ar\/web\/quien-es-y-cuanto-cobra-el-diputado-libertario-que-se-durmio-en-el-congreso\/#primaryimage"},"thumbnailUrl":"https:\/\/fmgente.com.ar\/web\/wp-content\/uploads\/2026\/04\/720-1451.jpeg","articleSection":["REGIONALES"],"inLanguage":"es"},{"@type":"WebPage","@id":"https:\/\/fmgente.com.ar\/web\/quien-es-y-cuanto-cobra-el-diputado-libertario-que-se-durmio-en-el-congreso\/","url":"https:\/\/fmgente.com.ar\/web\/quien-es-y-cuanto-cobra-el-diputado-libertario-que-se-durmio-en-el-congreso\/","name":"Qui\u00e9n es y cu\u00e1nto cobra el diputado libertario que se durmi\u00f3 en el Congreso - Fm Gente","isPartOf":{"@id":"https:\/\/fmgente.com.ar\/web\/#website"},"primaryImageOfPage":{"@id":"https:\/\/fmgente.com.ar\/web\/quien-es-y-cuanto-cobra-el-diputado-libertario-que-se-durmio-en-el-congreso\/#primaryimage"},"image":{"@id":"https:\/\/fmgente.com.ar\/web\/quien-es-y-cuanto-cobra-el-diputado-libertario-que-se-durmio-en-el-congreso\/#primaryimage"},"thumbnailUrl":"https:\/\/fmgente.com.ar\/web\/wp-content\/uploads\/2026\/04\/720-1451.jpeg","datePublished":"2026-04-30T00:05:30+00:00","inLanguage":"es","potentialAction":[{"@type":"ReadAction","target":["https:\/\/fmgente.com.ar\/web\/quien-es-y-cuanto-cobra-el-diputado-libertario-que-se-durmio-en-el-congreso\/"]}]},{"@type":"ImageObject","inLanguage":"es","@id":"https:\/\/fmgente.com.ar\/web\/quien-es-y-cuanto-cobra-el-diputado-libertario-que-se-durmio-en-el-congreso\/#primaryimage","url":"https:\/\/fmgente.com.ar\/web\/wp-content\/uploads\/2026\/04\/720-1451.jpeg","contentUrl":"https:\/\/fmgente.com.ar\/web\/wp-content\/uploads\/2026\/04\/720-1451.jpeg","width":1280,"height":580},{"@type":"WebSite","@id":"https:\/\/fmgente.com.ar\/web\/#website","url":"https:\/\/fmgente.com.ar\/web\/","name":"Fm Gente","description":"- Jes\u00fas Mar\u00eda","publisher":{"@id":"https:\/\/fmgente.com.ar\/web\/#organization"},"potentialAction":[{"@type":"SearchAction","target":{"@type":"EntryPoint","urlTemplate":"https:\/\/fmgente.com.ar\/web\/?s={search_term_string}"},"query-input":{"@type":"PropertyValueSpecification","valueRequired":true,"valueName":"search_term_string"}}],"inLanguage":"es"},{"@type":"Organization","@id":"https:\/\/fmgente.com.ar\/web\/#organization","name":"Fm Gente","url":"https:\/\/fmgente.com.ar\/web\/","logo":{"@type":"ImageObject","inLanguage":"es","@id":"https:\/\/fmgente.com.ar\/web\/#\/schema\/logo\/image\/","url":"https:\/\/fmgente.com.ar\/web\/wp-content\/uploads\/2023\/07\/cropped-cropped-logo-sombra2.png","contentUrl":"https:\/\/fmgente.com.ar\/web\/wp-content\/uploads\/2023\/07\/cropped-cropped-logo-sombra2.png","width":1782,"height":1782,"caption":"Fm Gente"},"image":{"@id":"https:\/\/fmgente.com.ar\/web\/#\/schema\/logo\/image\/"}}]}},"_links":{"self":[{"href":"https:\/\/fmgente.com.ar\/web\/wp-json\/wp\/v2\/posts\/21169","targetHints":{"allow":["GET"]}}],"collection":[{"href":"https:\/\/fmgente.com.ar\/web\/wp-json\/wp\/v2\/posts"}],"about":[{"href":"https:\/\/fmgente.com.ar\/web\/wp-json\/wp\/v2\/types\/post"}],"replies":[{"embeddable":true,"href":"https:\/\/fmgente.com.ar\/web\/wp-json\/wp\/v2\/comments?post=21169"}],"version-history":[{"count":0,"href":"https:\/\/fmgente.com.ar\/web\/wp-json\/wp\/v2\/posts\/21169\/revisions"}],"wp:featuredmedia":[{"embeddable":true,"href":"https:\/\/fmgente.com.ar\/web\/wp-json\/wp\/v2\/media\/21170"}],"wp:attachment":[{"href":"https:\/\/fmgente.com.ar\/web\/wp-json\/wp\/v2\/media?parent=21169"}],"wp:term":[{"taxonomy":"category","embeddable":true,"href":"https:\/\/fmgente.com.ar\/web\/wp-json\/wp\/v2\/categories?post=21169"},{"taxonomy":"post_tag","embeddable":true,"href":"https:\/\/fmgente.com.ar\/web\/wp-json\/wp\/v2\/tags?post=21169"}],"curies":[{"name":"wp","href":"https:\/\/api.w.org\/{rel}","templated":true}]}}