{"id":21151,"date":"2026-04-29T20:05:59","date_gmt":"2026-04-29T23:05:59","guid":{"rendered":"https:\/\/fmgente.com.ar\/web\/controles-antinarcoticos-un-detenido-y-secuestro-de-drogas-en-la-terminal-de-omnibus-de-cordoba\/"},"modified":"2026-04-29T20:05:59","modified_gmt":"2026-04-29T23:05:59","slug":"controles-antinarcoticos-un-detenido-y-secuestro-de-drogas-en-la-terminal-de-omnibus-de-cordoba","status":"publish","type":"post","link":"https:\/\/fmgente.com.ar\/web\/controles-antinarcoticos-un-detenido-y-secuestro-de-drogas-en-la-terminal-de-omnibus-de-cordoba\/","title":{"rendered":"CONTROLES ANTINARC\u00d3TICOS: UN DETENIDO Y SECUESTRO DE DROGAS EN LA TERMINAL DE \u00d3MNIBUS DE C\u00d3RDOBA"},"content":{"rendered":"<p>Como parte de las acciones de prevenci\u00f3n y controles realizadas en la provincia de C\u00f3rdoba, efectivos de la Compa\u00f1\u00eda de Intervenciones Especiales detuvieron a un sujeto mayor de edad en la ciudad de C\u00f3rdoba.<\/p>\n<p>Durante un control de pasajeros en la terminal de \u00f3mnibus de la ciudad de C\u00f3rdoba, personal de la FPA control\u00f3 a dos hombres mayores de edad. Tras el palpado preventivo y las tareas de control correspondiente, se hallaron varias dosis de marihuana, una balanza digital y otros elementos de inter\u00e9s para la causa, por lo que uno de ellos qued\u00f3 aprehendido.<\/p>\n<p>Adem\u00e1s, en un control vehicular interno desarrollado sobre Ruta Nacional 36, a la altura del Peaje Bower, fueron controladas varias personas y veh\u00edculos. Como resultado del procedimiento, se secuestraron varias dosis de marihuana.<\/p>\n<p>Asimismo, se desarrollaron tareas operativas en las localidades de San Antonio de Lit\u00edn, Cintra, Chilibroste, Saira, Villa Cura Brochero, Las Rabonas, Mina Clavero, R\u00edo Cuarto, Villa Mar\u00eda y San Francisco.<\/p>\n<p>Por directivas de la Fiscal\u00eda de Lucha contra el Narcotr\u00e1fico del Tercer Turno, se dispuso la aprehensi\u00f3n del masculino mayor de edad, adem\u00e1s del secuestro de los elementos mencionados.<\/p>\n<p><img decoding=\"async\" loading=\"lazy\" class=\"alignnone wp-image-56969\" src=\"https:\/\/www.mpfcordoba.gob.ar\/wp-content\/uploads\/2026\/04\/WhatsApp-Image-2026-04-28-at-1.33.33-PM.jpeg\" alt=\"\" width=\"550\" height=\"578\" \/><\/p>\n<p><img decoding=\"async\" loading=\"lazy\" class=\"alignnone wp-image-56970\" src=\"https:\/\/www.mpfcordoba.gob.ar\/wp-content\/uploads\/2026\/04\/WhatsApp-Image-2026-04-28-at-1.30.28-PM-2.jpeg\" alt=\"\" width=\"550\" height=\"413\" \/><\/p>\n<p><img decoding=\"async\" loading=\"lazy\" class=\"alignnone wp-image-56971\" src=\"https:\/\/www.mpfcordoba.gob.ar\/wp-content\/uploads\/2026\/04\/WhatsApp-Image-2026-04-28-at-1.30.28-PM-1.jpeg\" alt=\"\" width=\"550\" height=\"413\" \/><\/p>\n<p><img decoding=\"async\" loading=\"lazy\" class=\"alignnone wp-image-56972\" src=\"https:\/\/www.mpfcordoba.gob.ar\/wp-content\/uploads\/2026\/04\/WhatsApp-Image-2026-04-28-at-1.30.28-PM.jpeg\" alt=\"\" width=\"550\" height=\"413\" \/><\/p>\n<p><img decoding=\"async\" loading=\"lazy\" class=\"alignnone wp-image-56973\" src=\"https:\/\/www.mpfcordoba.gob.ar\/wp-content\/uploads\/2026\/04\/WhatsApp-Image-2026-04-28-at-1.30.27-PM.jpeg\" alt=\"\" width=\"550\" height=\"309\" \/><\/p>\n<p><img decoding=\"async\" loading=\"lazy\" class=\"alignnone wp-image-56974\" src=\"https:\/\/www.mpfcordoba.gob.ar\/wp-content\/uploads\/2026\/04\/WhatsApp-Image-2026-04-28-at-1.05.51-PM.jpeg\" alt=\"\" width=\"550\" height=\"724\" \/><\/p>\n","protected":false},"excerpt":{"rendered":"<p>Como parte de las acciones de prevenci\u00f3n y controles realizadas en la provincia de C\u00f3rdoba,<\/p>\n","protected":false},"author":0,"featured_media":21152,"comment_status":"","ping_status":"","sticky":false,"template":"","format":"standard","meta":{"footnotes":""},"categories":[1794],"tags":[],"class_list":["post-21151","post","type-post","status-publish","format-standard","has-post-thumbnail","hentry","category-policiales"],"yoast_head":"<!-- This site is optimized with the Yoast SEO plugin v27.4 - https:\/\/yoast.com\/product\/yoast-seo-wordpress\/ -->\n<title>CONTROLES ANTINARC\u00d3TICOS: UN DETENIDO Y SECUESTRO DE DROGAS EN LA TERMINAL DE \u00d3MNIBUS DE C\u00d3RDOBA - Fm Gente<\/title>\n<meta name=\"robots\" content=\"index, follow, max-snippet:-1, max-image-preview:large, max-video-preview:-1\" \/>\n<link rel=\"canonical\" href=\"https:\/\/fmgente.com.ar\/web\/controles-antinarcoticos-un-detenido-y-secuestro-de-drogas-en-la-terminal-de-omnibus-de-cordoba\/\" \/>\n<meta property=\"og:locale\" content=\"es_ES\" \/>\n<meta property=\"og:type\" content=\"article\" \/>\n<meta property=\"og:title\" content=\"CONTROLES ANTINARC\u00d3TICOS: UN DETENIDO Y SECUESTRO DE DROGAS EN LA TERMINAL DE \u00d3MNIBUS DE C\u00d3RDOBA - Fm Gente\" \/>\n<meta property=\"og:description\" content=\"Como parte de las acciones de prevenci\u00f3n y controles realizadas en la provincia de C\u00f3rdoba,\" \/>\n<meta property=\"og:url\" content=\"https:\/\/fmgente.com.ar\/web\/controles-antinarcoticos-un-detenido-y-secuestro-de-drogas-en-la-terminal-de-omnibus-de-cordoba\/\" \/>\n<meta property=\"og:site_name\" content=\"Fm Gente\" \/>\n<meta property=\"article:published_time\" content=\"2026-04-29T23:05:59+00:00\" \/>\n<meta name=\"twitter:card\" content=\"summary_large_image\" \/>\n<meta name=\"twitter:label1\" content=\"Tiempo de lectura\" \/>\n\t<meta name=\"twitter:data1\" content=\"1 minuto\" \/>\n<script type=\"application\/ld+json\" class=\"yoast-schema-graph\">{\"@context\":\"https:\\\/\\\/schema.org\",\"@graph\":[{\"@type\":\"Article\",\"@id\":\"https:\\\/\\\/fmgente.com.ar\\\/web\\\/controles-antinarcoticos-un-detenido-y-secuestro-de-drogas-en-la-terminal-de-omnibus-de-cordoba\\\/#article\",\"isPartOf\":{\"@id\":\"https:\\\/\\\/fmgente.com.ar\\\/web\\\/controles-antinarcoticos-un-detenido-y-secuestro-de-drogas-en-la-terminal-de-omnibus-de-cordoba\\\/\"},\"author\":{\"name\":\"\",\"@id\":\"\"},\"headline\":\"CONTROLES ANTINARC\u00d3TICOS: UN DETENIDO Y SECUESTRO DE DROGAS EN LA TERMINAL DE \u00d3MNIBUS DE C\u00d3RDOBA\",\"datePublished\":\"2026-04-29T23:05:59+00:00\",\"mainEntityOfPage\":{\"@id\":\"https:\\\/\\\/fmgente.com.ar\\\/web\\\/controles-antinarcoticos-un-detenido-y-secuestro-de-drogas-en-la-terminal-de-omnibus-de-cordoba\\\/\"},\"wordCount\":218,\"publisher\":{\"@id\":\"https:\\\/\\\/fmgente.com.ar\\\/web\\\/#organization\"},\"image\":{\"@id\":\"https:\\\/\\\/fmgente.com.ar\\\/web\\\/controles-antinarcoticos-un-detenido-y-secuestro-de-drogas-en-la-terminal-de-omnibus-de-cordoba\\\/#primaryimage\"},\"thumbnailUrl\":\"https:\\\/\\\/fmgente.com.ar\\\/web\\\/wp-content\\\/uploads\\\/2026\\\/04\\\/WhatsApp-Image-2026-04-28-at-1.33.33-PM.jpeg\",\"articleSection\":[\"POLICIALES\"],\"inLanguage\":\"es\"},{\"@type\":\"WebPage\",\"@id\":\"https:\\\/\\\/fmgente.com.ar\\\/web\\\/controles-antinarcoticos-un-detenido-y-secuestro-de-drogas-en-la-terminal-de-omnibus-de-cordoba\\\/\",\"url\":\"https:\\\/\\\/fmgente.com.ar\\\/web\\\/controles-antinarcoticos-un-detenido-y-secuestro-de-drogas-en-la-terminal-de-omnibus-de-cordoba\\\/\",\"name\":\"CONTROLES ANTINARC\u00d3TICOS: UN DETENIDO Y SECUESTRO DE DROGAS EN LA TERMINAL DE \u00d3MNIBUS DE C\u00d3RDOBA - Fm Gente\",\"isPartOf\":{\"@id\":\"https:\\\/\\\/fmgente.com.ar\\\/web\\\/#website\"},\"primaryImageOfPage\":{\"@id\":\"https:\\\/\\\/fmgente.com.ar\\\/web\\\/controles-antinarcoticos-un-detenido-y-secuestro-de-drogas-en-la-terminal-de-omnibus-de-cordoba\\\/#primaryimage\"},\"image\":{\"@id\":\"https:\\\/\\\/fmgente.com.ar\\\/web\\\/controles-antinarcoticos-un-detenido-y-secuestro-de-drogas-en-la-terminal-de-omnibus-de-cordoba\\\/#primaryimage\"},\"thumbnailUrl\":\"https:\\\/\\\/fmgente.com.ar\\\/web\\\/wp-content\\\/uploads\\\/2026\\\/04\\\/WhatsApp-Image-2026-04-28-at-1.33.33-PM.jpeg\",\"datePublished\":\"2026-04-29T23:05:59+00:00\",\"inLanguage\":\"es\",\"potentialAction\":[{\"@type\":\"ReadAction\",\"target\":[\"https:\\\/\\\/fmgente.com.ar\\\/web\\\/controles-antinarcoticos-un-detenido-y-secuestro-de-drogas-en-la-terminal-de-omnibus-de-cordoba\\\/\"]}]},{\"@type\":\"ImageObject\",\"inLanguage\":\"es\",\"@id\":\"https:\\\/\\\/fmgente.com.ar\\\/web\\\/controles-antinarcoticos-un-detenido-y-secuestro-de-drogas-en-la-terminal-de-omnibus-de-cordoba\\\/#primaryimage\",\"url\":\"https:\\\/\\\/fmgente.com.ar\\\/web\\\/wp-content\\\/uploads\\\/2026\\\/04\\\/WhatsApp-Image-2026-04-28-at-1.33.33-PM.jpeg\",\"contentUrl\":\"https:\\\/\\\/fmgente.com.ar\\\/web\\\/wp-content\\\/uploads\\\/2026\\\/04\\\/WhatsApp-Image-2026-04-28-at-1.33.33-PM.jpeg\",\"width\":1217,\"height\":1280},{\"@type\":\"WebSite\",\"@id\":\"https:\\\/\\\/fmgente.com.ar\\\/web\\\/#website\",\"url\":\"https:\\\/\\\/fmgente.com.ar\\\/web\\\/\",\"name\":\"Fm Gente\",\"description\":\"- Jes\u00fas Mar\u00eda\",\"publisher\":{\"@id\":\"https:\\\/\\\/fmgente.com.ar\\\/web\\\/#organization\"},\"potentialAction\":[{\"@type\":\"SearchAction\",\"target\":{\"@type\":\"EntryPoint\",\"urlTemplate\":\"https:\\\/\\\/fmgente.com.ar\\\/web\\\/?s={search_term_string}\"},\"query-input\":{\"@type\":\"PropertyValueSpecification\",\"valueRequired\":true,\"valueName\":\"search_term_string\"}}],\"inLanguage\":\"es\"},{\"@type\":\"Organization\",\"@id\":\"https:\\\/\\\/fmgente.com.ar\\\/web\\\/#organization\",\"name\":\"Fm Gente\",\"url\":\"https:\\\/\\\/fmgente.com.ar\\\/web\\\/\",\"logo\":{\"@type\":\"ImageObject\",\"inLanguage\":\"es\",\"@id\":\"https:\\\/\\\/fmgente.com.ar\\\/web\\\/#\\\/schema\\\/logo\\\/image\\\/\",\"url\":\"https:\\\/\\\/fmgente.com.ar\\\/web\\\/wp-content\\\/uploads\\\/2023\\\/07\\\/cropped-cropped-logo-sombra2.png\",\"contentUrl\":\"https:\\\/\\\/fmgente.com.ar\\\/web\\\/wp-content\\\/uploads\\\/2023\\\/07\\\/cropped-cropped-logo-sombra2.png\",\"width\":1782,\"height\":1782,\"caption\":\"Fm Gente\"},\"image\":{\"@id\":\"https:\\\/\\\/fmgente.com.ar\\\/web\\\/#\\\/schema\\\/logo\\\/image\\\/\"}}]}<\/script>\n<!-- \/ Yoast SEO plugin. -->","yoast_head_json":{"title":"CONTROLES ANTINARC\u00d3TICOS: UN DETENIDO Y SECUESTRO DE DROGAS EN LA TERMINAL DE \u00d3MNIBUS DE C\u00d3RDOBA - Fm Gente","robots":{"index":"index","follow":"follow","max-snippet":"max-snippet:-1","max-image-preview":"max-image-preview:large","max-video-preview":"max-video-preview:-1"},"canonical":"https:\/\/fmgente.com.ar\/web\/controles-antinarcoticos-un-detenido-y-secuestro-de-drogas-en-la-terminal-de-omnibus-de-cordoba\/","og_locale":"es_ES","og_type":"article","og_title":"CONTROLES ANTINARC\u00d3TICOS: UN DETENIDO Y SECUESTRO DE DROGAS EN LA TERMINAL DE \u00d3MNIBUS DE C\u00d3RDOBA - Fm Gente","og_description":"Como parte de las acciones de prevenci\u00f3n y controles realizadas en la provincia de C\u00f3rdoba,","og_url":"https:\/\/fmgente.com.ar\/web\/controles-antinarcoticos-un-detenido-y-secuestro-de-drogas-en-la-terminal-de-omnibus-de-cordoba\/","og_site_name":"Fm Gente","article_published_time":"2026-04-29T23:05:59+00:00","twitter_card":"summary_large_image","twitter_misc":{"Tiempo de lectura":"1 minuto"},"schema":{"@context":"https:\/\/schema.org","@graph":[{"@type":"Article","@id":"https:\/\/fmgente.com.ar\/web\/controles-antinarcoticos-un-detenido-y-secuestro-de-drogas-en-la-terminal-de-omnibus-de-cordoba\/#article","isPartOf":{"@id":"https:\/\/fmgente.com.ar\/web\/controles-antinarcoticos-un-detenido-y-secuestro-de-drogas-en-la-terminal-de-omnibus-de-cordoba\/"},"author":{"name":"","@id":""},"headline":"CONTROLES ANTINARC\u00d3TICOS: UN DETENIDO Y SECUESTRO DE DROGAS EN LA TERMINAL DE \u00d3MNIBUS DE C\u00d3RDOBA","datePublished":"2026-04-29T23:05:59+00:00","mainEntityOfPage":{"@id":"https:\/\/fmgente.com.ar\/web\/controles-antinarcoticos-un-detenido-y-secuestro-de-drogas-en-la-terminal-de-omnibus-de-cordoba\/"},"wordCount":218,"publisher":{"@id":"https:\/\/fmgente.com.ar\/web\/#organization"},"image":{"@id":"https:\/\/fmgente.com.ar\/web\/controles-antinarcoticos-un-detenido-y-secuestro-de-drogas-en-la-terminal-de-omnibus-de-cordoba\/#primaryimage"},"thumbnailUrl":"https:\/\/fmgente.com.ar\/web\/wp-content\/uploads\/2026\/04\/WhatsApp-Image-2026-04-28-at-1.33.33-PM.jpeg","articleSection":["POLICIALES"],"inLanguage":"es"},{"@type":"WebPage","@id":"https:\/\/fmgente.com.ar\/web\/controles-antinarcoticos-un-detenido-y-secuestro-de-drogas-en-la-terminal-de-omnibus-de-cordoba\/","url":"https:\/\/fmgente.com.ar\/web\/controles-antinarcoticos-un-detenido-y-secuestro-de-drogas-en-la-terminal-de-omnibus-de-cordoba\/","name":"CONTROLES ANTINARC\u00d3TICOS: UN DETENIDO Y SECUESTRO DE DROGAS EN LA TERMINAL DE \u00d3MNIBUS DE C\u00d3RDOBA - Fm Gente","isPartOf":{"@id":"https:\/\/fmgente.com.ar\/web\/#website"},"primaryImageOfPage":{"@id":"https:\/\/fmgente.com.ar\/web\/controles-antinarcoticos-un-detenido-y-secuestro-de-drogas-en-la-terminal-de-omnibus-de-cordoba\/#primaryimage"},"image":{"@id":"https:\/\/fmgente.com.ar\/web\/controles-antinarcoticos-un-detenido-y-secuestro-de-drogas-en-la-terminal-de-omnibus-de-cordoba\/#primaryimage"},"thumbnailUrl":"https:\/\/fmgente.com.ar\/web\/wp-content\/uploads\/2026\/04\/WhatsApp-Image-2026-04-28-at-1.33.33-PM.jpeg","datePublished":"2026-04-29T23:05:59+00:00","inLanguage":"es","potentialAction":[{"@type":"ReadAction","target":["https:\/\/fmgente.com.ar\/web\/controles-antinarcoticos-un-detenido-y-secuestro-de-drogas-en-la-terminal-de-omnibus-de-cordoba\/"]}]},{"@type":"ImageObject","inLanguage":"es","@id":"https:\/\/fmgente.com.ar\/web\/controles-antinarcoticos-un-detenido-y-secuestro-de-drogas-en-la-terminal-de-omnibus-de-cordoba\/#primaryimage","url":"https:\/\/fmgente.com.ar\/web\/wp-content\/uploads\/2026\/04\/WhatsApp-Image-2026-04-28-at-1.33.33-PM.jpeg","contentUrl":"https:\/\/fmgente.com.ar\/web\/wp-content\/uploads\/2026\/04\/WhatsApp-Image-2026-04-28-at-1.33.33-PM.jpeg","width":1217,"height":1280},{"@type":"WebSite","@id":"https:\/\/fmgente.com.ar\/web\/#website","url":"https:\/\/fmgente.com.ar\/web\/","name":"Fm Gente","description":"- Jes\u00fas Mar\u00eda","publisher":{"@id":"https:\/\/fmgente.com.ar\/web\/#organization"},"potentialAction":[{"@type":"SearchAction","target":{"@type":"EntryPoint","urlTemplate":"https:\/\/fmgente.com.ar\/web\/?s={search_term_string}"},"query-input":{"@type":"PropertyValueSpecification","valueRequired":true,"valueName":"search_term_string"}}],"inLanguage":"es"},{"@type":"Organization","@id":"https:\/\/fmgente.com.ar\/web\/#organization","name":"Fm Gente","url":"https:\/\/fmgente.com.ar\/web\/","logo":{"@type":"ImageObject","inLanguage":"es","@id":"https:\/\/fmgente.com.ar\/web\/#\/schema\/logo\/image\/","url":"https:\/\/fmgente.com.ar\/web\/wp-content\/uploads\/2023\/07\/cropped-cropped-logo-sombra2.png","contentUrl":"https:\/\/fmgente.com.ar\/web\/wp-content\/uploads\/2023\/07\/cropped-cropped-logo-sombra2.png","width":1782,"height":1782,"caption":"Fm Gente"},"image":{"@id":"https:\/\/fmgente.com.ar\/web\/#\/schema\/logo\/image\/"}}]}},"_links":{"self":[{"href":"https:\/\/fmgente.com.ar\/web\/wp-json\/wp\/v2\/posts\/21151","targetHints":{"allow":["GET"]}}],"collection":[{"href":"https:\/\/fmgente.com.ar\/web\/wp-json\/wp\/v2\/posts"}],"about":[{"href":"https:\/\/fmgente.com.ar\/web\/wp-json\/wp\/v2\/types\/post"}],"replies":[{"embeddable":true,"href":"https:\/\/fmgente.com.ar\/web\/wp-json\/wp\/v2\/comments?post=21151"}],"version-history":[{"count":0,"href":"https:\/\/fmgente.com.ar\/web\/wp-json\/wp\/v2\/posts\/21151\/revisions"}],"wp:featuredmedia":[{"embeddable":true,"href":"https:\/\/fmgente.com.ar\/web\/wp-json\/wp\/v2\/media\/21152"}],"wp:attachment":[{"href":"https:\/\/fmgente.com.ar\/web\/wp-json\/wp\/v2\/media?parent=21151"}],"wp:term":[{"taxonomy":"category","embeddable":true,"href":"https:\/\/fmgente.com.ar\/web\/wp-json\/wp\/v2\/categories?post=21151"},{"taxonomy":"post_tag","embeddable":true,"href":"https:\/\/fmgente.com.ar\/web\/wp-json\/wp\/v2\/tags?post=21151"}],"curies":[{"name":"wp","href":"https:\/\/api.w.org\/{rel}","templated":true}]}}