{"id":21143,"date":"2026-04-29T20:05:48","date_gmt":"2026-04-29T23:05:48","guid":{"rendered":"https:\/\/fmgente.com.ar\/web\/dos-docentes-detenidas-por-maltratos-en-un-jardin-de-infantes-privado-en-cordoba\/"},"modified":"2026-04-29T20:05:48","modified_gmt":"2026-04-29T23:05:48","slug":"dos-docentes-detenidas-por-maltratos-en-un-jardin-de-infantes-privado-en-cordoba","status":"publish","type":"post","link":"https:\/\/fmgente.com.ar\/web\/dos-docentes-detenidas-por-maltratos-en-un-jardin-de-infantes-privado-en-cordoba\/","title":{"rendered":"Dos docentes detenidas por maltratos en un jard\u00edn de infantes privado en C\u00f3rdoba"},"content":{"rendered":"<div class=\"tVu25\">\n<div class=\"nH\">\n<div class=\"nH\">\n<div class=\"nH aqk aql bkL\">\n<div class=\"nH bkK\">\n<div class=\"nH\">\n<div class=\"nH ar4 z\">\n<div class=\"\">\n<div class=\"AO\">\n<div id=\":3\" class=\"Tm aeJ cgjhk\">\n<div id=\":1\" class=\"aeF\">\n<div class=\"nH\">\n<div class=\"nH\" role=\"main\">\n<div class=\"nH g\">\n<div class=\"nH a98 iY\">\n<div class=\"nH\">\n<div class=\"aHU hx\">\n<div role=\"list\">\n<div class=\"h7 ie\" role=\"listitem\" aria-expanded=\"true\">\n<div class=\"Bk\">\n<div class=\"G3 G2\">\n<div>\n<div id=\"avWBGd-842\">\n<div id=\"avWBGd-843\">\n<div class=\"adn ads\" data-message-id=\"#msg-a:r-8749904615237648761\" data-legacy-message-id=\"19dda03f8462202e\">\n<div class=\"gs\">\n<div class=\" \">\n<div id=\":162\" class=\"ii gt\">\n<div id=\":161\" class=\"a3s aiL \">\n<div id=\"avWBGd-859\">\n<div dir=\"auto\">\n<div dir=\"auto\">La Fiscal\u00eda de Instrucci\u00f3n del Distrito III Turno 6, a cargo de Iv\u00e1n Rodr\u00edguez, detuvo a dos docentes de un jard\u00edn de infantes privado ubicado en barrio Cofico de la ciudad de C\u00f3rdoba por hechos relacionados a epidodios de maltrato en contra de ni\u00f1as y ni\u00f1os.<\/div>\n<div dir=\"auto\">A la maestra de la sala, detenida desde hace varios d\u00edas, se le tomar\u00e1 declaraci\u00f3n en calidad de imputada como supuesta autora de hechos calificados como Lesiones Leves calificadas por Alevos\u00eda Reiteradas.<\/div>\n<div dir=\"auto\">En tanto, con el avance de la investigaci\u00f3n fue posible confirmar la sospecha acerca de que la directora de ese jard\u00edn\u00a0 estaba al tanto de lo que suced\u00eda, por lo que se orden\u00f3 su detenci\u00f3n e imputaci\u00f3n por el delito de Encubriento.<\/div>\n<div dir=\"auto\">La investigaci\u00f3n sigue en desarrollo y en las pr\u00f3ximas semanas se diligenciaran distintas medidas probatorias, principalmente pericias e informes t\u00e9cnicos.<\/div>\n<\/div>\n<div class=\"yj6qo\"><\/div>\n<div class=\"adL\"><\/div>\n<\/div>\n<\/div>\n<\/div>\n<div id=\"avWBGd-860\" class=\"WhmR8e\" data-hash=\"0\"><\/div>\n<\/div>\n<\/div>\n<div class=\"ajx\"><\/div>\n<\/div>\n<div class=\"gA gt acV\">\n<div class=\"gB xu\">\n<div class=\"mVCoBd\"><\/div>\n<div class=\"ip iq\">\n<div class=\"pLw6bb\"><\/div>\n<div id=\"avWBGd-861\" class=\"bJvOmf \"><\/div>\n<\/div>\n<\/div>\n<\/div>\n<\/div>\n<\/div>\n<\/div>\n<\/div>\n<\/div>\n<\/div>\n<\/div>\n<div><\/div>\n<\/div>\n<\/div>\n<div class=\"nH btDi4d\">\n<div>\n<div>\n<div class=\"amr\">\n<div class=\"nr wR\">\n<div class=\"amn\">\n<div class=\"wrsVRe\" data-position=\"dynamic\"><\/div>\n<\/div>\n<\/div>\n<\/div>\n<\/div>\n<\/div>\n<\/div>\n<div class=\"nH\">\n<div class=\"l2\"><\/div>\n<\/div>\n<\/div>\n<\/div>\n<\/div>\n<\/div>\n<\/div>\n<\/div>\n<\/div>\n<\/div>\n<\/div>\n<\/div>\n<\/div>\n<div class=\"nH\">\n<div class=\"aUx\">\n<div class=\"bAw bcf tRcrsc\">\n<div class=\"brC-aT5-aOt-Jw\" role=\"complementary\" aria-label=\"Panel lateral\">\n<div class=\"brC-aT5-aOt-bsf-Jw\">\n<div class=\"brC-bsf-aT5-aOt\" role=\"tablist\">\n<div id=\"gsc-gab-6\" class=\"bse-bvF-I aT5-aOt-I bse-bvF-aLp\" role=\"tab\" data-guest-app-id=\"6\" aria-label=\"Calendar\"><\/div>\n<div id=\"gsc-gab-2\" class=\"bse-bvF-I aT5-aOt-I bse-bvF-a9p\" role=\"tab\" data-guest-app-id=\"2\" aria-label=\"Keep\"><\/div>\n<div id=\"gsc-gab-4\" class=\"bse-bvF-I aT5-aOt-I bse-bvF-aLp\" role=\"tab\" data-guest-app-id=\"4\" aria-label=\"Tasks\"><\/div>\n<div id=\"gsc-gab-9\" class=\"bse-bvF-I aT5-aOt-I bse-bvF-aLp\" role=\"tab\" data-guest-app-id=\"9\" aria-label=\"Contactos\"><\/div>\n<div id=\"qJTzr\" class=\"bse-bvF-I aT5-aOt-I aT5-aOt-I-JW\" role=\"tab\" aria-label=\"Descargar complementos\"><\/div>\n<\/div>\n<\/div>\n<\/div>\n<div class=\"brC-dA-I-Jw\"><\/div>\n<\/div>\n<\/div>\n<\/div>\n<\/div>\n<\/div>\n<\/div>\n<\/div>\n<div class=\"vY nq\"><\/div>\n<div>\n<div><\/div>\n<\/div>\n<div class=\"dw\">\n<div class=\"jAmAWb\"><\/div>\n<div class=\"jvV5Me\">\n<div class=\"nH lFFILd\">\n<div class=\"nH\">\n<div class=\"no\"><\/div>\n<div class=\"dJ\"><\/div>\n<\/div>\n<\/div>\n<\/div>\n<div class=\"jAmAWb\"><\/div>\n<\/div>\n<div class=\"T-ays T-ays-avH\" role=\"tooltip\">\n<div class=\"T-ays-iP\"><\/div>\n<\/div>\n<div class=\"aLF-aPX aLF-aPX-aLK-aPD-JE bhY bbM bbK bbG aLF-aPX-a9l-ax4 aLF-aPX-bhP aLF-aPX-bbE aLF-aPX-aw3\" role=\"dialog\" aria-label=\"Se est\u00e1 mostrando el visor.\" aria-hidden=\"true\">\n<div class=\"aLF-aPX-auR\" aria-label=\"Mostrando Informaci\u00f3n UFF.pdf.\"><\/div>\n<div class=\"aLF-aPX-aIC\"><\/div>\n<div class=\"aLF-aPX-aPk\">\n<div class=\"aLF-aPX-axp-I aLF-aPX-I-JE aLF-aPX-I\" role=\"button\" data-tooltip-unhoverable=\"true\" data-tooltip-delay=\"500\" data-tooltip-class=\"aLF-aPX-T-ays\" data-tooltip-align=\"r,c\" data-tooltip-offset=\"-6\"><\/div>\n<div class=\"aLF-aPX-awL-I aLF-aPX-I-JE aLF-aPX-I\" role=\"button\" data-tooltip-unhoverable=\"true\" data-tooltip-delay=\"500\" data-tooltip-class=\"aLF-aPX-T-ays\" data-tooltip-align=\"l,c\" data-tooltip-offset=\"-6\"><\/div>\n<div class=\"aLF-aPX-bhN\">\n<div class=\"aLF-aPX-aPE-aLz-bhP\" aria-label=\"P\u00e1gina 1 de 1\">\n<div class=\"aLF-aPX-aPE-aLz-avC\"><\/div>\n<div class=\"aLF-aPX-aPE-aLz-bim\"><\/div>\n<div class=\"aLF-aPX-aPE-aLz-aUD\"><\/div>\n<\/div>\n<div class=\"aLF-aPX-aMO-auF-bhP\"><\/div>\n<\/div>\n<\/div>\n<div class=\"aLF-aPX-aPU\" role=\"toolbar\">\n<div class=\"aLF-aPX-aPU-J6\">\n<div class=\"aLF-aPX-aPU-a6z\">\n<div class=\"aLF-aPX-aPU-JX\" role=\"img\" aria-label=\"Icono de PDF\"><\/div>\n<div class=\"aLF-aPX-aPU-awu\">\n<div class=\"aLF-aPX-aPU-awE\" data-tooltip-unhoverable=\"true\" data-tooltip-delay=\"500\" data-tooltip-class=\"aLF-aPX-T-ays\" data-tooltip-align=\"b,c\" data-tooltip-offset=\"-6\"><\/div>\n<div class=\"aLF-aPX-aPU-awE aLF-aPX-aPU-awE-aPK\"><\/div>\n<div class=\"aLF-aPX-aPU-biP-awE aLF-aPX-aPU-biP-awE-aPK\"><\/div>\n<\/div>\n<div class=\"aLF-aPX-aPU-Mw-P6\"><\/div>\n<\/div>\n<div class=\"aLF-aPX-aPU-Ne-P6\">\n<div class=\"aLF-aPX-aPU-Kq-a1b-aPC\"><\/div>\n<div class=\"aLF-aPX-aPU-Mw-P6\"><\/div>\n<\/div>\n<div class=\"aLF-aPX-aPU-a6I-P6\">\n<div class=\"aLF-aPX-aPU-atn\">\n<div class=\"aLF-aPX-auO-I aLF-aPX-aPU-ato-ayr-aLF J-J5-Ji aLF-aPX-I\" role=\"button\" data-tooltip-unhoverable=\"true\" data-tooltip-delay=\"500\" data-tooltip-class=\"aLF-aPX-T-ays\" data-tooltip-align=\"b,c\" data-tooltip-offset=\"-6\" aria-label=\"A\u00f1adir a Mi unidad\" aria-hidden=\"false\" data-tooltip=\"A\u00f1adir a Mi unidad\">\n<div class=\"aLF-aPX-aPU-ato-ayr-a77-aLF-JX\"><\/div>\n<\/div>\n<div class=\"aLF-aPX-aPU-Mw-P6\">\n<div class=\"aLF-aPX-auO-I aLF-aPX-Mw-I J-J5-Ji aLF-aPX-I aLF-aPX-Mw-I-ay5-JX\" role=\"button\" data-tooltip-unhoverable=\"true\" data-tooltip-delay=\"500\" data-tooltip-class=\"aLF-aPX-T-ays\" data-tooltip-align=\"b,c\" data-tooltip-offset=\"-6\" aria-hidden=\"false\" aria-label=\"Imprimir\" data-tooltip=\"Imprimir\">\n<div class=\"aLF-aPX-JX aLF-aPX-Mw-I-JX aLF-aPX-aPG-JX\"><\/div>\n<\/div>\n<div class=\"aLF-aPX-auO-I aLF-aPX-Mw-I J-J5-Ji aLF-aPX-I aLF-aPX-Mw-I-ay5-JX\" role=\"button\" data-tooltip-unhoverable=\"true\" data-tooltip-delay=\"500\" data-tooltip-class=\"aLF-aPX-T-ays\" data-tooltip-align=\"b,c\" data-tooltip-offset=\"-6\" aria-label=\"Descargar\" aria-hidden=\"false\" data-tooltip=\"Descargar\">\n<div class=\"aLF-aPX-JX aLF-aPX-Mw-I-JX aLF-aPX-aYT-JX\"><\/div>\n<\/div>\n<\/div>\n<\/div>\n<\/div>\n<\/div>\n<\/div>\n<\/div>\n","protected":false},"excerpt":{"rendered":"<p>La Fiscal\u00eda de Instrucci\u00f3n del Distrito III Turno 6, a cargo de Iv\u00e1n Rodr\u00edguez, detuvo<\/p>\n","protected":false},"author":0,"featured_media":21144,"comment_status":"","ping_status":"","sticky":false,"template":"","format":"standard","meta":{"footnotes":""},"categories":[1794],"tags":[],"class_list":["post-21143","post","type-post","status-publish","format-standard","has-post-thumbnail","hentry","category-policiales"],"yoast_head":"<!-- This site is optimized with the Yoast SEO plugin v27.4 - https:\/\/yoast.com\/product\/yoast-seo-wordpress\/ -->\n<title>Dos docentes detenidas por maltratos en un jard\u00edn de infantes privado en C\u00f3rdoba - Fm Gente<\/title>\n<meta name=\"robots\" content=\"index, follow, max-snippet:-1, max-image-preview:large, max-video-preview:-1\" \/>\n<link rel=\"canonical\" href=\"https:\/\/fmgente.com.ar\/web\/dos-docentes-detenidas-por-maltratos-en-un-jardin-de-infantes-privado-en-cordoba\/\" \/>\n<meta property=\"og:locale\" content=\"es_ES\" \/>\n<meta property=\"og:type\" content=\"article\" \/>\n<meta property=\"og:title\" content=\"Dos docentes detenidas por maltratos en un jard\u00edn de infantes privado en C\u00f3rdoba - Fm Gente\" \/>\n<meta property=\"og:description\" content=\"La Fiscal\u00eda de Instrucci\u00f3n del Distrito III Turno 6, a cargo de Iv\u00e1n Rodr\u00edguez, detuvo\" \/>\n<meta property=\"og:url\" content=\"https:\/\/fmgente.com.ar\/web\/dos-docentes-detenidas-por-maltratos-en-un-jardin-de-infantes-privado-en-cordoba\/\" \/>\n<meta property=\"og:site_name\" content=\"Fm Gente\" \/>\n<meta property=\"article:published_time\" content=\"2026-04-29T23:05:48+00:00\" \/>\n<meta name=\"twitter:card\" content=\"summary_large_image\" \/>\n<meta name=\"twitter:label1\" content=\"Tiempo de lectura\" \/>\n\t<meta name=\"twitter:data1\" content=\"1 minuto\" \/>\n<script type=\"application\/ld+json\" class=\"yoast-schema-graph\">{\"@context\":\"https:\\\/\\\/schema.org\",\"@graph\":[{\"@type\":\"Article\",\"@id\":\"https:\\\/\\\/fmgente.com.ar\\\/web\\\/dos-docentes-detenidas-por-maltratos-en-un-jardin-de-infantes-privado-en-cordoba\\\/#article\",\"isPartOf\":{\"@id\":\"https:\\\/\\\/fmgente.com.ar\\\/web\\\/dos-docentes-detenidas-por-maltratos-en-un-jardin-de-infantes-privado-en-cordoba\\\/\"},\"author\":{\"name\":\"\",\"@id\":\"\"},\"headline\":\"Dos docentes detenidas por maltratos en un jard\u00edn de infantes privado en C\u00f3rdoba\",\"datePublished\":\"2026-04-29T23:05:48+00:00\",\"mainEntityOfPage\":{\"@id\":\"https:\\\/\\\/fmgente.com.ar\\\/web\\\/dos-docentes-detenidas-por-maltratos-en-un-jardin-de-infantes-privado-en-cordoba\\\/\"},\"wordCount\":173,\"publisher\":{\"@id\":\"https:\\\/\\\/fmgente.com.ar\\\/web\\\/#organization\"},\"image\":{\"@id\":\"https:\\\/\\\/fmgente.com.ar\\\/web\\\/dos-docentes-detenidas-por-maltratos-en-un-jardin-de-infantes-privado-en-cordoba\\\/#primaryimage\"},\"thumbnailUrl\":\"https:\\\/\\\/fmgente.com.ar\\\/web\\\/wp-content\\\/uploads\\\/2026\\\/04\\\/portadax-82.png\",\"articleSection\":[\"POLICIALES\"],\"inLanguage\":\"es\"},{\"@type\":\"WebPage\",\"@id\":\"https:\\\/\\\/fmgente.com.ar\\\/web\\\/dos-docentes-detenidas-por-maltratos-en-un-jardin-de-infantes-privado-en-cordoba\\\/\",\"url\":\"https:\\\/\\\/fmgente.com.ar\\\/web\\\/dos-docentes-detenidas-por-maltratos-en-un-jardin-de-infantes-privado-en-cordoba\\\/\",\"name\":\"Dos docentes detenidas por maltratos en un jard\u00edn de infantes privado en C\u00f3rdoba - Fm Gente\",\"isPartOf\":{\"@id\":\"https:\\\/\\\/fmgente.com.ar\\\/web\\\/#website\"},\"primaryImageOfPage\":{\"@id\":\"https:\\\/\\\/fmgente.com.ar\\\/web\\\/dos-docentes-detenidas-por-maltratos-en-un-jardin-de-infantes-privado-en-cordoba\\\/#primaryimage\"},\"image\":{\"@id\":\"https:\\\/\\\/fmgente.com.ar\\\/web\\\/dos-docentes-detenidas-por-maltratos-en-un-jardin-de-infantes-privado-en-cordoba\\\/#primaryimage\"},\"thumbnailUrl\":\"https:\\\/\\\/fmgente.com.ar\\\/web\\\/wp-content\\\/uploads\\\/2026\\\/04\\\/portadax-82.png\",\"datePublished\":\"2026-04-29T23:05:48+00:00\",\"inLanguage\":\"es\",\"potentialAction\":[{\"@type\":\"ReadAction\",\"target\":[\"https:\\\/\\\/fmgente.com.ar\\\/web\\\/dos-docentes-detenidas-por-maltratos-en-un-jardin-de-infantes-privado-en-cordoba\\\/\"]}]},{\"@type\":\"ImageObject\",\"inLanguage\":\"es\",\"@id\":\"https:\\\/\\\/fmgente.com.ar\\\/web\\\/dos-docentes-detenidas-por-maltratos-en-un-jardin-de-infantes-privado-en-cordoba\\\/#primaryimage\",\"url\":\"https:\\\/\\\/fmgente.com.ar\\\/web\\\/wp-content\\\/uploads\\\/2026\\\/04\\\/portadax-82.png\",\"contentUrl\":\"https:\\\/\\\/fmgente.com.ar\\\/web\\\/wp-content\\\/uploads\\\/2026\\\/04\\\/portadax-82.png\",\"width\":1366,\"height\":768},{\"@type\":\"WebSite\",\"@id\":\"https:\\\/\\\/fmgente.com.ar\\\/web\\\/#website\",\"url\":\"https:\\\/\\\/fmgente.com.ar\\\/web\\\/\",\"name\":\"Fm Gente\",\"description\":\"- Jes\u00fas Mar\u00eda\",\"publisher\":{\"@id\":\"https:\\\/\\\/fmgente.com.ar\\\/web\\\/#organization\"},\"potentialAction\":[{\"@type\":\"SearchAction\",\"target\":{\"@type\":\"EntryPoint\",\"urlTemplate\":\"https:\\\/\\\/fmgente.com.ar\\\/web\\\/?s={search_term_string}\"},\"query-input\":{\"@type\":\"PropertyValueSpecification\",\"valueRequired\":true,\"valueName\":\"search_term_string\"}}],\"inLanguage\":\"es\"},{\"@type\":\"Organization\",\"@id\":\"https:\\\/\\\/fmgente.com.ar\\\/web\\\/#organization\",\"name\":\"Fm Gente\",\"url\":\"https:\\\/\\\/fmgente.com.ar\\\/web\\\/\",\"logo\":{\"@type\":\"ImageObject\",\"inLanguage\":\"es\",\"@id\":\"https:\\\/\\\/fmgente.com.ar\\\/web\\\/#\\\/schema\\\/logo\\\/image\\\/\",\"url\":\"https:\\\/\\\/fmgente.com.ar\\\/web\\\/wp-content\\\/uploads\\\/2023\\\/07\\\/cropped-cropped-logo-sombra2.png\",\"contentUrl\":\"https:\\\/\\\/fmgente.com.ar\\\/web\\\/wp-content\\\/uploads\\\/2023\\\/07\\\/cropped-cropped-logo-sombra2.png\",\"width\":1782,\"height\":1782,\"caption\":\"Fm Gente\"},\"image\":{\"@id\":\"https:\\\/\\\/fmgente.com.ar\\\/web\\\/#\\\/schema\\\/logo\\\/image\\\/\"}}]}<\/script>\n<!-- \/ Yoast SEO plugin. -->","yoast_head_json":{"title":"Dos docentes detenidas por maltratos en un jard\u00edn de infantes privado en C\u00f3rdoba - Fm Gente","robots":{"index":"index","follow":"follow","max-snippet":"max-snippet:-1","max-image-preview":"max-image-preview:large","max-video-preview":"max-video-preview:-1"},"canonical":"https:\/\/fmgente.com.ar\/web\/dos-docentes-detenidas-por-maltratos-en-un-jardin-de-infantes-privado-en-cordoba\/","og_locale":"es_ES","og_type":"article","og_title":"Dos docentes detenidas por maltratos en un jard\u00edn de infantes privado en C\u00f3rdoba - Fm Gente","og_description":"La Fiscal\u00eda de Instrucci\u00f3n del Distrito III Turno 6, a cargo de Iv\u00e1n Rodr\u00edguez, detuvo","og_url":"https:\/\/fmgente.com.ar\/web\/dos-docentes-detenidas-por-maltratos-en-un-jardin-de-infantes-privado-en-cordoba\/","og_site_name":"Fm Gente","article_published_time":"2026-04-29T23:05:48+00:00","twitter_card":"summary_large_image","twitter_misc":{"Tiempo de lectura":"1 minuto"},"schema":{"@context":"https:\/\/schema.org","@graph":[{"@type":"Article","@id":"https:\/\/fmgente.com.ar\/web\/dos-docentes-detenidas-por-maltratos-en-un-jardin-de-infantes-privado-en-cordoba\/#article","isPartOf":{"@id":"https:\/\/fmgente.com.ar\/web\/dos-docentes-detenidas-por-maltratos-en-un-jardin-de-infantes-privado-en-cordoba\/"},"author":{"name":"","@id":""},"headline":"Dos docentes detenidas por maltratos en un jard\u00edn de infantes privado en C\u00f3rdoba","datePublished":"2026-04-29T23:05:48+00:00","mainEntityOfPage":{"@id":"https:\/\/fmgente.com.ar\/web\/dos-docentes-detenidas-por-maltratos-en-un-jardin-de-infantes-privado-en-cordoba\/"},"wordCount":173,"publisher":{"@id":"https:\/\/fmgente.com.ar\/web\/#organization"},"image":{"@id":"https:\/\/fmgente.com.ar\/web\/dos-docentes-detenidas-por-maltratos-en-un-jardin-de-infantes-privado-en-cordoba\/#primaryimage"},"thumbnailUrl":"https:\/\/fmgente.com.ar\/web\/wp-content\/uploads\/2026\/04\/portadax-82.png","articleSection":["POLICIALES"],"inLanguage":"es"},{"@type":"WebPage","@id":"https:\/\/fmgente.com.ar\/web\/dos-docentes-detenidas-por-maltratos-en-un-jardin-de-infantes-privado-en-cordoba\/","url":"https:\/\/fmgente.com.ar\/web\/dos-docentes-detenidas-por-maltratos-en-un-jardin-de-infantes-privado-en-cordoba\/","name":"Dos docentes detenidas por maltratos en un jard\u00edn de infantes privado en C\u00f3rdoba - Fm Gente","isPartOf":{"@id":"https:\/\/fmgente.com.ar\/web\/#website"},"primaryImageOfPage":{"@id":"https:\/\/fmgente.com.ar\/web\/dos-docentes-detenidas-por-maltratos-en-un-jardin-de-infantes-privado-en-cordoba\/#primaryimage"},"image":{"@id":"https:\/\/fmgente.com.ar\/web\/dos-docentes-detenidas-por-maltratos-en-un-jardin-de-infantes-privado-en-cordoba\/#primaryimage"},"thumbnailUrl":"https:\/\/fmgente.com.ar\/web\/wp-content\/uploads\/2026\/04\/portadax-82.png","datePublished":"2026-04-29T23:05:48+00:00","inLanguage":"es","potentialAction":[{"@type":"ReadAction","target":["https:\/\/fmgente.com.ar\/web\/dos-docentes-detenidas-por-maltratos-en-un-jardin-de-infantes-privado-en-cordoba\/"]}]},{"@type":"ImageObject","inLanguage":"es","@id":"https:\/\/fmgente.com.ar\/web\/dos-docentes-detenidas-por-maltratos-en-un-jardin-de-infantes-privado-en-cordoba\/#primaryimage","url":"https:\/\/fmgente.com.ar\/web\/wp-content\/uploads\/2026\/04\/portadax-82.png","contentUrl":"https:\/\/fmgente.com.ar\/web\/wp-content\/uploads\/2026\/04\/portadax-82.png","width":1366,"height":768},{"@type":"WebSite","@id":"https:\/\/fmgente.com.ar\/web\/#website","url":"https:\/\/fmgente.com.ar\/web\/","name":"Fm Gente","description":"- Jes\u00fas Mar\u00eda","publisher":{"@id":"https:\/\/fmgente.com.ar\/web\/#organization"},"potentialAction":[{"@type":"SearchAction","target":{"@type":"EntryPoint","urlTemplate":"https:\/\/fmgente.com.ar\/web\/?s={search_term_string}"},"query-input":{"@type":"PropertyValueSpecification","valueRequired":true,"valueName":"search_term_string"}}],"inLanguage":"es"},{"@type":"Organization","@id":"https:\/\/fmgente.com.ar\/web\/#organization","name":"Fm Gente","url":"https:\/\/fmgente.com.ar\/web\/","logo":{"@type":"ImageObject","inLanguage":"es","@id":"https:\/\/fmgente.com.ar\/web\/#\/schema\/logo\/image\/","url":"https:\/\/fmgente.com.ar\/web\/wp-content\/uploads\/2023\/07\/cropped-cropped-logo-sombra2.png","contentUrl":"https:\/\/fmgente.com.ar\/web\/wp-content\/uploads\/2023\/07\/cropped-cropped-logo-sombra2.png","width":1782,"height":1782,"caption":"Fm Gente"},"image":{"@id":"https:\/\/fmgente.com.ar\/web\/#\/schema\/logo\/image\/"}}]}},"_links":{"self":[{"href":"https:\/\/fmgente.com.ar\/web\/wp-json\/wp\/v2\/posts\/21143","targetHints":{"allow":["GET"]}}],"collection":[{"href":"https:\/\/fmgente.com.ar\/web\/wp-json\/wp\/v2\/posts"}],"about":[{"href":"https:\/\/fmgente.com.ar\/web\/wp-json\/wp\/v2\/types\/post"}],"replies":[{"embeddable":true,"href":"https:\/\/fmgente.com.ar\/web\/wp-json\/wp\/v2\/comments?post=21143"}],"version-history":[{"count":0,"href":"https:\/\/fmgente.com.ar\/web\/wp-json\/wp\/v2\/posts\/21143\/revisions"}],"wp:featuredmedia":[{"embeddable":true,"href":"https:\/\/fmgente.com.ar\/web\/wp-json\/wp\/v2\/media\/21144"}],"wp:attachment":[{"href":"https:\/\/fmgente.com.ar\/web\/wp-json\/wp\/v2\/media?parent=21143"}],"wp:term":[{"taxonomy":"category","embeddable":true,"href":"https:\/\/fmgente.com.ar\/web\/wp-json\/wp\/v2\/categories?post=21143"},{"taxonomy":"post_tag","embeddable":true,"href":"https:\/\/fmgente.com.ar\/web\/wp-json\/wp\/v2\/tags?post=21143"}],"curies":[{"name":"wp","href":"https:\/\/api.w.org\/{rel}","templated":true}]}}