{"id":21139,"date":"2026-04-29T20:05:45","date_gmt":"2026-04-29T23:05:45","guid":{"rendered":"https:\/\/fmgente.com.ar\/web\/derrumbe-en-parque-patricios-la-justicia-imputo-a-los-duenos-de-la-constructora-tras-el-cambio-de-caratula\/"},"modified":"2026-04-29T20:05:45","modified_gmt":"2026-04-29T23:05:45","slug":"derrumbe-en-parque-patricios-la-justicia-imputo-a-los-duenos-de-la-constructora-tras-el-cambio-de-caratula","status":"publish","type":"post","link":"https:\/\/fmgente.com.ar\/web\/derrumbe-en-parque-patricios-la-justicia-imputo-a-los-duenos-de-la-constructora-tras-el-cambio-de-caratula\/","title":{"rendered":"Derrumbe en Parque Patricios: la Justicia imput\u00f3 a los due\u00f1os de la constructora tras el cambio de car\u00e1tula"},"content":{"rendered":"<p>Buenos Aires, 29 abril (NA) \u2013 La Fiscal\u00eda Penal, Contravencional y de Faltas N\u00b0 31 imput\u00f3 a los due\u00f1os de la empresa Constructora Sudamericana (COSUD) S.A. en la causa que investiga el derrumbe de la losa del sector 2 del complejo habitacional \u201cEstaci\u00f3n Buenos Aires\u201d, en el barrio porte\u00f1o de Parque Patricios, tras la reconfiguraci\u00f3n de la car\u00e1tula propuesta por el Ministerio P\u00fablico Fiscal. Ante la falta de respuestas, un vecino anunci\u00f3 que se mudar\u00e1 hasta que se solucione la situaci\u00f3n.<\/p>\n<p>Conforme al escrito que accedi\u00f3 la Agencia Noticias Argentinas, la fiscal Mar\u00eda Rosa Selvatici consider\u00f3 que el presidente del directorio de la firma, Rudi Boggiano; el arquitecto y vicedirector Carlos Rub\u00e9n Bertr\u00e1n; el ingeniero, director titular y apoderado N\u00e9stor Ra\u00fal Caputo; el ingeniero Mart\u00edn Cittadini; la arquitecta M\u00f3nica Fabiana Rzepa; el apoderado Carlos Rocha; y el jefe de la obra, Julio Momo llevaron a cabo la construcci\u00f3n del sector 2 con \u201cvicios estructurales\u201d en la losa de planta baja sobre el estacionamiento del primer subsuelo en su sector central.<\/p>\n<p>En este sentido, consign\u00f3 que los responsables dispusieron una \u201csobrecarga de aproximadamente 0,70 metros de tierra natural m\u00e1s placas de laja, sin sistema de drenaje eficaz para el patio central\u201d, mientras que \u201cdesatendieron los reclamos formales reiterados por filtraciones y compromiso estructural dirigidos a la empresa desde el a\u00f1o 2022, en particular la intimaci\u00f3n del Ministerio P\u00fablico Fiscal porte\u00f1o (\u2026), cuyo cumplimiento constructivo no se materializ\u00f3 hasta el momento del colapso\u201d.<\/p>\n<p>Asimismo, atribuy\u00f3 al encargado de la \u00e1rea t\u00e9cnica de COSUD, Cristian Andr\u00e9s Tej\u00eda, y al ingeniero Francisco Adolfo Sierra \u201chaber dispuesto y ejecutado, en el per\u00edodo inmediato anterior al derrumbe, tareas de perforaci\u00f3n e impermeabilizaci\u00f3n, sin memoria descriptiva y sin proyecto de intervenci\u00f3n previo, en una losa cuyo compromiso estructural por filtraciones reiteradas era de conocimiento de la empresa\u00bb.<\/p>\n<p>Por su parte, endilg\u00f3 a los apoderados del Banco Hipotecario el incumplimiento del \u00abdeber fiduciario de control de obra que pesa sobre el Fiduciario en los t\u00e9rminos del contrato de fideicomiso, pese al conocimiento concreto y documentado de las filtraciones y del compromiso estructural de la viga sobre subsuelo del sector que ulteriormente colaps\u00f3\u00bb. <\/p>\n<p>La calificaci\u00f3n del expediente fue modificada a estrago culposo agravado, cuyo delito juzga la imprudencia, negligencia o impericia que atenta contra la seguridad p\u00fablica y que tiene una pena de seis meses a tres a\u00f1os.<\/p>\n<p>LA SITUACI\u00d3N ACTUAL DEL ESTACI\u00d3N BUENOS AIRES<\/p>\n<p>Fabiano Perotto, uno de los vecinos damnificados, convers\u00f3 con NA y remarc\u00f3 que la situaci\u00f3n no cambi\u00f3 porque \u201clos escombros est\u00e1n ah\u00ed quietos\u201d, \u201clos colectivos no entran, paran lejos\u00bb y contin\u00faa la custodia de Bomberos y Polic\u00eda de la Ciudad.<\/p>\n<p>En este escenario, confirm\u00f3 que su familia se marchar\u00e1 \u201cla semana que viene\u201d hasta que se pueda regresar al departamento: \u201cNos vamos hasta que la zona sea transitable\u201d.<\/p>\n<p>#AgenciaNA<\/p>\n","protected":false},"excerpt":{"rendered":"<p>Buenos Aires, 29 abril (NA) \u2013 La Fiscal\u00eda Penal, Contravencional y de Faltas N\u00b0 31<\/p>\n","protected":false},"author":0,"featured_media":21140,"comment_status":"","ping_status":"","sticky":false,"template":"","format":"standard","meta":{"footnotes":""},"categories":[1],"tags":[],"class_list":["post-21139","post","type-post","status-publish","format-standard","has-post-thumbnail","hentry","category-regionales"],"yoast_head":"<!-- This site is optimized with the Yoast SEO plugin v27.4 - https:\/\/yoast.com\/product\/yoast-seo-wordpress\/ -->\n<title>Derrumbe en Parque Patricios: la Justicia imput\u00f3 a los due\u00f1os de la constructora tras el cambio de car\u00e1tula - Fm Gente<\/title>\n<meta name=\"robots\" content=\"index, follow, max-snippet:-1, max-image-preview:large, max-video-preview:-1\" \/>\n<link rel=\"canonical\" href=\"https:\/\/fmgente.com.ar\/web\/derrumbe-en-parque-patricios-la-justicia-imputo-a-los-duenos-de-la-constructora-tras-el-cambio-de-caratula\/\" \/>\n<meta property=\"og:locale\" content=\"es_ES\" \/>\n<meta property=\"og:type\" content=\"article\" \/>\n<meta property=\"og:title\" content=\"Derrumbe en Parque Patricios: la Justicia imput\u00f3 a los due\u00f1os de la constructora tras el cambio de car\u00e1tula - Fm Gente\" \/>\n<meta property=\"og:description\" content=\"Buenos Aires, 29 abril (NA) \u2013 La Fiscal\u00eda Penal, Contravencional y de Faltas N\u00b0 31\" \/>\n<meta property=\"og:url\" content=\"https:\/\/fmgente.com.ar\/web\/derrumbe-en-parque-patricios-la-justicia-imputo-a-los-duenos-de-la-constructora-tras-el-cambio-de-caratula\/\" \/>\n<meta property=\"og:site_name\" content=\"Fm Gente\" \/>\n<meta property=\"article:published_time\" content=\"2026-04-29T23:05:45+00:00\" \/>\n<meta name=\"twitter:card\" content=\"summary_large_image\" \/>\n<meta name=\"twitter:label1\" content=\"Tiempo de lectura\" \/>\n\t<meta name=\"twitter:data1\" content=\"2 minutos\" \/>\n<script type=\"application\/ld+json\" class=\"yoast-schema-graph\">{\"@context\":\"https:\\\/\\\/schema.org\",\"@graph\":[{\"@type\":\"Article\",\"@id\":\"https:\\\/\\\/fmgente.com.ar\\\/web\\\/derrumbe-en-parque-patricios-la-justicia-imputo-a-los-duenos-de-la-constructora-tras-el-cambio-de-caratula\\\/#article\",\"isPartOf\":{\"@id\":\"https:\\\/\\\/fmgente.com.ar\\\/web\\\/derrumbe-en-parque-patricios-la-justicia-imputo-a-los-duenos-de-la-constructora-tras-el-cambio-de-caratula\\\/\"},\"author\":{\"name\":\"\",\"@id\":\"\"},\"headline\":\"Derrumbe en Parque Patricios: la Justicia imput\u00f3 a los due\u00f1os de la constructora tras el cambio de car\u00e1tula\",\"datePublished\":\"2026-04-29T23:05:45+00:00\",\"mainEntityOfPage\":{\"@id\":\"https:\\\/\\\/fmgente.com.ar\\\/web\\\/derrumbe-en-parque-patricios-la-justicia-imputo-a-los-duenos-de-la-constructora-tras-el-cambio-de-caratula\\\/\"},\"wordCount\":516,\"publisher\":{\"@id\":\"https:\\\/\\\/fmgente.com.ar\\\/web\\\/#organization\"},\"image\":{\"@id\":\"https:\\\/\\\/fmgente.com.ar\\\/web\\\/derrumbe-en-parque-patricios-la-justicia-imputo-a-los-duenos-de-la-constructora-tras-el-cambio-de-caratula\\\/#primaryimage\"},\"thumbnailUrl\":\"https:\\\/\\\/fmgente.com.ar\\\/web\\\/wp-content\\\/uploads\\\/2026\\\/04\\\/720-1441.jpeg\",\"articleSection\":[\"REGIONALES\"],\"inLanguage\":\"es\"},{\"@type\":\"WebPage\",\"@id\":\"https:\\\/\\\/fmgente.com.ar\\\/web\\\/derrumbe-en-parque-patricios-la-justicia-imputo-a-los-duenos-de-la-constructora-tras-el-cambio-de-caratula\\\/\",\"url\":\"https:\\\/\\\/fmgente.com.ar\\\/web\\\/derrumbe-en-parque-patricios-la-justicia-imputo-a-los-duenos-de-la-constructora-tras-el-cambio-de-caratula\\\/\",\"name\":\"Derrumbe en Parque Patricios: la Justicia imput\u00f3 a los due\u00f1os de la constructora tras el cambio de car\u00e1tula - Fm Gente\",\"isPartOf\":{\"@id\":\"https:\\\/\\\/fmgente.com.ar\\\/web\\\/#website\"},\"primaryImageOfPage\":{\"@id\":\"https:\\\/\\\/fmgente.com.ar\\\/web\\\/derrumbe-en-parque-patricios-la-justicia-imputo-a-los-duenos-de-la-constructora-tras-el-cambio-de-caratula\\\/#primaryimage\"},\"image\":{\"@id\":\"https:\\\/\\\/fmgente.com.ar\\\/web\\\/derrumbe-en-parque-patricios-la-justicia-imputo-a-los-duenos-de-la-constructora-tras-el-cambio-de-caratula\\\/#primaryimage\"},\"thumbnailUrl\":\"https:\\\/\\\/fmgente.com.ar\\\/web\\\/wp-content\\\/uploads\\\/2026\\\/04\\\/720-1441.jpeg\",\"datePublished\":\"2026-04-29T23:05:45+00:00\",\"inLanguage\":\"es\",\"potentialAction\":[{\"@type\":\"ReadAction\",\"target\":[\"https:\\\/\\\/fmgente.com.ar\\\/web\\\/derrumbe-en-parque-patricios-la-justicia-imputo-a-los-duenos-de-la-constructora-tras-el-cambio-de-caratula\\\/\"]}]},{\"@type\":\"ImageObject\",\"inLanguage\":\"es\",\"@id\":\"https:\\\/\\\/fmgente.com.ar\\\/web\\\/derrumbe-en-parque-patricios-la-justicia-imputo-a-los-duenos-de-la-constructora-tras-el-cambio-de-caratula\\\/#primaryimage\",\"url\":\"https:\\\/\\\/fmgente.com.ar\\\/web\\\/wp-content\\\/uploads\\\/2026\\\/04\\\/720-1441.jpeg\",\"contentUrl\":\"https:\\\/\\\/fmgente.com.ar\\\/web\\\/wp-content\\\/uploads\\\/2026\\\/04\\\/720-1441.jpeg\",\"width\":960,\"height\":720},{\"@type\":\"WebSite\",\"@id\":\"https:\\\/\\\/fmgente.com.ar\\\/web\\\/#website\",\"url\":\"https:\\\/\\\/fmgente.com.ar\\\/web\\\/\",\"name\":\"Fm Gente\",\"description\":\"- Jes\u00fas Mar\u00eda\",\"publisher\":{\"@id\":\"https:\\\/\\\/fmgente.com.ar\\\/web\\\/#organization\"},\"potentialAction\":[{\"@type\":\"SearchAction\",\"target\":{\"@type\":\"EntryPoint\",\"urlTemplate\":\"https:\\\/\\\/fmgente.com.ar\\\/web\\\/?s={search_term_string}\"},\"query-input\":{\"@type\":\"PropertyValueSpecification\",\"valueRequired\":true,\"valueName\":\"search_term_string\"}}],\"inLanguage\":\"es\"},{\"@type\":\"Organization\",\"@id\":\"https:\\\/\\\/fmgente.com.ar\\\/web\\\/#organization\",\"name\":\"Fm Gente\",\"url\":\"https:\\\/\\\/fmgente.com.ar\\\/web\\\/\",\"logo\":{\"@type\":\"ImageObject\",\"inLanguage\":\"es\",\"@id\":\"https:\\\/\\\/fmgente.com.ar\\\/web\\\/#\\\/schema\\\/logo\\\/image\\\/\",\"url\":\"https:\\\/\\\/fmgente.com.ar\\\/web\\\/wp-content\\\/uploads\\\/2023\\\/07\\\/cropped-cropped-logo-sombra2.png\",\"contentUrl\":\"https:\\\/\\\/fmgente.com.ar\\\/web\\\/wp-content\\\/uploads\\\/2023\\\/07\\\/cropped-cropped-logo-sombra2.png\",\"width\":1782,\"height\":1782,\"caption\":\"Fm Gente\"},\"image\":{\"@id\":\"https:\\\/\\\/fmgente.com.ar\\\/web\\\/#\\\/schema\\\/logo\\\/image\\\/\"}}]}<\/script>\n<!-- \/ Yoast SEO plugin. -->","yoast_head_json":{"title":"Derrumbe en Parque Patricios: la Justicia imput\u00f3 a los due\u00f1os de la constructora tras el cambio de car\u00e1tula - Fm Gente","robots":{"index":"index","follow":"follow","max-snippet":"max-snippet:-1","max-image-preview":"max-image-preview:large","max-video-preview":"max-video-preview:-1"},"canonical":"https:\/\/fmgente.com.ar\/web\/derrumbe-en-parque-patricios-la-justicia-imputo-a-los-duenos-de-la-constructora-tras-el-cambio-de-caratula\/","og_locale":"es_ES","og_type":"article","og_title":"Derrumbe en Parque Patricios: la Justicia imput\u00f3 a los due\u00f1os de la constructora tras el cambio de car\u00e1tula - Fm Gente","og_description":"Buenos Aires, 29 abril (NA) \u2013 La Fiscal\u00eda Penal, Contravencional y de Faltas N\u00b0 31","og_url":"https:\/\/fmgente.com.ar\/web\/derrumbe-en-parque-patricios-la-justicia-imputo-a-los-duenos-de-la-constructora-tras-el-cambio-de-caratula\/","og_site_name":"Fm Gente","article_published_time":"2026-04-29T23:05:45+00:00","twitter_card":"summary_large_image","twitter_misc":{"Tiempo de lectura":"2 minutos"},"schema":{"@context":"https:\/\/schema.org","@graph":[{"@type":"Article","@id":"https:\/\/fmgente.com.ar\/web\/derrumbe-en-parque-patricios-la-justicia-imputo-a-los-duenos-de-la-constructora-tras-el-cambio-de-caratula\/#article","isPartOf":{"@id":"https:\/\/fmgente.com.ar\/web\/derrumbe-en-parque-patricios-la-justicia-imputo-a-los-duenos-de-la-constructora-tras-el-cambio-de-caratula\/"},"author":{"name":"","@id":""},"headline":"Derrumbe en Parque Patricios: la Justicia imput\u00f3 a los due\u00f1os de la constructora tras el cambio de car\u00e1tula","datePublished":"2026-04-29T23:05:45+00:00","mainEntityOfPage":{"@id":"https:\/\/fmgente.com.ar\/web\/derrumbe-en-parque-patricios-la-justicia-imputo-a-los-duenos-de-la-constructora-tras-el-cambio-de-caratula\/"},"wordCount":516,"publisher":{"@id":"https:\/\/fmgente.com.ar\/web\/#organization"},"image":{"@id":"https:\/\/fmgente.com.ar\/web\/derrumbe-en-parque-patricios-la-justicia-imputo-a-los-duenos-de-la-constructora-tras-el-cambio-de-caratula\/#primaryimage"},"thumbnailUrl":"https:\/\/fmgente.com.ar\/web\/wp-content\/uploads\/2026\/04\/720-1441.jpeg","articleSection":["REGIONALES"],"inLanguage":"es"},{"@type":"WebPage","@id":"https:\/\/fmgente.com.ar\/web\/derrumbe-en-parque-patricios-la-justicia-imputo-a-los-duenos-de-la-constructora-tras-el-cambio-de-caratula\/","url":"https:\/\/fmgente.com.ar\/web\/derrumbe-en-parque-patricios-la-justicia-imputo-a-los-duenos-de-la-constructora-tras-el-cambio-de-caratula\/","name":"Derrumbe en Parque Patricios: la Justicia imput\u00f3 a los due\u00f1os de la constructora tras el cambio de car\u00e1tula - Fm Gente","isPartOf":{"@id":"https:\/\/fmgente.com.ar\/web\/#website"},"primaryImageOfPage":{"@id":"https:\/\/fmgente.com.ar\/web\/derrumbe-en-parque-patricios-la-justicia-imputo-a-los-duenos-de-la-constructora-tras-el-cambio-de-caratula\/#primaryimage"},"image":{"@id":"https:\/\/fmgente.com.ar\/web\/derrumbe-en-parque-patricios-la-justicia-imputo-a-los-duenos-de-la-constructora-tras-el-cambio-de-caratula\/#primaryimage"},"thumbnailUrl":"https:\/\/fmgente.com.ar\/web\/wp-content\/uploads\/2026\/04\/720-1441.jpeg","datePublished":"2026-04-29T23:05:45+00:00","inLanguage":"es","potentialAction":[{"@type":"ReadAction","target":["https:\/\/fmgente.com.ar\/web\/derrumbe-en-parque-patricios-la-justicia-imputo-a-los-duenos-de-la-constructora-tras-el-cambio-de-caratula\/"]}]},{"@type":"ImageObject","inLanguage":"es","@id":"https:\/\/fmgente.com.ar\/web\/derrumbe-en-parque-patricios-la-justicia-imputo-a-los-duenos-de-la-constructora-tras-el-cambio-de-caratula\/#primaryimage","url":"https:\/\/fmgente.com.ar\/web\/wp-content\/uploads\/2026\/04\/720-1441.jpeg","contentUrl":"https:\/\/fmgente.com.ar\/web\/wp-content\/uploads\/2026\/04\/720-1441.jpeg","width":960,"height":720},{"@type":"WebSite","@id":"https:\/\/fmgente.com.ar\/web\/#website","url":"https:\/\/fmgente.com.ar\/web\/","name":"Fm Gente","description":"- Jes\u00fas Mar\u00eda","publisher":{"@id":"https:\/\/fmgente.com.ar\/web\/#organization"},"potentialAction":[{"@type":"SearchAction","target":{"@type":"EntryPoint","urlTemplate":"https:\/\/fmgente.com.ar\/web\/?s={search_term_string}"},"query-input":{"@type":"PropertyValueSpecification","valueRequired":true,"valueName":"search_term_string"}}],"inLanguage":"es"},{"@type":"Organization","@id":"https:\/\/fmgente.com.ar\/web\/#organization","name":"Fm Gente","url":"https:\/\/fmgente.com.ar\/web\/","logo":{"@type":"ImageObject","inLanguage":"es","@id":"https:\/\/fmgente.com.ar\/web\/#\/schema\/logo\/image\/","url":"https:\/\/fmgente.com.ar\/web\/wp-content\/uploads\/2023\/07\/cropped-cropped-logo-sombra2.png","contentUrl":"https:\/\/fmgente.com.ar\/web\/wp-content\/uploads\/2023\/07\/cropped-cropped-logo-sombra2.png","width":1782,"height":1782,"caption":"Fm Gente"},"image":{"@id":"https:\/\/fmgente.com.ar\/web\/#\/schema\/logo\/image\/"}}]}},"_links":{"self":[{"href":"https:\/\/fmgente.com.ar\/web\/wp-json\/wp\/v2\/posts\/21139","targetHints":{"allow":["GET"]}}],"collection":[{"href":"https:\/\/fmgente.com.ar\/web\/wp-json\/wp\/v2\/posts"}],"about":[{"href":"https:\/\/fmgente.com.ar\/web\/wp-json\/wp\/v2\/types\/post"}],"replies":[{"embeddable":true,"href":"https:\/\/fmgente.com.ar\/web\/wp-json\/wp\/v2\/comments?post=21139"}],"version-history":[{"count":0,"href":"https:\/\/fmgente.com.ar\/web\/wp-json\/wp\/v2\/posts\/21139\/revisions"}],"wp:featuredmedia":[{"embeddable":true,"href":"https:\/\/fmgente.com.ar\/web\/wp-json\/wp\/v2\/media\/21140"}],"wp:attachment":[{"href":"https:\/\/fmgente.com.ar\/web\/wp-json\/wp\/v2\/media?parent=21139"}],"wp:term":[{"taxonomy":"category","embeddable":true,"href":"https:\/\/fmgente.com.ar\/web\/wp-json\/wp\/v2\/categories?post=21139"},{"taxonomy":"post_tag","embeddable":true,"href":"https:\/\/fmgente.com.ar\/web\/wp-json\/wp\/v2\/tags?post=21139"}],"curies":[{"name":"wp","href":"https:\/\/api.w.org\/{rel}","templated":true}]}}