{"id":21137,"date":"2026-04-29T20:05:44","date_gmt":"2026-04-29T23:05:44","guid":{"rendered":"https:\/\/fmgente.com.ar\/web\/bolivia-el-gobierno-de-paz-pereira-denuncio-un-proceso-conspirativo\/"},"modified":"2026-04-29T20:05:44","modified_gmt":"2026-04-29T23:05:44","slug":"bolivia-el-gobierno-de-paz-pereira-denuncio-un-proceso-conspirativo","status":"publish","type":"post","link":"https:\/\/fmgente.com.ar\/web\/bolivia-el-gobierno-de-paz-pereira-denuncio-un-proceso-conspirativo\/","title":{"rendered":"Bolivia: el gobierno de Paz Pereira denunci\u00f3 un \u201cproceso conspirativo\u201d"},"content":{"rendered":"<p>Buenos Aires, 29 abril (NA) \u2013 El Gobierno de Bolivia afirm\u00f3 este mi\u00e9rcoles que enfrenta un \u00abproceso conspirativo en curso\u00bb en medio de una serie de protestas en distintas regiones del pa\u00eds y se\u00f1al\u00f3 que no ceder\u00e1 el mandato otorgado al presidente Rodrigo Paz Pereira, quien asumi\u00f3 en noviembre de 2025.<\/p>\n<p>Bolivia registra m\u00faltiples conflictos sociales impulsados por las demandas de incremento salarial, abastecimiento y calidad de combustibles, as\u00ed como otros reclamos sectoriales, que han derivado en marchas y bloqueos.<\/p>\n<p>En su primer contacto con la prensa tras asumir el cargo la v\u00edspera, el vocero presidencial, Jos\u00e9 Luis G\u00e1lvez, indic\u00f3 que las movilizaciones no responden \u00fanicamente a demandas sectoriales, sino que, en su criterio, forman parte de un escenario de presi\u00f3n pol\u00edtica dirigido a desestabilizar al Ejecutivo.<\/p>\n<p>\u00abEstamos en democracia y podemos expresar nuestras demandas, de eso se trata y tenemos que escucharnos. En lo que s\u00ed no estamos de acuerdo es en la generaci\u00f3n de convulsi\u00f3n pol\u00edtica con intenciones de generar un caos y eventualmente construir un proceso conspirativo, que creemos (&#8230;) est\u00e1 en curso\u00bb, dijo G\u00e1lvez.<\/p>\n<p>El vocero agreg\u00f3 que el Gobierno mantendr\u00e1 su posici\u00f3n respecto al mandato recibido. \u00abNo vamos a ceder ning\u00fan espacio, porque es un mandato el que hemos recibido y hay cosas que consideramos que son innegociables\u00bb, sostuvo. G\u00e1lvez inst\u00f3 al di\u00e1logo a todos los sectores movilizados.<\/p>\n<p>Seg\u00fan supo la Agencia Noticias Argentinas, las declaraciones se producen en un contexto de protestas que incluyen bloqueos en la regi\u00f3n de los Yungas, marchas sindicales hacia La Paz, movilizaciones de la Central Obrera Boliviana (COB), un paro del sector salud y anuncios de paralizaci\u00f3n del transporte.<\/p>\n<p>Entre las principales movilizaciones, la de maestros, respaldada por la COB, avanza hacia La Paz con demandas de incremento salarial y jubilaci\u00f3n al 100 por ciento, y prev\u00e9 coincidir con otros sectores en un cabildo nacional el pr\u00f3ximo 1 de mayo. En Santa Cruz, sindicatos del transporte anunciaron un paro escalonado desde mayo en reclamo por el abastecimiento y la calidad del combustible. En paralelo, organizaciones campesinas e ind\u00edgenas de la Amazonia marchan hacia La Paz en rechazo a normas sobre propiedad agraria.<\/p>\n<p>#AgenciaNA<\/p>\n","protected":false},"excerpt":{"rendered":"<p>Buenos Aires, 29 abril (NA) \u2013 El Gobierno de Bolivia afirm\u00f3 este mi\u00e9rcoles que enfrenta<\/p>\n","protected":false},"author":0,"featured_media":21138,"comment_status":"","ping_status":"","sticky":false,"template":"","format":"standard","meta":{"footnotes":""},"categories":[1],"tags":[],"class_list":["post-21137","post","type-post","status-publish","format-standard","has-post-thumbnail","hentry","category-regionales"],"yoast_head":"<!-- This site is optimized with the Yoast SEO plugin v27.4 - https:\/\/yoast.com\/product\/yoast-seo-wordpress\/ -->\n<title>Bolivia: el gobierno de Paz Pereira denunci\u00f3 un \u201cproceso conspirativo\u201d - Fm Gente<\/title>\n<meta name=\"robots\" content=\"index, follow, max-snippet:-1, max-image-preview:large, max-video-preview:-1\" \/>\n<link rel=\"canonical\" href=\"https:\/\/fmgente.com.ar\/web\/bolivia-el-gobierno-de-paz-pereira-denuncio-un-proceso-conspirativo\/\" \/>\n<meta property=\"og:locale\" content=\"es_ES\" \/>\n<meta property=\"og:type\" content=\"article\" \/>\n<meta property=\"og:title\" content=\"Bolivia: el gobierno de Paz Pereira denunci\u00f3 un \u201cproceso conspirativo\u201d - Fm Gente\" \/>\n<meta property=\"og:description\" content=\"Buenos Aires, 29 abril (NA) \u2013 El Gobierno de Bolivia afirm\u00f3 este mi\u00e9rcoles que enfrenta\" \/>\n<meta property=\"og:url\" content=\"https:\/\/fmgente.com.ar\/web\/bolivia-el-gobierno-de-paz-pereira-denuncio-un-proceso-conspirativo\/\" \/>\n<meta property=\"og:site_name\" content=\"Fm Gente\" \/>\n<meta property=\"article:published_time\" content=\"2026-04-29T23:05:44+00:00\" \/>\n<meta name=\"twitter:card\" content=\"summary_large_image\" \/>\n<meta name=\"twitter:label1\" content=\"Tiempo de lectura\" \/>\n\t<meta name=\"twitter:data1\" content=\"2 minutos\" \/>\n<script type=\"application\/ld+json\" class=\"yoast-schema-graph\">{\"@context\":\"https:\\\/\\\/schema.org\",\"@graph\":[{\"@type\":\"Article\",\"@id\":\"https:\\\/\\\/fmgente.com.ar\\\/web\\\/bolivia-el-gobierno-de-paz-pereira-denuncio-un-proceso-conspirativo\\\/#article\",\"isPartOf\":{\"@id\":\"https:\\\/\\\/fmgente.com.ar\\\/web\\\/bolivia-el-gobierno-de-paz-pereira-denuncio-un-proceso-conspirativo\\\/\"},\"author\":{\"name\":\"\",\"@id\":\"\"},\"headline\":\"Bolivia: el gobierno de Paz Pereira denunci\u00f3 un \u201cproceso conspirativo\u201d\",\"datePublished\":\"2026-04-29T23:05:44+00:00\",\"mainEntityOfPage\":{\"@id\":\"https:\\\/\\\/fmgente.com.ar\\\/web\\\/bolivia-el-gobierno-de-paz-pereira-denuncio-un-proceso-conspirativo\\\/\"},\"wordCount\":380,\"publisher\":{\"@id\":\"https:\\\/\\\/fmgente.com.ar\\\/web\\\/#organization\"},\"image\":{\"@id\":\"https:\\\/\\\/fmgente.com.ar\\\/web\\\/bolivia-el-gobierno-de-paz-pereira-denuncio-un-proceso-conspirativo\\\/#primaryimage\"},\"thumbnailUrl\":\"https:\\\/\\\/fmgente.com.ar\\\/web\\\/wp-content\\\/uploads\\\/2026\\\/04\\\/720-1440.jpeg\",\"articleSection\":[\"REGIONALES\"],\"inLanguage\":\"es\"},{\"@type\":\"WebPage\",\"@id\":\"https:\\\/\\\/fmgente.com.ar\\\/web\\\/bolivia-el-gobierno-de-paz-pereira-denuncio-un-proceso-conspirativo\\\/\",\"url\":\"https:\\\/\\\/fmgente.com.ar\\\/web\\\/bolivia-el-gobierno-de-paz-pereira-denuncio-un-proceso-conspirativo\\\/\",\"name\":\"Bolivia: el gobierno de Paz Pereira denunci\u00f3 un \u201cproceso conspirativo\u201d - Fm Gente\",\"isPartOf\":{\"@id\":\"https:\\\/\\\/fmgente.com.ar\\\/web\\\/#website\"},\"primaryImageOfPage\":{\"@id\":\"https:\\\/\\\/fmgente.com.ar\\\/web\\\/bolivia-el-gobierno-de-paz-pereira-denuncio-un-proceso-conspirativo\\\/#primaryimage\"},\"image\":{\"@id\":\"https:\\\/\\\/fmgente.com.ar\\\/web\\\/bolivia-el-gobierno-de-paz-pereira-denuncio-un-proceso-conspirativo\\\/#primaryimage\"},\"thumbnailUrl\":\"https:\\\/\\\/fmgente.com.ar\\\/web\\\/wp-content\\\/uploads\\\/2026\\\/04\\\/720-1440.jpeg\",\"datePublished\":\"2026-04-29T23:05:44+00:00\",\"inLanguage\":\"es\",\"potentialAction\":[{\"@type\":\"ReadAction\",\"target\":[\"https:\\\/\\\/fmgente.com.ar\\\/web\\\/bolivia-el-gobierno-de-paz-pereira-denuncio-un-proceso-conspirativo\\\/\"]}]},{\"@type\":\"ImageObject\",\"inLanguage\":\"es\",\"@id\":\"https:\\\/\\\/fmgente.com.ar\\\/web\\\/bolivia-el-gobierno-de-paz-pereira-denuncio-un-proceso-conspirativo\\\/#primaryimage\",\"url\":\"https:\\\/\\\/fmgente.com.ar\\\/web\\\/wp-content\\\/uploads\\\/2026\\\/04\\\/720-1440.jpeg\",\"contentUrl\":\"https:\\\/\\\/fmgente.com.ar\\\/web\\\/wp-content\\\/uploads\\\/2026\\\/04\\\/720-1440.jpeg\",\"width\":1280,\"height\":662},{\"@type\":\"WebSite\",\"@id\":\"https:\\\/\\\/fmgente.com.ar\\\/web\\\/#website\",\"url\":\"https:\\\/\\\/fmgente.com.ar\\\/web\\\/\",\"name\":\"Fm Gente\",\"description\":\"- Jes\u00fas Mar\u00eda\",\"publisher\":{\"@id\":\"https:\\\/\\\/fmgente.com.ar\\\/web\\\/#organization\"},\"potentialAction\":[{\"@type\":\"SearchAction\",\"target\":{\"@type\":\"EntryPoint\",\"urlTemplate\":\"https:\\\/\\\/fmgente.com.ar\\\/web\\\/?s={search_term_string}\"},\"query-input\":{\"@type\":\"PropertyValueSpecification\",\"valueRequired\":true,\"valueName\":\"search_term_string\"}}],\"inLanguage\":\"es\"},{\"@type\":\"Organization\",\"@id\":\"https:\\\/\\\/fmgente.com.ar\\\/web\\\/#organization\",\"name\":\"Fm Gente\",\"url\":\"https:\\\/\\\/fmgente.com.ar\\\/web\\\/\",\"logo\":{\"@type\":\"ImageObject\",\"inLanguage\":\"es\",\"@id\":\"https:\\\/\\\/fmgente.com.ar\\\/web\\\/#\\\/schema\\\/logo\\\/image\\\/\",\"url\":\"https:\\\/\\\/fmgente.com.ar\\\/web\\\/wp-content\\\/uploads\\\/2023\\\/07\\\/cropped-cropped-logo-sombra2.png\",\"contentUrl\":\"https:\\\/\\\/fmgente.com.ar\\\/web\\\/wp-content\\\/uploads\\\/2023\\\/07\\\/cropped-cropped-logo-sombra2.png\",\"width\":1782,\"height\":1782,\"caption\":\"Fm Gente\"},\"image\":{\"@id\":\"https:\\\/\\\/fmgente.com.ar\\\/web\\\/#\\\/schema\\\/logo\\\/image\\\/\"}}]}<\/script>\n<!-- \/ Yoast SEO plugin. -->","yoast_head_json":{"title":"Bolivia: el gobierno de Paz Pereira denunci\u00f3 un \u201cproceso conspirativo\u201d - Fm Gente","robots":{"index":"index","follow":"follow","max-snippet":"max-snippet:-1","max-image-preview":"max-image-preview:large","max-video-preview":"max-video-preview:-1"},"canonical":"https:\/\/fmgente.com.ar\/web\/bolivia-el-gobierno-de-paz-pereira-denuncio-un-proceso-conspirativo\/","og_locale":"es_ES","og_type":"article","og_title":"Bolivia: el gobierno de Paz Pereira denunci\u00f3 un \u201cproceso conspirativo\u201d - Fm Gente","og_description":"Buenos Aires, 29 abril (NA) \u2013 El Gobierno de Bolivia afirm\u00f3 este mi\u00e9rcoles que enfrenta","og_url":"https:\/\/fmgente.com.ar\/web\/bolivia-el-gobierno-de-paz-pereira-denuncio-un-proceso-conspirativo\/","og_site_name":"Fm Gente","article_published_time":"2026-04-29T23:05:44+00:00","twitter_card":"summary_large_image","twitter_misc":{"Tiempo de lectura":"2 minutos"},"schema":{"@context":"https:\/\/schema.org","@graph":[{"@type":"Article","@id":"https:\/\/fmgente.com.ar\/web\/bolivia-el-gobierno-de-paz-pereira-denuncio-un-proceso-conspirativo\/#article","isPartOf":{"@id":"https:\/\/fmgente.com.ar\/web\/bolivia-el-gobierno-de-paz-pereira-denuncio-un-proceso-conspirativo\/"},"author":{"name":"","@id":""},"headline":"Bolivia: el gobierno de Paz Pereira denunci\u00f3 un \u201cproceso conspirativo\u201d","datePublished":"2026-04-29T23:05:44+00:00","mainEntityOfPage":{"@id":"https:\/\/fmgente.com.ar\/web\/bolivia-el-gobierno-de-paz-pereira-denuncio-un-proceso-conspirativo\/"},"wordCount":380,"publisher":{"@id":"https:\/\/fmgente.com.ar\/web\/#organization"},"image":{"@id":"https:\/\/fmgente.com.ar\/web\/bolivia-el-gobierno-de-paz-pereira-denuncio-un-proceso-conspirativo\/#primaryimage"},"thumbnailUrl":"https:\/\/fmgente.com.ar\/web\/wp-content\/uploads\/2026\/04\/720-1440.jpeg","articleSection":["REGIONALES"],"inLanguage":"es"},{"@type":"WebPage","@id":"https:\/\/fmgente.com.ar\/web\/bolivia-el-gobierno-de-paz-pereira-denuncio-un-proceso-conspirativo\/","url":"https:\/\/fmgente.com.ar\/web\/bolivia-el-gobierno-de-paz-pereira-denuncio-un-proceso-conspirativo\/","name":"Bolivia: el gobierno de Paz Pereira denunci\u00f3 un \u201cproceso conspirativo\u201d - Fm Gente","isPartOf":{"@id":"https:\/\/fmgente.com.ar\/web\/#website"},"primaryImageOfPage":{"@id":"https:\/\/fmgente.com.ar\/web\/bolivia-el-gobierno-de-paz-pereira-denuncio-un-proceso-conspirativo\/#primaryimage"},"image":{"@id":"https:\/\/fmgente.com.ar\/web\/bolivia-el-gobierno-de-paz-pereira-denuncio-un-proceso-conspirativo\/#primaryimage"},"thumbnailUrl":"https:\/\/fmgente.com.ar\/web\/wp-content\/uploads\/2026\/04\/720-1440.jpeg","datePublished":"2026-04-29T23:05:44+00:00","inLanguage":"es","potentialAction":[{"@type":"ReadAction","target":["https:\/\/fmgente.com.ar\/web\/bolivia-el-gobierno-de-paz-pereira-denuncio-un-proceso-conspirativo\/"]}]},{"@type":"ImageObject","inLanguage":"es","@id":"https:\/\/fmgente.com.ar\/web\/bolivia-el-gobierno-de-paz-pereira-denuncio-un-proceso-conspirativo\/#primaryimage","url":"https:\/\/fmgente.com.ar\/web\/wp-content\/uploads\/2026\/04\/720-1440.jpeg","contentUrl":"https:\/\/fmgente.com.ar\/web\/wp-content\/uploads\/2026\/04\/720-1440.jpeg","width":1280,"height":662},{"@type":"WebSite","@id":"https:\/\/fmgente.com.ar\/web\/#website","url":"https:\/\/fmgente.com.ar\/web\/","name":"Fm Gente","description":"- Jes\u00fas Mar\u00eda","publisher":{"@id":"https:\/\/fmgente.com.ar\/web\/#organization"},"potentialAction":[{"@type":"SearchAction","target":{"@type":"EntryPoint","urlTemplate":"https:\/\/fmgente.com.ar\/web\/?s={search_term_string}"},"query-input":{"@type":"PropertyValueSpecification","valueRequired":true,"valueName":"search_term_string"}}],"inLanguage":"es"},{"@type":"Organization","@id":"https:\/\/fmgente.com.ar\/web\/#organization","name":"Fm Gente","url":"https:\/\/fmgente.com.ar\/web\/","logo":{"@type":"ImageObject","inLanguage":"es","@id":"https:\/\/fmgente.com.ar\/web\/#\/schema\/logo\/image\/","url":"https:\/\/fmgente.com.ar\/web\/wp-content\/uploads\/2023\/07\/cropped-cropped-logo-sombra2.png","contentUrl":"https:\/\/fmgente.com.ar\/web\/wp-content\/uploads\/2023\/07\/cropped-cropped-logo-sombra2.png","width":1782,"height":1782,"caption":"Fm Gente"},"image":{"@id":"https:\/\/fmgente.com.ar\/web\/#\/schema\/logo\/image\/"}}]}},"_links":{"self":[{"href":"https:\/\/fmgente.com.ar\/web\/wp-json\/wp\/v2\/posts\/21137","targetHints":{"allow":["GET"]}}],"collection":[{"href":"https:\/\/fmgente.com.ar\/web\/wp-json\/wp\/v2\/posts"}],"about":[{"href":"https:\/\/fmgente.com.ar\/web\/wp-json\/wp\/v2\/types\/post"}],"replies":[{"embeddable":true,"href":"https:\/\/fmgente.com.ar\/web\/wp-json\/wp\/v2\/comments?post=21137"}],"version-history":[{"count":0,"href":"https:\/\/fmgente.com.ar\/web\/wp-json\/wp\/v2\/posts\/21137\/revisions"}],"wp:featuredmedia":[{"embeddable":true,"href":"https:\/\/fmgente.com.ar\/web\/wp-json\/wp\/v2\/media\/21138"}],"wp:attachment":[{"href":"https:\/\/fmgente.com.ar\/web\/wp-json\/wp\/v2\/media?parent=21137"}],"wp:term":[{"taxonomy":"category","embeddable":true,"href":"https:\/\/fmgente.com.ar\/web\/wp-json\/wp\/v2\/categories?post=21137"},{"taxonomy":"post_tag","embeddable":true,"href":"https:\/\/fmgente.com.ar\/web\/wp-json\/wp\/v2\/tags?post=21137"}],"curies":[{"name":"wp","href":"https:\/\/api.w.org\/{rel}","templated":true}]}}