{"id":21127,"date":"2026-04-29T19:04:52","date_gmt":"2026-04-29T22:04:52","guid":{"rendered":"https:\/\/fmgente.com.ar\/web\/rosario-condenaron-a-un-abogado-por-nexos-con-narcotraficantes\/"},"modified":"2026-04-29T19:04:52","modified_gmt":"2026-04-29T22:04:52","slug":"rosario-condenaron-a-un-abogado-por-nexos-con-narcotraficantes","status":"publish","type":"post","link":"https:\/\/fmgente.com.ar\/web\/rosario-condenaron-a-un-abogado-por-nexos-con-narcotraficantes\/","title":{"rendered":"Rosario: condenaron a un abogado por nexos con narcotraficantes"},"content":{"rendered":"<p>Rosario, 29 abril (NA) &#8212; El juez federal de Garant\u00edas de Rosario, Carlos Vera Barros, homolog\u00f3 un acuerdo pleno presentado por el Ministerio P\u00fablico Fiscal (MPF) y conden\u00f3 al abogado Iv\u00e1n Carlos M\u00e9ndez a la pena de seis a\u00f1os de prisi\u00f3n, multa, inhabilitaci\u00f3n especial por ocho a\u00f1os para el ejercicio de su profesi\u00f3n y declaraci\u00f3n de reincidencia, tras comprobar que oficiaba como nexo entre presos de alto perfil y narcotraficantes.<\/p>\n<p>El profesional funcionaba como un \u201cnexo sistem\u00e1tico\u201d al utilizar su matr\u00edcula para visitar a jefes de bandas narcocriminales alojados en c\u00e1rceles federales y transmitir mensajes hacia el exterior, lo que permit\u00eda sostener maniobras de narcotr\u00e1fico, lavado de activos y administraci\u00f3n de bienes de origen il\u00edcito. <\/p>\n<p>M\u00e9ndez, de 53 a\u00f1os, fue hallado culpable de seis delitos, entre ellos, el de integrar una asociaci\u00f3n il\u00edcita dedicada a mantener activas estructuras criminales comandadas desde establecimientos penitenciarios federales por internos de alto perfil vinculados al narcotr\u00e1fico. Para ello, aprovechaba su condici\u00f3n de abogado para entrevistarse con los detenidos y retransmitir directivas a personas en libertad, eludiendo las restricciones impuestas por el Sistema Integral de Gesti\u00f3n para Personas Privadas de la Libertad de Alto Riesgo (SIGPPLAR).<\/p>\n<p>Seg\u00fan supo la Agencia Noticias Argentinas, la resoluci\u00f3n tambi\u00e9n dispuso el decomiso y posterior destrucci\u00f3n de 10,8 gramos de coca\u00edna, una balanza de precisi\u00f3n, piezas de una carabina Anderson AM-15 calibre .223 con numeraci\u00f3n suprimida, un cargador de pistola Glock calibre 9 mil\u00edmetros y tres cajas de municiones.<\/p>\n<p>Asimismo, se orden\u00f3 el decomiso de 240.700 pesos y de dos veh\u00edculos \u2014un auto y una camioneta\u2014, que ser\u00e1n puestos a disposici\u00f3n de la Unidad de Informaci\u00f3n Financiera (UIF). Tambi\u00e9n se dispuso la destrucci\u00f3n de tel\u00e9fonos celulares, una notebook, relojes inteligentes y otros dispositivos electr\u00f3nicos secuestrados durante la causa.<\/p>\n<p>Entre los internos con los que manten\u00eda contacto estaban Julio Andr\u00e9s Rodr\u00edguez Granthon, condenado por narcotr\u00e1fico y se\u00f1alado como uno de los principales abastecedores de coca\u00edna en Rosario; Mario Roberto Segovia, conocido como el \u201cRey de la Efedrina\u201d, condenado por tr\u00e1fico internacional de precursores qu\u00edmicos y contrabando de armas; Mart\u00edn Lanatta, condenado a prisi\u00f3n perpetua por el triple crimen de General Rodr\u00edguez; Uriel Luciano Cantero, integrante de Los Monos; C\u00e9sar Mor\u00e1n de la Cruz, referente narco del Barrio Padre Carlos Mugica de la Ciudad de Buenos Aires; y Cristian Avalle, condenado a prisi\u00f3n perpetua e identificado como l\u00edder de una banda ligada a Los Monos.<\/p>\n<p>#AgenciaNA<\/p>\n","protected":false},"excerpt":{"rendered":"<p>Rosario, 29 abril (NA) &#8212; El juez federal de Garant\u00edas de Rosario, Carlos Vera Barros,<\/p>\n","protected":false},"author":0,"featured_media":21128,"comment_status":"","ping_status":"","sticky":false,"template":"","format":"standard","meta":{"footnotes":""},"categories":[1],"tags":[],"class_list":["post-21127","post","type-post","status-publish","format-standard","has-post-thumbnail","hentry","category-regionales"],"yoast_head":"<!-- This site is optimized with the Yoast SEO plugin v27.4 - https:\/\/yoast.com\/product\/yoast-seo-wordpress\/ -->\n<title>Rosario: condenaron a un abogado por nexos con narcotraficantes - Fm Gente<\/title>\n<meta name=\"robots\" content=\"index, follow, max-snippet:-1, max-image-preview:large, max-video-preview:-1\" \/>\n<link rel=\"canonical\" href=\"https:\/\/fmgente.com.ar\/web\/rosario-condenaron-a-un-abogado-por-nexos-con-narcotraficantes\/\" \/>\n<meta property=\"og:locale\" content=\"es_ES\" \/>\n<meta property=\"og:type\" content=\"article\" \/>\n<meta property=\"og:title\" content=\"Rosario: condenaron a un abogado por nexos con narcotraficantes - Fm Gente\" \/>\n<meta property=\"og:description\" content=\"Rosario, 29 abril (NA) &#8212; El juez federal de Garant\u00edas de Rosario, Carlos Vera Barros,\" \/>\n<meta property=\"og:url\" content=\"https:\/\/fmgente.com.ar\/web\/rosario-condenaron-a-un-abogado-por-nexos-con-narcotraficantes\/\" \/>\n<meta property=\"og:site_name\" content=\"Fm Gente\" \/>\n<meta property=\"article:published_time\" content=\"2026-04-29T22:04:52+00:00\" \/>\n<meta name=\"twitter:card\" content=\"summary_large_image\" \/>\n<meta name=\"twitter:label1\" content=\"Tiempo de lectura\" \/>\n\t<meta name=\"twitter:data1\" content=\"2 minutos\" \/>\n<script type=\"application\/ld+json\" class=\"yoast-schema-graph\">{\"@context\":\"https:\\\/\\\/schema.org\",\"@graph\":[{\"@type\":\"Article\",\"@id\":\"https:\\\/\\\/fmgente.com.ar\\\/web\\\/rosario-condenaron-a-un-abogado-por-nexos-con-narcotraficantes\\\/#article\",\"isPartOf\":{\"@id\":\"https:\\\/\\\/fmgente.com.ar\\\/web\\\/rosario-condenaron-a-un-abogado-por-nexos-con-narcotraficantes\\\/\"},\"author\":{\"name\":\"\",\"@id\":\"\"},\"headline\":\"Rosario: condenaron a un abogado por nexos con narcotraficantes\",\"datePublished\":\"2026-04-29T22:04:52+00:00\",\"mainEntityOfPage\":{\"@id\":\"https:\\\/\\\/fmgente.com.ar\\\/web\\\/rosario-condenaron-a-un-abogado-por-nexos-con-narcotraficantes\\\/\"},\"wordCount\":452,\"publisher\":{\"@id\":\"https:\\\/\\\/fmgente.com.ar\\\/web\\\/#organization\"},\"image\":{\"@id\":\"https:\\\/\\\/fmgente.com.ar\\\/web\\\/rosario-condenaron-a-un-abogado-por-nexos-con-narcotraficantes\\\/#primaryimage\"},\"thumbnailUrl\":\"https:\\\/\\\/fmgente.com.ar\\\/web\\\/wp-content\\\/uploads\\\/2026\\\/04\\\/720-1435.jpeg\",\"articleSection\":[\"REGIONALES\"],\"inLanguage\":\"es\"},{\"@type\":\"WebPage\",\"@id\":\"https:\\\/\\\/fmgente.com.ar\\\/web\\\/rosario-condenaron-a-un-abogado-por-nexos-con-narcotraficantes\\\/\",\"url\":\"https:\\\/\\\/fmgente.com.ar\\\/web\\\/rosario-condenaron-a-un-abogado-por-nexos-con-narcotraficantes\\\/\",\"name\":\"Rosario: condenaron a un abogado por nexos con narcotraficantes - Fm Gente\",\"isPartOf\":{\"@id\":\"https:\\\/\\\/fmgente.com.ar\\\/web\\\/#website\"},\"primaryImageOfPage\":{\"@id\":\"https:\\\/\\\/fmgente.com.ar\\\/web\\\/rosario-condenaron-a-un-abogado-por-nexos-con-narcotraficantes\\\/#primaryimage\"},\"image\":{\"@id\":\"https:\\\/\\\/fmgente.com.ar\\\/web\\\/rosario-condenaron-a-un-abogado-por-nexos-con-narcotraficantes\\\/#primaryimage\"},\"thumbnailUrl\":\"https:\\\/\\\/fmgente.com.ar\\\/web\\\/wp-content\\\/uploads\\\/2026\\\/04\\\/720-1435.jpeg\",\"datePublished\":\"2026-04-29T22:04:52+00:00\",\"inLanguage\":\"es\",\"potentialAction\":[{\"@type\":\"ReadAction\",\"target\":[\"https:\\\/\\\/fmgente.com.ar\\\/web\\\/rosario-condenaron-a-un-abogado-por-nexos-con-narcotraficantes\\\/\"]}]},{\"@type\":\"ImageObject\",\"inLanguage\":\"es\",\"@id\":\"https:\\\/\\\/fmgente.com.ar\\\/web\\\/rosario-condenaron-a-un-abogado-por-nexos-con-narcotraficantes\\\/#primaryimage\",\"url\":\"https:\\\/\\\/fmgente.com.ar\\\/web\\\/wp-content\\\/uploads\\\/2026\\\/04\\\/720-1435.jpeg\",\"contentUrl\":\"https:\\\/\\\/fmgente.com.ar\\\/web\\\/wp-content\\\/uploads\\\/2026\\\/04\\\/720-1435.jpeg\",\"width\":1280,\"height\":717},{\"@type\":\"WebSite\",\"@id\":\"https:\\\/\\\/fmgente.com.ar\\\/web\\\/#website\",\"url\":\"https:\\\/\\\/fmgente.com.ar\\\/web\\\/\",\"name\":\"Fm Gente\",\"description\":\"- Jes\u00fas Mar\u00eda\",\"publisher\":{\"@id\":\"https:\\\/\\\/fmgente.com.ar\\\/web\\\/#organization\"},\"potentialAction\":[{\"@type\":\"SearchAction\",\"target\":{\"@type\":\"EntryPoint\",\"urlTemplate\":\"https:\\\/\\\/fmgente.com.ar\\\/web\\\/?s={search_term_string}\"},\"query-input\":{\"@type\":\"PropertyValueSpecification\",\"valueRequired\":true,\"valueName\":\"search_term_string\"}}],\"inLanguage\":\"es\"},{\"@type\":\"Organization\",\"@id\":\"https:\\\/\\\/fmgente.com.ar\\\/web\\\/#organization\",\"name\":\"Fm Gente\",\"url\":\"https:\\\/\\\/fmgente.com.ar\\\/web\\\/\",\"logo\":{\"@type\":\"ImageObject\",\"inLanguage\":\"es\",\"@id\":\"https:\\\/\\\/fmgente.com.ar\\\/web\\\/#\\\/schema\\\/logo\\\/image\\\/\",\"url\":\"https:\\\/\\\/fmgente.com.ar\\\/web\\\/wp-content\\\/uploads\\\/2023\\\/07\\\/cropped-cropped-logo-sombra2.png\",\"contentUrl\":\"https:\\\/\\\/fmgente.com.ar\\\/web\\\/wp-content\\\/uploads\\\/2023\\\/07\\\/cropped-cropped-logo-sombra2.png\",\"width\":1782,\"height\":1782,\"caption\":\"Fm Gente\"},\"image\":{\"@id\":\"https:\\\/\\\/fmgente.com.ar\\\/web\\\/#\\\/schema\\\/logo\\\/image\\\/\"}}]}<\/script>\n<!-- \/ Yoast SEO plugin. -->","yoast_head_json":{"title":"Rosario: condenaron a un abogado por nexos con narcotraficantes - Fm Gente","robots":{"index":"index","follow":"follow","max-snippet":"max-snippet:-1","max-image-preview":"max-image-preview:large","max-video-preview":"max-video-preview:-1"},"canonical":"https:\/\/fmgente.com.ar\/web\/rosario-condenaron-a-un-abogado-por-nexos-con-narcotraficantes\/","og_locale":"es_ES","og_type":"article","og_title":"Rosario: condenaron a un abogado por nexos con narcotraficantes - Fm Gente","og_description":"Rosario, 29 abril (NA) &#8212; El juez federal de Garant\u00edas de Rosario, Carlos Vera Barros,","og_url":"https:\/\/fmgente.com.ar\/web\/rosario-condenaron-a-un-abogado-por-nexos-con-narcotraficantes\/","og_site_name":"Fm Gente","article_published_time":"2026-04-29T22:04:52+00:00","twitter_card":"summary_large_image","twitter_misc":{"Tiempo de lectura":"2 minutos"},"schema":{"@context":"https:\/\/schema.org","@graph":[{"@type":"Article","@id":"https:\/\/fmgente.com.ar\/web\/rosario-condenaron-a-un-abogado-por-nexos-con-narcotraficantes\/#article","isPartOf":{"@id":"https:\/\/fmgente.com.ar\/web\/rosario-condenaron-a-un-abogado-por-nexos-con-narcotraficantes\/"},"author":{"name":"","@id":""},"headline":"Rosario: condenaron a un abogado por nexos con narcotraficantes","datePublished":"2026-04-29T22:04:52+00:00","mainEntityOfPage":{"@id":"https:\/\/fmgente.com.ar\/web\/rosario-condenaron-a-un-abogado-por-nexos-con-narcotraficantes\/"},"wordCount":452,"publisher":{"@id":"https:\/\/fmgente.com.ar\/web\/#organization"},"image":{"@id":"https:\/\/fmgente.com.ar\/web\/rosario-condenaron-a-un-abogado-por-nexos-con-narcotraficantes\/#primaryimage"},"thumbnailUrl":"https:\/\/fmgente.com.ar\/web\/wp-content\/uploads\/2026\/04\/720-1435.jpeg","articleSection":["REGIONALES"],"inLanguage":"es"},{"@type":"WebPage","@id":"https:\/\/fmgente.com.ar\/web\/rosario-condenaron-a-un-abogado-por-nexos-con-narcotraficantes\/","url":"https:\/\/fmgente.com.ar\/web\/rosario-condenaron-a-un-abogado-por-nexos-con-narcotraficantes\/","name":"Rosario: condenaron a un abogado por nexos con narcotraficantes - Fm Gente","isPartOf":{"@id":"https:\/\/fmgente.com.ar\/web\/#website"},"primaryImageOfPage":{"@id":"https:\/\/fmgente.com.ar\/web\/rosario-condenaron-a-un-abogado-por-nexos-con-narcotraficantes\/#primaryimage"},"image":{"@id":"https:\/\/fmgente.com.ar\/web\/rosario-condenaron-a-un-abogado-por-nexos-con-narcotraficantes\/#primaryimage"},"thumbnailUrl":"https:\/\/fmgente.com.ar\/web\/wp-content\/uploads\/2026\/04\/720-1435.jpeg","datePublished":"2026-04-29T22:04:52+00:00","inLanguage":"es","potentialAction":[{"@type":"ReadAction","target":["https:\/\/fmgente.com.ar\/web\/rosario-condenaron-a-un-abogado-por-nexos-con-narcotraficantes\/"]}]},{"@type":"ImageObject","inLanguage":"es","@id":"https:\/\/fmgente.com.ar\/web\/rosario-condenaron-a-un-abogado-por-nexos-con-narcotraficantes\/#primaryimage","url":"https:\/\/fmgente.com.ar\/web\/wp-content\/uploads\/2026\/04\/720-1435.jpeg","contentUrl":"https:\/\/fmgente.com.ar\/web\/wp-content\/uploads\/2026\/04\/720-1435.jpeg","width":1280,"height":717},{"@type":"WebSite","@id":"https:\/\/fmgente.com.ar\/web\/#website","url":"https:\/\/fmgente.com.ar\/web\/","name":"Fm Gente","description":"- Jes\u00fas Mar\u00eda","publisher":{"@id":"https:\/\/fmgente.com.ar\/web\/#organization"},"potentialAction":[{"@type":"SearchAction","target":{"@type":"EntryPoint","urlTemplate":"https:\/\/fmgente.com.ar\/web\/?s={search_term_string}"},"query-input":{"@type":"PropertyValueSpecification","valueRequired":true,"valueName":"search_term_string"}}],"inLanguage":"es"},{"@type":"Organization","@id":"https:\/\/fmgente.com.ar\/web\/#organization","name":"Fm Gente","url":"https:\/\/fmgente.com.ar\/web\/","logo":{"@type":"ImageObject","inLanguage":"es","@id":"https:\/\/fmgente.com.ar\/web\/#\/schema\/logo\/image\/","url":"https:\/\/fmgente.com.ar\/web\/wp-content\/uploads\/2023\/07\/cropped-cropped-logo-sombra2.png","contentUrl":"https:\/\/fmgente.com.ar\/web\/wp-content\/uploads\/2023\/07\/cropped-cropped-logo-sombra2.png","width":1782,"height":1782,"caption":"Fm Gente"},"image":{"@id":"https:\/\/fmgente.com.ar\/web\/#\/schema\/logo\/image\/"}}]}},"_links":{"self":[{"href":"https:\/\/fmgente.com.ar\/web\/wp-json\/wp\/v2\/posts\/21127","targetHints":{"allow":["GET"]}}],"collection":[{"href":"https:\/\/fmgente.com.ar\/web\/wp-json\/wp\/v2\/posts"}],"about":[{"href":"https:\/\/fmgente.com.ar\/web\/wp-json\/wp\/v2\/types\/post"}],"replies":[{"embeddable":true,"href":"https:\/\/fmgente.com.ar\/web\/wp-json\/wp\/v2\/comments?post=21127"}],"version-history":[{"count":0,"href":"https:\/\/fmgente.com.ar\/web\/wp-json\/wp\/v2\/posts\/21127\/revisions"}],"wp:featuredmedia":[{"embeddable":true,"href":"https:\/\/fmgente.com.ar\/web\/wp-json\/wp\/v2\/media\/21128"}],"wp:attachment":[{"href":"https:\/\/fmgente.com.ar\/web\/wp-json\/wp\/v2\/media?parent=21127"}],"wp:term":[{"taxonomy":"category","embeddable":true,"href":"https:\/\/fmgente.com.ar\/web\/wp-json\/wp\/v2\/categories?post=21127"},{"taxonomy":"post_tag","embeddable":true,"href":"https:\/\/fmgente.com.ar\/web\/wp-json\/wp\/v2\/tags?post=21127"}],"curies":[{"name":"wp","href":"https:\/\/api.w.org\/{rel}","templated":true}]}}