{"id":21123,"date":"2026-04-29T19:04:49","date_gmt":"2026-04-29T22:04:49","guid":{"rendered":"https:\/\/fmgente.com.ar\/web\/kicillof-tras-la-marcha-de-los-intendentes-milei-tiene-que-hacerse-cargo-de-la-crisis-que-esta-generando\/"},"modified":"2026-04-29T19:04:49","modified_gmt":"2026-04-29T22:04:49","slug":"kicillof-tras-la-marcha-de-los-intendentes-milei-tiene-que-hacerse-cargo-de-la-crisis-que-esta-generando","status":"publish","type":"post","link":"https:\/\/fmgente.com.ar\/web\/kicillof-tras-la-marcha-de-los-intendentes-milei-tiene-que-hacerse-cargo-de-la-crisis-que-esta-generando\/","title":{"rendered":"Kicillof, tras la marcha de los intendentes: \u201cMilei tiene que hacerse cargo de la crisis que est\u00e1 generando&quot;"},"content":{"rendered":"<p>Buenos Aires, 29 abril (NA) \u2013 El gobernador de Buenos Aires, Axel Kicillof, destac\u00f3 la marcha de los intendentes de la provincia a las puertas del Ministerio de Capital Humano de la Naci\u00f3n y sostuvo que el presidente Javier Milei \u201ctiene que hacerse cargo de la crisis que est\u00e1 generando en los hogares de los bonaerenses\u201d.<\/p>\n<p>\u201cJunto a intendentes e intendentas reclamamos al Gobierno nacional la revisi\u00f3n y actualizaci\u00f3n de los montos asignados al Servicio Alimentario Escolar. En lugar de cumplir con esa responsabilidad, decide recortar el aporte hist\u00f3rico que se hac\u00eda para que los pibes y pibas tengan garantizado su derecho a la alimentaci\u00f3n\u201d, se quej\u00f3 el mandatario provincial en X. <\/p>\n<p>\u201cLos intendentes son los primeros en contener el padecimiento de sus vecinos y desde la Provincia los acompa\u00f1amos con todos los recursos a nuestro alcance, pero nada es suficiente mientras sigan avanzando estas pol\u00edticas\u201d, agreg\u00f3. <\/p>\n<p>Y cerr\u00f3 \u201cAunque no quiera ver la realidad, el Gobierno nacional tiene la obligaci\u00f3n de dar una respuesta. No a nosotros, sino a las millones de personas que la est\u00e1n pasando mal por culpa del modelo econ\u00f3mico que est\u00e1n llevando adelante\u201d.<\/p>\n<p>Tambi\u00e9n se refiri\u00f3 al tema en una entrevista a un canal de noticias, donde Kiicllof sostuvo que \u201cdesde la provincia se increment\u00f3 un 30 por ciento los fondos para el servicio alimentario escolar\u201d, pero insisti\u00f3 en que \u201cel gobierno se tiene que hacer responsable y acompa\u00f1ar, pero recortan y retacean\u201d.<\/p>\n<p>AgenciaNA<\/p>\n","protected":false},"excerpt":{"rendered":"<p>Buenos Aires, 29 abril (NA) \u2013 El gobernador de Buenos Aires, Axel Kicillof, destac\u00f3 la<\/p>\n","protected":false},"author":0,"featured_media":21124,"comment_status":"","ping_status":"","sticky":false,"template":"","format":"standard","meta":{"footnotes":""},"categories":[1],"tags":[],"class_list":["post-21123","post","type-post","status-publish","format-standard","has-post-thumbnail","hentry","category-regionales"],"yoast_head":"<!-- This site is optimized with the Yoast SEO plugin v27.4 - https:\/\/yoast.com\/product\/yoast-seo-wordpress\/ -->\n<title>Kicillof, tras la marcha de los intendentes: \u201cMilei tiene que hacerse cargo de la crisis que est\u00e1 generando&quot; - Fm Gente<\/title>\n<meta name=\"robots\" content=\"index, follow, max-snippet:-1, max-image-preview:large, max-video-preview:-1\" \/>\n<link rel=\"canonical\" href=\"https:\/\/fmgente.com.ar\/web\/kicillof-tras-la-marcha-de-los-intendentes-milei-tiene-que-hacerse-cargo-de-la-crisis-que-esta-generando\/\" \/>\n<meta property=\"og:locale\" content=\"es_ES\" \/>\n<meta property=\"og:type\" content=\"article\" \/>\n<meta property=\"og:title\" content=\"Kicillof, tras la marcha de los intendentes: \u201cMilei tiene que hacerse cargo de la crisis que est\u00e1 generando&quot; - Fm Gente\" \/>\n<meta property=\"og:description\" content=\"Buenos Aires, 29 abril (NA) \u2013 El gobernador de Buenos Aires, Axel Kicillof, destac\u00f3 la\" \/>\n<meta property=\"og:url\" content=\"https:\/\/fmgente.com.ar\/web\/kicillof-tras-la-marcha-de-los-intendentes-milei-tiene-que-hacerse-cargo-de-la-crisis-que-esta-generando\/\" \/>\n<meta property=\"og:site_name\" content=\"Fm Gente\" \/>\n<meta property=\"article:published_time\" content=\"2026-04-29T22:04:49+00:00\" \/>\n<meta name=\"twitter:card\" content=\"summary_large_image\" \/>\n<meta name=\"twitter:label1\" content=\"Tiempo de lectura\" \/>\n\t<meta name=\"twitter:data1\" content=\"1 minuto\" \/>\n<script type=\"application\/ld+json\" class=\"yoast-schema-graph\">{\"@context\":\"https:\\\/\\\/schema.org\",\"@graph\":[{\"@type\":\"Article\",\"@id\":\"https:\\\/\\\/fmgente.com.ar\\\/web\\\/kicillof-tras-la-marcha-de-los-intendentes-milei-tiene-que-hacerse-cargo-de-la-crisis-que-esta-generando\\\/#article\",\"isPartOf\":{\"@id\":\"https:\\\/\\\/fmgente.com.ar\\\/web\\\/kicillof-tras-la-marcha-de-los-intendentes-milei-tiene-que-hacerse-cargo-de-la-crisis-que-esta-generando\\\/\"},\"author\":{\"name\":\"\",\"@id\":\"\"},\"headline\":\"Kicillof, tras la marcha de los intendentes: \u201cMilei tiene que hacerse cargo de la crisis que est\u00e1 generando&quot;\",\"datePublished\":\"2026-04-29T22:04:49+00:00\",\"mainEntityOfPage\":{\"@id\":\"https:\\\/\\\/fmgente.com.ar\\\/web\\\/kicillof-tras-la-marcha-de-los-intendentes-milei-tiene-que-hacerse-cargo-de-la-crisis-que-esta-generando\\\/\"},\"wordCount\":269,\"publisher\":{\"@id\":\"https:\\\/\\\/fmgente.com.ar\\\/web\\\/#organization\"},\"image\":{\"@id\":\"https:\\\/\\\/fmgente.com.ar\\\/web\\\/kicillof-tras-la-marcha-de-los-intendentes-milei-tiene-que-hacerse-cargo-de-la-crisis-que-esta-generando\\\/#primaryimage\"},\"thumbnailUrl\":\"https:\\\/\\\/fmgente.com.ar\\\/web\\\/wp-content\\\/uploads\\\/2026\\\/04\\\/720-1433.jpeg\",\"articleSection\":[\"REGIONALES\"],\"inLanguage\":\"es\"},{\"@type\":\"WebPage\",\"@id\":\"https:\\\/\\\/fmgente.com.ar\\\/web\\\/kicillof-tras-la-marcha-de-los-intendentes-milei-tiene-que-hacerse-cargo-de-la-crisis-que-esta-generando\\\/\",\"url\":\"https:\\\/\\\/fmgente.com.ar\\\/web\\\/kicillof-tras-la-marcha-de-los-intendentes-milei-tiene-que-hacerse-cargo-de-la-crisis-que-esta-generando\\\/\",\"name\":\"Kicillof, tras la marcha de los intendentes: \u201cMilei tiene que hacerse cargo de la crisis que est\u00e1 generando&quot; - Fm Gente\",\"isPartOf\":{\"@id\":\"https:\\\/\\\/fmgente.com.ar\\\/web\\\/#website\"},\"primaryImageOfPage\":{\"@id\":\"https:\\\/\\\/fmgente.com.ar\\\/web\\\/kicillof-tras-la-marcha-de-los-intendentes-milei-tiene-que-hacerse-cargo-de-la-crisis-que-esta-generando\\\/#primaryimage\"},\"image\":{\"@id\":\"https:\\\/\\\/fmgente.com.ar\\\/web\\\/kicillof-tras-la-marcha-de-los-intendentes-milei-tiene-que-hacerse-cargo-de-la-crisis-que-esta-generando\\\/#primaryimage\"},\"thumbnailUrl\":\"https:\\\/\\\/fmgente.com.ar\\\/web\\\/wp-content\\\/uploads\\\/2026\\\/04\\\/720-1433.jpeg\",\"datePublished\":\"2026-04-29T22:04:49+00:00\",\"inLanguage\":\"es\",\"potentialAction\":[{\"@type\":\"ReadAction\",\"target\":[\"https:\\\/\\\/fmgente.com.ar\\\/web\\\/kicillof-tras-la-marcha-de-los-intendentes-milei-tiene-que-hacerse-cargo-de-la-crisis-que-esta-generando\\\/\"]}]},{\"@type\":\"ImageObject\",\"inLanguage\":\"es\",\"@id\":\"https:\\\/\\\/fmgente.com.ar\\\/web\\\/kicillof-tras-la-marcha-de-los-intendentes-milei-tiene-que-hacerse-cargo-de-la-crisis-que-esta-generando\\\/#primaryimage\",\"url\":\"https:\\\/\\\/fmgente.com.ar\\\/web\\\/wp-content\\\/uploads\\\/2026\\\/04\\\/720-1433.jpeg\",\"contentUrl\":\"https:\\\/\\\/fmgente.com.ar\\\/web\\\/wp-content\\\/uploads\\\/2026\\\/04\\\/720-1433.jpeg\",\"width\":1027,\"height\":720},{\"@type\":\"WebSite\",\"@id\":\"https:\\\/\\\/fmgente.com.ar\\\/web\\\/#website\",\"url\":\"https:\\\/\\\/fmgente.com.ar\\\/web\\\/\",\"name\":\"Fm Gente\",\"description\":\"- Jes\u00fas Mar\u00eda\",\"publisher\":{\"@id\":\"https:\\\/\\\/fmgente.com.ar\\\/web\\\/#organization\"},\"potentialAction\":[{\"@type\":\"SearchAction\",\"target\":{\"@type\":\"EntryPoint\",\"urlTemplate\":\"https:\\\/\\\/fmgente.com.ar\\\/web\\\/?s={search_term_string}\"},\"query-input\":{\"@type\":\"PropertyValueSpecification\",\"valueRequired\":true,\"valueName\":\"search_term_string\"}}],\"inLanguage\":\"es\"},{\"@type\":\"Organization\",\"@id\":\"https:\\\/\\\/fmgente.com.ar\\\/web\\\/#organization\",\"name\":\"Fm Gente\",\"url\":\"https:\\\/\\\/fmgente.com.ar\\\/web\\\/\",\"logo\":{\"@type\":\"ImageObject\",\"inLanguage\":\"es\",\"@id\":\"https:\\\/\\\/fmgente.com.ar\\\/web\\\/#\\\/schema\\\/logo\\\/image\\\/\",\"url\":\"https:\\\/\\\/fmgente.com.ar\\\/web\\\/wp-content\\\/uploads\\\/2023\\\/07\\\/cropped-cropped-logo-sombra2.png\",\"contentUrl\":\"https:\\\/\\\/fmgente.com.ar\\\/web\\\/wp-content\\\/uploads\\\/2023\\\/07\\\/cropped-cropped-logo-sombra2.png\",\"width\":1782,\"height\":1782,\"caption\":\"Fm Gente\"},\"image\":{\"@id\":\"https:\\\/\\\/fmgente.com.ar\\\/web\\\/#\\\/schema\\\/logo\\\/image\\\/\"}}]}<\/script>\n<!-- \/ Yoast SEO plugin. -->","yoast_head_json":{"title":"Kicillof, tras la marcha de los intendentes: \u201cMilei tiene que hacerse cargo de la crisis que est\u00e1 generando&quot; - Fm Gente","robots":{"index":"index","follow":"follow","max-snippet":"max-snippet:-1","max-image-preview":"max-image-preview:large","max-video-preview":"max-video-preview:-1"},"canonical":"https:\/\/fmgente.com.ar\/web\/kicillof-tras-la-marcha-de-los-intendentes-milei-tiene-que-hacerse-cargo-de-la-crisis-que-esta-generando\/","og_locale":"es_ES","og_type":"article","og_title":"Kicillof, tras la marcha de los intendentes: \u201cMilei tiene que hacerse cargo de la crisis que est\u00e1 generando&quot; - Fm Gente","og_description":"Buenos Aires, 29 abril (NA) \u2013 El gobernador de Buenos Aires, Axel Kicillof, destac\u00f3 la","og_url":"https:\/\/fmgente.com.ar\/web\/kicillof-tras-la-marcha-de-los-intendentes-milei-tiene-que-hacerse-cargo-de-la-crisis-que-esta-generando\/","og_site_name":"Fm Gente","article_published_time":"2026-04-29T22:04:49+00:00","twitter_card":"summary_large_image","twitter_misc":{"Tiempo de lectura":"1 minuto"},"schema":{"@context":"https:\/\/schema.org","@graph":[{"@type":"Article","@id":"https:\/\/fmgente.com.ar\/web\/kicillof-tras-la-marcha-de-los-intendentes-milei-tiene-que-hacerse-cargo-de-la-crisis-que-esta-generando\/#article","isPartOf":{"@id":"https:\/\/fmgente.com.ar\/web\/kicillof-tras-la-marcha-de-los-intendentes-milei-tiene-que-hacerse-cargo-de-la-crisis-que-esta-generando\/"},"author":{"name":"","@id":""},"headline":"Kicillof, tras la marcha de los intendentes: \u201cMilei tiene que hacerse cargo de la crisis que est\u00e1 generando&quot;","datePublished":"2026-04-29T22:04:49+00:00","mainEntityOfPage":{"@id":"https:\/\/fmgente.com.ar\/web\/kicillof-tras-la-marcha-de-los-intendentes-milei-tiene-que-hacerse-cargo-de-la-crisis-que-esta-generando\/"},"wordCount":269,"publisher":{"@id":"https:\/\/fmgente.com.ar\/web\/#organization"},"image":{"@id":"https:\/\/fmgente.com.ar\/web\/kicillof-tras-la-marcha-de-los-intendentes-milei-tiene-que-hacerse-cargo-de-la-crisis-que-esta-generando\/#primaryimage"},"thumbnailUrl":"https:\/\/fmgente.com.ar\/web\/wp-content\/uploads\/2026\/04\/720-1433.jpeg","articleSection":["REGIONALES"],"inLanguage":"es"},{"@type":"WebPage","@id":"https:\/\/fmgente.com.ar\/web\/kicillof-tras-la-marcha-de-los-intendentes-milei-tiene-que-hacerse-cargo-de-la-crisis-que-esta-generando\/","url":"https:\/\/fmgente.com.ar\/web\/kicillof-tras-la-marcha-de-los-intendentes-milei-tiene-que-hacerse-cargo-de-la-crisis-que-esta-generando\/","name":"Kicillof, tras la marcha de los intendentes: \u201cMilei tiene que hacerse cargo de la crisis que est\u00e1 generando&quot; - Fm Gente","isPartOf":{"@id":"https:\/\/fmgente.com.ar\/web\/#website"},"primaryImageOfPage":{"@id":"https:\/\/fmgente.com.ar\/web\/kicillof-tras-la-marcha-de-los-intendentes-milei-tiene-que-hacerse-cargo-de-la-crisis-que-esta-generando\/#primaryimage"},"image":{"@id":"https:\/\/fmgente.com.ar\/web\/kicillof-tras-la-marcha-de-los-intendentes-milei-tiene-que-hacerse-cargo-de-la-crisis-que-esta-generando\/#primaryimage"},"thumbnailUrl":"https:\/\/fmgente.com.ar\/web\/wp-content\/uploads\/2026\/04\/720-1433.jpeg","datePublished":"2026-04-29T22:04:49+00:00","inLanguage":"es","potentialAction":[{"@type":"ReadAction","target":["https:\/\/fmgente.com.ar\/web\/kicillof-tras-la-marcha-de-los-intendentes-milei-tiene-que-hacerse-cargo-de-la-crisis-que-esta-generando\/"]}]},{"@type":"ImageObject","inLanguage":"es","@id":"https:\/\/fmgente.com.ar\/web\/kicillof-tras-la-marcha-de-los-intendentes-milei-tiene-que-hacerse-cargo-de-la-crisis-que-esta-generando\/#primaryimage","url":"https:\/\/fmgente.com.ar\/web\/wp-content\/uploads\/2026\/04\/720-1433.jpeg","contentUrl":"https:\/\/fmgente.com.ar\/web\/wp-content\/uploads\/2026\/04\/720-1433.jpeg","width":1027,"height":720},{"@type":"WebSite","@id":"https:\/\/fmgente.com.ar\/web\/#website","url":"https:\/\/fmgente.com.ar\/web\/","name":"Fm Gente","description":"- Jes\u00fas Mar\u00eda","publisher":{"@id":"https:\/\/fmgente.com.ar\/web\/#organization"},"potentialAction":[{"@type":"SearchAction","target":{"@type":"EntryPoint","urlTemplate":"https:\/\/fmgente.com.ar\/web\/?s={search_term_string}"},"query-input":{"@type":"PropertyValueSpecification","valueRequired":true,"valueName":"search_term_string"}}],"inLanguage":"es"},{"@type":"Organization","@id":"https:\/\/fmgente.com.ar\/web\/#organization","name":"Fm Gente","url":"https:\/\/fmgente.com.ar\/web\/","logo":{"@type":"ImageObject","inLanguage":"es","@id":"https:\/\/fmgente.com.ar\/web\/#\/schema\/logo\/image\/","url":"https:\/\/fmgente.com.ar\/web\/wp-content\/uploads\/2023\/07\/cropped-cropped-logo-sombra2.png","contentUrl":"https:\/\/fmgente.com.ar\/web\/wp-content\/uploads\/2023\/07\/cropped-cropped-logo-sombra2.png","width":1782,"height":1782,"caption":"Fm Gente"},"image":{"@id":"https:\/\/fmgente.com.ar\/web\/#\/schema\/logo\/image\/"}}]}},"_links":{"self":[{"href":"https:\/\/fmgente.com.ar\/web\/wp-json\/wp\/v2\/posts\/21123","targetHints":{"allow":["GET"]}}],"collection":[{"href":"https:\/\/fmgente.com.ar\/web\/wp-json\/wp\/v2\/posts"}],"about":[{"href":"https:\/\/fmgente.com.ar\/web\/wp-json\/wp\/v2\/types\/post"}],"replies":[{"embeddable":true,"href":"https:\/\/fmgente.com.ar\/web\/wp-json\/wp\/v2\/comments?post=21123"}],"version-history":[{"count":0,"href":"https:\/\/fmgente.com.ar\/web\/wp-json\/wp\/v2\/posts\/21123\/revisions"}],"wp:featuredmedia":[{"embeddable":true,"href":"https:\/\/fmgente.com.ar\/web\/wp-json\/wp\/v2\/media\/21124"}],"wp:attachment":[{"href":"https:\/\/fmgente.com.ar\/web\/wp-json\/wp\/v2\/media?parent=21123"}],"wp:term":[{"taxonomy":"category","embeddable":true,"href":"https:\/\/fmgente.com.ar\/web\/wp-json\/wp\/v2\/categories?post=21123"},{"taxonomy":"post_tag","embeddable":true,"href":"https:\/\/fmgente.com.ar\/web\/wp-json\/wp\/v2\/tags?post=21123"}],"curies":[{"name":"wp","href":"https:\/\/api.w.org\/{rel}","templated":true}]}}