{"id":21113,"date":"2026-04-29T18:05:31","date_gmt":"2026-04-29T21:05:31","guid":{"rendered":"https:\/\/fmgente.com.ar\/web\/aloe-vera-el-curioso-apodo-que-myriam-bregman-le-puso-a-adorni\/"},"modified":"2026-04-29T18:05:31","modified_gmt":"2026-04-29T21:05:31","slug":"aloe-vera-el-curioso-apodo-que-myriam-bregman-le-puso-a-adorni","status":"publish","type":"post","link":"https:\/\/fmgente.com.ar\/web\/aloe-vera-el-curioso-apodo-que-myriam-bregman-le-puso-a-adorni\/","title":{"rendered":"\u201cAloe vera\u201d, el curioso apodo que Myriam Bregman le puso a Adorni"},"content":{"rendered":"<p>Buenos Aires, 29 abril (NA) \u2013 La diputada nacional del Frente de Izquierda Myriam Bregman sorprendi\u00f3 al bautizar al jefe de Gabinete, Manuel Adorni, con el apodo \u201caloe vera\u201d, y lo acus\u00f3 de hacerse el \u201cgallito\u201d.<\/p>\n<p>\u201c\u00bfSab\u00e9s c\u00f3mo te dice la gente? Aloe vera, porque cada d\u00eda te descubren m\u00e1s propiedades\u00bb, ironiz\u00f3 la legisladora opositora y ex candidata presidencial.<\/p>\n<p>\u00abSi sos tan gallito, \u00bfpor qu\u00e9 tuviste que venir con (el presidente Javier) Milei para que se tire arriba de la granada?\u201d, chicane\u00f3 Bregman durante el informe de gesti\u00f3n del jefe de Gabinete.<\/p>\n<p>La referente del PTS acus\u00f3 a Adorni de \u201cvenir ac\u00e1 a aburrirnos con tus mentiras\u201d.<\/p>\n<p>\u201c\u00bfC\u00f3mo es posible que usted gane en pesos pero gaste en d\u00f3lares? \u00bfC\u00f3mo puede ser que la casta tenga miedo y usted viaje en aviones privados?\u201d, pregunt\u00f3.<\/p>\n<p>#AgenciaNA<\/p>\n","protected":false},"excerpt":{"rendered":"<p>Buenos Aires, 29 abril (NA) \u2013 La diputada nacional del Frente de Izquierda Myriam Bregman<\/p>\n","protected":false},"author":0,"featured_media":21114,"comment_status":"","ping_status":"","sticky":false,"template":"","format":"standard","meta":{"footnotes":""},"categories":[1],"tags":[],"class_list":["post-21113","post","type-post","status-publish","format-standard","has-post-thumbnail","hentry","category-regionales"],"yoast_head":"<!-- This site is optimized with the Yoast SEO plugin v27.4 - https:\/\/yoast.com\/product\/yoast-seo-wordpress\/ -->\n<title>\u201cAloe vera\u201d, el curioso apodo que Myriam Bregman le puso a Adorni - Fm Gente<\/title>\n<meta name=\"robots\" content=\"index, follow, max-snippet:-1, max-image-preview:large, max-video-preview:-1\" \/>\n<link rel=\"canonical\" href=\"https:\/\/fmgente.com.ar\/web\/aloe-vera-el-curioso-apodo-que-myriam-bregman-le-puso-a-adorni\/\" \/>\n<meta property=\"og:locale\" content=\"es_ES\" \/>\n<meta property=\"og:type\" content=\"article\" \/>\n<meta property=\"og:title\" content=\"\u201cAloe vera\u201d, el curioso apodo que Myriam Bregman le puso a Adorni - Fm Gente\" \/>\n<meta property=\"og:description\" content=\"Buenos Aires, 29 abril (NA) \u2013 La diputada nacional del Frente de Izquierda Myriam Bregman\" \/>\n<meta property=\"og:url\" content=\"https:\/\/fmgente.com.ar\/web\/aloe-vera-el-curioso-apodo-que-myriam-bregman-le-puso-a-adorni\/\" \/>\n<meta property=\"og:site_name\" content=\"Fm Gente\" \/>\n<meta property=\"article:published_time\" content=\"2026-04-29T21:05:31+00:00\" \/>\n<meta name=\"twitter:card\" content=\"summary_large_image\" \/>\n<meta name=\"twitter:label1\" content=\"Tiempo de lectura\" \/>\n\t<meta name=\"twitter:data1\" content=\"1 minuto\" \/>\n<script type=\"application\/ld+json\" class=\"yoast-schema-graph\">{\"@context\":\"https:\\\/\\\/schema.org\",\"@graph\":[{\"@type\":\"Article\",\"@id\":\"https:\\\/\\\/fmgente.com.ar\\\/web\\\/aloe-vera-el-curioso-apodo-que-myriam-bregman-le-puso-a-adorni\\\/#article\",\"isPartOf\":{\"@id\":\"https:\\\/\\\/fmgente.com.ar\\\/web\\\/aloe-vera-el-curioso-apodo-que-myriam-bregman-le-puso-a-adorni\\\/\"},\"author\":{\"name\":\"\",\"@id\":\"\"},\"headline\":\"\u201cAloe vera\u201d, el curioso apodo que Myriam Bregman le puso a Adorni\",\"datePublished\":\"2026-04-29T21:05:31+00:00\",\"mainEntityOfPage\":{\"@id\":\"https:\\\/\\\/fmgente.com.ar\\\/web\\\/aloe-vera-el-curioso-apodo-que-myriam-bregman-le-puso-a-adorni\\\/\"},\"wordCount\":153,\"publisher\":{\"@id\":\"https:\\\/\\\/fmgente.com.ar\\\/web\\\/#organization\"},\"image\":{\"@id\":\"https:\\\/\\\/fmgente.com.ar\\\/web\\\/aloe-vera-el-curioso-apodo-que-myriam-bregman-le-puso-a-adorni\\\/#primaryimage\"},\"thumbnailUrl\":\"https:\\\/\\\/fmgente.com.ar\\\/web\\\/wp-content\\\/uploads\\\/2026\\\/04\\\/image-28.jpg\",\"articleSection\":[\"REGIONALES\"],\"inLanguage\":\"es\"},{\"@type\":\"WebPage\",\"@id\":\"https:\\\/\\\/fmgente.com.ar\\\/web\\\/aloe-vera-el-curioso-apodo-que-myriam-bregman-le-puso-a-adorni\\\/\",\"url\":\"https:\\\/\\\/fmgente.com.ar\\\/web\\\/aloe-vera-el-curioso-apodo-que-myriam-bregman-le-puso-a-adorni\\\/\",\"name\":\"\u201cAloe vera\u201d, el curioso apodo que Myriam Bregman le puso a Adorni - Fm Gente\",\"isPartOf\":{\"@id\":\"https:\\\/\\\/fmgente.com.ar\\\/web\\\/#website\"},\"primaryImageOfPage\":{\"@id\":\"https:\\\/\\\/fmgente.com.ar\\\/web\\\/aloe-vera-el-curioso-apodo-que-myriam-bregman-le-puso-a-adorni\\\/#primaryimage\"},\"image\":{\"@id\":\"https:\\\/\\\/fmgente.com.ar\\\/web\\\/aloe-vera-el-curioso-apodo-que-myriam-bregman-le-puso-a-adorni\\\/#primaryimage\"},\"thumbnailUrl\":\"https:\\\/\\\/fmgente.com.ar\\\/web\\\/wp-content\\\/uploads\\\/2026\\\/04\\\/image-28.jpg\",\"datePublished\":\"2026-04-29T21:05:31+00:00\",\"inLanguage\":\"es\",\"potentialAction\":[{\"@type\":\"ReadAction\",\"target\":[\"https:\\\/\\\/fmgente.com.ar\\\/web\\\/aloe-vera-el-curioso-apodo-que-myriam-bregman-le-puso-a-adorni\\\/\"]}]},{\"@type\":\"ImageObject\",\"inLanguage\":\"es\",\"@id\":\"https:\\\/\\\/fmgente.com.ar\\\/web\\\/aloe-vera-el-curioso-apodo-que-myriam-bregman-le-puso-a-adorni\\\/#primaryimage\",\"url\":\"https:\\\/\\\/fmgente.com.ar\\\/web\\\/wp-content\\\/uploads\\\/2026\\\/04\\\/image-28.jpg\",\"contentUrl\":\"https:\\\/\\\/fmgente.com.ar\\\/web\\\/wp-content\\\/uploads\\\/2026\\\/04\\\/image-28.jpg\",\"width\":1024,\"height\":683},{\"@type\":\"WebSite\",\"@id\":\"https:\\\/\\\/fmgente.com.ar\\\/web\\\/#website\",\"url\":\"https:\\\/\\\/fmgente.com.ar\\\/web\\\/\",\"name\":\"Fm Gente\",\"description\":\"- Jes\u00fas Mar\u00eda\",\"publisher\":{\"@id\":\"https:\\\/\\\/fmgente.com.ar\\\/web\\\/#organization\"},\"potentialAction\":[{\"@type\":\"SearchAction\",\"target\":{\"@type\":\"EntryPoint\",\"urlTemplate\":\"https:\\\/\\\/fmgente.com.ar\\\/web\\\/?s={search_term_string}\"},\"query-input\":{\"@type\":\"PropertyValueSpecification\",\"valueRequired\":true,\"valueName\":\"search_term_string\"}}],\"inLanguage\":\"es\"},{\"@type\":\"Organization\",\"@id\":\"https:\\\/\\\/fmgente.com.ar\\\/web\\\/#organization\",\"name\":\"Fm Gente\",\"url\":\"https:\\\/\\\/fmgente.com.ar\\\/web\\\/\",\"logo\":{\"@type\":\"ImageObject\",\"inLanguage\":\"es\",\"@id\":\"https:\\\/\\\/fmgente.com.ar\\\/web\\\/#\\\/schema\\\/logo\\\/image\\\/\",\"url\":\"https:\\\/\\\/fmgente.com.ar\\\/web\\\/wp-content\\\/uploads\\\/2023\\\/07\\\/cropped-cropped-logo-sombra2.png\",\"contentUrl\":\"https:\\\/\\\/fmgente.com.ar\\\/web\\\/wp-content\\\/uploads\\\/2023\\\/07\\\/cropped-cropped-logo-sombra2.png\",\"width\":1782,\"height\":1782,\"caption\":\"Fm Gente\"},\"image\":{\"@id\":\"https:\\\/\\\/fmgente.com.ar\\\/web\\\/#\\\/schema\\\/logo\\\/image\\\/\"}}]}<\/script>\n<!-- \/ Yoast SEO plugin. -->","yoast_head_json":{"title":"\u201cAloe vera\u201d, el curioso apodo que Myriam Bregman le puso a Adorni - Fm Gente","robots":{"index":"index","follow":"follow","max-snippet":"max-snippet:-1","max-image-preview":"max-image-preview:large","max-video-preview":"max-video-preview:-1"},"canonical":"https:\/\/fmgente.com.ar\/web\/aloe-vera-el-curioso-apodo-que-myriam-bregman-le-puso-a-adorni\/","og_locale":"es_ES","og_type":"article","og_title":"\u201cAloe vera\u201d, el curioso apodo que Myriam Bregman le puso a Adorni - Fm Gente","og_description":"Buenos Aires, 29 abril (NA) \u2013 La diputada nacional del Frente de Izquierda Myriam Bregman","og_url":"https:\/\/fmgente.com.ar\/web\/aloe-vera-el-curioso-apodo-que-myriam-bregman-le-puso-a-adorni\/","og_site_name":"Fm Gente","article_published_time":"2026-04-29T21:05:31+00:00","twitter_card":"summary_large_image","twitter_misc":{"Tiempo de lectura":"1 minuto"},"schema":{"@context":"https:\/\/schema.org","@graph":[{"@type":"Article","@id":"https:\/\/fmgente.com.ar\/web\/aloe-vera-el-curioso-apodo-que-myriam-bregman-le-puso-a-adorni\/#article","isPartOf":{"@id":"https:\/\/fmgente.com.ar\/web\/aloe-vera-el-curioso-apodo-que-myriam-bregman-le-puso-a-adorni\/"},"author":{"name":"","@id":""},"headline":"\u201cAloe vera\u201d, el curioso apodo que Myriam Bregman le puso a Adorni","datePublished":"2026-04-29T21:05:31+00:00","mainEntityOfPage":{"@id":"https:\/\/fmgente.com.ar\/web\/aloe-vera-el-curioso-apodo-que-myriam-bregman-le-puso-a-adorni\/"},"wordCount":153,"publisher":{"@id":"https:\/\/fmgente.com.ar\/web\/#organization"},"image":{"@id":"https:\/\/fmgente.com.ar\/web\/aloe-vera-el-curioso-apodo-que-myriam-bregman-le-puso-a-adorni\/#primaryimage"},"thumbnailUrl":"https:\/\/fmgente.com.ar\/web\/wp-content\/uploads\/2026\/04\/image-28.jpg","articleSection":["REGIONALES"],"inLanguage":"es"},{"@type":"WebPage","@id":"https:\/\/fmgente.com.ar\/web\/aloe-vera-el-curioso-apodo-que-myriam-bregman-le-puso-a-adorni\/","url":"https:\/\/fmgente.com.ar\/web\/aloe-vera-el-curioso-apodo-que-myriam-bregman-le-puso-a-adorni\/","name":"\u201cAloe vera\u201d, el curioso apodo que Myriam Bregman le puso a Adorni - Fm Gente","isPartOf":{"@id":"https:\/\/fmgente.com.ar\/web\/#website"},"primaryImageOfPage":{"@id":"https:\/\/fmgente.com.ar\/web\/aloe-vera-el-curioso-apodo-que-myriam-bregman-le-puso-a-adorni\/#primaryimage"},"image":{"@id":"https:\/\/fmgente.com.ar\/web\/aloe-vera-el-curioso-apodo-que-myriam-bregman-le-puso-a-adorni\/#primaryimage"},"thumbnailUrl":"https:\/\/fmgente.com.ar\/web\/wp-content\/uploads\/2026\/04\/image-28.jpg","datePublished":"2026-04-29T21:05:31+00:00","inLanguage":"es","potentialAction":[{"@type":"ReadAction","target":["https:\/\/fmgente.com.ar\/web\/aloe-vera-el-curioso-apodo-que-myriam-bregman-le-puso-a-adorni\/"]}]},{"@type":"ImageObject","inLanguage":"es","@id":"https:\/\/fmgente.com.ar\/web\/aloe-vera-el-curioso-apodo-que-myriam-bregman-le-puso-a-adorni\/#primaryimage","url":"https:\/\/fmgente.com.ar\/web\/wp-content\/uploads\/2026\/04\/image-28.jpg","contentUrl":"https:\/\/fmgente.com.ar\/web\/wp-content\/uploads\/2026\/04\/image-28.jpg","width":1024,"height":683},{"@type":"WebSite","@id":"https:\/\/fmgente.com.ar\/web\/#website","url":"https:\/\/fmgente.com.ar\/web\/","name":"Fm Gente","description":"- Jes\u00fas Mar\u00eda","publisher":{"@id":"https:\/\/fmgente.com.ar\/web\/#organization"},"potentialAction":[{"@type":"SearchAction","target":{"@type":"EntryPoint","urlTemplate":"https:\/\/fmgente.com.ar\/web\/?s={search_term_string}"},"query-input":{"@type":"PropertyValueSpecification","valueRequired":true,"valueName":"search_term_string"}}],"inLanguage":"es"},{"@type":"Organization","@id":"https:\/\/fmgente.com.ar\/web\/#organization","name":"Fm Gente","url":"https:\/\/fmgente.com.ar\/web\/","logo":{"@type":"ImageObject","inLanguage":"es","@id":"https:\/\/fmgente.com.ar\/web\/#\/schema\/logo\/image\/","url":"https:\/\/fmgente.com.ar\/web\/wp-content\/uploads\/2023\/07\/cropped-cropped-logo-sombra2.png","contentUrl":"https:\/\/fmgente.com.ar\/web\/wp-content\/uploads\/2023\/07\/cropped-cropped-logo-sombra2.png","width":1782,"height":1782,"caption":"Fm Gente"},"image":{"@id":"https:\/\/fmgente.com.ar\/web\/#\/schema\/logo\/image\/"}}]}},"_links":{"self":[{"href":"https:\/\/fmgente.com.ar\/web\/wp-json\/wp\/v2\/posts\/21113","targetHints":{"allow":["GET"]}}],"collection":[{"href":"https:\/\/fmgente.com.ar\/web\/wp-json\/wp\/v2\/posts"}],"about":[{"href":"https:\/\/fmgente.com.ar\/web\/wp-json\/wp\/v2\/types\/post"}],"replies":[{"embeddable":true,"href":"https:\/\/fmgente.com.ar\/web\/wp-json\/wp\/v2\/comments?post=21113"}],"version-history":[{"count":0,"href":"https:\/\/fmgente.com.ar\/web\/wp-json\/wp\/v2\/posts\/21113\/revisions"}],"wp:featuredmedia":[{"embeddable":true,"href":"https:\/\/fmgente.com.ar\/web\/wp-json\/wp\/v2\/media\/21114"}],"wp:attachment":[{"href":"https:\/\/fmgente.com.ar\/web\/wp-json\/wp\/v2\/media?parent=21113"}],"wp:term":[{"taxonomy":"category","embeddable":true,"href":"https:\/\/fmgente.com.ar\/web\/wp-json\/wp\/v2\/categories?post=21113"},{"taxonomy":"post_tag","embeddable":true,"href":"https:\/\/fmgente.com.ar\/web\/wp-json\/wp\/v2\/tags?post=21113"}],"curies":[{"name":"wp","href":"https:\/\/api.w.org\/{rel}","templated":true}]}}