{"id":21111,"date":"2026-04-29T17:05:42","date_gmt":"2026-04-29T20:05:42","guid":{"rendered":"https:\/\/fmgente.com.ar\/web\/detuvieron-a-una-docente-y-la-directora-de-un-jardin-de-infantes-por-supuestos-maltratos-en-cordoba\/"},"modified":"2026-04-29T17:05:42","modified_gmt":"2026-04-29T20:05:42","slug":"detuvieron-a-una-docente-y-la-directora-de-un-jardin-de-infantes-por-supuestos-maltratos-en-cordoba","status":"publish","type":"post","link":"https:\/\/fmgente.com.ar\/web\/detuvieron-a-una-docente-y-la-directora-de-un-jardin-de-infantes-por-supuestos-maltratos-en-cordoba\/","title":{"rendered":"Detuvieron a una docente y la directora de un jard\u00edn de infantes por supuestos maltratos en C\u00f3rdoba"},"content":{"rendered":"<p>Buenos Aires, 29 abril (NA) \u2013 Una docente y la directora de un jard\u00edn de infantes privado fueron detenidas acusadas de ejercer presunto maltrato contra ni\u00f1os en la ciudad de C\u00f3rdoba.<\/p>\n<p>Los hechos habr\u00edan ocurrido en un establecimiento escolar del barrio Cofico, donde se concret\u00f3 el arresto de la maestra de la sala, quien prestar\u00e1 declaraci\u00f3n indagatoria por ser considerada autora de los delitos de lesiones leves agravadas por alevos\u00eda, seg\u00fan inform\u00f3 el sitio oficial del Ministerio P\u00fablico Fiscal (MPF) local.<\/p>\n<p>A su vez, se orden\u00f3 la captura de la directora por haberse enterado de la situaci\u00f3n y no intervenir al respecto, motivo por el que se la acus\u00f3 por supuesto encubrimiento.<\/p>\n<p>El caso qued\u00f3 en manos de la Fiscal\u00eda de Instrucci\u00f3n del Distrito III Turno 6, a cargo del fiscal Iv\u00e1n Rodr\u00edguez, quien lleva a cabo peritajes inform\u00e1ticos y toma de testimonios.  <\/p>\n<p>#AgenciaNA<\/p>\n","protected":false},"excerpt":{"rendered":"<p>Buenos Aires, 29 abril (NA) \u2013 Una docente y la directora de un jard\u00edn de<\/p>\n","protected":false},"author":0,"featured_media":21112,"comment_status":"","ping_status":"","sticky":false,"template":"","format":"standard","meta":{"footnotes":""},"categories":[1],"tags":[],"class_list":["post-21111","post","type-post","status-publish","format-standard","has-post-thumbnail","hentry","category-regionales"],"yoast_head":"<!-- This site is optimized with the Yoast SEO plugin v27.4 - https:\/\/yoast.com\/product\/yoast-seo-wordpress\/ -->\n<title>Detuvieron a una docente y la directora de un jard\u00edn de infantes por supuestos maltratos en C\u00f3rdoba - Fm Gente<\/title>\n<meta name=\"robots\" content=\"index, follow, max-snippet:-1, max-image-preview:large, max-video-preview:-1\" \/>\n<link rel=\"canonical\" href=\"https:\/\/fmgente.com.ar\/web\/detuvieron-a-una-docente-y-la-directora-de-un-jardin-de-infantes-por-supuestos-maltratos-en-cordoba\/\" \/>\n<meta property=\"og:locale\" content=\"es_ES\" \/>\n<meta property=\"og:type\" content=\"article\" \/>\n<meta property=\"og:title\" content=\"Detuvieron a una docente y la directora de un jard\u00edn de infantes por supuestos maltratos en C\u00f3rdoba - Fm Gente\" \/>\n<meta property=\"og:description\" content=\"Buenos Aires, 29 abril (NA) \u2013 Una docente y la directora de un jard\u00edn de\" \/>\n<meta property=\"og:url\" content=\"https:\/\/fmgente.com.ar\/web\/detuvieron-a-una-docente-y-la-directora-de-un-jardin-de-infantes-por-supuestos-maltratos-en-cordoba\/\" \/>\n<meta property=\"og:site_name\" content=\"Fm Gente\" \/>\n<meta property=\"article:published_time\" content=\"2026-04-29T20:05:42+00:00\" \/>\n<meta name=\"twitter:card\" content=\"summary_large_image\" \/>\n<meta name=\"twitter:label1\" content=\"Tiempo de lectura\" \/>\n\t<meta name=\"twitter:data1\" content=\"1 minuto\" \/>\n<script type=\"application\/ld+json\" class=\"yoast-schema-graph\">{\"@context\":\"https:\\\/\\\/schema.org\",\"@graph\":[{\"@type\":\"Article\",\"@id\":\"https:\\\/\\\/fmgente.com.ar\\\/web\\\/detuvieron-a-una-docente-y-la-directora-de-un-jardin-de-infantes-por-supuestos-maltratos-en-cordoba\\\/#article\",\"isPartOf\":{\"@id\":\"https:\\\/\\\/fmgente.com.ar\\\/web\\\/detuvieron-a-una-docente-y-la-directora-de-un-jardin-de-infantes-por-supuestos-maltratos-en-cordoba\\\/\"},\"author\":{\"name\":\"\",\"@id\":\"\"},\"headline\":\"Detuvieron a una docente y la directora de un jard\u00edn de infantes por supuestos maltratos en C\u00f3rdoba\",\"datePublished\":\"2026-04-29T20:05:42+00:00\",\"mainEntityOfPage\":{\"@id\":\"https:\\\/\\\/fmgente.com.ar\\\/web\\\/detuvieron-a-una-docente-y-la-directora-de-un-jardin-de-infantes-por-supuestos-maltratos-en-cordoba\\\/\"},\"wordCount\":174,\"publisher\":{\"@id\":\"https:\\\/\\\/fmgente.com.ar\\\/web\\\/#organization\"},\"image\":{\"@id\":\"https:\\\/\\\/fmgente.com.ar\\\/web\\\/detuvieron-a-una-docente-y-la-directora-de-un-jardin-de-infantes-por-supuestos-maltratos-en-cordoba\\\/#primaryimage\"},\"thumbnailUrl\":\"https:\\\/\\\/fmgente.com.ar\\\/web\\\/wp-content\\\/uploads\\\/2026\\\/04\\\/720-1428.jpeg\",\"articleSection\":[\"REGIONALES\"],\"inLanguage\":\"es\"},{\"@type\":\"WebPage\",\"@id\":\"https:\\\/\\\/fmgente.com.ar\\\/web\\\/detuvieron-a-una-docente-y-la-directora-de-un-jardin-de-infantes-por-supuestos-maltratos-en-cordoba\\\/\",\"url\":\"https:\\\/\\\/fmgente.com.ar\\\/web\\\/detuvieron-a-una-docente-y-la-directora-de-un-jardin-de-infantes-por-supuestos-maltratos-en-cordoba\\\/\",\"name\":\"Detuvieron a una docente y la directora de un jard\u00edn de infantes por supuestos maltratos en C\u00f3rdoba - Fm Gente\",\"isPartOf\":{\"@id\":\"https:\\\/\\\/fmgente.com.ar\\\/web\\\/#website\"},\"primaryImageOfPage\":{\"@id\":\"https:\\\/\\\/fmgente.com.ar\\\/web\\\/detuvieron-a-una-docente-y-la-directora-de-un-jardin-de-infantes-por-supuestos-maltratos-en-cordoba\\\/#primaryimage\"},\"image\":{\"@id\":\"https:\\\/\\\/fmgente.com.ar\\\/web\\\/detuvieron-a-una-docente-y-la-directora-de-un-jardin-de-infantes-por-supuestos-maltratos-en-cordoba\\\/#primaryimage\"},\"thumbnailUrl\":\"https:\\\/\\\/fmgente.com.ar\\\/web\\\/wp-content\\\/uploads\\\/2026\\\/04\\\/720-1428.jpeg\",\"datePublished\":\"2026-04-29T20:05:42+00:00\",\"inLanguage\":\"es\",\"potentialAction\":[{\"@type\":\"ReadAction\",\"target\":[\"https:\\\/\\\/fmgente.com.ar\\\/web\\\/detuvieron-a-una-docente-y-la-directora-de-un-jardin-de-infantes-por-supuestos-maltratos-en-cordoba\\\/\"]}]},{\"@type\":\"ImageObject\",\"inLanguage\":\"es\",\"@id\":\"https:\\\/\\\/fmgente.com.ar\\\/web\\\/detuvieron-a-una-docente-y-la-directora-de-un-jardin-de-infantes-por-supuestos-maltratos-en-cordoba\\\/#primaryimage\",\"url\":\"https:\\\/\\\/fmgente.com.ar\\\/web\\\/wp-content\\\/uploads\\\/2026\\\/04\\\/720-1428.jpeg\",\"contentUrl\":\"https:\\\/\\\/fmgente.com.ar\\\/web\\\/wp-content\\\/uploads\\\/2026\\\/04\\\/720-1428.jpeg\",\"width\":1081,\"height\":720},{\"@type\":\"WebSite\",\"@id\":\"https:\\\/\\\/fmgente.com.ar\\\/web\\\/#website\",\"url\":\"https:\\\/\\\/fmgente.com.ar\\\/web\\\/\",\"name\":\"Fm Gente\",\"description\":\"- Jes\u00fas Mar\u00eda\",\"publisher\":{\"@id\":\"https:\\\/\\\/fmgente.com.ar\\\/web\\\/#organization\"},\"potentialAction\":[{\"@type\":\"SearchAction\",\"target\":{\"@type\":\"EntryPoint\",\"urlTemplate\":\"https:\\\/\\\/fmgente.com.ar\\\/web\\\/?s={search_term_string}\"},\"query-input\":{\"@type\":\"PropertyValueSpecification\",\"valueRequired\":true,\"valueName\":\"search_term_string\"}}],\"inLanguage\":\"es\"},{\"@type\":\"Organization\",\"@id\":\"https:\\\/\\\/fmgente.com.ar\\\/web\\\/#organization\",\"name\":\"Fm Gente\",\"url\":\"https:\\\/\\\/fmgente.com.ar\\\/web\\\/\",\"logo\":{\"@type\":\"ImageObject\",\"inLanguage\":\"es\",\"@id\":\"https:\\\/\\\/fmgente.com.ar\\\/web\\\/#\\\/schema\\\/logo\\\/image\\\/\",\"url\":\"https:\\\/\\\/fmgente.com.ar\\\/web\\\/wp-content\\\/uploads\\\/2023\\\/07\\\/cropped-cropped-logo-sombra2.png\",\"contentUrl\":\"https:\\\/\\\/fmgente.com.ar\\\/web\\\/wp-content\\\/uploads\\\/2023\\\/07\\\/cropped-cropped-logo-sombra2.png\",\"width\":1782,\"height\":1782,\"caption\":\"Fm Gente\"},\"image\":{\"@id\":\"https:\\\/\\\/fmgente.com.ar\\\/web\\\/#\\\/schema\\\/logo\\\/image\\\/\"}}]}<\/script>\n<!-- \/ Yoast SEO plugin. -->","yoast_head_json":{"title":"Detuvieron a una docente y la directora de un jard\u00edn de infantes por supuestos maltratos en C\u00f3rdoba - Fm Gente","robots":{"index":"index","follow":"follow","max-snippet":"max-snippet:-1","max-image-preview":"max-image-preview:large","max-video-preview":"max-video-preview:-1"},"canonical":"https:\/\/fmgente.com.ar\/web\/detuvieron-a-una-docente-y-la-directora-de-un-jardin-de-infantes-por-supuestos-maltratos-en-cordoba\/","og_locale":"es_ES","og_type":"article","og_title":"Detuvieron a una docente y la directora de un jard\u00edn de infantes por supuestos maltratos en C\u00f3rdoba - Fm Gente","og_description":"Buenos Aires, 29 abril (NA) \u2013 Una docente y la directora de un jard\u00edn de","og_url":"https:\/\/fmgente.com.ar\/web\/detuvieron-a-una-docente-y-la-directora-de-un-jardin-de-infantes-por-supuestos-maltratos-en-cordoba\/","og_site_name":"Fm Gente","article_published_time":"2026-04-29T20:05:42+00:00","twitter_card":"summary_large_image","twitter_misc":{"Tiempo de lectura":"1 minuto"},"schema":{"@context":"https:\/\/schema.org","@graph":[{"@type":"Article","@id":"https:\/\/fmgente.com.ar\/web\/detuvieron-a-una-docente-y-la-directora-de-un-jardin-de-infantes-por-supuestos-maltratos-en-cordoba\/#article","isPartOf":{"@id":"https:\/\/fmgente.com.ar\/web\/detuvieron-a-una-docente-y-la-directora-de-un-jardin-de-infantes-por-supuestos-maltratos-en-cordoba\/"},"author":{"name":"","@id":""},"headline":"Detuvieron a una docente y la directora de un jard\u00edn de infantes por supuestos maltratos en C\u00f3rdoba","datePublished":"2026-04-29T20:05:42+00:00","mainEntityOfPage":{"@id":"https:\/\/fmgente.com.ar\/web\/detuvieron-a-una-docente-y-la-directora-de-un-jardin-de-infantes-por-supuestos-maltratos-en-cordoba\/"},"wordCount":174,"publisher":{"@id":"https:\/\/fmgente.com.ar\/web\/#organization"},"image":{"@id":"https:\/\/fmgente.com.ar\/web\/detuvieron-a-una-docente-y-la-directora-de-un-jardin-de-infantes-por-supuestos-maltratos-en-cordoba\/#primaryimage"},"thumbnailUrl":"https:\/\/fmgente.com.ar\/web\/wp-content\/uploads\/2026\/04\/720-1428.jpeg","articleSection":["REGIONALES"],"inLanguage":"es"},{"@type":"WebPage","@id":"https:\/\/fmgente.com.ar\/web\/detuvieron-a-una-docente-y-la-directora-de-un-jardin-de-infantes-por-supuestos-maltratos-en-cordoba\/","url":"https:\/\/fmgente.com.ar\/web\/detuvieron-a-una-docente-y-la-directora-de-un-jardin-de-infantes-por-supuestos-maltratos-en-cordoba\/","name":"Detuvieron a una docente y la directora de un jard\u00edn de infantes por supuestos maltratos en C\u00f3rdoba - Fm Gente","isPartOf":{"@id":"https:\/\/fmgente.com.ar\/web\/#website"},"primaryImageOfPage":{"@id":"https:\/\/fmgente.com.ar\/web\/detuvieron-a-una-docente-y-la-directora-de-un-jardin-de-infantes-por-supuestos-maltratos-en-cordoba\/#primaryimage"},"image":{"@id":"https:\/\/fmgente.com.ar\/web\/detuvieron-a-una-docente-y-la-directora-de-un-jardin-de-infantes-por-supuestos-maltratos-en-cordoba\/#primaryimage"},"thumbnailUrl":"https:\/\/fmgente.com.ar\/web\/wp-content\/uploads\/2026\/04\/720-1428.jpeg","datePublished":"2026-04-29T20:05:42+00:00","inLanguage":"es","potentialAction":[{"@type":"ReadAction","target":["https:\/\/fmgente.com.ar\/web\/detuvieron-a-una-docente-y-la-directora-de-un-jardin-de-infantes-por-supuestos-maltratos-en-cordoba\/"]}]},{"@type":"ImageObject","inLanguage":"es","@id":"https:\/\/fmgente.com.ar\/web\/detuvieron-a-una-docente-y-la-directora-de-un-jardin-de-infantes-por-supuestos-maltratos-en-cordoba\/#primaryimage","url":"https:\/\/fmgente.com.ar\/web\/wp-content\/uploads\/2026\/04\/720-1428.jpeg","contentUrl":"https:\/\/fmgente.com.ar\/web\/wp-content\/uploads\/2026\/04\/720-1428.jpeg","width":1081,"height":720},{"@type":"WebSite","@id":"https:\/\/fmgente.com.ar\/web\/#website","url":"https:\/\/fmgente.com.ar\/web\/","name":"Fm Gente","description":"- Jes\u00fas Mar\u00eda","publisher":{"@id":"https:\/\/fmgente.com.ar\/web\/#organization"},"potentialAction":[{"@type":"SearchAction","target":{"@type":"EntryPoint","urlTemplate":"https:\/\/fmgente.com.ar\/web\/?s={search_term_string}"},"query-input":{"@type":"PropertyValueSpecification","valueRequired":true,"valueName":"search_term_string"}}],"inLanguage":"es"},{"@type":"Organization","@id":"https:\/\/fmgente.com.ar\/web\/#organization","name":"Fm Gente","url":"https:\/\/fmgente.com.ar\/web\/","logo":{"@type":"ImageObject","inLanguage":"es","@id":"https:\/\/fmgente.com.ar\/web\/#\/schema\/logo\/image\/","url":"https:\/\/fmgente.com.ar\/web\/wp-content\/uploads\/2023\/07\/cropped-cropped-logo-sombra2.png","contentUrl":"https:\/\/fmgente.com.ar\/web\/wp-content\/uploads\/2023\/07\/cropped-cropped-logo-sombra2.png","width":1782,"height":1782,"caption":"Fm Gente"},"image":{"@id":"https:\/\/fmgente.com.ar\/web\/#\/schema\/logo\/image\/"}}]}},"_links":{"self":[{"href":"https:\/\/fmgente.com.ar\/web\/wp-json\/wp\/v2\/posts\/21111","targetHints":{"allow":["GET"]}}],"collection":[{"href":"https:\/\/fmgente.com.ar\/web\/wp-json\/wp\/v2\/posts"}],"about":[{"href":"https:\/\/fmgente.com.ar\/web\/wp-json\/wp\/v2\/types\/post"}],"replies":[{"embeddable":true,"href":"https:\/\/fmgente.com.ar\/web\/wp-json\/wp\/v2\/comments?post=21111"}],"version-history":[{"count":0,"href":"https:\/\/fmgente.com.ar\/web\/wp-json\/wp\/v2\/posts\/21111\/revisions"}],"wp:featuredmedia":[{"embeddable":true,"href":"https:\/\/fmgente.com.ar\/web\/wp-json\/wp\/v2\/media\/21112"}],"wp:attachment":[{"href":"https:\/\/fmgente.com.ar\/web\/wp-json\/wp\/v2\/media?parent=21111"}],"wp:term":[{"taxonomy":"category","embeddable":true,"href":"https:\/\/fmgente.com.ar\/web\/wp-json\/wp\/v2\/categories?post=21111"},{"taxonomy":"post_tag","embeddable":true,"href":"https:\/\/fmgente.com.ar\/web\/wp-json\/wp\/v2\/tags?post=21111"}],"curies":[{"name":"wp","href":"https:\/\/api.w.org\/{rel}","templated":true}]}}