{"id":21105,"date":"2026-04-29T17:05:37","date_gmt":"2026-04-29T20:05:37","guid":{"rendered":"https:\/\/fmgente.com.ar\/web\/tenso-cruce-en-diputados-juliano-recordo-que-adorni-saco-un-traje-en-cuotas\/"},"modified":"2026-04-29T17:05:37","modified_gmt":"2026-04-29T20:05:37","slug":"tenso-cruce-en-diputados-juliano-recordo-que-adorni-saco-un-traje-en-cuotas","status":"publish","type":"post","link":"https:\/\/fmgente.com.ar\/web\/tenso-cruce-en-diputados-juliano-recordo-que-adorni-saco-un-traje-en-cuotas\/","title":{"rendered":"Tenso cruce en Diputados: Juliano record\u00f3 que Adorni sac\u00f3 &quot;un traje en cuotas&quot;"},"content":{"rendered":"<p>Buenos Aires, 29 abril (NA) &#8212; El diputado de Provincias Unidas, Pablo Juliano, le endilg\u00f3 al jefe Gabinete, Manuel Adorni, haberse sumado a la \u00abcasta\u201d que siempre critica y le record\u00f3 que cuando asumi\u00f3 \u201csaco como yo un traje en cuotas\u201d.<\/p>\n<p>Juliano cuestion\u00f3 al Jefe de Gabinete mientras el presidente de la C\u00e1mara de Diputados, Mart\u00edn Menem, le cort\u00f3 varias veces el micr\u00f3fono porque se dirigi\u00f3 a Adorni tut\u00e9andolo.<\/p>\n<p>\u201cQu\u00e9 r\u00e1pido se acostumbr\u00f3 a ser casta. \u00bfY sabe por qu\u00e9 le digo esto? Porque cuando usted asumi\u00f3 como vocero presidencial, sac\u00f3 el traje en cuotas. Yo tambi\u00e9n. Fui al Carzalo, en la ciudad de La Plata, de donde somos los dos, y saqu\u00e9 el traje en cuotas, porque el tiempo de la Argentina era otro y usted ven\u00eda a dar vuelta la p\u00e1gina\u201d, disparo Juliano<\/p>\n<p>\u201cCuando uno no puede explicar lo obvio, lo f\u00e1cil, por ejemplo, de qu\u00e9 y c\u00f3mo vivimos, no pod\u00e9s terminar con la casta. Usted no puede terminar con aquello que le prometi\u00f3 a la Argentina que era dar vuelta a la p\u00e1gina\u201d, agreg\u00f3.<\/p>\n<p>En ese sentido, Adorni dijo que \u00abnos vinieron a decir que ven\u00edan a terminar con la casta y nos metieron en un ajuste en donde ahora vos est\u00e1s haciendo contorsionismo con tus propios n\u00fameros, y oblig\u00e1s a que la Argentina haga contorsionismo para subirse al bondi despu\u00e9s de haber trabajado\u00bb.<\/p>\n<p>Juliano finaliz\u00f3 su discurso con una frase \u201cUsted hoy encarna una nueva defraudaci\u00f3n. \u00bfSabe cu\u00e1l es la \u00fanica pregunta que le cabe a usted? \u00bfQu\u00e9 est\u00e1 esperando para renunciar?\u201d<\/p>\n<p>Al finalizar sus preguntas, Juliano se acerc\u00f3 a Adorni y le dej\u00f3 un ejemplar de la Constituci\u00f3n Nacional, confirm\u00f3 la Agencia Noticias Argentinas.<\/p>\n<p>#AgenciaNA<\/p>\n","protected":false},"excerpt":{"rendered":"<p>Buenos Aires, 29 abril (NA) &#8212; El diputado de Provincias Unidas, Pablo Juliano, le endilg\u00f3<\/p>\n","protected":false},"author":0,"featured_media":21106,"comment_status":"","ping_status":"","sticky":false,"template":"","format":"standard","meta":{"footnotes":""},"categories":[1],"tags":[],"class_list":["post-21105","post","type-post","status-publish","format-standard","has-post-thumbnail","hentry","category-regionales"],"yoast_head":"<!-- This site is optimized with the Yoast SEO plugin v27.4 - https:\/\/yoast.com\/product\/yoast-seo-wordpress\/ -->\n<title>Tenso cruce en Diputados: Juliano record\u00f3 que Adorni sac\u00f3 &quot;un traje en cuotas&quot; - Fm Gente<\/title>\n<meta name=\"robots\" content=\"index, follow, max-snippet:-1, max-image-preview:large, max-video-preview:-1\" \/>\n<link rel=\"canonical\" href=\"https:\/\/fmgente.com.ar\/web\/tenso-cruce-en-diputados-juliano-recordo-que-adorni-saco-un-traje-en-cuotas\/\" \/>\n<meta property=\"og:locale\" content=\"es_ES\" \/>\n<meta property=\"og:type\" content=\"article\" \/>\n<meta property=\"og:title\" content=\"Tenso cruce en Diputados: Juliano record\u00f3 que Adorni sac\u00f3 &quot;un traje en cuotas&quot; - Fm Gente\" \/>\n<meta property=\"og:description\" content=\"Buenos Aires, 29 abril (NA) &#8212; El diputado de Provincias Unidas, Pablo Juliano, le endilg\u00f3\" \/>\n<meta property=\"og:url\" content=\"https:\/\/fmgente.com.ar\/web\/tenso-cruce-en-diputados-juliano-recordo-que-adorni-saco-un-traje-en-cuotas\/\" \/>\n<meta property=\"og:site_name\" content=\"Fm Gente\" \/>\n<meta property=\"article:published_time\" content=\"2026-04-29T20:05:37+00:00\" \/>\n<meta name=\"twitter:card\" content=\"summary_large_image\" \/>\n<meta name=\"twitter:label1\" content=\"Tiempo de lectura\" \/>\n\t<meta name=\"twitter:data1\" content=\"1 minuto\" \/>\n<script type=\"application\/ld+json\" class=\"yoast-schema-graph\">{\"@context\":\"https:\\\/\\\/schema.org\",\"@graph\":[{\"@type\":\"Article\",\"@id\":\"https:\\\/\\\/fmgente.com.ar\\\/web\\\/tenso-cruce-en-diputados-juliano-recordo-que-adorni-saco-un-traje-en-cuotas\\\/#article\",\"isPartOf\":{\"@id\":\"https:\\\/\\\/fmgente.com.ar\\\/web\\\/tenso-cruce-en-diputados-juliano-recordo-que-adorni-saco-un-traje-en-cuotas\\\/\"},\"author\":{\"name\":\"\",\"@id\":\"\"},\"headline\":\"Tenso cruce en Diputados: Juliano record\u00f3 que Adorni sac\u00f3 &quot;un traje en cuotas&quot;\",\"datePublished\":\"2026-04-29T20:05:37+00:00\",\"mainEntityOfPage\":{\"@id\":\"https:\\\/\\\/fmgente.com.ar\\\/web\\\/tenso-cruce-en-diputados-juliano-recordo-que-adorni-saco-un-traje-en-cuotas\\\/\"},\"wordCount\":314,\"publisher\":{\"@id\":\"https:\\\/\\\/fmgente.com.ar\\\/web\\\/#organization\"},\"image\":{\"@id\":\"https:\\\/\\\/fmgente.com.ar\\\/web\\\/tenso-cruce-en-diputados-juliano-recordo-que-adorni-saco-un-traje-en-cuotas\\\/#primaryimage\"},\"thumbnailUrl\":\"https:\\\/\\\/fmgente.com.ar\\\/web\\\/wp-content\\\/uploads\\\/2026\\\/04\\\/720-1425.jpeg\",\"articleSection\":[\"REGIONALES\"],\"inLanguage\":\"es\"},{\"@type\":\"WebPage\",\"@id\":\"https:\\\/\\\/fmgente.com.ar\\\/web\\\/tenso-cruce-en-diputados-juliano-recordo-que-adorni-saco-un-traje-en-cuotas\\\/\",\"url\":\"https:\\\/\\\/fmgente.com.ar\\\/web\\\/tenso-cruce-en-diputados-juliano-recordo-que-adorni-saco-un-traje-en-cuotas\\\/\",\"name\":\"Tenso cruce en Diputados: Juliano record\u00f3 que Adorni sac\u00f3 &quot;un traje en cuotas&quot; - Fm Gente\",\"isPartOf\":{\"@id\":\"https:\\\/\\\/fmgente.com.ar\\\/web\\\/#website\"},\"primaryImageOfPage\":{\"@id\":\"https:\\\/\\\/fmgente.com.ar\\\/web\\\/tenso-cruce-en-diputados-juliano-recordo-que-adorni-saco-un-traje-en-cuotas\\\/#primaryimage\"},\"image\":{\"@id\":\"https:\\\/\\\/fmgente.com.ar\\\/web\\\/tenso-cruce-en-diputados-juliano-recordo-que-adorni-saco-un-traje-en-cuotas\\\/#primaryimage\"},\"thumbnailUrl\":\"https:\\\/\\\/fmgente.com.ar\\\/web\\\/wp-content\\\/uploads\\\/2026\\\/04\\\/720-1425.jpeg\",\"datePublished\":\"2026-04-29T20:05:37+00:00\",\"inLanguage\":\"es\",\"potentialAction\":[{\"@type\":\"ReadAction\",\"target\":[\"https:\\\/\\\/fmgente.com.ar\\\/web\\\/tenso-cruce-en-diputados-juliano-recordo-que-adorni-saco-un-traje-en-cuotas\\\/\"]}]},{\"@type\":\"ImageObject\",\"inLanguage\":\"es\",\"@id\":\"https:\\\/\\\/fmgente.com.ar\\\/web\\\/tenso-cruce-en-diputados-juliano-recordo-que-adorni-saco-un-traje-en-cuotas\\\/#primaryimage\",\"url\":\"https:\\\/\\\/fmgente.com.ar\\\/web\\\/wp-content\\\/uploads\\\/2026\\\/04\\\/720-1425.jpeg\",\"contentUrl\":\"https:\\\/\\\/fmgente.com.ar\\\/web\\\/wp-content\\\/uploads\\\/2026\\\/04\\\/720-1425.jpeg\",\"width\":1040,\"height\":720},{\"@type\":\"WebSite\",\"@id\":\"https:\\\/\\\/fmgente.com.ar\\\/web\\\/#website\",\"url\":\"https:\\\/\\\/fmgente.com.ar\\\/web\\\/\",\"name\":\"Fm Gente\",\"description\":\"- Jes\u00fas Mar\u00eda\",\"publisher\":{\"@id\":\"https:\\\/\\\/fmgente.com.ar\\\/web\\\/#organization\"},\"potentialAction\":[{\"@type\":\"SearchAction\",\"target\":{\"@type\":\"EntryPoint\",\"urlTemplate\":\"https:\\\/\\\/fmgente.com.ar\\\/web\\\/?s={search_term_string}\"},\"query-input\":{\"@type\":\"PropertyValueSpecification\",\"valueRequired\":true,\"valueName\":\"search_term_string\"}}],\"inLanguage\":\"es\"},{\"@type\":\"Organization\",\"@id\":\"https:\\\/\\\/fmgente.com.ar\\\/web\\\/#organization\",\"name\":\"Fm Gente\",\"url\":\"https:\\\/\\\/fmgente.com.ar\\\/web\\\/\",\"logo\":{\"@type\":\"ImageObject\",\"inLanguage\":\"es\",\"@id\":\"https:\\\/\\\/fmgente.com.ar\\\/web\\\/#\\\/schema\\\/logo\\\/image\\\/\",\"url\":\"https:\\\/\\\/fmgente.com.ar\\\/web\\\/wp-content\\\/uploads\\\/2023\\\/07\\\/cropped-cropped-logo-sombra2.png\",\"contentUrl\":\"https:\\\/\\\/fmgente.com.ar\\\/web\\\/wp-content\\\/uploads\\\/2023\\\/07\\\/cropped-cropped-logo-sombra2.png\",\"width\":1782,\"height\":1782,\"caption\":\"Fm Gente\"},\"image\":{\"@id\":\"https:\\\/\\\/fmgente.com.ar\\\/web\\\/#\\\/schema\\\/logo\\\/image\\\/\"}}]}<\/script>\n<!-- \/ Yoast SEO plugin. -->","yoast_head_json":{"title":"Tenso cruce en Diputados: Juliano record\u00f3 que Adorni sac\u00f3 &quot;un traje en cuotas&quot; - Fm Gente","robots":{"index":"index","follow":"follow","max-snippet":"max-snippet:-1","max-image-preview":"max-image-preview:large","max-video-preview":"max-video-preview:-1"},"canonical":"https:\/\/fmgente.com.ar\/web\/tenso-cruce-en-diputados-juliano-recordo-que-adorni-saco-un-traje-en-cuotas\/","og_locale":"es_ES","og_type":"article","og_title":"Tenso cruce en Diputados: Juliano record\u00f3 que Adorni sac\u00f3 &quot;un traje en cuotas&quot; - Fm Gente","og_description":"Buenos Aires, 29 abril (NA) &#8212; El diputado de Provincias Unidas, Pablo Juliano, le endilg\u00f3","og_url":"https:\/\/fmgente.com.ar\/web\/tenso-cruce-en-diputados-juliano-recordo-que-adorni-saco-un-traje-en-cuotas\/","og_site_name":"Fm Gente","article_published_time":"2026-04-29T20:05:37+00:00","twitter_card":"summary_large_image","twitter_misc":{"Tiempo de lectura":"1 minuto"},"schema":{"@context":"https:\/\/schema.org","@graph":[{"@type":"Article","@id":"https:\/\/fmgente.com.ar\/web\/tenso-cruce-en-diputados-juliano-recordo-que-adorni-saco-un-traje-en-cuotas\/#article","isPartOf":{"@id":"https:\/\/fmgente.com.ar\/web\/tenso-cruce-en-diputados-juliano-recordo-que-adorni-saco-un-traje-en-cuotas\/"},"author":{"name":"","@id":""},"headline":"Tenso cruce en Diputados: Juliano record\u00f3 que Adorni sac\u00f3 &quot;un traje en cuotas&quot;","datePublished":"2026-04-29T20:05:37+00:00","mainEntityOfPage":{"@id":"https:\/\/fmgente.com.ar\/web\/tenso-cruce-en-diputados-juliano-recordo-que-adorni-saco-un-traje-en-cuotas\/"},"wordCount":314,"publisher":{"@id":"https:\/\/fmgente.com.ar\/web\/#organization"},"image":{"@id":"https:\/\/fmgente.com.ar\/web\/tenso-cruce-en-diputados-juliano-recordo-que-adorni-saco-un-traje-en-cuotas\/#primaryimage"},"thumbnailUrl":"https:\/\/fmgente.com.ar\/web\/wp-content\/uploads\/2026\/04\/720-1425.jpeg","articleSection":["REGIONALES"],"inLanguage":"es"},{"@type":"WebPage","@id":"https:\/\/fmgente.com.ar\/web\/tenso-cruce-en-diputados-juliano-recordo-que-adorni-saco-un-traje-en-cuotas\/","url":"https:\/\/fmgente.com.ar\/web\/tenso-cruce-en-diputados-juliano-recordo-que-adorni-saco-un-traje-en-cuotas\/","name":"Tenso cruce en Diputados: Juliano record\u00f3 que Adorni sac\u00f3 &quot;un traje en cuotas&quot; - Fm Gente","isPartOf":{"@id":"https:\/\/fmgente.com.ar\/web\/#website"},"primaryImageOfPage":{"@id":"https:\/\/fmgente.com.ar\/web\/tenso-cruce-en-diputados-juliano-recordo-que-adorni-saco-un-traje-en-cuotas\/#primaryimage"},"image":{"@id":"https:\/\/fmgente.com.ar\/web\/tenso-cruce-en-diputados-juliano-recordo-que-adorni-saco-un-traje-en-cuotas\/#primaryimage"},"thumbnailUrl":"https:\/\/fmgente.com.ar\/web\/wp-content\/uploads\/2026\/04\/720-1425.jpeg","datePublished":"2026-04-29T20:05:37+00:00","inLanguage":"es","potentialAction":[{"@type":"ReadAction","target":["https:\/\/fmgente.com.ar\/web\/tenso-cruce-en-diputados-juliano-recordo-que-adorni-saco-un-traje-en-cuotas\/"]}]},{"@type":"ImageObject","inLanguage":"es","@id":"https:\/\/fmgente.com.ar\/web\/tenso-cruce-en-diputados-juliano-recordo-que-adorni-saco-un-traje-en-cuotas\/#primaryimage","url":"https:\/\/fmgente.com.ar\/web\/wp-content\/uploads\/2026\/04\/720-1425.jpeg","contentUrl":"https:\/\/fmgente.com.ar\/web\/wp-content\/uploads\/2026\/04\/720-1425.jpeg","width":1040,"height":720},{"@type":"WebSite","@id":"https:\/\/fmgente.com.ar\/web\/#website","url":"https:\/\/fmgente.com.ar\/web\/","name":"Fm Gente","description":"- Jes\u00fas Mar\u00eda","publisher":{"@id":"https:\/\/fmgente.com.ar\/web\/#organization"},"potentialAction":[{"@type":"SearchAction","target":{"@type":"EntryPoint","urlTemplate":"https:\/\/fmgente.com.ar\/web\/?s={search_term_string}"},"query-input":{"@type":"PropertyValueSpecification","valueRequired":true,"valueName":"search_term_string"}}],"inLanguage":"es"},{"@type":"Organization","@id":"https:\/\/fmgente.com.ar\/web\/#organization","name":"Fm Gente","url":"https:\/\/fmgente.com.ar\/web\/","logo":{"@type":"ImageObject","inLanguage":"es","@id":"https:\/\/fmgente.com.ar\/web\/#\/schema\/logo\/image\/","url":"https:\/\/fmgente.com.ar\/web\/wp-content\/uploads\/2023\/07\/cropped-cropped-logo-sombra2.png","contentUrl":"https:\/\/fmgente.com.ar\/web\/wp-content\/uploads\/2023\/07\/cropped-cropped-logo-sombra2.png","width":1782,"height":1782,"caption":"Fm Gente"},"image":{"@id":"https:\/\/fmgente.com.ar\/web\/#\/schema\/logo\/image\/"}}]}},"_links":{"self":[{"href":"https:\/\/fmgente.com.ar\/web\/wp-json\/wp\/v2\/posts\/21105","targetHints":{"allow":["GET"]}}],"collection":[{"href":"https:\/\/fmgente.com.ar\/web\/wp-json\/wp\/v2\/posts"}],"about":[{"href":"https:\/\/fmgente.com.ar\/web\/wp-json\/wp\/v2\/types\/post"}],"replies":[{"embeddable":true,"href":"https:\/\/fmgente.com.ar\/web\/wp-json\/wp\/v2\/comments?post=21105"}],"version-history":[{"count":0,"href":"https:\/\/fmgente.com.ar\/web\/wp-json\/wp\/v2\/posts\/21105\/revisions"}],"wp:featuredmedia":[{"embeddable":true,"href":"https:\/\/fmgente.com.ar\/web\/wp-json\/wp\/v2\/media\/21106"}],"wp:attachment":[{"href":"https:\/\/fmgente.com.ar\/web\/wp-json\/wp\/v2\/media?parent=21105"}],"wp:term":[{"taxonomy":"category","embeddable":true,"href":"https:\/\/fmgente.com.ar\/web\/wp-json\/wp\/v2\/categories?post=21105"},{"taxonomy":"post_tag","embeddable":true,"href":"https:\/\/fmgente.com.ar\/web\/wp-json\/wp\/v2\/tags?post=21105"}],"curies":[{"name":"wp","href":"https:\/\/api.w.org\/{rel}","templated":true}]}}