{"id":21101,"date":"2026-04-29T16:08:05","date_gmt":"2026-04-29T19:08:05","guid":{"rendered":"https:\/\/fmgente.com.ar\/web\/el-show-de-milei-para-bancar-a-adorni-la-sombra-de-su-hermana-choques-con-la-izquierda-y-el-exabrupto-con-la-prensa\/"},"modified":"2026-04-29T16:08:05","modified_gmt":"2026-04-29T19:08:05","slug":"el-show-de-milei-para-bancar-a-adorni-la-sombra-de-su-hermana-choques-con-la-izquierda-y-el-exabrupto-con-la-prensa","status":"publish","type":"post","link":"https:\/\/fmgente.com.ar\/web\/el-show-de-milei-para-bancar-a-adorni-la-sombra-de-su-hermana-choques-con-la-izquierda-y-el-exabrupto-con-la-prensa\/","title":{"rendered":"El show de Milei para bancar a Adorni: la sombra de su hermana, choques con la izquierda y el exabrupto con la prensa"},"content":{"rendered":"<p>Buenos Aires, 29 abril (NA) \u2013 El presidente Javier Milei fue foco de atenci\u00f3n constante en el palco central del primer piso del recinto de la C\u00e1mara de Diputados junto a Karina Milei y la totalidad de sus ministros durante la hora y 40 minutos que se extendi\u00f3 el discurso introductorio del jefe de Gabinete, Manuel Adorni, en la presentaci\u00f3n del informe de gesti\u00f3n.<\/p>\n<p>No se despeg\u00f3 del lado de su hermana, su sombra permanente, quien tuvo mucho que ver con la organizaci\u00f3n de la parafernalia militante que visti\u00f3 la sesi\u00f3n, con mucho componente \u00abparejista\u00bb y la exclusi\u00f3n expl\u00edcita de las \u00abFuerzas del Cielo\u00bb.   <\/p>\n<p>El jefe de Estado empez\u00f3 con las revoluciones bajas, en sinton\u00eda con el clima de una sesi\u00f3n que no levantaba temperatura pese a las expectativas previas que hab\u00eda alimentado el presidente de la C\u00e1mara baja, Mart\u00edn Menem, cuando invit\u00f3 a \u201ccomprar pochoclos\u201d.<\/p>\n<p>Solamente levant\u00f3 los brazos en agradecimiento cuando los diputados y militantes libertarios le dieron la bienvenida con gritos de guerra.<\/p>\n<p>Se dedic\u00f3 a observar los acontecimientos con relativa calma, en l\u00ednea con la serenidad opositora, que empez\u00f3 haciendo poco ruido.<\/p>\n<p>\u201cNo les dimos Alplax\u201d, brome\u00f3 un ministro del Gobierno con el que la Agencia Noticias Argentinas tuvo contacto antes de retirarse del Congreso. <\/p>\n<p>\u201cAdorni estuvo muy bien y el presidente se llev\u00f3 la marca\u201d, resumi\u00f3 el funcionario, haciendo un balance positivo del desempe\u00f1o del jefe de Gabinete.<\/p>\n<p>Si bien en un primer momento la actitud de Milei fue m\u00e1s contemplativa que participativa, la vibraci\u00f3n an\u00edmica del mandatario se alter\u00f3 cada vez que Adorni mencion\u00f3 los logros de cada una de las carteras ministeriales<\/p>\n<p>En cada uno de esos momentos, el jefe de Estado se levant\u00f3 de su silla para abrazar a los ministros que ten\u00eda a su lado (como al titular de Econom\u00eda, Luis \u201cToto\u201d Caputo, y de Capital Humano, Sandra Pettovello) o para aplaudir rabiosamente a los que estaban a unos metros de distancia, en los palcos de los costados.<\/p>\n<p>M\u00e1s all\u00e1 de esas situaciones puntuales, Milei reci\u00e9n experiment\u00f3 un subid\u00f3n de adrenalina cuando los diputados nacionales del Frente de Izquierda lo desafiaron con feroces invectivas.<\/p>\n<p>Ya hab\u00eda tenido una primera reacci\u00f3n nerviosa cuando el diputado nacional de Uni\u00f3n por la Patria Aldo Leiva lo encar\u00f3 desde su banca y con la mirada clavada en su rostro le mostr\u00f3 un cartel en el que le ped\u00eda explicaciones serias por la presunta corrupci\u00f3n de Adorni.<\/p>\n<p>Sin embargo, no fue hasta que Myriam Bregman y N\u00e9stor Pitrola lo increparon a los gritos por la postura del Gobierno a favor de la intervenci\u00f3n israel\u00ed en Gaza que a Milei se le sali\u00f3 la chaveta con gesticulaciones ampulosas y bronca indisimulada.<\/p>\n<p>La furia mut\u00f3 a sarcasmo cuando el presidente replic\u00f3 las cr\u00edticas simulando un coraz\u00f3n con sus dos manos, y arroj\u00e1ndoles besos imaginarios.<\/p>\n<p>Al concluir el mensaje inicial del jefe de Gabinete, Milei se retir\u00f3 junto a todo su s\u00e9quito de ministros y funcionarios del Poder Ejecutivo.<\/p>\n<p>Pero antes de abandonar el Congreso, dej\u00f3 una imagen violenta que lo conect\u00f3 con sus instintos m\u00e1s bajos: defenestr\u00f3 a la prensa con improperios e insultos que no hacen honor a su investidura. Nada nuevo en Milei.<\/p>\n<p>\u201cChorros, corruptos\u201d, dispar\u00f3 el jefe de Estado a los periodistas en la puerta de la sala de prensa gr\u00e1fica.<\/p>\n<p>El exabrupto ocurri\u00f3 luego de que uno de los cronistas le hiciera una pregunta inc\u00f3moda que alter\u00f3 su estado de \u00e1nimo. <\/p>\n<p>Ante la consulta de \u201cpor qu\u00e9 sosten\u00eda a un funcionario corrupto\u201d, Milei retruc\u00f3: \u201cLos corruptos son ustedes\u201d.<\/p>\n<p>#AgenciaNA<\/p>\n","protected":false},"excerpt":{"rendered":"<p>Buenos Aires, 29 abril (NA) \u2013 El presidente Javier Milei fue foco de atenci\u00f3n constante<\/p>\n","protected":false},"author":0,"featured_media":21102,"comment_status":"","ping_status":"","sticky":false,"template":"","format":"standard","meta":{"footnotes":""},"categories":[1],"tags":[],"class_list":["post-21101","post","type-post","status-publish","format-standard","has-post-thumbnail","hentry","category-regionales"],"yoast_head":"<!-- This site is optimized with the Yoast SEO plugin v27.4 - https:\/\/yoast.com\/product\/yoast-seo-wordpress\/ -->\n<title>El show de Milei para bancar a Adorni: la sombra de su hermana, choques con la izquierda y el exabrupto con la prensa - Fm Gente<\/title>\n<meta name=\"robots\" content=\"index, follow, max-snippet:-1, max-image-preview:large, max-video-preview:-1\" \/>\n<link rel=\"canonical\" href=\"https:\/\/fmgente.com.ar\/web\/el-show-de-milei-para-bancar-a-adorni-la-sombra-de-su-hermana-choques-con-la-izquierda-y-el-exabrupto-con-la-prensa\/\" \/>\n<meta property=\"og:locale\" content=\"es_ES\" \/>\n<meta property=\"og:type\" content=\"article\" \/>\n<meta property=\"og:title\" content=\"El show de Milei para bancar a Adorni: la sombra de su hermana, choques con la izquierda y el exabrupto con la prensa - Fm Gente\" \/>\n<meta property=\"og:description\" content=\"Buenos Aires, 29 abril (NA) \u2013 El presidente Javier Milei fue foco de atenci\u00f3n constante\" \/>\n<meta property=\"og:url\" content=\"https:\/\/fmgente.com.ar\/web\/el-show-de-milei-para-bancar-a-adorni-la-sombra-de-su-hermana-choques-con-la-izquierda-y-el-exabrupto-con-la-prensa\/\" \/>\n<meta property=\"og:site_name\" content=\"Fm Gente\" \/>\n<meta property=\"article:published_time\" content=\"2026-04-29T19:08:05+00:00\" \/>\n<meta name=\"twitter:card\" content=\"summary_large_image\" \/>\n<meta name=\"twitter:label1\" content=\"Tiempo de lectura\" \/>\n\t<meta name=\"twitter:data1\" content=\"3 minutos\" \/>\n<script type=\"application\/ld+json\" class=\"yoast-schema-graph\">{\"@context\":\"https:\\\/\\\/schema.org\",\"@graph\":[{\"@type\":\"Article\",\"@id\":\"https:\\\/\\\/fmgente.com.ar\\\/web\\\/el-show-de-milei-para-bancar-a-adorni-la-sombra-de-su-hermana-choques-con-la-izquierda-y-el-exabrupto-con-la-prensa\\\/#article\",\"isPartOf\":{\"@id\":\"https:\\\/\\\/fmgente.com.ar\\\/web\\\/el-show-de-milei-para-bancar-a-adorni-la-sombra-de-su-hermana-choques-con-la-izquierda-y-el-exabrupto-con-la-prensa\\\/\"},\"author\":{\"name\":\"\",\"@id\":\"\"},\"headline\":\"El show de Milei para bancar a Adorni: la sombra de su hermana, choques con la izquierda y el exabrupto con la prensa\",\"datePublished\":\"2026-04-29T19:08:05+00:00\",\"mainEntityOfPage\":{\"@id\":\"https:\\\/\\\/fmgente.com.ar\\\/web\\\/el-show-de-milei-para-bancar-a-adorni-la-sombra-de-su-hermana-choques-con-la-izquierda-y-el-exabrupto-con-la-prensa\\\/\"},\"wordCount\":643,\"publisher\":{\"@id\":\"https:\\\/\\\/fmgente.com.ar\\\/web\\\/#organization\"},\"image\":{\"@id\":\"https:\\\/\\\/fmgente.com.ar\\\/web\\\/el-show-de-milei-para-bancar-a-adorni-la-sombra-de-su-hermana-choques-con-la-izquierda-y-el-exabrupto-con-la-prensa\\\/#primaryimage\"},\"thumbnailUrl\":\"https:\\\/\\\/fmgente.com.ar\\\/web\\\/wp-content\\\/uploads\\\/2026\\\/04\\\/720-1423.jpeg\",\"articleSection\":[\"REGIONALES\"],\"inLanguage\":\"es\"},{\"@type\":\"WebPage\",\"@id\":\"https:\\\/\\\/fmgente.com.ar\\\/web\\\/el-show-de-milei-para-bancar-a-adorni-la-sombra-de-su-hermana-choques-con-la-izquierda-y-el-exabrupto-con-la-prensa\\\/\",\"url\":\"https:\\\/\\\/fmgente.com.ar\\\/web\\\/el-show-de-milei-para-bancar-a-adorni-la-sombra-de-su-hermana-choques-con-la-izquierda-y-el-exabrupto-con-la-prensa\\\/\",\"name\":\"El show de Milei para bancar a Adorni: la sombra de su hermana, choques con la izquierda y el exabrupto con la prensa - Fm Gente\",\"isPartOf\":{\"@id\":\"https:\\\/\\\/fmgente.com.ar\\\/web\\\/#website\"},\"primaryImageOfPage\":{\"@id\":\"https:\\\/\\\/fmgente.com.ar\\\/web\\\/el-show-de-milei-para-bancar-a-adorni-la-sombra-de-su-hermana-choques-con-la-izquierda-y-el-exabrupto-con-la-prensa\\\/#primaryimage\"},\"image\":{\"@id\":\"https:\\\/\\\/fmgente.com.ar\\\/web\\\/el-show-de-milei-para-bancar-a-adorni-la-sombra-de-su-hermana-choques-con-la-izquierda-y-el-exabrupto-con-la-prensa\\\/#primaryimage\"},\"thumbnailUrl\":\"https:\\\/\\\/fmgente.com.ar\\\/web\\\/wp-content\\\/uploads\\\/2026\\\/04\\\/720-1423.jpeg\",\"datePublished\":\"2026-04-29T19:08:05+00:00\",\"inLanguage\":\"es\",\"potentialAction\":[{\"@type\":\"ReadAction\",\"target\":[\"https:\\\/\\\/fmgente.com.ar\\\/web\\\/el-show-de-milei-para-bancar-a-adorni-la-sombra-de-su-hermana-choques-con-la-izquierda-y-el-exabrupto-con-la-prensa\\\/\"]}]},{\"@type\":\"ImageObject\",\"inLanguage\":\"es\",\"@id\":\"https:\\\/\\\/fmgente.com.ar\\\/web\\\/el-show-de-milei-para-bancar-a-adorni-la-sombra-de-su-hermana-choques-con-la-izquierda-y-el-exabrupto-con-la-prensa\\\/#primaryimage\",\"url\":\"https:\\\/\\\/fmgente.com.ar\\\/web\\\/wp-content\\\/uploads\\\/2026\\\/04\\\/720-1423.jpeg\",\"contentUrl\":\"https:\\\/\\\/fmgente.com.ar\\\/web\\\/wp-content\\\/uploads\\\/2026\\\/04\\\/720-1423.jpeg\",\"width\":1079,\"height\":720},{\"@type\":\"WebSite\",\"@id\":\"https:\\\/\\\/fmgente.com.ar\\\/web\\\/#website\",\"url\":\"https:\\\/\\\/fmgente.com.ar\\\/web\\\/\",\"name\":\"Fm Gente\",\"description\":\"- Jes\u00fas Mar\u00eda\",\"publisher\":{\"@id\":\"https:\\\/\\\/fmgente.com.ar\\\/web\\\/#organization\"},\"potentialAction\":[{\"@type\":\"SearchAction\",\"target\":{\"@type\":\"EntryPoint\",\"urlTemplate\":\"https:\\\/\\\/fmgente.com.ar\\\/web\\\/?s={search_term_string}\"},\"query-input\":{\"@type\":\"PropertyValueSpecification\",\"valueRequired\":true,\"valueName\":\"search_term_string\"}}],\"inLanguage\":\"es\"},{\"@type\":\"Organization\",\"@id\":\"https:\\\/\\\/fmgente.com.ar\\\/web\\\/#organization\",\"name\":\"Fm Gente\",\"url\":\"https:\\\/\\\/fmgente.com.ar\\\/web\\\/\",\"logo\":{\"@type\":\"ImageObject\",\"inLanguage\":\"es\",\"@id\":\"https:\\\/\\\/fmgente.com.ar\\\/web\\\/#\\\/schema\\\/logo\\\/image\\\/\",\"url\":\"https:\\\/\\\/fmgente.com.ar\\\/web\\\/wp-content\\\/uploads\\\/2023\\\/07\\\/cropped-cropped-logo-sombra2.png\",\"contentUrl\":\"https:\\\/\\\/fmgente.com.ar\\\/web\\\/wp-content\\\/uploads\\\/2023\\\/07\\\/cropped-cropped-logo-sombra2.png\",\"width\":1782,\"height\":1782,\"caption\":\"Fm Gente\"},\"image\":{\"@id\":\"https:\\\/\\\/fmgente.com.ar\\\/web\\\/#\\\/schema\\\/logo\\\/image\\\/\"}}]}<\/script>\n<!-- \/ Yoast SEO plugin. -->","yoast_head_json":{"title":"El show de Milei para bancar a Adorni: la sombra de su hermana, choques con la izquierda y el exabrupto con la prensa - Fm Gente","robots":{"index":"index","follow":"follow","max-snippet":"max-snippet:-1","max-image-preview":"max-image-preview:large","max-video-preview":"max-video-preview:-1"},"canonical":"https:\/\/fmgente.com.ar\/web\/el-show-de-milei-para-bancar-a-adorni-la-sombra-de-su-hermana-choques-con-la-izquierda-y-el-exabrupto-con-la-prensa\/","og_locale":"es_ES","og_type":"article","og_title":"El show de Milei para bancar a Adorni: la sombra de su hermana, choques con la izquierda y el exabrupto con la prensa - Fm Gente","og_description":"Buenos Aires, 29 abril (NA) \u2013 El presidente Javier Milei fue foco de atenci\u00f3n constante","og_url":"https:\/\/fmgente.com.ar\/web\/el-show-de-milei-para-bancar-a-adorni-la-sombra-de-su-hermana-choques-con-la-izquierda-y-el-exabrupto-con-la-prensa\/","og_site_name":"Fm Gente","article_published_time":"2026-04-29T19:08:05+00:00","twitter_card":"summary_large_image","twitter_misc":{"Tiempo de lectura":"3 minutos"},"schema":{"@context":"https:\/\/schema.org","@graph":[{"@type":"Article","@id":"https:\/\/fmgente.com.ar\/web\/el-show-de-milei-para-bancar-a-adorni-la-sombra-de-su-hermana-choques-con-la-izquierda-y-el-exabrupto-con-la-prensa\/#article","isPartOf":{"@id":"https:\/\/fmgente.com.ar\/web\/el-show-de-milei-para-bancar-a-adorni-la-sombra-de-su-hermana-choques-con-la-izquierda-y-el-exabrupto-con-la-prensa\/"},"author":{"name":"","@id":""},"headline":"El show de Milei para bancar a Adorni: la sombra de su hermana, choques con la izquierda y el exabrupto con la prensa","datePublished":"2026-04-29T19:08:05+00:00","mainEntityOfPage":{"@id":"https:\/\/fmgente.com.ar\/web\/el-show-de-milei-para-bancar-a-adorni-la-sombra-de-su-hermana-choques-con-la-izquierda-y-el-exabrupto-con-la-prensa\/"},"wordCount":643,"publisher":{"@id":"https:\/\/fmgente.com.ar\/web\/#organization"},"image":{"@id":"https:\/\/fmgente.com.ar\/web\/el-show-de-milei-para-bancar-a-adorni-la-sombra-de-su-hermana-choques-con-la-izquierda-y-el-exabrupto-con-la-prensa\/#primaryimage"},"thumbnailUrl":"https:\/\/fmgente.com.ar\/web\/wp-content\/uploads\/2026\/04\/720-1423.jpeg","articleSection":["REGIONALES"],"inLanguage":"es"},{"@type":"WebPage","@id":"https:\/\/fmgente.com.ar\/web\/el-show-de-milei-para-bancar-a-adorni-la-sombra-de-su-hermana-choques-con-la-izquierda-y-el-exabrupto-con-la-prensa\/","url":"https:\/\/fmgente.com.ar\/web\/el-show-de-milei-para-bancar-a-adorni-la-sombra-de-su-hermana-choques-con-la-izquierda-y-el-exabrupto-con-la-prensa\/","name":"El show de Milei para bancar a Adorni: la sombra de su hermana, choques con la izquierda y el exabrupto con la prensa - Fm Gente","isPartOf":{"@id":"https:\/\/fmgente.com.ar\/web\/#website"},"primaryImageOfPage":{"@id":"https:\/\/fmgente.com.ar\/web\/el-show-de-milei-para-bancar-a-adorni-la-sombra-de-su-hermana-choques-con-la-izquierda-y-el-exabrupto-con-la-prensa\/#primaryimage"},"image":{"@id":"https:\/\/fmgente.com.ar\/web\/el-show-de-milei-para-bancar-a-adorni-la-sombra-de-su-hermana-choques-con-la-izquierda-y-el-exabrupto-con-la-prensa\/#primaryimage"},"thumbnailUrl":"https:\/\/fmgente.com.ar\/web\/wp-content\/uploads\/2026\/04\/720-1423.jpeg","datePublished":"2026-04-29T19:08:05+00:00","inLanguage":"es","potentialAction":[{"@type":"ReadAction","target":["https:\/\/fmgente.com.ar\/web\/el-show-de-milei-para-bancar-a-adorni-la-sombra-de-su-hermana-choques-con-la-izquierda-y-el-exabrupto-con-la-prensa\/"]}]},{"@type":"ImageObject","inLanguage":"es","@id":"https:\/\/fmgente.com.ar\/web\/el-show-de-milei-para-bancar-a-adorni-la-sombra-de-su-hermana-choques-con-la-izquierda-y-el-exabrupto-con-la-prensa\/#primaryimage","url":"https:\/\/fmgente.com.ar\/web\/wp-content\/uploads\/2026\/04\/720-1423.jpeg","contentUrl":"https:\/\/fmgente.com.ar\/web\/wp-content\/uploads\/2026\/04\/720-1423.jpeg","width":1079,"height":720},{"@type":"WebSite","@id":"https:\/\/fmgente.com.ar\/web\/#website","url":"https:\/\/fmgente.com.ar\/web\/","name":"Fm Gente","description":"- Jes\u00fas Mar\u00eda","publisher":{"@id":"https:\/\/fmgente.com.ar\/web\/#organization"},"potentialAction":[{"@type":"SearchAction","target":{"@type":"EntryPoint","urlTemplate":"https:\/\/fmgente.com.ar\/web\/?s={search_term_string}"},"query-input":{"@type":"PropertyValueSpecification","valueRequired":true,"valueName":"search_term_string"}}],"inLanguage":"es"},{"@type":"Organization","@id":"https:\/\/fmgente.com.ar\/web\/#organization","name":"Fm Gente","url":"https:\/\/fmgente.com.ar\/web\/","logo":{"@type":"ImageObject","inLanguage":"es","@id":"https:\/\/fmgente.com.ar\/web\/#\/schema\/logo\/image\/","url":"https:\/\/fmgente.com.ar\/web\/wp-content\/uploads\/2023\/07\/cropped-cropped-logo-sombra2.png","contentUrl":"https:\/\/fmgente.com.ar\/web\/wp-content\/uploads\/2023\/07\/cropped-cropped-logo-sombra2.png","width":1782,"height":1782,"caption":"Fm Gente"},"image":{"@id":"https:\/\/fmgente.com.ar\/web\/#\/schema\/logo\/image\/"}}]}},"_links":{"self":[{"href":"https:\/\/fmgente.com.ar\/web\/wp-json\/wp\/v2\/posts\/21101","targetHints":{"allow":["GET"]}}],"collection":[{"href":"https:\/\/fmgente.com.ar\/web\/wp-json\/wp\/v2\/posts"}],"about":[{"href":"https:\/\/fmgente.com.ar\/web\/wp-json\/wp\/v2\/types\/post"}],"replies":[{"embeddable":true,"href":"https:\/\/fmgente.com.ar\/web\/wp-json\/wp\/v2\/comments?post=21101"}],"version-history":[{"count":0,"href":"https:\/\/fmgente.com.ar\/web\/wp-json\/wp\/v2\/posts\/21101\/revisions"}],"wp:featuredmedia":[{"embeddable":true,"href":"https:\/\/fmgente.com.ar\/web\/wp-json\/wp\/v2\/media\/21102"}],"wp:attachment":[{"href":"https:\/\/fmgente.com.ar\/web\/wp-json\/wp\/v2\/media?parent=21101"}],"wp:term":[{"taxonomy":"category","embeddable":true,"href":"https:\/\/fmgente.com.ar\/web\/wp-json\/wp\/v2\/categories?post=21101"},{"taxonomy":"post_tag","embeddable":true,"href":"https:\/\/fmgente.com.ar\/web\/wp-json\/wp\/v2\/tags?post=21101"}],"curies":[{"name":"wp","href":"https:\/\/api.w.org\/{rel}","templated":true}]}}