{"id":21099,"date":"2026-04-29T16:08:03","date_gmt":"2026-04-29T19:08:03","guid":{"rendered":"https:\/\/fmgente.com.ar\/web\/el-aston-villa-de-dibu-martinez-quiere-meterse-en-una-final-europea-tras-40-anos-de-sequia\/"},"modified":"2026-04-29T16:08:03","modified_gmt":"2026-04-29T19:08:03","slug":"el-aston-villa-de-dibu-martinez-quiere-meterse-en-una-final-europea-tras-40-anos-de-sequia","status":"publish","type":"post","link":"https:\/\/fmgente.com.ar\/web\/el-aston-villa-de-dibu-martinez-quiere-meterse-en-una-final-europea-tras-40-anos-de-sequia\/","title":{"rendered":"El Aston Villa de \u201cDibu\u201d Mart\u00ednez quiere meterse en una final europea tras 40 a\u00f1os de sequ\u00eda"},"content":{"rendered":"<p>Buenos Aires, 29 abril (NA) &#8212; El argentino Emiliano \u201cDibu\u201d Mart\u00ednez ser\u00e1 protagonista cuando Aston Villa visite a Nottingham Forest este jueves 30 de abril en la ida de las semifinales de la UEFA Europa League.<\/p>\n<p>El partido se jugar\u00e1 en el City Ground desde las 16:00 (hora de Argentina), en un cruce entre dos hist\u00f3ricos que buscan volver a una final internacional tras m\u00e1s de cuatro d\u00e9cadas.<\/p>\n<p>El arquero argentino, campe\u00f3n del mundo, es una pieza clave del equipo dirigido por Unai Emery, que atraviesa una gran temporada. Aston Villa ocupa puestos de clasificaci\u00f3n a la Champions League con 58 puntos y est\u00e1 cerca de asegurar su regreso al m\u00e1ximo torneo europeo.<\/p>\n<p>Del otro lado, Nottingham Forest pelea por la permanencia en la Premier League ya que se ubica 16.\u00ba con 39 puntos, apenas cinco por encima de la zona de descenso, aunque en Europa mostr\u00f3 otra cara y logr\u00f3 meterse entre los cuatro mejores, seg\u00fan se inform\u00f3 la Agencia Noticias Argentinas.<\/p>\n<p>El cruce tambi\u00e9n tiene un fuerte peso hist\u00f3rico. Forest gan\u00f3 dos Copas de Europa consecutivas a fines de los 70 bajo la conducci\u00f3n de Brian Clough, mientras que Aston Villa fue campe\u00f3n en 1982. Desde entonces, ninguno volvi\u00f3 a disputar una final continental.<\/p>\n<p>Por otra parte, Sporting Braga y Friburgo se enfrentar\u00e1n en la ida de las semifinales de la Europa League este jueves en el Estadio Municipal de Braga. La serie se definir\u00e1 el 7 de mayo en Alemania.<\/p>\n<p>El equipo alem\u00e1n llega tras golear 6-1 al Celta de Vigo en cuartos de final, mientras que el conjunto portugu\u00e9s elimin\u00f3 al Real Betis con un global de 5-3. Se espera un cruce parejo entre dos clubes sin gran tradici\u00f3n en instancias decisivas, pero con una oportunidad hist\u00f3rica de alcanzar la final.<\/p>\n<p>El ganador de la llave se medir\u00e1 ante quien avance entre Aston Villa y Nottingham Forest.<\/p>\n<p>#AgenciaNA<\/p>\n","protected":false},"excerpt":{"rendered":"<p>Buenos Aires, 29 abril (NA) &#8212; El argentino Emiliano \u201cDibu\u201d Mart\u00ednez ser\u00e1 protagonista cuando Aston<\/p>\n","protected":false},"author":0,"featured_media":21100,"comment_status":"","ping_status":"","sticky":false,"template":"","format":"standard","meta":{"footnotes":""},"categories":[1],"tags":[],"class_list":["post-21099","post","type-post","status-publish","format-standard","has-post-thumbnail","hentry","category-regionales"],"yoast_head":"<!-- This site is optimized with the Yoast SEO plugin v27.4 - https:\/\/yoast.com\/product\/yoast-seo-wordpress\/ -->\n<title>El Aston Villa de \u201cDibu\u201d Mart\u00ednez quiere meterse en una final europea tras 40 a\u00f1os de sequ\u00eda - Fm Gente<\/title>\n<meta name=\"robots\" content=\"index, follow, max-snippet:-1, max-image-preview:large, max-video-preview:-1\" \/>\n<link rel=\"canonical\" href=\"https:\/\/fmgente.com.ar\/web\/el-aston-villa-de-dibu-martinez-quiere-meterse-en-una-final-europea-tras-40-anos-de-sequia\/\" \/>\n<meta property=\"og:locale\" content=\"es_ES\" \/>\n<meta property=\"og:type\" content=\"article\" \/>\n<meta property=\"og:title\" content=\"El Aston Villa de \u201cDibu\u201d Mart\u00ednez quiere meterse en una final europea tras 40 a\u00f1os de sequ\u00eda - Fm Gente\" \/>\n<meta property=\"og:description\" content=\"Buenos Aires, 29 abril (NA) &#8212; El argentino Emiliano \u201cDibu\u201d Mart\u00ednez ser\u00e1 protagonista cuando Aston\" \/>\n<meta property=\"og:url\" content=\"https:\/\/fmgente.com.ar\/web\/el-aston-villa-de-dibu-martinez-quiere-meterse-en-una-final-europea-tras-40-anos-de-sequia\/\" \/>\n<meta property=\"og:site_name\" content=\"Fm Gente\" \/>\n<meta property=\"article:published_time\" content=\"2026-04-29T19:08:03+00:00\" \/>\n<meta name=\"twitter:card\" content=\"summary_large_image\" \/>\n<meta name=\"twitter:label1\" content=\"Tiempo de lectura\" \/>\n\t<meta name=\"twitter:data1\" content=\"2 minutos\" \/>\n<script type=\"application\/ld+json\" class=\"yoast-schema-graph\">{\"@context\":\"https:\\\/\\\/schema.org\",\"@graph\":[{\"@type\":\"Article\",\"@id\":\"https:\\\/\\\/fmgente.com.ar\\\/web\\\/el-aston-villa-de-dibu-martinez-quiere-meterse-en-una-final-europea-tras-40-anos-de-sequia\\\/#article\",\"isPartOf\":{\"@id\":\"https:\\\/\\\/fmgente.com.ar\\\/web\\\/el-aston-villa-de-dibu-martinez-quiere-meterse-en-una-final-europea-tras-40-anos-de-sequia\\\/\"},\"author\":{\"name\":\"\",\"@id\":\"\"},\"headline\":\"El Aston Villa de \u201cDibu\u201d Mart\u00ednez quiere meterse en una final europea tras 40 a\u00f1os de sequ\u00eda\",\"datePublished\":\"2026-04-29T19:08:03+00:00\",\"mainEntityOfPage\":{\"@id\":\"https:\\\/\\\/fmgente.com.ar\\\/web\\\/el-aston-villa-de-dibu-martinez-quiere-meterse-en-una-final-europea-tras-40-anos-de-sequia\\\/\"},\"wordCount\":339,\"publisher\":{\"@id\":\"https:\\\/\\\/fmgente.com.ar\\\/web\\\/#organization\"},\"image\":{\"@id\":\"https:\\\/\\\/fmgente.com.ar\\\/web\\\/el-aston-villa-de-dibu-martinez-quiere-meterse-en-una-final-europea-tras-40-anos-de-sequia\\\/#primaryimage\"},\"thumbnailUrl\":\"https:\\\/\\\/fmgente.com.ar\\\/web\\\/wp-content\\\/uploads\\\/2026\\\/04\\\/720-1422.jpeg\",\"articleSection\":[\"REGIONALES\"],\"inLanguage\":\"es\"},{\"@type\":\"WebPage\",\"@id\":\"https:\\\/\\\/fmgente.com.ar\\\/web\\\/el-aston-villa-de-dibu-martinez-quiere-meterse-en-una-final-europea-tras-40-anos-de-sequia\\\/\",\"url\":\"https:\\\/\\\/fmgente.com.ar\\\/web\\\/el-aston-villa-de-dibu-martinez-quiere-meterse-en-una-final-europea-tras-40-anos-de-sequia\\\/\",\"name\":\"El Aston Villa de \u201cDibu\u201d Mart\u00ednez quiere meterse en una final europea tras 40 a\u00f1os de sequ\u00eda - Fm Gente\",\"isPartOf\":{\"@id\":\"https:\\\/\\\/fmgente.com.ar\\\/web\\\/#website\"},\"primaryImageOfPage\":{\"@id\":\"https:\\\/\\\/fmgente.com.ar\\\/web\\\/el-aston-villa-de-dibu-martinez-quiere-meterse-en-una-final-europea-tras-40-anos-de-sequia\\\/#primaryimage\"},\"image\":{\"@id\":\"https:\\\/\\\/fmgente.com.ar\\\/web\\\/el-aston-villa-de-dibu-martinez-quiere-meterse-en-una-final-europea-tras-40-anos-de-sequia\\\/#primaryimage\"},\"thumbnailUrl\":\"https:\\\/\\\/fmgente.com.ar\\\/web\\\/wp-content\\\/uploads\\\/2026\\\/04\\\/720-1422.jpeg\",\"datePublished\":\"2026-04-29T19:08:03+00:00\",\"inLanguage\":\"es\",\"potentialAction\":[{\"@type\":\"ReadAction\",\"target\":[\"https:\\\/\\\/fmgente.com.ar\\\/web\\\/el-aston-villa-de-dibu-martinez-quiere-meterse-en-una-final-europea-tras-40-anos-de-sequia\\\/\"]}]},{\"@type\":\"ImageObject\",\"inLanguage\":\"es\",\"@id\":\"https:\\\/\\\/fmgente.com.ar\\\/web\\\/el-aston-villa-de-dibu-martinez-quiere-meterse-en-una-final-europea-tras-40-anos-de-sequia\\\/#primaryimage\",\"url\":\"https:\\\/\\\/fmgente.com.ar\\\/web\\\/wp-content\\\/uploads\\\/2026\\\/04\\\/720-1422.jpeg\",\"contentUrl\":\"https:\\\/\\\/fmgente.com.ar\\\/web\\\/wp-content\\\/uploads\\\/2026\\\/04\\\/720-1422.jpeg\",\"width\":576,\"height\":720},{\"@type\":\"WebSite\",\"@id\":\"https:\\\/\\\/fmgente.com.ar\\\/web\\\/#website\",\"url\":\"https:\\\/\\\/fmgente.com.ar\\\/web\\\/\",\"name\":\"Fm Gente\",\"description\":\"- Jes\u00fas Mar\u00eda\",\"publisher\":{\"@id\":\"https:\\\/\\\/fmgente.com.ar\\\/web\\\/#organization\"},\"potentialAction\":[{\"@type\":\"SearchAction\",\"target\":{\"@type\":\"EntryPoint\",\"urlTemplate\":\"https:\\\/\\\/fmgente.com.ar\\\/web\\\/?s={search_term_string}\"},\"query-input\":{\"@type\":\"PropertyValueSpecification\",\"valueRequired\":true,\"valueName\":\"search_term_string\"}}],\"inLanguage\":\"es\"},{\"@type\":\"Organization\",\"@id\":\"https:\\\/\\\/fmgente.com.ar\\\/web\\\/#organization\",\"name\":\"Fm Gente\",\"url\":\"https:\\\/\\\/fmgente.com.ar\\\/web\\\/\",\"logo\":{\"@type\":\"ImageObject\",\"inLanguage\":\"es\",\"@id\":\"https:\\\/\\\/fmgente.com.ar\\\/web\\\/#\\\/schema\\\/logo\\\/image\\\/\",\"url\":\"https:\\\/\\\/fmgente.com.ar\\\/web\\\/wp-content\\\/uploads\\\/2023\\\/07\\\/cropped-cropped-logo-sombra2.png\",\"contentUrl\":\"https:\\\/\\\/fmgente.com.ar\\\/web\\\/wp-content\\\/uploads\\\/2023\\\/07\\\/cropped-cropped-logo-sombra2.png\",\"width\":1782,\"height\":1782,\"caption\":\"Fm Gente\"},\"image\":{\"@id\":\"https:\\\/\\\/fmgente.com.ar\\\/web\\\/#\\\/schema\\\/logo\\\/image\\\/\"}}]}<\/script>\n<!-- \/ Yoast SEO plugin. -->","yoast_head_json":{"title":"El Aston Villa de \u201cDibu\u201d Mart\u00ednez quiere meterse en una final europea tras 40 a\u00f1os de sequ\u00eda - Fm Gente","robots":{"index":"index","follow":"follow","max-snippet":"max-snippet:-1","max-image-preview":"max-image-preview:large","max-video-preview":"max-video-preview:-1"},"canonical":"https:\/\/fmgente.com.ar\/web\/el-aston-villa-de-dibu-martinez-quiere-meterse-en-una-final-europea-tras-40-anos-de-sequia\/","og_locale":"es_ES","og_type":"article","og_title":"El Aston Villa de \u201cDibu\u201d Mart\u00ednez quiere meterse en una final europea tras 40 a\u00f1os de sequ\u00eda - Fm Gente","og_description":"Buenos Aires, 29 abril (NA) &#8212; El argentino Emiliano \u201cDibu\u201d Mart\u00ednez ser\u00e1 protagonista cuando Aston","og_url":"https:\/\/fmgente.com.ar\/web\/el-aston-villa-de-dibu-martinez-quiere-meterse-en-una-final-europea-tras-40-anos-de-sequia\/","og_site_name":"Fm Gente","article_published_time":"2026-04-29T19:08:03+00:00","twitter_card":"summary_large_image","twitter_misc":{"Tiempo de lectura":"2 minutos"},"schema":{"@context":"https:\/\/schema.org","@graph":[{"@type":"Article","@id":"https:\/\/fmgente.com.ar\/web\/el-aston-villa-de-dibu-martinez-quiere-meterse-en-una-final-europea-tras-40-anos-de-sequia\/#article","isPartOf":{"@id":"https:\/\/fmgente.com.ar\/web\/el-aston-villa-de-dibu-martinez-quiere-meterse-en-una-final-europea-tras-40-anos-de-sequia\/"},"author":{"name":"","@id":""},"headline":"El Aston Villa de \u201cDibu\u201d Mart\u00ednez quiere meterse en una final europea tras 40 a\u00f1os de sequ\u00eda","datePublished":"2026-04-29T19:08:03+00:00","mainEntityOfPage":{"@id":"https:\/\/fmgente.com.ar\/web\/el-aston-villa-de-dibu-martinez-quiere-meterse-en-una-final-europea-tras-40-anos-de-sequia\/"},"wordCount":339,"publisher":{"@id":"https:\/\/fmgente.com.ar\/web\/#organization"},"image":{"@id":"https:\/\/fmgente.com.ar\/web\/el-aston-villa-de-dibu-martinez-quiere-meterse-en-una-final-europea-tras-40-anos-de-sequia\/#primaryimage"},"thumbnailUrl":"https:\/\/fmgente.com.ar\/web\/wp-content\/uploads\/2026\/04\/720-1422.jpeg","articleSection":["REGIONALES"],"inLanguage":"es"},{"@type":"WebPage","@id":"https:\/\/fmgente.com.ar\/web\/el-aston-villa-de-dibu-martinez-quiere-meterse-en-una-final-europea-tras-40-anos-de-sequia\/","url":"https:\/\/fmgente.com.ar\/web\/el-aston-villa-de-dibu-martinez-quiere-meterse-en-una-final-europea-tras-40-anos-de-sequia\/","name":"El Aston Villa de \u201cDibu\u201d Mart\u00ednez quiere meterse en una final europea tras 40 a\u00f1os de sequ\u00eda - Fm Gente","isPartOf":{"@id":"https:\/\/fmgente.com.ar\/web\/#website"},"primaryImageOfPage":{"@id":"https:\/\/fmgente.com.ar\/web\/el-aston-villa-de-dibu-martinez-quiere-meterse-en-una-final-europea-tras-40-anos-de-sequia\/#primaryimage"},"image":{"@id":"https:\/\/fmgente.com.ar\/web\/el-aston-villa-de-dibu-martinez-quiere-meterse-en-una-final-europea-tras-40-anos-de-sequia\/#primaryimage"},"thumbnailUrl":"https:\/\/fmgente.com.ar\/web\/wp-content\/uploads\/2026\/04\/720-1422.jpeg","datePublished":"2026-04-29T19:08:03+00:00","inLanguage":"es","potentialAction":[{"@type":"ReadAction","target":["https:\/\/fmgente.com.ar\/web\/el-aston-villa-de-dibu-martinez-quiere-meterse-en-una-final-europea-tras-40-anos-de-sequia\/"]}]},{"@type":"ImageObject","inLanguage":"es","@id":"https:\/\/fmgente.com.ar\/web\/el-aston-villa-de-dibu-martinez-quiere-meterse-en-una-final-europea-tras-40-anos-de-sequia\/#primaryimage","url":"https:\/\/fmgente.com.ar\/web\/wp-content\/uploads\/2026\/04\/720-1422.jpeg","contentUrl":"https:\/\/fmgente.com.ar\/web\/wp-content\/uploads\/2026\/04\/720-1422.jpeg","width":576,"height":720},{"@type":"WebSite","@id":"https:\/\/fmgente.com.ar\/web\/#website","url":"https:\/\/fmgente.com.ar\/web\/","name":"Fm Gente","description":"- Jes\u00fas Mar\u00eda","publisher":{"@id":"https:\/\/fmgente.com.ar\/web\/#organization"},"potentialAction":[{"@type":"SearchAction","target":{"@type":"EntryPoint","urlTemplate":"https:\/\/fmgente.com.ar\/web\/?s={search_term_string}"},"query-input":{"@type":"PropertyValueSpecification","valueRequired":true,"valueName":"search_term_string"}}],"inLanguage":"es"},{"@type":"Organization","@id":"https:\/\/fmgente.com.ar\/web\/#organization","name":"Fm Gente","url":"https:\/\/fmgente.com.ar\/web\/","logo":{"@type":"ImageObject","inLanguage":"es","@id":"https:\/\/fmgente.com.ar\/web\/#\/schema\/logo\/image\/","url":"https:\/\/fmgente.com.ar\/web\/wp-content\/uploads\/2023\/07\/cropped-cropped-logo-sombra2.png","contentUrl":"https:\/\/fmgente.com.ar\/web\/wp-content\/uploads\/2023\/07\/cropped-cropped-logo-sombra2.png","width":1782,"height":1782,"caption":"Fm Gente"},"image":{"@id":"https:\/\/fmgente.com.ar\/web\/#\/schema\/logo\/image\/"}}]}},"_links":{"self":[{"href":"https:\/\/fmgente.com.ar\/web\/wp-json\/wp\/v2\/posts\/21099","targetHints":{"allow":["GET"]}}],"collection":[{"href":"https:\/\/fmgente.com.ar\/web\/wp-json\/wp\/v2\/posts"}],"about":[{"href":"https:\/\/fmgente.com.ar\/web\/wp-json\/wp\/v2\/types\/post"}],"replies":[{"embeddable":true,"href":"https:\/\/fmgente.com.ar\/web\/wp-json\/wp\/v2\/comments?post=21099"}],"version-history":[{"count":0,"href":"https:\/\/fmgente.com.ar\/web\/wp-json\/wp\/v2\/posts\/21099\/revisions"}],"wp:featuredmedia":[{"embeddable":true,"href":"https:\/\/fmgente.com.ar\/web\/wp-json\/wp\/v2\/media\/21100"}],"wp:attachment":[{"href":"https:\/\/fmgente.com.ar\/web\/wp-json\/wp\/v2\/media?parent=21099"}],"wp:term":[{"taxonomy":"category","embeddable":true,"href":"https:\/\/fmgente.com.ar\/web\/wp-json\/wp\/v2\/categories?post=21099"},{"taxonomy":"post_tag","embeddable":true,"href":"https:\/\/fmgente.com.ar\/web\/wp-json\/wp\/v2\/tags?post=21099"}],"curies":[{"name":"wp","href":"https:\/\/api.w.org\/{rel}","templated":true}]}}