{"id":21093,"date":"2026-04-29T16:07:54","date_gmt":"2026-04-29T19:07:54","guid":{"rendered":"https:\/\/fmgente.com.ar\/web\/pullaro-lanzo-el-plan-de-proteccion-de-los-ingresos-para-trabajadores-y-jubilados-los-detalles\/"},"modified":"2026-04-29T16:07:54","modified_gmt":"2026-04-29T19:07:54","slug":"pullaro-lanzo-el-plan-de-proteccion-de-los-ingresos-para-trabajadores-y-jubilados-los-detalles","status":"publish","type":"post","link":"https:\/\/fmgente.com.ar\/web\/pullaro-lanzo-el-plan-de-proteccion-de-los-ingresos-para-trabajadores-y-jubilados-los-detalles\/","title":{"rendered":"Pullaro lanz\u00f3 el \u201cPlan de Protecci\u00f3n de los Ingresos\u201d para trabajadores y jubilados: Los detalles"},"content":{"rendered":"<p>Buenos Aires, 29 abril (NA) \u2013 El Gobierno de la provincia de Santa Fe lanz\u00f3 un programa para aliviar financieramente a diferentes sectores de la sociedad, entre los que se encuentran trabajadores del Estado, del sector privado y jubilados.<\/p>\n<p>Seg\u00fan supo la Agencia Noticias Argentinas, la medida se pondr\u00e1 en funcionamiento en los pr\u00f3ximos d\u00edas con el objetivo de mejorar el poder adquisitivo de las familias y de ordenar el sistema de financiamiento.<\/p>\n<p>El plan tambi\u00e9n incluye a los aut\u00f3nomos.<\/p>\n<p>\u00bfEN QU\u00c9 CONSISTE EL PLAN DEL GOBERNADOR PULLARO PARA \u201cDESENDEUDAR A TRABAJADORES\u201d?<\/p>\n<p>Bajo el t\u00edtulo: \u201cEl gobierno de Pullaro lanza un plan para desendeudar a trabajadores privados y p\u00fablicos\u201d, a trav\u00e9s de un comunicado de prensa, el gobierno santafesino dio a conocer que \u201cla medida apunta a mitigar el impacto del parate econ\u00f3mico sobre los empleados del sector privado y, en segundo t\u00e9rmino, a asistir a los trabajadores p\u00fablicos acuciados por la situaci\u00f3n crediticia\u201d.<\/p>\n<p>\u201cEl Gobierno de la Provincia present\u00f3 este mi\u00e9rcoles el Plan de Protecci\u00f3n de los Ingresos, una bater\u00eda de medidas destinada a trabajadores p\u00fablicos y privados, aut\u00f3nomos y jubilados cuyos salarios se ven afectados por descuentos derivados de cr\u00e9ditos. El objetivo es aliviar la carga financiera mediante la refinanciaci\u00f3n de deudas y garantizar, en el caso de los estatales, que las deducciones no superen el 25 % de los ingresos\u201d, avanza el escrito.<\/p>\n<p>\u00bfCU\u00c1NDO SE PONDR\u00c1 EN MARCHA LA MEDIDA DEL GOBERNADOR PULLARO?<\/p>\n<p>\u201cLa propuesta, que comenzar\u00e1 a aplicarse en los pr\u00f3ximos d\u00edas, apunta a mejorar el poder adquisitivo de las familias y a ordenar el sistema de financiamiento. La vocera del Ejecutivo, Virginia Coudannes, junto al ministro de Econom\u00eda, Pablo Olivares, y la secretaria de Funci\u00f3n P\u00fablica y Recursos Humanos, Malena Azario, explic\u00f3 que el plan combina medidas de alivio inmediato con herramientas de educaci\u00f3n financiera y asesoramiento institucional\u201d.<\/p>\n<p>\u201cSe trata de una experiencia in\u00e9dita en el pa\u00eds y en Santa Fe\u201d, enfatiz\u00f3 la vocera Coudannes, a la vez que sostuvo que la iniciativa propone acompa\u00f1ar a las familias a las que tienen dificultades para llegar a fin de cada mes consecuencia del peso del endeudamiento. Por eso, a\u00f1ade que: \u201cVenimos a ofrecer una alternativa que permita recuperar margen en el ingreso disponible\u201d.<\/p>\n<p>Fue en ese contexto que la funcionaria describi\u00f3 que la morosidad de los hogares en el sistema financiero tradicional pas\u00f3 del 10,6 % en enero al 11,2 % en febrero, mientras que la irregularidad en cr\u00e9ditos no bancarios -como fintech y billeteras digitales- alcanz\u00f3 el 29,9 %. En la provincia, el 33 % de los empleados estatales registra descuentos por cr\u00e9ditos en sus recibos de haberes; de ese total, unos 12.000 superan el umbral del 25 % de afectaci\u00f3n salarial. A ellos se suman 7.000 jubilados y cerca de 60.000 trabajadores privados y aut\u00f3nomos en situaci\u00f3n similar, explica el comunicado oficial.<\/p>\n<p>\u00bfCU\u00c1LES SON LOS EJES DEL PLAN DE PULLARO PARA ALIVIAR FINANCIERAMENTE A LOS SANTAFESINOS?<\/p>\n<p>Al respecto, el ministro Olivares fue quien brind\u00f3 explicaci\u00f3n sobre la iniciativa diciendo que se enmarca en un contexto macroecon\u00f3mico con se\u00f1ales mixtas: \u201cHay aspectos positivos, pero tambi\u00e9n efectos colaterales. Este es uno de ellos, y decidimos intervenir para dar una respuesta concreta\u201d, dijo.<\/p>\n<p>En cuanto a la estructura del plan, enumer\u00f3 sus cuatro ejes. \u201cEn primer lugar, se avanzar\u00e1 en el reordenamiento del sistema de c\u00f3digos de descuento a estatales mediante un reempadronamiento de las entidades adheridas al esquema CUAD (Cuentas Unificadas de Aportes y Descuentos), comenz\u00f3 explicando para luego decir que \u201cen segundo t\u00e9rmino, se fijar\u00e1 un nuevo l\u00edmite para la afectaci\u00f3n del salario, que pasar\u00e1 del 50% actual al 25 %\u201d.<\/p>\n<p>\u201cEl tercer eje contempla la adecuaci\u00f3n de las deudas vigentes a ese nuevo tope, ya sea mediante la refinanciaci\u00f3n con el acreedor original a tasas m\u00e1s bajas o a trav\u00e9s de la transferencia del saldo a otra entidad. Si las entidades no aceptan estas condiciones, el Estado provincial podr\u00e1 intervenir con asistencia financiera a tasa cero para cubrir la diferencia, que se recuperar\u00e1 cuando la cuota quede por debajo del l\u00edmite establecido\u201d.<\/p>\n<p>Y \u201cpor \u00faltimo, se habilitar\u00e1n para trabajadores p\u00fablicos y privados l\u00edneas de cr\u00e9dito de menor costo para la consolidaci\u00f3n de deudas. Estas opciones permitir\u00e1n unificar compromisos financieros en un solo pr\u00e9stamo, con plazos de hasta 60 cuotas y un per\u00edodo de gracia de dos meses. Quienes opten por este mecanismo no podr\u00e1n tomar nuevos cr\u00e9ditos por c\u00f3digo de descuento hasta cancelar la operaci\u00f3n\u201d.<\/p>\n<p>\u00bfC\u00d3MO FUNCIONAR\u00c1 EL PLAN PARA ACOMPA\u00d1AR AL SECTOR PRIVADO?<\/p>\n<p>\u201cPara trabajadores privados y aut\u00f3nomos, el plan incorpora instrumentos espec\u00edficos. Entre ellos, una l\u00ednea del Banco de Santa Fe para cancelar deudas a largo plazo -de hasta cinco a\u00f1os- con tasas por debajo del promedio del mercado; la articulaci\u00f3n con c\u00e1maras empresariales para promover programas sectoriales de desendeudamiento; y la convocatoria a entidades financieras para ampliar la oferta de cr\u00e9ditos de consolidaci\u00f3n\u201d, marca el comunicado.<\/p>\n<p>Y suma que \u201cel Banco Solidario (dependiente del Ministerio de Igualdad y Desarrollo Humano) activar\u00e1 medidas orientadas a sectores con ingresos irregulares o intermitentes, que suelen tener mayores dificultades para acceder al sistema financiero tradicional\u201d.<\/p>\n<p>\u00bfC\u00d3MO PUEDEN ACCEDER AL PLAN CADA SEGMENTO SOCIAL ALCANZADO POR LAS MEDIDAS?<\/p>\n<p>En relaci\u00f3n a los empleados p\u00fablicos y jubilados indica que \u201cpodr\u00e1n iniciar el tr\u00e1mite de manera digital a trav\u00e9s del portal oficial de la provincia, utilizando su ID Ciudadana. Una vez completada la solicitud, ser\u00e1n contactados para avanzar con el proceso\u201d, mientras que \u201cen el caso de trabajadores privados y aut\u00f3nomos, la gesti\u00f3n se realizar\u00e1 a trav\u00e9s de las plataformas del agente financiero correspondiente, con seguimiento del Gobierno Provincial. Tras el an\u00e1lisis del perfil crediticio, se informar\u00e1n las condiciones y los pasos a seguir para acceder a los beneficios\u201d. #AgenciaNA.<\/p>\n","protected":false},"excerpt":{"rendered":"<p>Buenos Aires, 29 abril (NA) \u2013 El Gobierno de la provincia de Santa Fe lanz\u00f3<\/p>\n","protected":false},"author":0,"featured_media":21094,"comment_status":"","ping_status":"","sticky":false,"template":"","format":"standard","meta":{"footnotes":""},"categories":[1],"tags":[],"class_list":["post-21093","post","type-post","status-publish","format-standard","has-post-thumbnail","hentry","category-regionales"],"yoast_head":"<!-- This site is optimized with the Yoast SEO plugin v27.4 - https:\/\/yoast.com\/product\/yoast-seo-wordpress\/ -->\n<title>Pullaro lanz\u00f3 el \u201cPlan de Protecci\u00f3n de los Ingresos\u201d para trabajadores y jubilados: Los detalles - Fm Gente<\/title>\n<meta name=\"robots\" content=\"index, follow, max-snippet:-1, max-image-preview:large, max-video-preview:-1\" \/>\n<link rel=\"canonical\" href=\"https:\/\/fmgente.com.ar\/web\/pullaro-lanzo-el-plan-de-proteccion-de-los-ingresos-para-trabajadores-y-jubilados-los-detalles\/\" \/>\n<meta property=\"og:locale\" content=\"es_ES\" \/>\n<meta property=\"og:type\" content=\"article\" \/>\n<meta property=\"og:title\" content=\"Pullaro lanz\u00f3 el \u201cPlan de Protecci\u00f3n de los Ingresos\u201d para trabajadores y jubilados: Los detalles - Fm Gente\" \/>\n<meta property=\"og:description\" content=\"Buenos Aires, 29 abril (NA) \u2013 El Gobierno de la provincia de Santa Fe lanz\u00f3\" \/>\n<meta property=\"og:url\" content=\"https:\/\/fmgente.com.ar\/web\/pullaro-lanzo-el-plan-de-proteccion-de-los-ingresos-para-trabajadores-y-jubilados-los-detalles\/\" \/>\n<meta property=\"og:site_name\" content=\"Fm Gente\" \/>\n<meta property=\"article:published_time\" content=\"2026-04-29T19:07:54+00:00\" \/>\n<meta name=\"twitter:card\" content=\"summary_large_image\" \/>\n<meta name=\"twitter:label1\" content=\"Tiempo de lectura\" \/>\n\t<meta name=\"twitter:data1\" content=\"5 minutos\" \/>\n<script type=\"application\/ld+json\" class=\"yoast-schema-graph\">{\"@context\":\"https:\\\/\\\/schema.org\",\"@graph\":[{\"@type\":\"Article\",\"@id\":\"https:\\\/\\\/fmgente.com.ar\\\/web\\\/pullaro-lanzo-el-plan-de-proteccion-de-los-ingresos-para-trabajadores-y-jubilados-los-detalles\\\/#article\",\"isPartOf\":{\"@id\":\"https:\\\/\\\/fmgente.com.ar\\\/web\\\/pullaro-lanzo-el-plan-de-proteccion-de-los-ingresos-para-trabajadores-y-jubilados-los-detalles\\\/\"},\"author\":{\"name\":\"\",\"@id\":\"\"},\"headline\":\"Pullaro lanz\u00f3 el \u201cPlan de Protecci\u00f3n de los Ingresos\u201d para trabajadores y jubilados: Los detalles\",\"datePublished\":\"2026-04-29T19:07:54+00:00\",\"mainEntityOfPage\":{\"@id\":\"https:\\\/\\\/fmgente.com.ar\\\/web\\\/pullaro-lanzo-el-plan-de-proteccion-de-los-ingresos-para-trabajadores-y-jubilados-los-detalles\\\/\"},\"wordCount\":1020,\"publisher\":{\"@id\":\"https:\\\/\\\/fmgente.com.ar\\\/web\\\/#organization\"},\"image\":{\"@id\":\"https:\\\/\\\/fmgente.com.ar\\\/web\\\/pullaro-lanzo-el-plan-de-proteccion-de-los-ingresos-para-trabajadores-y-jubilados-los-detalles\\\/#primaryimage\"},\"thumbnailUrl\":\"https:\\\/\\\/fmgente.com.ar\\\/web\\\/wp-content\\\/uploads\\\/2026\\\/04\\\/720-1419.jpeg\",\"articleSection\":[\"REGIONALES\"],\"inLanguage\":\"es\"},{\"@type\":\"WebPage\",\"@id\":\"https:\\\/\\\/fmgente.com.ar\\\/web\\\/pullaro-lanzo-el-plan-de-proteccion-de-los-ingresos-para-trabajadores-y-jubilados-los-detalles\\\/\",\"url\":\"https:\\\/\\\/fmgente.com.ar\\\/web\\\/pullaro-lanzo-el-plan-de-proteccion-de-los-ingresos-para-trabajadores-y-jubilados-los-detalles\\\/\",\"name\":\"Pullaro lanz\u00f3 el \u201cPlan de Protecci\u00f3n de los Ingresos\u201d para trabajadores y jubilados: Los detalles - Fm Gente\",\"isPartOf\":{\"@id\":\"https:\\\/\\\/fmgente.com.ar\\\/web\\\/#website\"},\"primaryImageOfPage\":{\"@id\":\"https:\\\/\\\/fmgente.com.ar\\\/web\\\/pullaro-lanzo-el-plan-de-proteccion-de-los-ingresos-para-trabajadores-y-jubilados-los-detalles\\\/#primaryimage\"},\"image\":{\"@id\":\"https:\\\/\\\/fmgente.com.ar\\\/web\\\/pullaro-lanzo-el-plan-de-proteccion-de-los-ingresos-para-trabajadores-y-jubilados-los-detalles\\\/#primaryimage\"},\"thumbnailUrl\":\"https:\\\/\\\/fmgente.com.ar\\\/web\\\/wp-content\\\/uploads\\\/2026\\\/04\\\/720-1419.jpeg\",\"datePublished\":\"2026-04-29T19:07:54+00:00\",\"inLanguage\":\"es\",\"potentialAction\":[{\"@type\":\"ReadAction\",\"target\":[\"https:\\\/\\\/fmgente.com.ar\\\/web\\\/pullaro-lanzo-el-plan-de-proteccion-de-los-ingresos-para-trabajadores-y-jubilados-los-detalles\\\/\"]}]},{\"@type\":\"ImageObject\",\"inLanguage\":\"es\",\"@id\":\"https:\\\/\\\/fmgente.com.ar\\\/web\\\/pullaro-lanzo-el-plan-de-proteccion-de-los-ingresos-para-trabajadores-y-jubilados-los-detalles\\\/#primaryimage\",\"url\":\"https:\\\/\\\/fmgente.com.ar\\\/web\\\/wp-content\\\/uploads\\\/2026\\\/04\\\/720-1419.jpeg\",\"contentUrl\":\"https:\\\/\\\/fmgente.com.ar\\\/web\\\/wp-content\\\/uploads\\\/2026\\\/04\\\/720-1419.jpeg\",\"width\":989,\"height\":720},{\"@type\":\"WebSite\",\"@id\":\"https:\\\/\\\/fmgente.com.ar\\\/web\\\/#website\",\"url\":\"https:\\\/\\\/fmgente.com.ar\\\/web\\\/\",\"name\":\"Fm Gente\",\"description\":\"- Jes\u00fas Mar\u00eda\",\"publisher\":{\"@id\":\"https:\\\/\\\/fmgente.com.ar\\\/web\\\/#organization\"},\"potentialAction\":[{\"@type\":\"SearchAction\",\"target\":{\"@type\":\"EntryPoint\",\"urlTemplate\":\"https:\\\/\\\/fmgente.com.ar\\\/web\\\/?s={search_term_string}\"},\"query-input\":{\"@type\":\"PropertyValueSpecification\",\"valueRequired\":true,\"valueName\":\"search_term_string\"}}],\"inLanguage\":\"es\"},{\"@type\":\"Organization\",\"@id\":\"https:\\\/\\\/fmgente.com.ar\\\/web\\\/#organization\",\"name\":\"Fm Gente\",\"url\":\"https:\\\/\\\/fmgente.com.ar\\\/web\\\/\",\"logo\":{\"@type\":\"ImageObject\",\"inLanguage\":\"es\",\"@id\":\"https:\\\/\\\/fmgente.com.ar\\\/web\\\/#\\\/schema\\\/logo\\\/image\\\/\",\"url\":\"https:\\\/\\\/fmgente.com.ar\\\/web\\\/wp-content\\\/uploads\\\/2023\\\/07\\\/cropped-cropped-logo-sombra2.png\",\"contentUrl\":\"https:\\\/\\\/fmgente.com.ar\\\/web\\\/wp-content\\\/uploads\\\/2023\\\/07\\\/cropped-cropped-logo-sombra2.png\",\"width\":1782,\"height\":1782,\"caption\":\"Fm Gente\"},\"image\":{\"@id\":\"https:\\\/\\\/fmgente.com.ar\\\/web\\\/#\\\/schema\\\/logo\\\/image\\\/\"}}]}<\/script>\n<!-- \/ Yoast SEO plugin. -->","yoast_head_json":{"title":"Pullaro lanz\u00f3 el \u201cPlan de Protecci\u00f3n de los Ingresos\u201d para trabajadores y jubilados: Los detalles - Fm Gente","robots":{"index":"index","follow":"follow","max-snippet":"max-snippet:-1","max-image-preview":"max-image-preview:large","max-video-preview":"max-video-preview:-1"},"canonical":"https:\/\/fmgente.com.ar\/web\/pullaro-lanzo-el-plan-de-proteccion-de-los-ingresos-para-trabajadores-y-jubilados-los-detalles\/","og_locale":"es_ES","og_type":"article","og_title":"Pullaro lanz\u00f3 el \u201cPlan de Protecci\u00f3n de los Ingresos\u201d para trabajadores y jubilados: Los detalles - Fm Gente","og_description":"Buenos Aires, 29 abril (NA) \u2013 El Gobierno de la provincia de Santa Fe lanz\u00f3","og_url":"https:\/\/fmgente.com.ar\/web\/pullaro-lanzo-el-plan-de-proteccion-de-los-ingresos-para-trabajadores-y-jubilados-los-detalles\/","og_site_name":"Fm Gente","article_published_time":"2026-04-29T19:07:54+00:00","twitter_card":"summary_large_image","twitter_misc":{"Tiempo de lectura":"5 minutos"},"schema":{"@context":"https:\/\/schema.org","@graph":[{"@type":"Article","@id":"https:\/\/fmgente.com.ar\/web\/pullaro-lanzo-el-plan-de-proteccion-de-los-ingresos-para-trabajadores-y-jubilados-los-detalles\/#article","isPartOf":{"@id":"https:\/\/fmgente.com.ar\/web\/pullaro-lanzo-el-plan-de-proteccion-de-los-ingresos-para-trabajadores-y-jubilados-los-detalles\/"},"author":{"name":"","@id":""},"headline":"Pullaro lanz\u00f3 el \u201cPlan de Protecci\u00f3n de los Ingresos\u201d para trabajadores y jubilados: Los detalles","datePublished":"2026-04-29T19:07:54+00:00","mainEntityOfPage":{"@id":"https:\/\/fmgente.com.ar\/web\/pullaro-lanzo-el-plan-de-proteccion-de-los-ingresos-para-trabajadores-y-jubilados-los-detalles\/"},"wordCount":1020,"publisher":{"@id":"https:\/\/fmgente.com.ar\/web\/#organization"},"image":{"@id":"https:\/\/fmgente.com.ar\/web\/pullaro-lanzo-el-plan-de-proteccion-de-los-ingresos-para-trabajadores-y-jubilados-los-detalles\/#primaryimage"},"thumbnailUrl":"https:\/\/fmgente.com.ar\/web\/wp-content\/uploads\/2026\/04\/720-1419.jpeg","articleSection":["REGIONALES"],"inLanguage":"es"},{"@type":"WebPage","@id":"https:\/\/fmgente.com.ar\/web\/pullaro-lanzo-el-plan-de-proteccion-de-los-ingresos-para-trabajadores-y-jubilados-los-detalles\/","url":"https:\/\/fmgente.com.ar\/web\/pullaro-lanzo-el-plan-de-proteccion-de-los-ingresos-para-trabajadores-y-jubilados-los-detalles\/","name":"Pullaro lanz\u00f3 el \u201cPlan de Protecci\u00f3n de los Ingresos\u201d para trabajadores y jubilados: Los detalles - Fm Gente","isPartOf":{"@id":"https:\/\/fmgente.com.ar\/web\/#website"},"primaryImageOfPage":{"@id":"https:\/\/fmgente.com.ar\/web\/pullaro-lanzo-el-plan-de-proteccion-de-los-ingresos-para-trabajadores-y-jubilados-los-detalles\/#primaryimage"},"image":{"@id":"https:\/\/fmgente.com.ar\/web\/pullaro-lanzo-el-plan-de-proteccion-de-los-ingresos-para-trabajadores-y-jubilados-los-detalles\/#primaryimage"},"thumbnailUrl":"https:\/\/fmgente.com.ar\/web\/wp-content\/uploads\/2026\/04\/720-1419.jpeg","datePublished":"2026-04-29T19:07:54+00:00","inLanguage":"es","potentialAction":[{"@type":"ReadAction","target":["https:\/\/fmgente.com.ar\/web\/pullaro-lanzo-el-plan-de-proteccion-de-los-ingresos-para-trabajadores-y-jubilados-los-detalles\/"]}]},{"@type":"ImageObject","inLanguage":"es","@id":"https:\/\/fmgente.com.ar\/web\/pullaro-lanzo-el-plan-de-proteccion-de-los-ingresos-para-trabajadores-y-jubilados-los-detalles\/#primaryimage","url":"https:\/\/fmgente.com.ar\/web\/wp-content\/uploads\/2026\/04\/720-1419.jpeg","contentUrl":"https:\/\/fmgente.com.ar\/web\/wp-content\/uploads\/2026\/04\/720-1419.jpeg","width":989,"height":720},{"@type":"WebSite","@id":"https:\/\/fmgente.com.ar\/web\/#website","url":"https:\/\/fmgente.com.ar\/web\/","name":"Fm Gente","description":"- Jes\u00fas Mar\u00eda","publisher":{"@id":"https:\/\/fmgente.com.ar\/web\/#organization"},"potentialAction":[{"@type":"SearchAction","target":{"@type":"EntryPoint","urlTemplate":"https:\/\/fmgente.com.ar\/web\/?s={search_term_string}"},"query-input":{"@type":"PropertyValueSpecification","valueRequired":true,"valueName":"search_term_string"}}],"inLanguage":"es"},{"@type":"Organization","@id":"https:\/\/fmgente.com.ar\/web\/#organization","name":"Fm Gente","url":"https:\/\/fmgente.com.ar\/web\/","logo":{"@type":"ImageObject","inLanguage":"es","@id":"https:\/\/fmgente.com.ar\/web\/#\/schema\/logo\/image\/","url":"https:\/\/fmgente.com.ar\/web\/wp-content\/uploads\/2023\/07\/cropped-cropped-logo-sombra2.png","contentUrl":"https:\/\/fmgente.com.ar\/web\/wp-content\/uploads\/2023\/07\/cropped-cropped-logo-sombra2.png","width":1782,"height":1782,"caption":"Fm Gente"},"image":{"@id":"https:\/\/fmgente.com.ar\/web\/#\/schema\/logo\/image\/"}}]}},"_links":{"self":[{"href":"https:\/\/fmgente.com.ar\/web\/wp-json\/wp\/v2\/posts\/21093","targetHints":{"allow":["GET"]}}],"collection":[{"href":"https:\/\/fmgente.com.ar\/web\/wp-json\/wp\/v2\/posts"}],"about":[{"href":"https:\/\/fmgente.com.ar\/web\/wp-json\/wp\/v2\/types\/post"}],"replies":[{"embeddable":true,"href":"https:\/\/fmgente.com.ar\/web\/wp-json\/wp\/v2\/comments?post=21093"}],"version-history":[{"count":0,"href":"https:\/\/fmgente.com.ar\/web\/wp-json\/wp\/v2\/posts\/21093\/revisions"}],"wp:featuredmedia":[{"embeddable":true,"href":"https:\/\/fmgente.com.ar\/web\/wp-json\/wp\/v2\/media\/21094"}],"wp:attachment":[{"href":"https:\/\/fmgente.com.ar\/web\/wp-json\/wp\/v2\/media?parent=21093"}],"wp:term":[{"taxonomy":"category","embeddable":true,"href":"https:\/\/fmgente.com.ar\/web\/wp-json\/wp\/v2\/categories?post=21093"},{"taxonomy":"post_tag","embeddable":true,"href":"https:\/\/fmgente.com.ar\/web\/wp-json\/wp\/v2\/tags?post=21093"}],"curies":[{"name":"wp","href":"https:\/\/api.w.org\/{rel}","templated":true}]}}