{"id":21090,"date":"2026-04-29T08:46:56","date_gmt":"2026-04-29T11:46:56","guid":{"rendered":"https:\/\/fmgente.com.ar\/web\/?p=21090"},"modified":"2026-04-29T08:46:56","modified_gmt":"2026-04-29T11:46:56","slug":"cambios-en-el-estacionamiento-medido-de-jesus-maria-nuevos-horarios-de-cobro","status":"publish","type":"post","link":"https:\/\/fmgente.com.ar\/web\/cambios-en-el-estacionamiento-medido-de-jesus-maria-nuevos-horarios-de-cobro\/","title":{"rendered":"Cambios en el estacionamiento medido de Jes\u00fas Mar\u00eda: nuevos horarios de cobro"},"content":{"rendered":"<p>La Municipalidad de Jes\u00fas Mar\u00eda informa que, durante los pr\u00f3ximos seis meses, el Sistema de Estacionamiento Medido se cobrar\u00e1 \u00fanicamente en el horario de la ma\u00f1ana, de lunes a viernes de 8 a 13 horas. La tarifa vigente ser\u00e1 de $200 por hora.<\/p>\n<p>En tanto, no se cobrar\u00e1 en horario vespertino, ni tampoco durante fines de semana y feriados, manteni\u00e9ndose la gratuidad en esos d\u00edas.<\/p>\n<p>La medida busca ordenar el sistema y acompa\u00f1ar el uso cotidiano del estacionamiento en la zona c\u00e9ntrica de la ciudad.<\/p>\n<p>Conoc\u00e9 los puntos de venta habilitados:<\/p>\n<p>* APACHETA \/ Julio A. Roca 66<br \/>\n* BELKIARE \/ C\u00f3rdoba 684<br \/>\n* CASTOLMO \/ Ingeniero Olmos 198<br \/>\n* CAFETER\u00cdA TUNINNE \/ C\u00e1stulo Pe\u00f1a 495<br \/>\n* CENTRO CULTURAL CABILDO \/ Tucum\u00e1n 660<br \/>\n* CASA AZNAR \/ Col\u00f3n 81<br \/>\n* CASA PLUS \/ C\u00e1stulo Pe\u00f1a 598<br \/>\n* FARMACIA CERUTTI \/ C\u00f3rdoba 268<br \/>\n* FARMACIA DANIOTTI \/ Tucum\u00e1n 533<br \/>\n* FARMACIA DEL CENTRO \/ Tucum\u00e1n 601<br \/>\n* IMPAKTO MUSICAL \/ Ingeniero Olmos<br \/>\n* LIBRER\u00cdA CABILDO \/ Ingeniero Olmos 79<br \/>\n* MIX-COM \/ John Kennedy 136<br \/>\n* NACHO LO VENDE \/ C\u00e1stulo Pe\u00f1a 677<br \/>\n* PAGO F\u00c1CIL SUPERMERCADO MARIANO MAX \/ Ruta 9<br \/>\n* PINTURER\u00cdA CENTROTECH \/ Tucum\u00e1n 782<br \/>\n* RAPIPAGO \/ Col\u00f3n 69<br \/>\n* RAPIPAGO RURAL \/ Tucum\u00e1n 255<br \/>\n* SUPERMERCADO ALMACOR \/ Tucum\u00e1n 451<br \/>\n* VICTORINO \/ Tucum\u00e1n y Julio A. Roca<br \/>\n* LO M\u00c1S PANCHO \/ Tucum\u00e1n 269<\/p>\n<p>Adem\u00e1s, los comercios interesados tambi\u00e9n pueden sumarse como nuevos puntos de venta.<\/p>\n<p>Para mayor informaci\u00f3n, comunicarse por WhatsApp al 3525-302297 o v\u00eda mail a sem@jesusmaria.gov.ar.<\/p>\n<p><img loading=\"lazy\" decoding=\"async\" class=\"alignnone size-full wp-image-21091\" src=\"https:\/\/fmgente.com.ar\/web\/wp-content\/uploads\/2026\/04\/n2-7.jpeg\" alt=\"\" width=\"782\" height=\"1390\" srcset=\"https:\/\/fmgente.com.ar\/web\/wp-content\/uploads\/2026\/04\/n2-7.jpeg 782w, https:\/\/fmgente.com.ar\/web\/wp-content\/uploads\/2026\/04\/n2-7-169x300.jpeg 169w, https:\/\/fmgente.com.ar\/web\/wp-content\/uploads\/2026\/04\/n2-7-768x1365.jpeg 768w\" sizes=\"auto, (max-width: 782px) 100vw, 782px\" \/><\/p>\n","protected":false},"excerpt":{"rendered":"<p>La Municipalidad de Jes\u00fas Mar\u00eda informa que, durante los pr\u00f3ximos seis meses, el Sistema de<\/p>\n","protected":false},"author":2,"featured_media":21091,"comment_status":"closed","ping_status":"closed","sticky":false,"template":"","format":"standard","meta":{"footnotes":""},"categories":[40],"tags":[573,1745,290,1750,1748,1753,303,1758,1621,23,1630,644,216,1757,897,249,1751,265,92,1760,1718,1756,793,1747,1746,1671,1749,1752,1697,1761,1744,1759,791,1683,782,1754,1755,1255],"class_list":["post-21090","post","type-post","status-publish","format-standard","has-post-thumbnail","hentry","category-principales","tag-agro","tag-cadena-norte","tag-campo","tag-carlos-ciprian","tag-ciprian","tag-coe","tag-colonia-caroya","tag-comuna","tag-cooperativa","tag-cordoba","tag-covid-19","tag-dean-funes","tag-deportes","tag-doctor","tag-federico-zarate","tag-fpa","tag-gustavo-brandan","tag-hospital","tag-jesus-maria","tag-la-dormida","tag-las-penas","tag-medico","tag-municipalidad","tag-news","tag-norte","tag-noticias","tag-nuevo-dia","tag-paola-nanini","tag-policiales","tag-quilino","tag-radio-fm","tag-rio-seco","tag-sinsacate","tag-sociedad-rural","tag-srjm","tag-ultimo-momento","tag-urgente","tag-villa-del-totoral"],"yoast_head":"<!-- This site is optimized with the Yoast SEO plugin v27.4 - https:\/\/yoast.com\/product\/yoast-seo-wordpress\/ -->\n<title>Cambios en el estacionamiento medido de Jes\u00fas Mar\u00eda: nuevos horarios de cobro - Fm Gente<\/title>\n<meta name=\"robots\" content=\"index, follow, max-snippet:-1, max-image-preview:large, max-video-preview:-1\" \/>\n<link rel=\"canonical\" href=\"https:\/\/fmgente.com.ar\/web\/cambios-en-el-estacionamiento-medido-de-jesus-maria-nuevos-horarios-de-cobro\/\" \/>\n<meta property=\"og:locale\" content=\"es_ES\" \/>\n<meta property=\"og:type\" content=\"article\" \/>\n<meta property=\"og:title\" content=\"Cambios en el estacionamiento medido de Jes\u00fas Mar\u00eda: nuevos horarios de cobro - Fm Gente\" \/>\n<meta property=\"og:description\" content=\"La Municipalidad de Jes\u00fas Mar\u00eda informa que, durante los pr\u00f3ximos seis meses, el Sistema de\" \/>\n<meta property=\"og:url\" content=\"https:\/\/fmgente.com.ar\/web\/cambios-en-el-estacionamiento-medido-de-jesus-maria-nuevos-horarios-de-cobro\/\" \/>\n<meta property=\"og:site_name\" content=\"Fm Gente\" \/>\n<meta property=\"article:published_time\" content=\"2026-04-29T11:46:56+00:00\" \/>\n<meta property=\"og:image\" content=\"https:\/\/fmgente.com.ar\/web\/wp-content\/uploads\/2026\/04\/n2-7.jpeg\" \/>\n\t<meta property=\"og:image:width\" content=\"782\" \/>\n\t<meta property=\"og:image:height\" content=\"1390\" \/>\n\t<meta property=\"og:image:type\" content=\"image\/jpeg\" \/>\n<meta name=\"author\" content=\"Adri\u00e1n Hern\u00e1ndez\" \/>\n<meta name=\"twitter:card\" content=\"summary_large_image\" \/>\n<meta name=\"twitter:label1\" content=\"Escrito por\" \/>\n\t<meta name=\"twitter:data1\" content=\"Adri\u00e1n Hern\u00e1ndez\" \/>\n\t<meta name=\"twitter:label2\" content=\"Tiempo de lectura\" \/>\n\t<meta name=\"twitter:data2\" content=\"2 minutos\" \/>\n<script type=\"application\/ld+json\" class=\"yoast-schema-graph\">{\"@context\":\"https:\\\/\\\/schema.org\",\"@graph\":[{\"@type\":\"Article\",\"@id\":\"https:\\\/\\\/fmgente.com.ar\\\/web\\\/cambios-en-el-estacionamiento-medido-de-jesus-maria-nuevos-horarios-de-cobro\\\/#article\",\"isPartOf\":{\"@id\":\"https:\\\/\\\/fmgente.com.ar\\\/web\\\/cambios-en-el-estacionamiento-medido-de-jesus-maria-nuevos-horarios-de-cobro\\\/\"},\"author\":{\"name\":\"Adri\u00e1n Hern\u00e1ndez\",\"@id\":\"https:\\\/\\\/fmgente.com.ar\\\/web\\\/#\\\/schema\\\/person\\\/ba03fa75c17effdaafbd6daa1d78c508\"},\"headline\":\"Cambios en el estacionamiento medido de Jes\u00fas Mar\u00eda: nuevos horarios de cobro\",\"datePublished\":\"2026-04-29T11:46:56+00:00\",\"mainEntityOfPage\":{\"@id\":\"https:\\\/\\\/fmgente.com.ar\\\/web\\\/cambios-en-el-estacionamiento-medido-de-jesus-maria-nuevos-horarios-de-cobro\\\/\"},\"wordCount\":242,\"publisher\":{\"@id\":\"https:\\\/\\\/fmgente.com.ar\\\/web\\\/#organization\"},\"image\":{\"@id\":\"https:\\\/\\\/fmgente.com.ar\\\/web\\\/cambios-en-el-estacionamiento-medido-de-jesus-maria-nuevos-horarios-de-cobro\\\/#primaryimage\"},\"thumbnailUrl\":\"https:\\\/\\\/fmgente.com.ar\\\/web\\\/wp-content\\\/uploads\\\/2026\\\/04\\\/n2-7.jpeg\",\"keywords\":[\"agro\",\"cadena norte\",\"campo\",\"Carlos Ciprian\",\"Ciprian\",\"COE\",\"Colonia Caroya\",\"comuna\",\"cooperativa\",\"C\u00f3rdoba\",\"covid 19\",\"Dean Funes\",\"deportes\",\"doctor\",\"Federico Z\u00e1rate\",\"fpa\",\"Gustavo Brand\u00e1n\",\"hospital\",\"Jes\u00fas Mar\u00eda\",\"La Dormida\",\"las pe\u00f1as\",\"m\u00e9dico\",\"Municipalidad\",\"news\",\"Norte\",\"noticias\",\"Nuevo D\u00eda\",\"Paola Nanini\",\"policiales\",\"Quilino\",\"radio fm\",\"Rio Seco\",\"Sinsacate\",\"Sociedad Rural\",\"srjm\",\"\u00faltimo momento\",\"urgente\",\"Villa del Totoral\"],\"articleSection\":[\"PRINCIPALES\"],\"inLanguage\":\"es\"},{\"@type\":\"WebPage\",\"@id\":\"https:\\\/\\\/fmgente.com.ar\\\/web\\\/cambios-en-el-estacionamiento-medido-de-jesus-maria-nuevos-horarios-de-cobro\\\/\",\"url\":\"https:\\\/\\\/fmgente.com.ar\\\/web\\\/cambios-en-el-estacionamiento-medido-de-jesus-maria-nuevos-horarios-de-cobro\\\/\",\"name\":\"Cambios en el estacionamiento medido de Jes\u00fas Mar\u00eda: nuevos horarios de cobro - Fm Gente\",\"isPartOf\":{\"@id\":\"https:\\\/\\\/fmgente.com.ar\\\/web\\\/#website\"},\"primaryImageOfPage\":{\"@id\":\"https:\\\/\\\/fmgente.com.ar\\\/web\\\/cambios-en-el-estacionamiento-medido-de-jesus-maria-nuevos-horarios-de-cobro\\\/#primaryimage\"},\"image\":{\"@id\":\"https:\\\/\\\/fmgente.com.ar\\\/web\\\/cambios-en-el-estacionamiento-medido-de-jesus-maria-nuevos-horarios-de-cobro\\\/#primaryimage\"},\"thumbnailUrl\":\"https:\\\/\\\/fmgente.com.ar\\\/web\\\/wp-content\\\/uploads\\\/2026\\\/04\\\/n2-7.jpeg\",\"datePublished\":\"2026-04-29T11:46:56+00:00\",\"inLanguage\":\"es\",\"potentialAction\":[{\"@type\":\"ReadAction\",\"target\":[\"https:\\\/\\\/fmgente.com.ar\\\/web\\\/cambios-en-el-estacionamiento-medido-de-jesus-maria-nuevos-horarios-de-cobro\\\/\"]}]},{\"@type\":\"ImageObject\",\"inLanguage\":\"es\",\"@id\":\"https:\\\/\\\/fmgente.com.ar\\\/web\\\/cambios-en-el-estacionamiento-medido-de-jesus-maria-nuevos-horarios-de-cobro\\\/#primaryimage\",\"url\":\"https:\\\/\\\/fmgente.com.ar\\\/web\\\/wp-content\\\/uploads\\\/2026\\\/04\\\/n2-7.jpeg\",\"contentUrl\":\"https:\\\/\\\/fmgente.com.ar\\\/web\\\/wp-content\\\/uploads\\\/2026\\\/04\\\/n2-7.jpeg\",\"width\":782,\"height\":1390},{\"@type\":\"WebSite\",\"@id\":\"https:\\\/\\\/fmgente.com.ar\\\/web\\\/#website\",\"url\":\"https:\\\/\\\/fmgente.com.ar\\\/web\\\/\",\"name\":\"Fm Gente\",\"description\":\"- Jes\u00fas Mar\u00eda\",\"publisher\":{\"@id\":\"https:\\\/\\\/fmgente.com.ar\\\/web\\\/#organization\"},\"potentialAction\":[{\"@type\":\"SearchAction\",\"target\":{\"@type\":\"EntryPoint\",\"urlTemplate\":\"https:\\\/\\\/fmgente.com.ar\\\/web\\\/?s={search_term_string}\"},\"query-input\":{\"@type\":\"PropertyValueSpecification\",\"valueRequired\":true,\"valueName\":\"search_term_string\"}}],\"inLanguage\":\"es\"},{\"@type\":\"Organization\",\"@id\":\"https:\\\/\\\/fmgente.com.ar\\\/web\\\/#organization\",\"name\":\"Fm Gente\",\"url\":\"https:\\\/\\\/fmgente.com.ar\\\/web\\\/\",\"logo\":{\"@type\":\"ImageObject\",\"inLanguage\":\"es\",\"@id\":\"https:\\\/\\\/fmgente.com.ar\\\/web\\\/#\\\/schema\\\/logo\\\/image\\\/\",\"url\":\"https:\\\/\\\/fmgente.com.ar\\\/web\\\/wp-content\\\/uploads\\\/2023\\\/07\\\/cropped-cropped-logo-sombra2.png\",\"contentUrl\":\"https:\\\/\\\/fmgente.com.ar\\\/web\\\/wp-content\\\/uploads\\\/2023\\\/07\\\/cropped-cropped-logo-sombra2.png\",\"width\":1782,\"height\":1782,\"caption\":\"Fm Gente\"},\"image\":{\"@id\":\"https:\\\/\\\/fmgente.com.ar\\\/web\\\/#\\\/schema\\\/logo\\\/image\\\/\"}},{\"@type\":\"Person\",\"@id\":\"https:\\\/\\\/fmgente.com.ar\\\/web\\\/#\\\/schema\\\/person\\\/ba03fa75c17effdaafbd6daa1d78c508\",\"name\":\"Adri\u00e1n Hern\u00e1ndez\",\"url\":\"https:\\\/\\\/fmgente.com.ar\\\/web\\\/author\\\/c1601891\\\/\"}]}<\/script>\n<!-- \/ Yoast SEO plugin. -->","yoast_head_json":{"title":"Cambios en el estacionamiento medido de Jes\u00fas Mar\u00eda: nuevos horarios de cobro - Fm Gente","robots":{"index":"index","follow":"follow","max-snippet":"max-snippet:-1","max-image-preview":"max-image-preview:large","max-video-preview":"max-video-preview:-1"},"canonical":"https:\/\/fmgente.com.ar\/web\/cambios-en-el-estacionamiento-medido-de-jesus-maria-nuevos-horarios-de-cobro\/","og_locale":"es_ES","og_type":"article","og_title":"Cambios en el estacionamiento medido de Jes\u00fas Mar\u00eda: nuevos horarios de cobro - Fm Gente","og_description":"La Municipalidad de Jes\u00fas Mar\u00eda informa que, durante los pr\u00f3ximos seis meses, el Sistema de","og_url":"https:\/\/fmgente.com.ar\/web\/cambios-en-el-estacionamiento-medido-de-jesus-maria-nuevos-horarios-de-cobro\/","og_site_name":"Fm Gente","article_published_time":"2026-04-29T11:46:56+00:00","og_image":[{"width":782,"height":1390,"url":"https:\/\/fmgente.com.ar\/web\/wp-content\/uploads\/2026\/04\/n2-7.jpeg","type":"image\/jpeg"}],"author":"Adri\u00e1n Hern\u00e1ndez","twitter_card":"summary_large_image","twitter_misc":{"Escrito por":"Adri\u00e1n Hern\u00e1ndez","Tiempo de lectura":"2 minutos"},"schema":{"@context":"https:\/\/schema.org","@graph":[{"@type":"Article","@id":"https:\/\/fmgente.com.ar\/web\/cambios-en-el-estacionamiento-medido-de-jesus-maria-nuevos-horarios-de-cobro\/#article","isPartOf":{"@id":"https:\/\/fmgente.com.ar\/web\/cambios-en-el-estacionamiento-medido-de-jesus-maria-nuevos-horarios-de-cobro\/"},"author":{"name":"Adri\u00e1n Hern\u00e1ndez","@id":"https:\/\/fmgente.com.ar\/web\/#\/schema\/person\/ba03fa75c17effdaafbd6daa1d78c508"},"headline":"Cambios en el estacionamiento medido de Jes\u00fas Mar\u00eda: nuevos horarios de cobro","datePublished":"2026-04-29T11:46:56+00:00","mainEntityOfPage":{"@id":"https:\/\/fmgente.com.ar\/web\/cambios-en-el-estacionamiento-medido-de-jesus-maria-nuevos-horarios-de-cobro\/"},"wordCount":242,"publisher":{"@id":"https:\/\/fmgente.com.ar\/web\/#organization"},"image":{"@id":"https:\/\/fmgente.com.ar\/web\/cambios-en-el-estacionamiento-medido-de-jesus-maria-nuevos-horarios-de-cobro\/#primaryimage"},"thumbnailUrl":"https:\/\/fmgente.com.ar\/web\/wp-content\/uploads\/2026\/04\/n2-7.jpeg","keywords":["agro","cadena norte","campo","Carlos Ciprian","Ciprian","COE","Colonia Caroya","comuna","cooperativa","C\u00f3rdoba","covid 19","Dean Funes","deportes","doctor","Federico Z\u00e1rate","fpa","Gustavo Brand\u00e1n","hospital","Jes\u00fas Mar\u00eda","La Dormida","las pe\u00f1as","m\u00e9dico","Municipalidad","news","Norte","noticias","Nuevo D\u00eda","Paola Nanini","policiales","Quilino","radio fm","Rio Seco","Sinsacate","Sociedad Rural","srjm","\u00faltimo momento","urgente","Villa del Totoral"],"articleSection":["PRINCIPALES"],"inLanguage":"es"},{"@type":"WebPage","@id":"https:\/\/fmgente.com.ar\/web\/cambios-en-el-estacionamiento-medido-de-jesus-maria-nuevos-horarios-de-cobro\/","url":"https:\/\/fmgente.com.ar\/web\/cambios-en-el-estacionamiento-medido-de-jesus-maria-nuevos-horarios-de-cobro\/","name":"Cambios en el estacionamiento medido de Jes\u00fas Mar\u00eda: nuevos horarios de cobro - Fm Gente","isPartOf":{"@id":"https:\/\/fmgente.com.ar\/web\/#website"},"primaryImageOfPage":{"@id":"https:\/\/fmgente.com.ar\/web\/cambios-en-el-estacionamiento-medido-de-jesus-maria-nuevos-horarios-de-cobro\/#primaryimage"},"image":{"@id":"https:\/\/fmgente.com.ar\/web\/cambios-en-el-estacionamiento-medido-de-jesus-maria-nuevos-horarios-de-cobro\/#primaryimage"},"thumbnailUrl":"https:\/\/fmgente.com.ar\/web\/wp-content\/uploads\/2026\/04\/n2-7.jpeg","datePublished":"2026-04-29T11:46:56+00:00","inLanguage":"es","potentialAction":[{"@type":"ReadAction","target":["https:\/\/fmgente.com.ar\/web\/cambios-en-el-estacionamiento-medido-de-jesus-maria-nuevos-horarios-de-cobro\/"]}]},{"@type":"ImageObject","inLanguage":"es","@id":"https:\/\/fmgente.com.ar\/web\/cambios-en-el-estacionamiento-medido-de-jesus-maria-nuevos-horarios-de-cobro\/#primaryimage","url":"https:\/\/fmgente.com.ar\/web\/wp-content\/uploads\/2026\/04\/n2-7.jpeg","contentUrl":"https:\/\/fmgente.com.ar\/web\/wp-content\/uploads\/2026\/04\/n2-7.jpeg","width":782,"height":1390},{"@type":"WebSite","@id":"https:\/\/fmgente.com.ar\/web\/#website","url":"https:\/\/fmgente.com.ar\/web\/","name":"Fm Gente","description":"- Jes\u00fas Mar\u00eda","publisher":{"@id":"https:\/\/fmgente.com.ar\/web\/#organization"},"potentialAction":[{"@type":"SearchAction","target":{"@type":"EntryPoint","urlTemplate":"https:\/\/fmgente.com.ar\/web\/?s={search_term_string}"},"query-input":{"@type":"PropertyValueSpecification","valueRequired":true,"valueName":"search_term_string"}}],"inLanguage":"es"},{"@type":"Organization","@id":"https:\/\/fmgente.com.ar\/web\/#organization","name":"Fm Gente","url":"https:\/\/fmgente.com.ar\/web\/","logo":{"@type":"ImageObject","inLanguage":"es","@id":"https:\/\/fmgente.com.ar\/web\/#\/schema\/logo\/image\/","url":"https:\/\/fmgente.com.ar\/web\/wp-content\/uploads\/2023\/07\/cropped-cropped-logo-sombra2.png","contentUrl":"https:\/\/fmgente.com.ar\/web\/wp-content\/uploads\/2023\/07\/cropped-cropped-logo-sombra2.png","width":1782,"height":1782,"caption":"Fm Gente"},"image":{"@id":"https:\/\/fmgente.com.ar\/web\/#\/schema\/logo\/image\/"}},{"@type":"Person","@id":"https:\/\/fmgente.com.ar\/web\/#\/schema\/person\/ba03fa75c17effdaafbd6daa1d78c508","name":"Adri\u00e1n Hern\u00e1ndez","url":"https:\/\/fmgente.com.ar\/web\/author\/c1601891\/"}]}},"_links":{"self":[{"href":"https:\/\/fmgente.com.ar\/web\/wp-json\/wp\/v2\/posts\/21090","targetHints":{"allow":["GET"]}}],"collection":[{"href":"https:\/\/fmgente.com.ar\/web\/wp-json\/wp\/v2\/posts"}],"about":[{"href":"https:\/\/fmgente.com.ar\/web\/wp-json\/wp\/v2\/types\/post"}],"author":[{"embeddable":true,"href":"https:\/\/fmgente.com.ar\/web\/wp-json\/wp\/v2\/users\/2"}],"replies":[{"embeddable":true,"href":"https:\/\/fmgente.com.ar\/web\/wp-json\/wp\/v2\/comments?post=21090"}],"version-history":[{"count":1,"href":"https:\/\/fmgente.com.ar\/web\/wp-json\/wp\/v2\/posts\/21090\/revisions"}],"predecessor-version":[{"id":21092,"href":"https:\/\/fmgente.com.ar\/web\/wp-json\/wp\/v2\/posts\/21090\/revisions\/21092"}],"wp:featuredmedia":[{"embeddable":true,"href":"https:\/\/fmgente.com.ar\/web\/wp-json\/wp\/v2\/media\/21091"}],"wp:attachment":[{"href":"https:\/\/fmgente.com.ar\/web\/wp-json\/wp\/v2\/media?parent=21090"}],"wp:term":[{"taxonomy":"category","embeddable":true,"href":"https:\/\/fmgente.com.ar\/web\/wp-json\/wp\/v2\/categories?post=21090"},{"taxonomy":"post_tag","embeddable":true,"href":"https:\/\/fmgente.com.ar\/web\/wp-json\/wp\/v2\/tags?post=21090"}],"curies":[{"name":"wp","href":"https:\/\/api.w.org\/{rel}","templated":true}]}}