{"id":21084,"date":"2026-04-29T08:43:59","date_gmt":"2026-04-29T11:43:59","guid":{"rendered":"https:\/\/fmgente.com.ar\/web\/?p=21084"},"modified":"2026-04-29T08:43:59","modified_gmt":"2026-04-29T11:43:59","slug":"jesus-maria-mas-de-500-viviendas-monitoreadas-en-operativo-preventivo-contra-el-dengue","status":"publish","type":"post","link":"https:\/\/fmgente.com.ar\/web\/jesus-maria-mas-de-500-viviendas-monitoreadas-en-operativo-preventivo-contra-el-dengue\/","title":{"rendered":"Jes\u00fas Mar\u00eda: m\u00e1s de 500 viviendas monitoreadas en operativo preventivo contra el dengue"},"content":{"rendered":"<p>La Municipalidad de Jes\u00fas Mar\u00eda informa que se realizaron monitoreos larvarios de Aedes aegypti en distintos sectores de la ciudad, alcanzando m\u00e1s de 500 viviendas inspeccionadas en el marco de un operativo conjunto con el Departamento de Zoonosis de la Provincia.<\/p>\n<p>Los trabajos se desarrollaron en la zona program\u00e1tica La Florida, que incluye barrios La Florida, Florida Norte, Santa Elena, Vicente Ag\u00fcero y Agua Mansa, adem\u00e1s de la zona program\u00e1tica Latinoam\u00e9rica y barrio Sierras y Parques. Seg\u00fan los resultados obtenidos, se previ\u00f3 la posibilidad de ampliar los controles a sectores colindantes.<\/p>\n<p>En este marco, promotores del Ministerio de Salud y de la Municipalidad, llevaron adelante visitas casa por casa, solicitando el ingreso a las viviendas para detectar posibles criaderos de mosquitos y tomar muestras de larvas, que posteriormente ser\u00e1n analizadas en el laboratorio de entomolog\u00eda de la Divisi\u00f3n de Manejo Integrado de Vectores.<\/p>\n<p>El monitoreo larvario de Aedes aegypti es una estrategia de vigilancia que permite identificar la presencia del mosquito en su etapa inicial, eliminar criaderos y anticipar acciones de control, previniendo enfermedades como Dengue, Zika y Chikungunya.<\/p>\n<p>Desde el municipio se recuerda la importancia de la colaboraci\u00f3n de los vecinos en la eliminaci\u00f3n de recipientes con agua estancada, una medida clave para reducir riesgos y cuidar la salud de toda la comunidad.<\/p>\n<p><img loading=\"lazy\" decoding=\"async\" class=\"alignnone size-full wp-image-21085\" src=\"https:\/\/fmgente.com.ar\/web\/wp-content\/uploads\/2026\/04\/WhatsApp-Image-2026-04-28-at-11.48.10.jpeg\" alt=\"\" width=\"1102\" height=\"1600\" srcset=\"https:\/\/fmgente.com.ar\/web\/wp-content\/uploads\/2026\/04\/WhatsApp-Image-2026-04-28-at-11.48.10.jpeg 1102w, https:\/\/fmgente.com.ar\/web\/wp-content\/uploads\/2026\/04\/WhatsApp-Image-2026-04-28-at-11.48.10-207x300.jpeg 207w, https:\/\/fmgente.com.ar\/web\/wp-content\/uploads\/2026\/04\/WhatsApp-Image-2026-04-28-at-11.48.10-768x1115.jpeg 768w, https:\/\/fmgente.com.ar\/web\/wp-content\/uploads\/2026\/04\/WhatsApp-Image-2026-04-28-at-11.48.10-1058x1536.jpeg 1058w\" sizes=\"auto, (max-width: 1102px) 100vw, 1102px\" \/> <img loading=\"lazy\" decoding=\"async\" class=\"alignnone size-full wp-image-21086\" src=\"https:\/\/fmgente.com.ar\/web\/wp-content\/uploads\/2026\/04\/WhatsApp-Image-2026-04-28-at-11.48.11-1.jpeg\" alt=\"\" width=\"1428\" height=\"1071\" srcset=\"https:\/\/fmgente.com.ar\/web\/wp-content\/uploads\/2026\/04\/WhatsApp-Image-2026-04-28-at-11.48.11-1.jpeg 1428w, https:\/\/fmgente.com.ar\/web\/wp-content\/uploads\/2026\/04\/WhatsApp-Image-2026-04-28-at-11.48.11-1-300x225.jpeg 300w, https:\/\/fmgente.com.ar\/web\/wp-content\/uploads\/2026\/04\/WhatsApp-Image-2026-04-28-at-11.48.11-1-768x576.jpeg 768w\" sizes=\"auto, (max-width: 1428px) 100vw, 1428px\" \/> <img loading=\"lazy\" decoding=\"async\" class=\"alignnone size-full wp-image-21087\" src=\"https:\/\/fmgente.com.ar\/web\/wp-content\/uploads\/2026\/04\/WhatsApp-Image-2026-04-28-at-11.48.11-2.jpeg\" alt=\"\" width=\"1320\" height=\"1151\" srcset=\"https:\/\/fmgente.com.ar\/web\/wp-content\/uploads\/2026\/04\/WhatsApp-Image-2026-04-28-at-11.48.11-2.jpeg 1320w, https:\/\/fmgente.com.ar\/web\/wp-content\/uploads\/2026\/04\/WhatsApp-Image-2026-04-28-at-11.48.11-2-300x262.jpeg 300w, https:\/\/fmgente.com.ar\/web\/wp-content\/uploads\/2026\/04\/WhatsApp-Image-2026-04-28-at-11.48.11-2-768x670.jpeg 768w\" sizes=\"auto, (max-width: 1320px) 100vw, 1320px\" \/> <img loading=\"lazy\" decoding=\"async\" class=\"alignnone size-full wp-image-21088\" src=\"https:\/\/fmgente.com.ar\/web\/wp-content\/uploads\/2026\/04\/WhatsApp-Image-2026-04-28-at-11.48.11.jpeg\" alt=\"\" width=\"1600\" height=\"1200\" srcset=\"https:\/\/fmgente.com.ar\/web\/wp-content\/uploads\/2026\/04\/WhatsApp-Image-2026-04-28-at-11.48.11.jpeg 1600w, https:\/\/fmgente.com.ar\/web\/wp-content\/uploads\/2026\/04\/WhatsApp-Image-2026-04-28-at-11.48.11-300x225.jpeg 300w, https:\/\/fmgente.com.ar\/web\/wp-content\/uploads\/2026\/04\/WhatsApp-Image-2026-04-28-at-11.48.11-768x576.jpeg 768w, https:\/\/fmgente.com.ar\/web\/wp-content\/uploads\/2026\/04\/WhatsApp-Image-2026-04-28-at-11.48.11-1536x1152.jpeg 1536w\" sizes=\"auto, (max-width: 1600px) 100vw, 1600px\" \/><\/p>\n","protected":false},"excerpt":{"rendered":"<p>La Municipalidad de Jes\u00fas Mar\u00eda informa que se realizaron monitoreos larvarios de Aedes aegypti en<\/p>\n","protected":false},"author":2,"featured_media":21088,"comment_status":"closed","ping_status":"closed","sticky":false,"template":"","format":"standard","meta":{"footnotes":""},"categories":[40],"tags":[573,1745,290,1750,1748,1753,303,1758,1621,23,1630,644,216,1757,897,249,1751,265,92,1760,1718,1756,793,1747,1746,1671,1749,1752,1697,1761,1744,1759,791,1683,782,1754,1755,1255],"class_list":["post-21084","post","type-post","status-publish","format-standard","has-post-thumbnail","hentry","category-principales","tag-agro","tag-cadena-norte","tag-campo","tag-carlos-ciprian","tag-ciprian","tag-coe","tag-colonia-caroya","tag-comuna","tag-cooperativa","tag-cordoba","tag-covid-19","tag-dean-funes","tag-deportes","tag-doctor","tag-federico-zarate","tag-fpa","tag-gustavo-brandan","tag-hospital","tag-jesus-maria","tag-la-dormida","tag-las-penas","tag-medico","tag-municipalidad","tag-news","tag-norte","tag-noticias","tag-nuevo-dia","tag-paola-nanini","tag-policiales","tag-quilino","tag-radio-fm","tag-rio-seco","tag-sinsacate","tag-sociedad-rural","tag-srjm","tag-ultimo-momento","tag-urgente","tag-villa-del-totoral"],"yoast_head":"<!-- This site is optimized with the Yoast SEO plugin v27.4 - https:\/\/yoast.com\/product\/yoast-seo-wordpress\/ -->\n<title>Jes\u00fas Mar\u00eda: m\u00e1s de 500 viviendas monitoreadas en operativo preventivo contra el dengue - Fm Gente<\/title>\n<meta name=\"robots\" content=\"index, follow, max-snippet:-1, max-image-preview:large, max-video-preview:-1\" \/>\n<link rel=\"canonical\" href=\"https:\/\/fmgente.com.ar\/web\/jesus-maria-mas-de-500-viviendas-monitoreadas-en-operativo-preventivo-contra-el-dengue\/\" \/>\n<meta property=\"og:locale\" content=\"es_ES\" \/>\n<meta property=\"og:type\" content=\"article\" \/>\n<meta property=\"og:title\" content=\"Jes\u00fas Mar\u00eda: m\u00e1s de 500 viviendas monitoreadas en operativo preventivo contra el dengue - Fm Gente\" \/>\n<meta property=\"og:description\" content=\"La Municipalidad de Jes\u00fas Mar\u00eda informa que se realizaron monitoreos larvarios de Aedes aegypti en\" \/>\n<meta property=\"og:url\" content=\"https:\/\/fmgente.com.ar\/web\/jesus-maria-mas-de-500-viviendas-monitoreadas-en-operativo-preventivo-contra-el-dengue\/\" \/>\n<meta property=\"og:site_name\" content=\"Fm Gente\" \/>\n<meta property=\"article:published_time\" content=\"2026-04-29T11:43:59+00:00\" \/>\n<meta property=\"og:image\" content=\"https:\/\/fmgente.com.ar\/web\/wp-content\/uploads\/2026\/04\/WhatsApp-Image-2026-04-28-at-11.48.11.jpeg\" \/>\n\t<meta property=\"og:image:width\" content=\"1600\" \/>\n\t<meta property=\"og:image:height\" content=\"1200\" \/>\n\t<meta property=\"og:image:type\" content=\"image\/jpeg\" \/>\n<meta name=\"author\" content=\"Adri\u00e1n Hern\u00e1ndez\" \/>\n<meta name=\"twitter:card\" content=\"summary_large_image\" \/>\n<meta name=\"twitter:label1\" content=\"Escrito por\" \/>\n\t<meta name=\"twitter:data1\" content=\"Adri\u00e1n Hern\u00e1ndez\" \/>\n\t<meta name=\"twitter:label2\" content=\"Tiempo de lectura\" \/>\n\t<meta name=\"twitter:data2\" content=\"2 minutos\" \/>\n<script type=\"application\/ld+json\" class=\"yoast-schema-graph\">{\"@context\":\"https:\\\/\\\/schema.org\",\"@graph\":[{\"@type\":\"Article\",\"@id\":\"https:\\\/\\\/fmgente.com.ar\\\/web\\\/jesus-maria-mas-de-500-viviendas-monitoreadas-en-operativo-preventivo-contra-el-dengue\\\/#article\",\"isPartOf\":{\"@id\":\"https:\\\/\\\/fmgente.com.ar\\\/web\\\/jesus-maria-mas-de-500-viviendas-monitoreadas-en-operativo-preventivo-contra-el-dengue\\\/\"},\"author\":{\"name\":\"Adri\u00e1n Hern\u00e1ndez\",\"@id\":\"https:\\\/\\\/fmgente.com.ar\\\/web\\\/#\\\/schema\\\/person\\\/ba03fa75c17effdaafbd6daa1d78c508\"},\"headline\":\"Jes\u00fas Mar\u00eda: m\u00e1s de 500 viviendas monitoreadas en operativo preventivo contra el dengue\",\"datePublished\":\"2026-04-29T11:43:59+00:00\",\"mainEntityOfPage\":{\"@id\":\"https:\\\/\\\/fmgente.com.ar\\\/web\\\/jesus-maria-mas-de-500-viviendas-monitoreadas-en-operativo-preventivo-contra-el-dengue\\\/\"},\"wordCount\":242,\"publisher\":{\"@id\":\"https:\\\/\\\/fmgente.com.ar\\\/web\\\/#organization\"},\"image\":{\"@id\":\"https:\\\/\\\/fmgente.com.ar\\\/web\\\/jesus-maria-mas-de-500-viviendas-monitoreadas-en-operativo-preventivo-contra-el-dengue\\\/#primaryimage\"},\"thumbnailUrl\":\"https:\\\/\\\/fmgente.com.ar\\\/web\\\/wp-content\\\/uploads\\\/2026\\\/04\\\/WhatsApp-Image-2026-04-28-at-11.48.11.jpeg\",\"keywords\":[\"agro\",\"cadena norte\",\"campo\",\"Carlos Ciprian\",\"Ciprian\",\"COE\",\"Colonia Caroya\",\"comuna\",\"cooperativa\",\"C\u00f3rdoba\",\"covid 19\",\"Dean Funes\",\"deportes\",\"doctor\",\"Federico Z\u00e1rate\",\"fpa\",\"Gustavo Brand\u00e1n\",\"hospital\",\"Jes\u00fas Mar\u00eda\",\"La Dormida\",\"las pe\u00f1as\",\"m\u00e9dico\",\"Municipalidad\",\"news\",\"Norte\",\"noticias\",\"Nuevo D\u00eda\",\"Paola Nanini\",\"policiales\",\"Quilino\",\"radio fm\",\"Rio Seco\",\"Sinsacate\",\"Sociedad Rural\",\"srjm\",\"\u00faltimo momento\",\"urgente\",\"Villa del Totoral\"],\"articleSection\":[\"PRINCIPALES\"],\"inLanguage\":\"es\"},{\"@type\":\"WebPage\",\"@id\":\"https:\\\/\\\/fmgente.com.ar\\\/web\\\/jesus-maria-mas-de-500-viviendas-monitoreadas-en-operativo-preventivo-contra-el-dengue\\\/\",\"url\":\"https:\\\/\\\/fmgente.com.ar\\\/web\\\/jesus-maria-mas-de-500-viviendas-monitoreadas-en-operativo-preventivo-contra-el-dengue\\\/\",\"name\":\"Jes\u00fas Mar\u00eda: m\u00e1s de 500 viviendas monitoreadas en operativo preventivo contra el dengue - Fm Gente\",\"isPartOf\":{\"@id\":\"https:\\\/\\\/fmgente.com.ar\\\/web\\\/#website\"},\"primaryImageOfPage\":{\"@id\":\"https:\\\/\\\/fmgente.com.ar\\\/web\\\/jesus-maria-mas-de-500-viviendas-monitoreadas-en-operativo-preventivo-contra-el-dengue\\\/#primaryimage\"},\"image\":{\"@id\":\"https:\\\/\\\/fmgente.com.ar\\\/web\\\/jesus-maria-mas-de-500-viviendas-monitoreadas-en-operativo-preventivo-contra-el-dengue\\\/#primaryimage\"},\"thumbnailUrl\":\"https:\\\/\\\/fmgente.com.ar\\\/web\\\/wp-content\\\/uploads\\\/2026\\\/04\\\/WhatsApp-Image-2026-04-28-at-11.48.11.jpeg\",\"datePublished\":\"2026-04-29T11:43:59+00:00\",\"inLanguage\":\"es\",\"potentialAction\":[{\"@type\":\"ReadAction\",\"target\":[\"https:\\\/\\\/fmgente.com.ar\\\/web\\\/jesus-maria-mas-de-500-viviendas-monitoreadas-en-operativo-preventivo-contra-el-dengue\\\/\"]}]},{\"@type\":\"ImageObject\",\"inLanguage\":\"es\",\"@id\":\"https:\\\/\\\/fmgente.com.ar\\\/web\\\/jesus-maria-mas-de-500-viviendas-monitoreadas-en-operativo-preventivo-contra-el-dengue\\\/#primaryimage\",\"url\":\"https:\\\/\\\/fmgente.com.ar\\\/web\\\/wp-content\\\/uploads\\\/2026\\\/04\\\/WhatsApp-Image-2026-04-28-at-11.48.11.jpeg\",\"contentUrl\":\"https:\\\/\\\/fmgente.com.ar\\\/web\\\/wp-content\\\/uploads\\\/2026\\\/04\\\/WhatsApp-Image-2026-04-28-at-11.48.11.jpeg\",\"width\":1600,\"height\":1200},{\"@type\":\"WebSite\",\"@id\":\"https:\\\/\\\/fmgente.com.ar\\\/web\\\/#website\",\"url\":\"https:\\\/\\\/fmgente.com.ar\\\/web\\\/\",\"name\":\"Fm Gente\",\"description\":\"- Jes\u00fas Mar\u00eda\",\"publisher\":{\"@id\":\"https:\\\/\\\/fmgente.com.ar\\\/web\\\/#organization\"},\"potentialAction\":[{\"@type\":\"SearchAction\",\"target\":{\"@type\":\"EntryPoint\",\"urlTemplate\":\"https:\\\/\\\/fmgente.com.ar\\\/web\\\/?s={search_term_string}\"},\"query-input\":{\"@type\":\"PropertyValueSpecification\",\"valueRequired\":true,\"valueName\":\"search_term_string\"}}],\"inLanguage\":\"es\"},{\"@type\":\"Organization\",\"@id\":\"https:\\\/\\\/fmgente.com.ar\\\/web\\\/#organization\",\"name\":\"Fm Gente\",\"url\":\"https:\\\/\\\/fmgente.com.ar\\\/web\\\/\",\"logo\":{\"@type\":\"ImageObject\",\"inLanguage\":\"es\",\"@id\":\"https:\\\/\\\/fmgente.com.ar\\\/web\\\/#\\\/schema\\\/logo\\\/image\\\/\",\"url\":\"https:\\\/\\\/fmgente.com.ar\\\/web\\\/wp-content\\\/uploads\\\/2023\\\/07\\\/cropped-cropped-logo-sombra2.png\",\"contentUrl\":\"https:\\\/\\\/fmgente.com.ar\\\/web\\\/wp-content\\\/uploads\\\/2023\\\/07\\\/cropped-cropped-logo-sombra2.png\",\"width\":1782,\"height\":1782,\"caption\":\"Fm Gente\"},\"image\":{\"@id\":\"https:\\\/\\\/fmgente.com.ar\\\/web\\\/#\\\/schema\\\/logo\\\/image\\\/\"}},{\"@type\":\"Person\",\"@id\":\"https:\\\/\\\/fmgente.com.ar\\\/web\\\/#\\\/schema\\\/person\\\/ba03fa75c17effdaafbd6daa1d78c508\",\"name\":\"Adri\u00e1n Hern\u00e1ndez\",\"url\":\"https:\\\/\\\/fmgente.com.ar\\\/web\\\/author\\\/c1601891\\\/\"}]}<\/script>\n<!-- \/ Yoast SEO plugin. -->","yoast_head_json":{"title":"Jes\u00fas Mar\u00eda: m\u00e1s de 500 viviendas monitoreadas en operativo preventivo contra el dengue - Fm Gente","robots":{"index":"index","follow":"follow","max-snippet":"max-snippet:-1","max-image-preview":"max-image-preview:large","max-video-preview":"max-video-preview:-1"},"canonical":"https:\/\/fmgente.com.ar\/web\/jesus-maria-mas-de-500-viviendas-monitoreadas-en-operativo-preventivo-contra-el-dengue\/","og_locale":"es_ES","og_type":"article","og_title":"Jes\u00fas Mar\u00eda: m\u00e1s de 500 viviendas monitoreadas en operativo preventivo contra el dengue - Fm Gente","og_description":"La Municipalidad de Jes\u00fas Mar\u00eda informa que se realizaron monitoreos larvarios de Aedes aegypti en","og_url":"https:\/\/fmgente.com.ar\/web\/jesus-maria-mas-de-500-viviendas-monitoreadas-en-operativo-preventivo-contra-el-dengue\/","og_site_name":"Fm Gente","article_published_time":"2026-04-29T11:43:59+00:00","og_image":[{"width":1600,"height":1200,"url":"https:\/\/fmgente.com.ar\/web\/wp-content\/uploads\/2026\/04\/WhatsApp-Image-2026-04-28-at-11.48.11.jpeg","type":"image\/jpeg"}],"author":"Adri\u00e1n Hern\u00e1ndez","twitter_card":"summary_large_image","twitter_misc":{"Escrito por":"Adri\u00e1n Hern\u00e1ndez","Tiempo de lectura":"2 minutos"},"schema":{"@context":"https:\/\/schema.org","@graph":[{"@type":"Article","@id":"https:\/\/fmgente.com.ar\/web\/jesus-maria-mas-de-500-viviendas-monitoreadas-en-operativo-preventivo-contra-el-dengue\/#article","isPartOf":{"@id":"https:\/\/fmgente.com.ar\/web\/jesus-maria-mas-de-500-viviendas-monitoreadas-en-operativo-preventivo-contra-el-dengue\/"},"author":{"name":"Adri\u00e1n Hern\u00e1ndez","@id":"https:\/\/fmgente.com.ar\/web\/#\/schema\/person\/ba03fa75c17effdaafbd6daa1d78c508"},"headline":"Jes\u00fas Mar\u00eda: m\u00e1s de 500 viviendas monitoreadas en operativo preventivo contra el dengue","datePublished":"2026-04-29T11:43:59+00:00","mainEntityOfPage":{"@id":"https:\/\/fmgente.com.ar\/web\/jesus-maria-mas-de-500-viviendas-monitoreadas-en-operativo-preventivo-contra-el-dengue\/"},"wordCount":242,"publisher":{"@id":"https:\/\/fmgente.com.ar\/web\/#organization"},"image":{"@id":"https:\/\/fmgente.com.ar\/web\/jesus-maria-mas-de-500-viviendas-monitoreadas-en-operativo-preventivo-contra-el-dengue\/#primaryimage"},"thumbnailUrl":"https:\/\/fmgente.com.ar\/web\/wp-content\/uploads\/2026\/04\/WhatsApp-Image-2026-04-28-at-11.48.11.jpeg","keywords":["agro","cadena norte","campo","Carlos Ciprian","Ciprian","COE","Colonia Caroya","comuna","cooperativa","C\u00f3rdoba","covid 19","Dean Funes","deportes","doctor","Federico Z\u00e1rate","fpa","Gustavo Brand\u00e1n","hospital","Jes\u00fas Mar\u00eda","La Dormida","las pe\u00f1as","m\u00e9dico","Municipalidad","news","Norte","noticias","Nuevo D\u00eda","Paola Nanini","policiales","Quilino","radio fm","Rio Seco","Sinsacate","Sociedad Rural","srjm","\u00faltimo momento","urgente","Villa del Totoral"],"articleSection":["PRINCIPALES"],"inLanguage":"es"},{"@type":"WebPage","@id":"https:\/\/fmgente.com.ar\/web\/jesus-maria-mas-de-500-viviendas-monitoreadas-en-operativo-preventivo-contra-el-dengue\/","url":"https:\/\/fmgente.com.ar\/web\/jesus-maria-mas-de-500-viviendas-monitoreadas-en-operativo-preventivo-contra-el-dengue\/","name":"Jes\u00fas Mar\u00eda: m\u00e1s de 500 viviendas monitoreadas en operativo preventivo contra el dengue - Fm Gente","isPartOf":{"@id":"https:\/\/fmgente.com.ar\/web\/#website"},"primaryImageOfPage":{"@id":"https:\/\/fmgente.com.ar\/web\/jesus-maria-mas-de-500-viviendas-monitoreadas-en-operativo-preventivo-contra-el-dengue\/#primaryimage"},"image":{"@id":"https:\/\/fmgente.com.ar\/web\/jesus-maria-mas-de-500-viviendas-monitoreadas-en-operativo-preventivo-contra-el-dengue\/#primaryimage"},"thumbnailUrl":"https:\/\/fmgente.com.ar\/web\/wp-content\/uploads\/2026\/04\/WhatsApp-Image-2026-04-28-at-11.48.11.jpeg","datePublished":"2026-04-29T11:43:59+00:00","inLanguage":"es","potentialAction":[{"@type":"ReadAction","target":["https:\/\/fmgente.com.ar\/web\/jesus-maria-mas-de-500-viviendas-monitoreadas-en-operativo-preventivo-contra-el-dengue\/"]}]},{"@type":"ImageObject","inLanguage":"es","@id":"https:\/\/fmgente.com.ar\/web\/jesus-maria-mas-de-500-viviendas-monitoreadas-en-operativo-preventivo-contra-el-dengue\/#primaryimage","url":"https:\/\/fmgente.com.ar\/web\/wp-content\/uploads\/2026\/04\/WhatsApp-Image-2026-04-28-at-11.48.11.jpeg","contentUrl":"https:\/\/fmgente.com.ar\/web\/wp-content\/uploads\/2026\/04\/WhatsApp-Image-2026-04-28-at-11.48.11.jpeg","width":1600,"height":1200},{"@type":"WebSite","@id":"https:\/\/fmgente.com.ar\/web\/#website","url":"https:\/\/fmgente.com.ar\/web\/","name":"Fm Gente","description":"- Jes\u00fas Mar\u00eda","publisher":{"@id":"https:\/\/fmgente.com.ar\/web\/#organization"},"potentialAction":[{"@type":"SearchAction","target":{"@type":"EntryPoint","urlTemplate":"https:\/\/fmgente.com.ar\/web\/?s={search_term_string}"},"query-input":{"@type":"PropertyValueSpecification","valueRequired":true,"valueName":"search_term_string"}}],"inLanguage":"es"},{"@type":"Organization","@id":"https:\/\/fmgente.com.ar\/web\/#organization","name":"Fm Gente","url":"https:\/\/fmgente.com.ar\/web\/","logo":{"@type":"ImageObject","inLanguage":"es","@id":"https:\/\/fmgente.com.ar\/web\/#\/schema\/logo\/image\/","url":"https:\/\/fmgente.com.ar\/web\/wp-content\/uploads\/2023\/07\/cropped-cropped-logo-sombra2.png","contentUrl":"https:\/\/fmgente.com.ar\/web\/wp-content\/uploads\/2023\/07\/cropped-cropped-logo-sombra2.png","width":1782,"height":1782,"caption":"Fm Gente"},"image":{"@id":"https:\/\/fmgente.com.ar\/web\/#\/schema\/logo\/image\/"}},{"@type":"Person","@id":"https:\/\/fmgente.com.ar\/web\/#\/schema\/person\/ba03fa75c17effdaafbd6daa1d78c508","name":"Adri\u00e1n Hern\u00e1ndez","url":"https:\/\/fmgente.com.ar\/web\/author\/c1601891\/"}]}},"_links":{"self":[{"href":"https:\/\/fmgente.com.ar\/web\/wp-json\/wp\/v2\/posts\/21084","targetHints":{"allow":["GET"]}}],"collection":[{"href":"https:\/\/fmgente.com.ar\/web\/wp-json\/wp\/v2\/posts"}],"about":[{"href":"https:\/\/fmgente.com.ar\/web\/wp-json\/wp\/v2\/types\/post"}],"author":[{"embeddable":true,"href":"https:\/\/fmgente.com.ar\/web\/wp-json\/wp\/v2\/users\/2"}],"replies":[{"embeddable":true,"href":"https:\/\/fmgente.com.ar\/web\/wp-json\/wp\/v2\/comments?post=21084"}],"version-history":[{"count":1,"href":"https:\/\/fmgente.com.ar\/web\/wp-json\/wp\/v2\/posts\/21084\/revisions"}],"predecessor-version":[{"id":21089,"href":"https:\/\/fmgente.com.ar\/web\/wp-json\/wp\/v2\/posts\/21084\/revisions\/21089"}],"wp:featuredmedia":[{"embeddable":true,"href":"https:\/\/fmgente.com.ar\/web\/wp-json\/wp\/v2\/media\/21088"}],"wp:attachment":[{"href":"https:\/\/fmgente.com.ar\/web\/wp-json\/wp\/v2\/media?parent=21084"}],"wp:term":[{"taxonomy":"category","embeddable":true,"href":"https:\/\/fmgente.com.ar\/web\/wp-json\/wp\/v2\/categories?post=21084"},{"taxonomy":"post_tag","embeddable":true,"href":"https:\/\/fmgente.com.ar\/web\/wp-json\/wp\/v2\/tags?post=21084"}],"curies":[{"name":"wp","href":"https:\/\/api.w.org\/{rel}","templated":true}]}}