{"id":21054,"date":"2026-04-28T19:05:39","date_gmt":"2026-04-28T22:05:39","guid":{"rendered":"https:\/\/fmgente.com.ar\/web\/condenaron-a-nueve-integrantes-de-una-organizacion-narcocriminal-dedicada-a-la-venta-y-distribucion-de-drogas-en-cordoba-y-rio-cuarto\/"},"modified":"2026-04-28T19:05:39","modified_gmt":"2026-04-28T22:05:39","slug":"condenaron-a-nueve-integrantes-de-una-organizacion-narcocriminal-dedicada-a-la-venta-y-distribucion-de-drogas-en-cordoba-y-rio-cuarto","status":"publish","type":"post","link":"https:\/\/fmgente.com.ar\/web\/condenaron-a-nueve-integrantes-de-una-organizacion-narcocriminal-dedicada-a-la-venta-y-distribucion-de-drogas-en-cordoba-y-rio-cuarto\/","title":{"rendered":"CONDENARON A NUEVE INTEGRANTES DE UNA ORGANIZACI\u00d3N NARCOCRIMINAL DEDICADA A LA VENTA Y DISTRIBUCI\u00d3N DE DROGAS EN C\u00d3RDOBA Y R\u00cdO CUARTO"},"content":{"rendered":"<p>La C\u00e1mara en lo Criminal y Correccional de 12\u00aa Nominaci\u00f3n de la ciudad de C\u00f3rdoba resolvi\u00f3 la situaci\u00f3n procesal de nueve personas mayores de edad, integrantes de una organizaci\u00f3n narcocriminal.<\/p>\n<p>Los imputados fueron hallados culpables y condenados por el delito de \u00abComercializaci\u00f3n de Estupefacientes Agravada por la participaci\u00f3n organizada de tres o m\u00e1s personas\u00bb. Las penas impuestas fueron las siguientes:<\/p>\n<p>\u25cf Gast\u00f3n Nicol\u00e1s Garay: 7 a\u00f1os y 6 meses, unificada con una condena anterior.<\/p>\n<p>\u25cf Andrea Noelia Pereyra: 6 a\u00f1os y 3 meses.<\/p>\n<p>\u25cf Adri\u00e1n Arnaldo Pino: 6 a\u00f1os.<\/p>\n<p>\u25cf Axel Alejandro Pereyra: 6 a\u00f1os.<\/p>\n<p>\u25cf Lautaro Ismael Pereyra: 6 a\u00f1os.<\/p>\n<p>\u25cf Nuria Yamila Pereyra: 6 a\u00f1os.<\/p>\n<p>\u25cf Diego Jes\u00fas Arce: 6 a\u00f1os.<\/p>\n<p>\u25cf Marcelo Daniel Scialabbe: 6 a\u00f1os.<\/p>\n<p>\u25cf Vanesa Leonor G\u00f3mez: 6 a\u00f1os.<\/p>\n<p>La investigaci\u00f3n fue dirigida por la Fiscal\u00eda del Fuero de Lucha Contra el Narcotr\u00e1fico del Primer Turno de la ciudad de C\u00f3rdoba y ejecutada por oficiales de la Fuerza Policial Antinarcotr\u00e1fico. En aquella ocasi\u00f3n, se llevaron a cabo nueve allanamientos simult\u00e1neos en los barrios Parque Rep\u00fablica, Villa El Libertador, Santa Isabel y Mafekin, adem\u00e1s se trabaj\u00f3 en una celda del Establecimiento Penitenciario N\u00b0 6 de la ciudad de R\u00edo Cuarto.<\/p>\n<p>Durante los procedimientos se logr\u00f3 el secuestro de 11.264 dosis de coca\u00edna y 112 de marihuana, tres plantas de cannabis sativa, dinero($4.870.160 y 1.600 d\u00f3lares), cuatro armas de fuego (dos pistolas, un pistol\u00f3n y un rev\u00f3lver), 10 autom\u00f3viles y diferentes elementos relacionados a la actividad ilegal. El total de lo incautado ascendi\u00f3 a $141.886.610.<\/p>\n<p>Las actuaciones permitieron desarticular una organizaci\u00f3n narcocriminal dedicada a la venta de drogas en la capital provincial y su distribuci\u00f3n en distintos sectores de la ciudad de R\u00edo Cuarto, quedando sus integrantes a disposici\u00f3n de la Justicia conforme a las resoluciones dictadas por el tribunal interviniente.<\/p>\n<p><img decoding=\"async\" loading=\"lazy\" class=\"alignnone wp-image-56940\" src=\"https:\/\/www.mpfcordoba.gob.ar\/wp-content\/uploads\/2026\/04\/familia-narco2jpg.webp\" alt=\"\" width=\"550\" height=\"309\" \/><\/p>\n<p>&nbsp;<\/p>\n","protected":false},"excerpt":{"rendered":"<p>La C\u00e1mara en lo Criminal y Correccional de 12\u00aa Nominaci\u00f3n de la ciudad de C\u00f3rdoba<\/p>\n","protected":false},"author":0,"featured_media":21055,"comment_status":"","ping_status":"","sticky":false,"template":"","format":"standard","meta":{"footnotes":""},"categories":[1794],"tags":[],"class_list":["post-21054","post","type-post","status-publish","format-standard","has-post-thumbnail","hentry","category-policiales"],"yoast_head":"<!-- This site is optimized with the Yoast SEO plugin v27.4 - https:\/\/yoast.com\/product\/yoast-seo-wordpress\/ -->\n<title>CONDENARON A NUEVE INTEGRANTES DE UNA ORGANIZACI\u00d3N NARCOCRIMINAL DEDICADA A LA VENTA Y DISTRIBUCI\u00d3N DE DROGAS EN C\u00d3RDOBA Y R\u00cdO CUARTO - Fm Gente<\/title>\n<meta name=\"robots\" content=\"index, follow, max-snippet:-1, max-image-preview:large, max-video-preview:-1\" \/>\n<link rel=\"canonical\" href=\"https:\/\/fmgente.com.ar\/web\/condenaron-a-nueve-integrantes-de-una-organizacion-narcocriminal-dedicada-a-la-venta-y-distribucion-de-drogas-en-cordoba-y-rio-cuarto\/\" \/>\n<meta property=\"og:locale\" content=\"es_ES\" \/>\n<meta property=\"og:type\" content=\"article\" \/>\n<meta property=\"og:title\" content=\"CONDENARON A NUEVE INTEGRANTES DE UNA ORGANIZACI\u00d3N NARCOCRIMINAL DEDICADA A LA VENTA Y DISTRIBUCI\u00d3N DE DROGAS EN C\u00d3RDOBA Y R\u00cdO CUARTO - Fm Gente\" \/>\n<meta property=\"og:description\" content=\"La C\u00e1mara en lo Criminal y Correccional de 12\u00aa Nominaci\u00f3n de la ciudad de C\u00f3rdoba\" \/>\n<meta property=\"og:url\" content=\"https:\/\/fmgente.com.ar\/web\/condenaron-a-nueve-integrantes-de-una-organizacion-narcocriminal-dedicada-a-la-venta-y-distribucion-de-drogas-en-cordoba-y-rio-cuarto\/\" \/>\n<meta property=\"og:site_name\" content=\"Fm Gente\" \/>\n<meta property=\"article:published_time\" content=\"2026-04-28T22:05:39+00:00\" \/>\n<meta name=\"twitter:card\" content=\"summary_large_image\" \/>\n<meta name=\"twitter:label1\" content=\"Tiempo de lectura\" \/>\n\t<meta name=\"twitter:data1\" content=\"2 minutos\" \/>\n<script type=\"application\/ld+json\" class=\"yoast-schema-graph\">{\"@context\":\"https:\\\/\\\/schema.org\",\"@graph\":[{\"@type\":\"Article\",\"@id\":\"https:\\\/\\\/fmgente.com.ar\\\/web\\\/condenaron-a-nueve-integrantes-de-una-organizacion-narcocriminal-dedicada-a-la-venta-y-distribucion-de-drogas-en-cordoba-y-rio-cuarto\\\/#article\",\"isPartOf\":{\"@id\":\"https:\\\/\\\/fmgente.com.ar\\\/web\\\/condenaron-a-nueve-integrantes-de-una-organizacion-narcocriminal-dedicada-a-la-venta-y-distribucion-de-drogas-en-cordoba-y-rio-cuarto\\\/\"},\"author\":{\"name\":\"\",\"@id\":\"\"},\"headline\":\"CONDENARON A NUEVE INTEGRANTES DE UNA ORGANIZACI\u00d3N NARCOCRIMINAL DEDICADA A LA VENTA Y DISTRIBUCI\u00d3N DE DROGAS EN C\u00d3RDOBA Y R\u00cdO CUARTO\",\"datePublished\":\"2026-04-28T22:05:39+00:00\",\"mainEntityOfPage\":{\"@id\":\"https:\\\/\\\/fmgente.com.ar\\\/web\\\/condenaron-a-nueve-integrantes-de-una-organizacion-narcocriminal-dedicada-a-la-venta-y-distribucion-de-drogas-en-cordoba-y-rio-cuarto\\\/\"},\"wordCount\":335,\"publisher\":{\"@id\":\"https:\\\/\\\/fmgente.com.ar\\\/web\\\/#organization\"},\"image\":{\"@id\":\"https:\\\/\\\/fmgente.com.ar\\\/web\\\/condenaron-a-nueve-integrantes-de-una-organizacion-narcocriminal-dedicada-a-la-venta-y-distribucion-de-drogas-en-cordoba-y-rio-cuarto\\\/#primaryimage\"},\"thumbnailUrl\":\"https:\\\/\\\/fmgente.com.ar\\\/web\\\/wp-content\\\/uploads\\\/2026\\\/04\\\/familia-narco2jpg.webp\",\"articleSection\":[\"POLICIALES\"],\"inLanguage\":\"es\"},{\"@type\":\"WebPage\",\"@id\":\"https:\\\/\\\/fmgente.com.ar\\\/web\\\/condenaron-a-nueve-integrantes-de-una-organizacion-narcocriminal-dedicada-a-la-venta-y-distribucion-de-drogas-en-cordoba-y-rio-cuarto\\\/\",\"url\":\"https:\\\/\\\/fmgente.com.ar\\\/web\\\/condenaron-a-nueve-integrantes-de-una-organizacion-narcocriminal-dedicada-a-la-venta-y-distribucion-de-drogas-en-cordoba-y-rio-cuarto\\\/\",\"name\":\"CONDENARON A NUEVE INTEGRANTES DE UNA ORGANIZACI\u00d3N NARCOCRIMINAL DEDICADA A LA VENTA Y DISTRIBUCI\u00d3N DE DROGAS EN C\u00d3RDOBA Y R\u00cdO CUARTO - Fm Gente\",\"isPartOf\":{\"@id\":\"https:\\\/\\\/fmgente.com.ar\\\/web\\\/#website\"},\"primaryImageOfPage\":{\"@id\":\"https:\\\/\\\/fmgente.com.ar\\\/web\\\/condenaron-a-nueve-integrantes-de-una-organizacion-narcocriminal-dedicada-a-la-venta-y-distribucion-de-drogas-en-cordoba-y-rio-cuarto\\\/#primaryimage\"},\"image\":{\"@id\":\"https:\\\/\\\/fmgente.com.ar\\\/web\\\/condenaron-a-nueve-integrantes-de-una-organizacion-narcocriminal-dedicada-a-la-venta-y-distribucion-de-drogas-en-cordoba-y-rio-cuarto\\\/#primaryimage\"},\"thumbnailUrl\":\"https:\\\/\\\/fmgente.com.ar\\\/web\\\/wp-content\\\/uploads\\\/2026\\\/04\\\/familia-narco2jpg.webp\",\"datePublished\":\"2026-04-28T22:05:39+00:00\",\"inLanguage\":\"es\",\"potentialAction\":[{\"@type\":\"ReadAction\",\"target\":[\"https:\\\/\\\/fmgente.com.ar\\\/web\\\/condenaron-a-nueve-integrantes-de-una-organizacion-narcocriminal-dedicada-a-la-venta-y-distribucion-de-drogas-en-cordoba-y-rio-cuarto\\\/\"]}]},{\"@type\":\"ImageObject\",\"inLanguage\":\"es\",\"@id\":\"https:\\\/\\\/fmgente.com.ar\\\/web\\\/condenaron-a-nueve-integrantes-de-una-organizacion-narcocriminal-dedicada-a-la-venta-y-distribucion-de-drogas-en-cordoba-y-rio-cuarto\\\/#primaryimage\",\"url\":\"https:\\\/\\\/fmgente.com.ar\\\/web\\\/wp-content\\\/uploads\\\/2026\\\/04\\\/familia-narco2jpg.webp\",\"contentUrl\":\"https:\\\/\\\/fmgente.com.ar\\\/web\\\/wp-content\\\/uploads\\\/2026\\\/04\\\/familia-narco2jpg.webp\",\"width\":1200,\"height\":675},{\"@type\":\"WebSite\",\"@id\":\"https:\\\/\\\/fmgente.com.ar\\\/web\\\/#website\",\"url\":\"https:\\\/\\\/fmgente.com.ar\\\/web\\\/\",\"name\":\"Fm Gente\",\"description\":\"- Jes\u00fas Mar\u00eda\",\"publisher\":{\"@id\":\"https:\\\/\\\/fmgente.com.ar\\\/web\\\/#organization\"},\"potentialAction\":[{\"@type\":\"SearchAction\",\"target\":{\"@type\":\"EntryPoint\",\"urlTemplate\":\"https:\\\/\\\/fmgente.com.ar\\\/web\\\/?s={search_term_string}\"},\"query-input\":{\"@type\":\"PropertyValueSpecification\",\"valueRequired\":true,\"valueName\":\"search_term_string\"}}],\"inLanguage\":\"es\"},{\"@type\":\"Organization\",\"@id\":\"https:\\\/\\\/fmgente.com.ar\\\/web\\\/#organization\",\"name\":\"Fm Gente\",\"url\":\"https:\\\/\\\/fmgente.com.ar\\\/web\\\/\",\"logo\":{\"@type\":\"ImageObject\",\"inLanguage\":\"es\",\"@id\":\"https:\\\/\\\/fmgente.com.ar\\\/web\\\/#\\\/schema\\\/logo\\\/image\\\/\",\"url\":\"https:\\\/\\\/fmgente.com.ar\\\/web\\\/wp-content\\\/uploads\\\/2023\\\/07\\\/cropped-cropped-logo-sombra2.png\",\"contentUrl\":\"https:\\\/\\\/fmgente.com.ar\\\/web\\\/wp-content\\\/uploads\\\/2023\\\/07\\\/cropped-cropped-logo-sombra2.png\",\"width\":1782,\"height\":1782,\"caption\":\"Fm Gente\"},\"image\":{\"@id\":\"https:\\\/\\\/fmgente.com.ar\\\/web\\\/#\\\/schema\\\/logo\\\/image\\\/\"}}]}<\/script>\n<!-- \/ Yoast SEO plugin. -->","yoast_head_json":{"title":"CONDENARON A NUEVE INTEGRANTES DE UNA ORGANIZACI\u00d3N NARCOCRIMINAL DEDICADA A LA VENTA Y DISTRIBUCI\u00d3N DE DROGAS EN C\u00d3RDOBA Y R\u00cdO CUARTO - Fm Gente","robots":{"index":"index","follow":"follow","max-snippet":"max-snippet:-1","max-image-preview":"max-image-preview:large","max-video-preview":"max-video-preview:-1"},"canonical":"https:\/\/fmgente.com.ar\/web\/condenaron-a-nueve-integrantes-de-una-organizacion-narcocriminal-dedicada-a-la-venta-y-distribucion-de-drogas-en-cordoba-y-rio-cuarto\/","og_locale":"es_ES","og_type":"article","og_title":"CONDENARON A NUEVE INTEGRANTES DE UNA ORGANIZACI\u00d3N NARCOCRIMINAL DEDICADA A LA VENTA Y DISTRIBUCI\u00d3N DE DROGAS EN C\u00d3RDOBA Y R\u00cdO CUARTO - Fm Gente","og_description":"La C\u00e1mara en lo Criminal y Correccional de 12\u00aa Nominaci\u00f3n de la ciudad de C\u00f3rdoba","og_url":"https:\/\/fmgente.com.ar\/web\/condenaron-a-nueve-integrantes-de-una-organizacion-narcocriminal-dedicada-a-la-venta-y-distribucion-de-drogas-en-cordoba-y-rio-cuarto\/","og_site_name":"Fm Gente","article_published_time":"2026-04-28T22:05:39+00:00","twitter_card":"summary_large_image","twitter_misc":{"Tiempo de lectura":"2 minutos"},"schema":{"@context":"https:\/\/schema.org","@graph":[{"@type":"Article","@id":"https:\/\/fmgente.com.ar\/web\/condenaron-a-nueve-integrantes-de-una-organizacion-narcocriminal-dedicada-a-la-venta-y-distribucion-de-drogas-en-cordoba-y-rio-cuarto\/#article","isPartOf":{"@id":"https:\/\/fmgente.com.ar\/web\/condenaron-a-nueve-integrantes-de-una-organizacion-narcocriminal-dedicada-a-la-venta-y-distribucion-de-drogas-en-cordoba-y-rio-cuarto\/"},"author":{"name":"","@id":""},"headline":"CONDENARON A NUEVE INTEGRANTES DE UNA ORGANIZACI\u00d3N NARCOCRIMINAL DEDICADA A LA VENTA Y DISTRIBUCI\u00d3N DE DROGAS EN C\u00d3RDOBA Y R\u00cdO CUARTO","datePublished":"2026-04-28T22:05:39+00:00","mainEntityOfPage":{"@id":"https:\/\/fmgente.com.ar\/web\/condenaron-a-nueve-integrantes-de-una-organizacion-narcocriminal-dedicada-a-la-venta-y-distribucion-de-drogas-en-cordoba-y-rio-cuarto\/"},"wordCount":335,"publisher":{"@id":"https:\/\/fmgente.com.ar\/web\/#organization"},"image":{"@id":"https:\/\/fmgente.com.ar\/web\/condenaron-a-nueve-integrantes-de-una-organizacion-narcocriminal-dedicada-a-la-venta-y-distribucion-de-drogas-en-cordoba-y-rio-cuarto\/#primaryimage"},"thumbnailUrl":"https:\/\/fmgente.com.ar\/web\/wp-content\/uploads\/2026\/04\/familia-narco2jpg.webp","articleSection":["POLICIALES"],"inLanguage":"es"},{"@type":"WebPage","@id":"https:\/\/fmgente.com.ar\/web\/condenaron-a-nueve-integrantes-de-una-organizacion-narcocriminal-dedicada-a-la-venta-y-distribucion-de-drogas-en-cordoba-y-rio-cuarto\/","url":"https:\/\/fmgente.com.ar\/web\/condenaron-a-nueve-integrantes-de-una-organizacion-narcocriminal-dedicada-a-la-venta-y-distribucion-de-drogas-en-cordoba-y-rio-cuarto\/","name":"CONDENARON A NUEVE INTEGRANTES DE UNA ORGANIZACI\u00d3N NARCOCRIMINAL DEDICADA A LA VENTA Y DISTRIBUCI\u00d3N DE DROGAS EN C\u00d3RDOBA Y R\u00cdO CUARTO - Fm Gente","isPartOf":{"@id":"https:\/\/fmgente.com.ar\/web\/#website"},"primaryImageOfPage":{"@id":"https:\/\/fmgente.com.ar\/web\/condenaron-a-nueve-integrantes-de-una-organizacion-narcocriminal-dedicada-a-la-venta-y-distribucion-de-drogas-en-cordoba-y-rio-cuarto\/#primaryimage"},"image":{"@id":"https:\/\/fmgente.com.ar\/web\/condenaron-a-nueve-integrantes-de-una-organizacion-narcocriminal-dedicada-a-la-venta-y-distribucion-de-drogas-en-cordoba-y-rio-cuarto\/#primaryimage"},"thumbnailUrl":"https:\/\/fmgente.com.ar\/web\/wp-content\/uploads\/2026\/04\/familia-narco2jpg.webp","datePublished":"2026-04-28T22:05:39+00:00","inLanguage":"es","potentialAction":[{"@type":"ReadAction","target":["https:\/\/fmgente.com.ar\/web\/condenaron-a-nueve-integrantes-de-una-organizacion-narcocriminal-dedicada-a-la-venta-y-distribucion-de-drogas-en-cordoba-y-rio-cuarto\/"]}]},{"@type":"ImageObject","inLanguage":"es","@id":"https:\/\/fmgente.com.ar\/web\/condenaron-a-nueve-integrantes-de-una-organizacion-narcocriminal-dedicada-a-la-venta-y-distribucion-de-drogas-en-cordoba-y-rio-cuarto\/#primaryimage","url":"https:\/\/fmgente.com.ar\/web\/wp-content\/uploads\/2026\/04\/familia-narco2jpg.webp","contentUrl":"https:\/\/fmgente.com.ar\/web\/wp-content\/uploads\/2026\/04\/familia-narco2jpg.webp","width":1200,"height":675},{"@type":"WebSite","@id":"https:\/\/fmgente.com.ar\/web\/#website","url":"https:\/\/fmgente.com.ar\/web\/","name":"Fm Gente","description":"- Jes\u00fas Mar\u00eda","publisher":{"@id":"https:\/\/fmgente.com.ar\/web\/#organization"},"potentialAction":[{"@type":"SearchAction","target":{"@type":"EntryPoint","urlTemplate":"https:\/\/fmgente.com.ar\/web\/?s={search_term_string}"},"query-input":{"@type":"PropertyValueSpecification","valueRequired":true,"valueName":"search_term_string"}}],"inLanguage":"es"},{"@type":"Organization","@id":"https:\/\/fmgente.com.ar\/web\/#organization","name":"Fm Gente","url":"https:\/\/fmgente.com.ar\/web\/","logo":{"@type":"ImageObject","inLanguage":"es","@id":"https:\/\/fmgente.com.ar\/web\/#\/schema\/logo\/image\/","url":"https:\/\/fmgente.com.ar\/web\/wp-content\/uploads\/2023\/07\/cropped-cropped-logo-sombra2.png","contentUrl":"https:\/\/fmgente.com.ar\/web\/wp-content\/uploads\/2023\/07\/cropped-cropped-logo-sombra2.png","width":1782,"height":1782,"caption":"Fm Gente"},"image":{"@id":"https:\/\/fmgente.com.ar\/web\/#\/schema\/logo\/image\/"}}]}},"_links":{"self":[{"href":"https:\/\/fmgente.com.ar\/web\/wp-json\/wp\/v2\/posts\/21054","targetHints":{"allow":["GET"]}}],"collection":[{"href":"https:\/\/fmgente.com.ar\/web\/wp-json\/wp\/v2\/posts"}],"about":[{"href":"https:\/\/fmgente.com.ar\/web\/wp-json\/wp\/v2\/types\/post"}],"replies":[{"embeddable":true,"href":"https:\/\/fmgente.com.ar\/web\/wp-json\/wp\/v2\/comments?post=21054"}],"version-history":[{"count":0,"href":"https:\/\/fmgente.com.ar\/web\/wp-json\/wp\/v2\/posts\/21054\/revisions"}],"wp:featuredmedia":[{"embeddable":true,"href":"https:\/\/fmgente.com.ar\/web\/wp-json\/wp\/v2\/media\/21055"}],"wp:attachment":[{"href":"https:\/\/fmgente.com.ar\/web\/wp-json\/wp\/v2\/media?parent=21054"}],"wp:term":[{"taxonomy":"category","embeddable":true,"href":"https:\/\/fmgente.com.ar\/web\/wp-json\/wp\/v2\/categories?post=21054"},{"taxonomy":"post_tag","embeddable":true,"href":"https:\/\/fmgente.com.ar\/web\/wp-json\/wp\/v2\/tags?post=21054"}],"curies":[{"name":"wp","href":"https:\/\/api.w.org\/{rel}","templated":true}]}}