{"id":21052,"date":"2026-04-28T19:05:37","date_gmt":"2026-04-28T22:05:37","guid":{"rendered":"https:\/\/fmgente.com.ar\/web\/el-mpf-particpo-de-la-mesa-provincial-de-analisis-de-narcocriminalidad\/"},"modified":"2026-04-28T19:05:37","modified_gmt":"2026-04-28T22:05:37","slug":"el-mpf-particpo-de-la-mesa-provincial-de-analisis-de-narcocriminalidad","status":"publish","type":"post","link":"https:\/\/fmgente.com.ar\/web\/el-mpf-particpo-de-la-mesa-provincial-de-analisis-de-narcocriminalidad\/","title":{"rendered":"EL MPF PARTICP\u00d3 DE LA MESA PROVINCIAL DE AN\u00c1LISIS DE NARCOCRIMINALIDAD"},"content":{"rendered":"<p>En las \u00faltimas horas, el Ministerio P\u00fablico Fiscal particip\u00f3 de la Mesa Provincial de An\u00e1lisis de Narcocriminalidad desarrollada en el centro C\u00edvico de C\u00f3rdoba.<\/p>\n<p>El evento fue encabezado por el Ministro de Justicia y Trabajo, Juli\u00e1n L\u00f3pez; y participaron el Fiscal General, Carlos Lezcano; el Fiscal Adjunto, H\u00e9ctor David; y organismos del Estado, la Justicia, las Fuerzas de seguridad, gobiernos locales y la academia.<\/p>\n<p>La Mesa Provincial de An\u00e1lisis de Narcocriminalidad es un espacio interinstitucional permanente que permite analizar, anticipar y abordar de manera estrat\u00e9gica el narcotr\u00e1fico y el crimen organizado, a partir de informaci\u00f3n integrada y evidencia.<\/p>\n<p>Se avanzaron en tomas de decisiones m\u00e1s eficientes, con intervenciones focalizadas en todo el territorio de C\u00f3rdoba y con un Estado provincial m\u00e1s inteligente, coordinado y presente.<\/p>\n<p><img loading=\"lazy\" decoding=\"async\" class=\"alignnone wp-image-56953\" src=\"https:\/\/www.mpfcordoba.gob.ar\/wp-content\/uploads\/2026\/04\/WhatsApp-Image-2026-04-27-at-1.26.13-PM.jpeg\" alt=\"\" width=\"550\" height=\"385\" \/><\/p>\n<p><img loading=\"lazy\" decoding=\"async\" class=\"alignnone wp-image-56954\" src=\"https:\/\/www.mpfcordoba.gob.ar\/wp-content\/uploads\/2026\/04\/WhatsApp-Image-2026-04-27-at-1.26.43-PM.jpeg\" alt=\"\" width=\"550\" height=\"387\" \/><\/p>\n<p><img loading=\"lazy\" decoding=\"async\" class=\"alignnone wp-image-56955\" src=\"https:\/\/www.mpfcordoba.gob.ar\/wp-content\/uploads\/2026\/04\/WhatsApp-Image-2026-04-27-at-1.23.59-PM.jpeg\" alt=\"\" width=\"550\" height=\"481\" \/><\/p>\n<p><img decoding=\"async\" loading=\"lazy\" class=\"alignnone wp-image-56956\" src=\"https:\/\/www.mpfcordoba.gob.ar\/wp-content\/uploads\/2026\/04\/WhatsApp-Image-2026-04-27-at-1.22.16-PM.jpeg\" alt=\"\" width=\"550\" height=\"396\" \/><\/p>\n<p><img decoding=\"async\" loading=\"lazy\" class=\"alignnone wp-image-56957\" src=\"https:\/\/www.mpfcordoba.gob.ar\/wp-content\/uploads\/2026\/04\/WhatsApp-Image-2026-04-27-at-1.21.38-PM.jpeg\" alt=\"\" width=\"550\" height=\"374\" \/><\/p>\n","protected":false},"excerpt":{"rendered":"<p>En las \u00faltimas horas, el Ministerio P\u00fablico Fiscal particip\u00f3 de la Mesa Provincial de An\u00e1lisis<\/p>\n","protected":false},"author":0,"featured_media":21053,"comment_status":"","ping_status":"","sticky":false,"template":"","format":"standard","meta":{"footnotes":""},"categories":[1794],"tags":[],"class_list":["post-21052","post","type-post","status-publish","format-standard","has-post-thumbnail","hentry","category-policiales"],"yoast_head":"<!-- This site is optimized with the Yoast SEO plugin v27.4 - https:\/\/yoast.com\/product\/yoast-seo-wordpress\/ -->\n<title>EL MPF PARTICP\u00d3 DE LA MESA PROVINCIAL DE AN\u00c1LISIS DE NARCOCRIMINALIDAD - Fm Gente<\/title>\n<meta name=\"robots\" content=\"index, follow, max-snippet:-1, max-image-preview:large, max-video-preview:-1\" \/>\n<link rel=\"canonical\" href=\"https:\/\/fmgente.com.ar\/web\/el-mpf-particpo-de-la-mesa-provincial-de-analisis-de-narcocriminalidad\/\" \/>\n<meta property=\"og:locale\" content=\"es_ES\" \/>\n<meta property=\"og:type\" content=\"article\" \/>\n<meta property=\"og:title\" content=\"EL MPF PARTICP\u00d3 DE LA MESA PROVINCIAL DE AN\u00c1LISIS DE NARCOCRIMINALIDAD - Fm Gente\" \/>\n<meta property=\"og:description\" content=\"En las \u00faltimas horas, el Ministerio P\u00fablico Fiscal particip\u00f3 de la Mesa Provincial de An\u00e1lisis\" \/>\n<meta property=\"og:url\" content=\"https:\/\/fmgente.com.ar\/web\/el-mpf-particpo-de-la-mesa-provincial-de-analisis-de-narcocriminalidad\/\" \/>\n<meta property=\"og:site_name\" content=\"Fm Gente\" \/>\n<meta property=\"article:published_time\" content=\"2026-04-28T22:05:37+00:00\" \/>\n<meta name=\"twitter:card\" content=\"summary_large_image\" \/>\n<meta name=\"twitter:label1\" content=\"Tiempo de lectura\" \/>\n\t<meta name=\"twitter:data1\" content=\"1 minuto\" \/>\n<script type=\"application\/ld+json\" class=\"yoast-schema-graph\">{\"@context\":\"https:\\\/\\\/schema.org\",\"@graph\":[{\"@type\":\"Article\",\"@id\":\"https:\\\/\\\/fmgente.com.ar\\\/web\\\/el-mpf-particpo-de-la-mesa-provincial-de-analisis-de-narcocriminalidad\\\/#article\",\"isPartOf\":{\"@id\":\"https:\\\/\\\/fmgente.com.ar\\\/web\\\/el-mpf-particpo-de-la-mesa-provincial-de-analisis-de-narcocriminalidad\\\/\"},\"author\":{\"name\":\"\",\"@id\":\"\"},\"headline\":\"EL MPF PARTICP\u00d3 DE LA MESA PROVINCIAL DE AN\u00c1LISIS DE NARCOCRIMINALIDAD\",\"datePublished\":\"2026-04-28T22:05:37+00:00\",\"mainEntityOfPage\":{\"@id\":\"https:\\\/\\\/fmgente.com.ar\\\/web\\\/el-mpf-particpo-de-la-mesa-provincial-de-analisis-de-narcocriminalidad\\\/\"},\"wordCount\":151,\"publisher\":{\"@id\":\"https:\\\/\\\/fmgente.com.ar\\\/web\\\/#organization\"},\"image\":{\"@id\":\"https:\\\/\\\/fmgente.com.ar\\\/web\\\/el-mpf-particpo-de-la-mesa-provincial-de-analisis-de-narcocriminalidad\\\/#primaryimage\"},\"thumbnailUrl\":\"https:\\\/\\\/fmgente.com.ar\\\/web\\\/wp-content\\\/uploads\\\/2026\\\/04\\\/WhatsApp-Image-2026-04-27-at-1.26.13-PM.jpeg\",\"articleSection\":[\"POLICIALES\"],\"inLanguage\":\"es\"},{\"@type\":\"WebPage\",\"@id\":\"https:\\\/\\\/fmgente.com.ar\\\/web\\\/el-mpf-particpo-de-la-mesa-provincial-de-analisis-de-narcocriminalidad\\\/\",\"url\":\"https:\\\/\\\/fmgente.com.ar\\\/web\\\/el-mpf-particpo-de-la-mesa-provincial-de-analisis-de-narcocriminalidad\\\/\",\"name\":\"EL MPF PARTICP\u00d3 DE LA MESA PROVINCIAL DE AN\u00c1LISIS DE NARCOCRIMINALIDAD - Fm Gente\",\"isPartOf\":{\"@id\":\"https:\\\/\\\/fmgente.com.ar\\\/web\\\/#website\"},\"primaryImageOfPage\":{\"@id\":\"https:\\\/\\\/fmgente.com.ar\\\/web\\\/el-mpf-particpo-de-la-mesa-provincial-de-analisis-de-narcocriminalidad\\\/#primaryimage\"},\"image\":{\"@id\":\"https:\\\/\\\/fmgente.com.ar\\\/web\\\/el-mpf-particpo-de-la-mesa-provincial-de-analisis-de-narcocriminalidad\\\/#primaryimage\"},\"thumbnailUrl\":\"https:\\\/\\\/fmgente.com.ar\\\/web\\\/wp-content\\\/uploads\\\/2026\\\/04\\\/WhatsApp-Image-2026-04-27-at-1.26.13-PM.jpeg\",\"datePublished\":\"2026-04-28T22:05:37+00:00\",\"inLanguage\":\"es\",\"potentialAction\":[{\"@type\":\"ReadAction\",\"target\":[\"https:\\\/\\\/fmgente.com.ar\\\/web\\\/el-mpf-particpo-de-la-mesa-provincial-de-analisis-de-narcocriminalidad\\\/\"]}]},{\"@type\":\"ImageObject\",\"inLanguage\":\"es\",\"@id\":\"https:\\\/\\\/fmgente.com.ar\\\/web\\\/el-mpf-particpo-de-la-mesa-provincial-de-analisis-de-narcocriminalidad\\\/#primaryimage\",\"url\":\"https:\\\/\\\/fmgente.com.ar\\\/web\\\/wp-content\\\/uploads\\\/2026\\\/04\\\/WhatsApp-Image-2026-04-27-at-1.26.13-PM.jpeg\",\"contentUrl\":\"https:\\\/\\\/fmgente.com.ar\\\/web\\\/wp-content\\\/uploads\\\/2026\\\/04\\\/WhatsApp-Image-2026-04-27-at-1.26.13-PM.jpeg\",\"width\":1172,\"height\":820},{\"@type\":\"WebSite\",\"@id\":\"https:\\\/\\\/fmgente.com.ar\\\/web\\\/#website\",\"url\":\"https:\\\/\\\/fmgente.com.ar\\\/web\\\/\",\"name\":\"Fm Gente\",\"description\":\"- Jes\u00fas Mar\u00eda\",\"publisher\":{\"@id\":\"https:\\\/\\\/fmgente.com.ar\\\/web\\\/#organization\"},\"potentialAction\":[{\"@type\":\"SearchAction\",\"target\":{\"@type\":\"EntryPoint\",\"urlTemplate\":\"https:\\\/\\\/fmgente.com.ar\\\/web\\\/?s={search_term_string}\"},\"query-input\":{\"@type\":\"PropertyValueSpecification\",\"valueRequired\":true,\"valueName\":\"search_term_string\"}}],\"inLanguage\":\"es\"},{\"@type\":\"Organization\",\"@id\":\"https:\\\/\\\/fmgente.com.ar\\\/web\\\/#organization\",\"name\":\"Fm Gente\",\"url\":\"https:\\\/\\\/fmgente.com.ar\\\/web\\\/\",\"logo\":{\"@type\":\"ImageObject\",\"inLanguage\":\"es\",\"@id\":\"https:\\\/\\\/fmgente.com.ar\\\/web\\\/#\\\/schema\\\/logo\\\/image\\\/\",\"url\":\"https:\\\/\\\/fmgente.com.ar\\\/web\\\/wp-content\\\/uploads\\\/2023\\\/07\\\/cropped-cropped-logo-sombra2.png\",\"contentUrl\":\"https:\\\/\\\/fmgente.com.ar\\\/web\\\/wp-content\\\/uploads\\\/2023\\\/07\\\/cropped-cropped-logo-sombra2.png\",\"width\":1782,\"height\":1782,\"caption\":\"Fm Gente\"},\"image\":{\"@id\":\"https:\\\/\\\/fmgente.com.ar\\\/web\\\/#\\\/schema\\\/logo\\\/image\\\/\"}}]}<\/script>\n<!-- \/ Yoast SEO plugin. -->","yoast_head_json":{"title":"EL MPF PARTICP\u00d3 DE LA MESA PROVINCIAL DE AN\u00c1LISIS DE NARCOCRIMINALIDAD - Fm Gente","robots":{"index":"index","follow":"follow","max-snippet":"max-snippet:-1","max-image-preview":"max-image-preview:large","max-video-preview":"max-video-preview:-1"},"canonical":"https:\/\/fmgente.com.ar\/web\/el-mpf-particpo-de-la-mesa-provincial-de-analisis-de-narcocriminalidad\/","og_locale":"es_ES","og_type":"article","og_title":"EL MPF PARTICP\u00d3 DE LA MESA PROVINCIAL DE AN\u00c1LISIS DE NARCOCRIMINALIDAD - Fm Gente","og_description":"En las \u00faltimas horas, el Ministerio P\u00fablico Fiscal particip\u00f3 de la Mesa Provincial de An\u00e1lisis","og_url":"https:\/\/fmgente.com.ar\/web\/el-mpf-particpo-de-la-mesa-provincial-de-analisis-de-narcocriminalidad\/","og_site_name":"Fm Gente","article_published_time":"2026-04-28T22:05:37+00:00","twitter_card":"summary_large_image","twitter_misc":{"Tiempo de lectura":"1 minuto"},"schema":{"@context":"https:\/\/schema.org","@graph":[{"@type":"Article","@id":"https:\/\/fmgente.com.ar\/web\/el-mpf-particpo-de-la-mesa-provincial-de-analisis-de-narcocriminalidad\/#article","isPartOf":{"@id":"https:\/\/fmgente.com.ar\/web\/el-mpf-particpo-de-la-mesa-provincial-de-analisis-de-narcocriminalidad\/"},"author":{"name":"","@id":""},"headline":"EL MPF PARTICP\u00d3 DE LA MESA PROVINCIAL DE AN\u00c1LISIS DE NARCOCRIMINALIDAD","datePublished":"2026-04-28T22:05:37+00:00","mainEntityOfPage":{"@id":"https:\/\/fmgente.com.ar\/web\/el-mpf-particpo-de-la-mesa-provincial-de-analisis-de-narcocriminalidad\/"},"wordCount":151,"publisher":{"@id":"https:\/\/fmgente.com.ar\/web\/#organization"},"image":{"@id":"https:\/\/fmgente.com.ar\/web\/el-mpf-particpo-de-la-mesa-provincial-de-analisis-de-narcocriminalidad\/#primaryimage"},"thumbnailUrl":"https:\/\/fmgente.com.ar\/web\/wp-content\/uploads\/2026\/04\/WhatsApp-Image-2026-04-27-at-1.26.13-PM.jpeg","articleSection":["POLICIALES"],"inLanguage":"es"},{"@type":"WebPage","@id":"https:\/\/fmgente.com.ar\/web\/el-mpf-particpo-de-la-mesa-provincial-de-analisis-de-narcocriminalidad\/","url":"https:\/\/fmgente.com.ar\/web\/el-mpf-particpo-de-la-mesa-provincial-de-analisis-de-narcocriminalidad\/","name":"EL MPF PARTICP\u00d3 DE LA MESA PROVINCIAL DE AN\u00c1LISIS DE NARCOCRIMINALIDAD - Fm Gente","isPartOf":{"@id":"https:\/\/fmgente.com.ar\/web\/#website"},"primaryImageOfPage":{"@id":"https:\/\/fmgente.com.ar\/web\/el-mpf-particpo-de-la-mesa-provincial-de-analisis-de-narcocriminalidad\/#primaryimage"},"image":{"@id":"https:\/\/fmgente.com.ar\/web\/el-mpf-particpo-de-la-mesa-provincial-de-analisis-de-narcocriminalidad\/#primaryimage"},"thumbnailUrl":"https:\/\/fmgente.com.ar\/web\/wp-content\/uploads\/2026\/04\/WhatsApp-Image-2026-04-27-at-1.26.13-PM.jpeg","datePublished":"2026-04-28T22:05:37+00:00","inLanguage":"es","potentialAction":[{"@type":"ReadAction","target":["https:\/\/fmgente.com.ar\/web\/el-mpf-particpo-de-la-mesa-provincial-de-analisis-de-narcocriminalidad\/"]}]},{"@type":"ImageObject","inLanguage":"es","@id":"https:\/\/fmgente.com.ar\/web\/el-mpf-particpo-de-la-mesa-provincial-de-analisis-de-narcocriminalidad\/#primaryimage","url":"https:\/\/fmgente.com.ar\/web\/wp-content\/uploads\/2026\/04\/WhatsApp-Image-2026-04-27-at-1.26.13-PM.jpeg","contentUrl":"https:\/\/fmgente.com.ar\/web\/wp-content\/uploads\/2026\/04\/WhatsApp-Image-2026-04-27-at-1.26.13-PM.jpeg","width":1172,"height":820},{"@type":"WebSite","@id":"https:\/\/fmgente.com.ar\/web\/#website","url":"https:\/\/fmgente.com.ar\/web\/","name":"Fm Gente","description":"- Jes\u00fas Mar\u00eda","publisher":{"@id":"https:\/\/fmgente.com.ar\/web\/#organization"},"potentialAction":[{"@type":"SearchAction","target":{"@type":"EntryPoint","urlTemplate":"https:\/\/fmgente.com.ar\/web\/?s={search_term_string}"},"query-input":{"@type":"PropertyValueSpecification","valueRequired":true,"valueName":"search_term_string"}}],"inLanguage":"es"},{"@type":"Organization","@id":"https:\/\/fmgente.com.ar\/web\/#organization","name":"Fm Gente","url":"https:\/\/fmgente.com.ar\/web\/","logo":{"@type":"ImageObject","inLanguage":"es","@id":"https:\/\/fmgente.com.ar\/web\/#\/schema\/logo\/image\/","url":"https:\/\/fmgente.com.ar\/web\/wp-content\/uploads\/2023\/07\/cropped-cropped-logo-sombra2.png","contentUrl":"https:\/\/fmgente.com.ar\/web\/wp-content\/uploads\/2023\/07\/cropped-cropped-logo-sombra2.png","width":1782,"height":1782,"caption":"Fm Gente"},"image":{"@id":"https:\/\/fmgente.com.ar\/web\/#\/schema\/logo\/image\/"}}]}},"_links":{"self":[{"href":"https:\/\/fmgente.com.ar\/web\/wp-json\/wp\/v2\/posts\/21052","targetHints":{"allow":["GET"]}}],"collection":[{"href":"https:\/\/fmgente.com.ar\/web\/wp-json\/wp\/v2\/posts"}],"about":[{"href":"https:\/\/fmgente.com.ar\/web\/wp-json\/wp\/v2\/types\/post"}],"replies":[{"embeddable":true,"href":"https:\/\/fmgente.com.ar\/web\/wp-json\/wp\/v2\/comments?post=21052"}],"version-history":[{"count":0,"href":"https:\/\/fmgente.com.ar\/web\/wp-json\/wp\/v2\/posts\/21052\/revisions"}],"wp:featuredmedia":[{"embeddable":true,"href":"https:\/\/fmgente.com.ar\/web\/wp-json\/wp\/v2\/media\/21053"}],"wp:attachment":[{"href":"https:\/\/fmgente.com.ar\/web\/wp-json\/wp\/v2\/media?parent=21052"}],"wp:term":[{"taxonomy":"category","embeddable":true,"href":"https:\/\/fmgente.com.ar\/web\/wp-json\/wp\/v2\/categories?post=21052"},{"taxonomy":"post_tag","embeddable":true,"href":"https:\/\/fmgente.com.ar\/web\/wp-json\/wp\/v2\/tags?post=21052"}],"curies":[{"name":"wp","href":"https:\/\/api.w.org\/{rel}","templated":true}]}}