{"id":21050,"date":"2026-04-28T19:05:34","date_gmt":"2026-04-28T22:05:34","guid":{"rendered":"https:\/\/fmgente.com.ar\/web\/se-investiga-la-muerte-de-un-joven-en-una-comisaria-de-cordoba-la-fiscalia-recibio-a-los-familiares\/"},"modified":"2026-04-28T19:05:34","modified_gmt":"2026-04-28T22:05:34","slug":"se-investiga-la-muerte-de-un-joven-en-una-comisaria-de-cordoba-la-fiscalia-recibio-a-los-familiares","status":"publish","type":"post","link":"https:\/\/fmgente.com.ar\/web\/se-investiga-la-muerte-de-un-joven-en-una-comisaria-de-cordoba-la-fiscalia-recibio-a-los-familiares\/","title":{"rendered":"Se investiga la muerte de un joven en una comisaria de C\u00f3rdoba; la fiscal\u00eda recibi\u00f3 a los familiares"},"content":{"rendered":"<div class=\"gs\">\n<div class=\"\">\n<div id=\":ag\" class=\"ii gt\">\n<div id=\":ah\" class=\"a3s aiL\">\n<div id=\"avWBGd-54\">\n<div dir=\"auto\">El Ministerio P\u00fablico Fiscal inform\u00f3 que, en relaci\u00f3n a la muerte del ciudadano Tom\u00e1s El\u00edas Orihuela, de 19 a\u00f1os ocurrido en la Comisar\u00eda Sexta de la Ciudad de C\u00f3rdoba, existe una investigaci\u00f3n en curso radicada por ante la Fiscal\u00eda 8 \u2013 ex Distrito 3 Turno 1-, en cuyo marco se ha ordenado la realizaci\u00f3n de la correspondiente autopsia bajo los lineamientos del Procotolo de Minnesota, por haber ocurrido el deceso en un contexto de encierro. Asimismo y los fines de esclarecer los sucesos investigados, se encuentra comisionado a la investigaci\u00f3n personal de la Direcci\u00f3n de Investigaci\u00f3n Operativa (DIO) dependiente del Ministerio P\u00fablico Fiscal y se han ordenado diversas medidas probatorias tales como secuestros y an\u00e1lisis de aparatos de telefon\u00eda del personal policial interviniente, relevamiento y an\u00e1lisis de registros f\u00edlmicos, declaraciones testimoniales, cooperaciones de Polic\u00eda Judicial entre otros. El fiscal a cargo se reuni\u00f3 con los familiares del fallecido\u00a0 a quienes les explic\u00f3 las medidas probatorias realizadas hasta el momento y los derechos que les corresponde como tales.<\/div>\n<div class=\"yj6qo\"><\/div>\n<div class=\"adL\"><\/div>\n<\/div>\n<\/div>\n<\/div>\n<div id=\"avWBGd-55\" class=\"WhmR8e\" data-hash=\"0\"><\/div>\n<\/div>\n<\/div>\n","protected":false},"excerpt":{"rendered":"<p>El Ministerio P\u00fablico Fiscal inform\u00f3 que, en relaci\u00f3n a la muerte del ciudadano Tom\u00e1s El\u00edas<\/p>\n","protected":false},"author":0,"featured_media":21051,"comment_status":"","ping_status":"","sticky":false,"template":"","format":"standard","meta":{"footnotes":""},"categories":[1794],"tags":[],"class_list":["post-21050","post","type-post","status-publish","format-standard","has-post-thumbnail","hentry","category-policiales"],"yoast_head":"<!-- This site is optimized with the Yoast SEO plugin v27.4 - https:\/\/yoast.com\/product\/yoast-seo-wordpress\/ -->\n<title>Se investiga la muerte de un joven en una comisaria de C\u00f3rdoba; la fiscal\u00eda recibi\u00f3 a los familiares - Fm Gente<\/title>\n<meta name=\"robots\" content=\"index, follow, max-snippet:-1, max-image-preview:large, max-video-preview:-1\" \/>\n<link rel=\"canonical\" href=\"https:\/\/fmgente.com.ar\/web\/se-investiga-la-muerte-de-un-joven-en-una-comisaria-de-cordoba-la-fiscalia-recibio-a-los-familiares\/\" \/>\n<meta property=\"og:locale\" content=\"es_ES\" \/>\n<meta property=\"og:type\" content=\"article\" \/>\n<meta property=\"og:title\" content=\"Se investiga la muerte de un joven en una comisaria de C\u00f3rdoba; la fiscal\u00eda recibi\u00f3 a los familiares - Fm Gente\" \/>\n<meta property=\"og:description\" content=\"El Ministerio P\u00fablico Fiscal inform\u00f3 que, en relaci\u00f3n a la muerte del ciudadano Tom\u00e1s El\u00edas\" \/>\n<meta property=\"og:url\" content=\"https:\/\/fmgente.com.ar\/web\/se-investiga-la-muerte-de-un-joven-en-una-comisaria-de-cordoba-la-fiscalia-recibio-a-los-familiares\/\" \/>\n<meta property=\"og:site_name\" content=\"Fm Gente\" \/>\n<meta property=\"article:published_time\" content=\"2026-04-28T22:05:34+00:00\" \/>\n<meta name=\"twitter:card\" content=\"summary_large_image\" \/>\n<meta name=\"twitter:label1\" content=\"Tiempo de lectura\" \/>\n\t<meta name=\"twitter:data1\" content=\"1 minuto\" \/>\n<script type=\"application\/ld+json\" class=\"yoast-schema-graph\">{\"@context\":\"https:\\\/\\\/schema.org\",\"@graph\":[{\"@type\":\"Article\",\"@id\":\"https:\\\/\\\/fmgente.com.ar\\\/web\\\/se-investiga-la-muerte-de-un-joven-en-una-comisaria-de-cordoba-la-fiscalia-recibio-a-los-familiares\\\/#article\",\"isPartOf\":{\"@id\":\"https:\\\/\\\/fmgente.com.ar\\\/web\\\/se-investiga-la-muerte-de-un-joven-en-una-comisaria-de-cordoba-la-fiscalia-recibio-a-los-familiares\\\/\"},\"author\":{\"name\":\"\",\"@id\":\"\"},\"headline\":\"Se investiga la muerte de un joven en una comisaria de C\u00f3rdoba; la fiscal\u00eda recibi\u00f3 a los familiares\",\"datePublished\":\"2026-04-28T22:05:34+00:00\",\"mainEntityOfPage\":{\"@id\":\"https:\\\/\\\/fmgente.com.ar\\\/web\\\/se-investiga-la-muerte-de-un-joven-en-una-comisaria-de-cordoba-la-fiscalia-recibio-a-los-familiares\\\/\"},\"wordCount\":202,\"publisher\":{\"@id\":\"https:\\\/\\\/fmgente.com.ar\\\/web\\\/#organization\"},\"image\":{\"@id\":\"https:\\\/\\\/fmgente.com.ar\\\/web\\\/se-investiga-la-muerte-de-un-joven-en-una-comisaria-de-cordoba-la-fiscalia-recibio-a-los-familiares\\\/#primaryimage\"},\"thumbnailUrl\":\"https:\\\/\\\/fmgente.com.ar\\\/web\\\/wp-content\\\/uploads\\\/2026\\\/04\\\/portadax-81.png\",\"articleSection\":[\"POLICIALES\"],\"inLanguage\":\"es\"},{\"@type\":\"WebPage\",\"@id\":\"https:\\\/\\\/fmgente.com.ar\\\/web\\\/se-investiga-la-muerte-de-un-joven-en-una-comisaria-de-cordoba-la-fiscalia-recibio-a-los-familiares\\\/\",\"url\":\"https:\\\/\\\/fmgente.com.ar\\\/web\\\/se-investiga-la-muerte-de-un-joven-en-una-comisaria-de-cordoba-la-fiscalia-recibio-a-los-familiares\\\/\",\"name\":\"Se investiga la muerte de un joven en una comisaria de C\u00f3rdoba; la fiscal\u00eda recibi\u00f3 a los familiares - Fm Gente\",\"isPartOf\":{\"@id\":\"https:\\\/\\\/fmgente.com.ar\\\/web\\\/#website\"},\"primaryImageOfPage\":{\"@id\":\"https:\\\/\\\/fmgente.com.ar\\\/web\\\/se-investiga-la-muerte-de-un-joven-en-una-comisaria-de-cordoba-la-fiscalia-recibio-a-los-familiares\\\/#primaryimage\"},\"image\":{\"@id\":\"https:\\\/\\\/fmgente.com.ar\\\/web\\\/se-investiga-la-muerte-de-un-joven-en-una-comisaria-de-cordoba-la-fiscalia-recibio-a-los-familiares\\\/#primaryimage\"},\"thumbnailUrl\":\"https:\\\/\\\/fmgente.com.ar\\\/web\\\/wp-content\\\/uploads\\\/2026\\\/04\\\/portadax-81.png\",\"datePublished\":\"2026-04-28T22:05:34+00:00\",\"inLanguage\":\"es\",\"potentialAction\":[{\"@type\":\"ReadAction\",\"target\":[\"https:\\\/\\\/fmgente.com.ar\\\/web\\\/se-investiga-la-muerte-de-un-joven-en-una-comisaria-de-cordoba-la-fiscalia-recibio-a-los-familiares\\\/\"]}]},{\"@type\":\"ImageObject\",\"inLanguage\":\"es\",\"@id\":\"https:\\\/\\\/fmgente.com.ar\\\/web\\\/se-investiga-la-muerte-de-un-joven-en-una-comisaria-de-cordoba-la-fiscalia-recibio-a-los-familiares\\\/#primaryimage\",\"url\":\"https:\\\/\\\/fmgente.com.ar\\\/web\\\/wp-content\\\/uploads\\\/2026\\\/04\\\/portadax-81.png\",\"contentUrl\":\"https:\\\/\\\/fmgente.com.ar\\\/web\\\/wp-content\\\/uploads\\\/2026\\\/04\\\/portadax-81.png\",\"width\":1366,\"height\":768},{\"@type\":\"WebSite\",\"@id\":\"https:\\\/\\\/fmgente.com.ar\\\/web\\\/#website\",\"url\":\"https:\\\/\\\/fmgente.com.ar\\\/web\\\/\",\"name\":\"Fm Gente\",\"description\":\"- Jes\u00fas Mar\u00eda\",\"publisher\":{\"@id\":\"https:\\\/\\\/fmgente.com.ar\\\/web\\\/#organization\"},\"potentialAction\":[{\"@type\":\"SearchAction\",\"target\":{\"@type\":\"EntryPoint\",\"urlTemplate\":\"https:\\\/\\\/fmgente.com.ar\\\/web\\\/?s={search_term_string}\"},\"query-input\":{\"@type\":\"PropertyValueSpecification\",\"valueRequired\":true,\"valueName\":\"search_term_string\"}}],\"inLanguage\":\"es\"},{\"@type\":\"Organization\",\"@id\":\"https:\\\/\\\/fmgente.com.ar\\\/web\\\/#organization\",\"name\":\"Fm Gente\",\"url\":\"https:\\\/\\\/fmgente.com.ar\\\/web\\\/\",\"logo\":{\"@type\":\"ImageObject\",\"inLanguage\":\"es\",\"@id\":\"https:\\\/\\\/fmgente.com.ar\\\/web\\\/#\\\/schema\\\/logo\\\/image\\\/\",\"url\":\"https:\\\/\\\/fmgente.com.ar\\\/web\\\/wp-content\\\/uploads\\\/2023\\\/07\\\/cropped-cropped-logo-sombra2.png\",\"contentUrl\":\"https:\\\/\\\/fmgente.com.ar\\\/web\\\/wp-content\\\/uploads\\\/2023\\\/07\\\/cropped-cropped-logo-sombra2.png\",\"width\":1782,\"height\":1782,\"caption\":\"Fm Gente\"},\"image\":{\"@id\":\"https:\\\/\\\/fmgente.com.ar\\\/web\\\/#\\\/schema\\\/logo\\\/image\\\/\"}}]}<\/script>\n<!-- \/ Yoast SEO plugin. -->","yoast_head_json":{"title":"Se investiga la muerte de un joven en una comisaria de C\u00f3rdoba; la fiscal\u00eda recibi\u00f3 a los familiares - Fm Gente","robots":{"index":"index","follow":"follow","max-snippet":"max-snippet:-1","max-image-preview":"max-image-preview:large","max-video-preview":"max-video-preview:-1"},"canonical":"https:\/\/fmgente.com.ar\/web\/se-investiga-la-muerte-de-un-joven-en-una-comisaria-de-cordoba-la-fiscalia-recibio-a-los-familiares\/","og_locale":"es_ES","og_type":"article","og_title":"Se investiga la muerte de un joven en una comisaria de C\u00f3rdoba; la fiscal\u00eda recibi\u00f3 a los familiares - Fm Gente","og_description":"El Ministerio P\u00fablico Fiscal inform\u00f3 que, en relaci\u00f3n a la muerte del ciudadano Tom\u00e1s El\u00edas","og_url":"https:\/\/fmgente.com.ar\/web\/se-investiga-la-muerte-de-un-joven-en-una-comisaria-de-cordoba-la-fiscalia-recibio-a-los-familiares\/","og_site_name":"Fm Gente","article_published_time":"2026-04-28T22:05:34+00:00","twitter_card":"summary_large_image","twitter_misc":{"Tiempo de lectura":"1 minuto"},"schema":{"@context":"https:\/\/schema.org","@graph":[{"@type":"Article","@id":"https:\/\/fmgente.com.ar\/web\/se-investiga-la-muerte-de-un-joven-en-una-comisaria-de-cordoba-la-fiscalia-recibio-a-los-familiares\/#article","isPartOf":{"@id":"https:\/\/fmgente.com.ar\/web\/se-investiga-la-muerte-de-un-joven-en-una-comisaria-de-cordoba-la-fiscalia-recibio-a-los-familiares\/"},"author":{"name":"","@id":""},"headline":"Se investiga la muerte de un joven en una comisaria de C\u00f3rdoba; la fiscal\u00eda recibi\u00f3 a los familiares","datePublished":"2026-04-28T22:05:34+00:00","mainEntityOfPage":{"@id":"https:\/\/fmgente.com.ar\/web\/se-investiga-la-muerte-de-un-joven-en-una-comisaria-de-cordoba-la-fiscalia-recibio-a-los-familiares\/"},"wordCount":202,"publisher":{"@id":"https:\/\/fmgente.com.ar\/web\/#organization"},"image":{"@id":"https:\/\/fmgente.com.ar\/web\/se-investiga-la-muerte-de-un-joven-en-una-comisaria-de-cordoba-la-fiscalia-recibio-a-los-familiares\/#primaryimage"},"thumbnailUrl":"https:\/\/fmgente.com.ar\/web\/wp-content\/uploads\/2026\/04\/portadax-81.png","articleSection":["POLICIALES"],"inLanguage":"es"},{"@type":"WebPage","@id":"https:\/\/fmgente.com.ar\/web\/se-investiga-la-muerte-de-un-joven-en-una-comisaria-de-cordoba-la-fiscalia-recibio-a-los-familiares\/","url":"https:\/\/fmgente.com.ar\/web\/se-investiga-la-muerte-de-un-joven-en-una-comisaria-de-cordoba-la-fiscalia-recibio-a-los-familiares\/","name":"Se investiga la muerte de un joven en una comisaria de C\u00f3rdoba; la fiscal\u00eda recibi\u00f3 a los familiares - Fm Gente","isPartOf":{"@id":"https:\/\/fmgente.com.ar\/web\/#website"},"primaryImageOfPage":{"@id":"https:\/\/fmgente.com.ar\/web\/se-investiga-la-muerte-de-un-joven-en-una-comisaria-de-cordoba-la-fiscalia-recibio-a-los-familiares\/#primaryimage"},"image":{"@id":"https:\/\/fmgente.com.ar\/web\/se-investiga-la-muerte-de-un-joven-en-una-comisaria-de-cordoba-la-fiscalia-recibio-a-los-familiares\/#primaryimage"},"thumbnailUrl":"https:\/\/fmgente.com.ar\/web\/wp-content\/uploads\/2026\/04\/portadax-81.png","datePublished":"2026-04-28T22:05:34+00:00","inLanguage":"es","potentialAction":[{"@type":"ReadAction","target":["https:\/\/fmgente.com.ar\/web\/se-investiga-la-muerte-de-un-joven-en-una-comisaria-de-cordoba-la-fiscalia-recibio-a-los-familiares\/"]}]},{"@type":"ImageObject","inLanguage":"es","@id":"https:\/\/fmgente.com.ar\/web\/se-investiga-la-muerte-de-un-joven-en-una-comisaria-de-cordoba-la-fiscalia-recibio-a-los-familiares\/#primaryimage","url":"https:\/\/fmgente.com.ar\/web\/wp-content\/uploads\/2026\/04\/portadax-81.png","contentUrl":"https:\/\/fmgente.com.ar\/web\/wp-content\/uploads\/2026\/04\/portadax-81.png","width":1366,"height":768},{"@type":"WebSite","@id":"https:\/\/fmgente.com.ar\/web\/#website","url":"https:\/\/fmgente.com.ar\/web\/","name":"Fm Gente","description":"- Jes\u00fas Mar\u00eda","publisher":{"@id":"https:\/\/fmgente.com.ar\/web\/#organization"},"potentialAction":[{"@type":"SearchAction","target":{"@type":"EntryPoint","urlTemplate":"https:\/\/fmgente.com.ar\/web\/?s={search_term_string}"},"query-input":{"@type":"PropertyValueSpecification","valueRequired":true,"valueName":"search_term_string"}}],"inLanguage":"es"},{"@type":"Organization","@id":"https:\/\/fmgente.com.ar\/web\/#organization","name":"Fm Gente","url":"https:\/\/fmgente.com.ar\/web\/","logo":{"@type":"ImageObject","inLanguage":"es","@id":"https:\/\/fmgente.com.ar\/web\/#\/schema\/logo\/image\/","url":"https:\/\/fmgente.com.ar\/web\/wp-content\/uploads\/2023\/07\/cropped-cropped-logo-sombra2.png","contentUrl":"https:\/\/fmgente.com.ar\/web\/wp-content\/uploads\/2023\/07\/cropped-cropped-logo-sombra2.png","width":1782,"height":1782,"caption":"Fm Gente"},"image":{"@id":"https:\/\/fmgente.com.ar\/web\/#\/schema\/logo\/image\/"}}]}},"_links":{"self":[{"href":"https:\/\/fmgente.com.ar\/web\/wp-json\/wp\/v2\/posts\/21050","targetHints":{"allow":["GET"]}}],"collection":[{"href":"https:\/\/fmgente.com.ar\/web\/wp-json\/wp\/v2\/posts"}],"about":[{"href":"https:\/\/fmgente.com.ar\/web\/wp-json\/wp\/v2\/types\/post"}],"replies":[{"embeddable":true,"href":"https:\/\/fmgente.com.ar\/web\/wp-json\/wp\/v2\/comments?post=21050"}],"version-history":[{"count":0,"href":"https:\/\/fmgente.com.ar\/web\/wp-json\/wp\/v2\/posts\/21050\/revisions"}],"wp:featuredmedia":[{"embeddable":true,"href":"https:\/\/fmgente.com.ar\/web\/wp-json\/wp\/v2\/media\/21051"}],"wp:attachment":[{"href":"https:\/\/fmgente.com.ar\/web\/wp-json\/wp\/v2\/media?parent=21050"}],"wp:term":[{"taxonomy":"category","embeddable":true,"href":"https:\/\/fmgente.com.ar\/web\/wp-json\/wp\/v2\/categories?post=21050"},{"taxonomy":"post_tag","embeddable":true,"href":"https:\/\/fmgente.com.ar\/web\/wp-json\/wp\/v2\/tags?post=21050"}],"curies":[{"name":"wp","href":"https:\/\/api.w.org\/{rel}","templated":true}]}}