{"id":21048,"date":"2026-04-28T19:05:30","date_gmt":"2026-04-28T22:05:30","guid":{"rendered":"https:\/\/fmgente.com.ar\/web\/buscan-a-un-hombre-en-villa-dolores\/"},"modified":"2026-04-28T19:05:30","modified_gmt":"2026-04-28T22:05:30","slug":"buscan-a-un-hombre-en-villa-dolores","status":"publish","type":"post","link":"https:\/\/fmgente.com.ar\/web\/buscan-a-un-hombre-en-villa-dolores\/","title":{"rendered":"Buscan a un hombre en Villa Dolores"},"content":{"rendered":"<p>La Fiscal\u00eda de Instrucci\u00f3n de Segunda Nominaci\u00f3n de Villa Dolores pide colaboraci\u00f3n para dar con el paradero de Jorge Alejandro L\u00f3pez, alias \u201cArle\u201d, de 52 a\u00f1os, quien se encuentra ausente desde el d\u00eda 3 de marzo de 2026. Fue visto por \u00faltima vez saliendo a pie del Hospital de Villa Dolores. Vest\u00eda una remera de color negro con estampa blanca en el pecho que dice \u201cRIO\u201d; un pantal\u00f3n de f\u00fatbol de color negro; zapatillas negras con suela de color blanco, adem\u00e1s llevaba puesta una gorra de color rojo. Mide 1.70; es de contextura f\u00edsica delgada; piel trigue\u00f1a; escaso cabello entrecano; tez morena; ojos marrones; boca mediana con bigotes y cejas tupidas. No tiene tatuajes pero en el brazo derecho posee 4 cicatrices de marcas de quemadura por cigarrillos.<\/p>\n","protected":false},"excerpt":{"rendered":"<p>La Fiscal\u00eda de Instrucci\u00f3n de Segunda Nominaci\u00f3n de Villa Dolores pide colaboraci\u00f3n para dar con<\/p>\n","protected":false},"author":0,"featured_media":21049,"comment_status":"","ping_status":"","sticky":false,"template":"","format":"standard","meta":{"footnotes":""},"categories":[1794],"tags":[],"class_list":["post-21048","post","type-post","status-publish","format-standard","has-post-thumbnail","hentry","category-policiales"],"yoast_head":"<!-- This site is optimized with the Yoast SEO plugin v27.4 - https:\/\/yoast.com\/product\/yoast-seo-wordpress\/ -->\n<title>Buscan a un hombre en Villa Dolores - Fm Gente<\/title>\n<meta name=\"robots\" content=\"index, follow, max-snippet:-1, max-image-preview:large, max-video-preview:-1\" \/>\n<link rel=\"canonical\" href=\"https:\/\/fmgente.com.ar\/web\/buscan-a-un-hombre-en-villa-dolores\/\" \/>\n<meta property=\"og:locale\" content=\"es_ES\" \/>\n<meta property=\"og:type\" content=\"article\" \/>\n<meta property=\"og:title\" content=\"Buscan a un hombre en Villa Dolores - Fm Gente\" \/>\n<meta property=\"og:description\" content=\"La Fiscal\u00eda de Instrucci\u00f3n de Segunda Nominaci\u00f3n de Villa Dolores pide colaboraci\u00f3n para dar con\" \/>\n<meta property=\"og:url\" content=\"https:\/\/fmgente.com.ar\/web\/buscan-a-un-hombre-en-villa-dolores\/\" \/>\n<meta property=\"og:site_name\" content=\"Fm Gente\" \/>\n<meta property=\"article:published_time\" content=\"2026-04-28T22:05:30+00:00\" \/>\n<meta name=\"twitter:card\" content=\"summary_large_image\" \/>\n<meta name=\"twitter:label1\" content=\"Tiempo de lectura\" \/>\n\t<meta name=\"twitter:data1\" content=\"1 minuto\" \/>\n<script type=\"application\/ld+json\" class=\"yoast-schema-graph\">{\"@context\":\"https:\\\/\\\/schema.org\",\"@graph\":[{\"@type\":\"Article\",\"@id\":\"https:\\\/\\\/fmgente.com.ar\\\/web\\\/buscan-a-un-hombre-en-villa-dolores\\\/#article\",\"isPartOf\":{\"@id\":\"https:\\\/\\\/fmgente.com.ar\\\/web\\\/buscan-a-un-hombre-en-villa-dolores\\\/\"},\"author\":{\"name\":\"\",\"@id\":\"\"},\"headline\":\"Buscan a un hombre en Villa Dolores\",\"datePublished\":\"2026-04-28T22:05:30+00:00\",\"mainEntityOfPage\":{\"@id\":\"https:\\\/\\\/fmgente.com.ar\\\/web\\\/buscan-a-un-hombre-en-villa-dolores\\\/\"},\"wordCount\":143,\"publisher\":{\"@id\":\"https:\\\/\\\/fmgente.com.ar\\\/web\\\/#organization\"},\"image\":{\"@id\":\"https:\\\/\\\/fmgente.com.ar\\\/web\\\/buscan-a-un-hombre-en-villa-dolores\\\/#primaryimage\"},\"thumbnailUrl\":\"https:\\\/\\\/fmgente.com.ar\\\/web\\\/wp-content\\\/uploads\\\/2026\\\/04\\\/portadax-80.png\",\"articleSection\":[\"POLICIALES\"],\"inLanguage\":\"es\"},{\"@type\":\"WebPage\",\"@id\":\"https:\\\/\\\/fmgente.com.ar\\\/web\\\/buscan-a-un-hombre-en-villa-dolores\\\/\",\"url\":\"https:\\\/\\\/fmgente.com.ar\\\/web\\\/buscan-a-un-hombre-en-villa-dolores\\\/\",\"name\":\"Buscan a un hombre en Villa Dolores - Fm Gente\",\"isPartOf\":{\"@id\":\"https:\\\/\\\/fmgente.com.ar\\\/web\\\/#website\"},\"primaryImageOfPage\":{\"@id\":\"https:\\\/\\\/fmgente.com.ar\\\/web\\\/buscan-a-un-hombre-en-villa-dolores\\\/#primaryimage\"},\"image\":{\"@id\":\"https:\\\/\\\/fmgente.com.ar\\\/web\\\/buscan-a-un-hombre-en-villa-dolores\\\/#primaryimage\"},\"thumbnailUrl\":\"https:\\\/\\\/fmgente.com.ar\\\/web\\\/wp-content\\\/uploads\\\/2026\\\/04\\\/portadax-80.png\",\"datePublished\":\"2026-04-28T22:05:30+00:00\",\"inLanguage\":\"es\",\"potentialAction\":[{\"@type\":\"ReadAction\",\"target\":[\"https:\\\/\\\/fmgente.com.ar\\\/web\\\/buscan-a-un-hombre-en-villa-dolores\\\/\"]}]},{\"@type\":\"ImageObject\",\"inLanguage\":\"es\",\"@id\":\"https:\\\/\\\/fmgente.com.ar\\\/web\\\/buscan-a-un-hombre-en-villa-dolores\\\/#primaryimage\",\"url\":\"https:\\\/\\\/fmgente.com.ar\\\/web\\\/wp-content\\\/uploads\\\/2026\\\/04\\\/portadax-80.png\",\"contentUrl\":\"https:\\\/\\\/fmgente.com.ar\\\/web\\\/wp-content\\\/uploads\\\/2026\\\/04\\\/portadax-80.png\",\"width\":1366,\"height\":768},{\"@type\":\"WebSite\",\"@id\":\"https:\\\/\\\/fmgente.com.ar\\\/web\\\/#website\",\"url\":\"https:\\\/\\\/fmgente.com.ar\\\/web\\\/\",\"name\":\"Fm Gente\",\"description\":\"- Jes\u00fas Mar\u00eda\",\"publisher\":{\"@id\":\"https:\\\/\\\/fmgente.com.ar\\\/web\\\/#organization\"},\"potentialAction\":[{\"@type\":\"SearchAction\",\"target\":{\"@type\":\"EntryPoint\",\"urlTemplate\":\"https:\\\/\\\/fmgente.com.ar\\\/web\\\/?s={search_term_string}\"},\"query-input\":{\"@type\":\"PropertyValueSpecification\",\"valueRequired\":true,\"valueName\":\"search_term_string\"}}],\"inLanguage\":\"es\"},{\"@type\":\"Organization\",\"@id\":\"https:\\\/\\\/fmgente.com.ar\\\/web\\\/#organization\",\"name\":\"Fm Gente\",\"url\":\"https:\\\/\\\/fmgente.com.ar\\\/web\\\/\",\"logo\":{\"@type\":\"ImageObject\",\"inLanguage\":\"es\",\"@id\":\"https:\\\/\\\/fmgente.com.ar\\\/web\\\/#\\\/schema\\\/logo\\\/image\\\/\",\"url\":\"https:\\\/\\\/fmgente.com.ar\\\/web\\\/wp-content\\\/uploads\\\/2023\\\/07\\\/cropped-cropped-logo-sombra2.png\",\"contentUrl\":\"https:\\\/\\\/fmgente.com.ar\\\/web\\\/wp-content\\\/uploads\\\/2023\\\/07\\\/cropped-cropped-logo-sombra2.png\",\"width\":1782,\"height\":1782,\"caption\":\"Fm Gente\"},\"image\":{\"@id\":\"https:\\\/\\\/fmgente.com.ar\\\/web\\\/#\\\/schema\\\/logo\\\/image\\\/\"}}]}<\/script>\n<!-- \/ Yoast SEO plugin. -->","yoast_head_json":{"title":"Buscan a un hombre en Villa Dolores - Fm Gente","robots":{"index":"index","follow":"follow","max-snippet":"max-snippet:-1","max-image-preview":"max-image-preview:large","max-video-preview":"max-video-preview:-1"},"canonical":"https:\/\/fmgente.com.ar\/web\/buscan-a-un-hombre-en-villa-dolores\/","og_locale":"es_ES","og_type":"article","og_title":"Buscan a un hombre en Villa Dolores - Fm Gente","og_description":"La Fiscal\u00eda de Instrucci\u00f3n de Segunda Nominaci\u00f3n de Villa Dolores pide colaboraci\u00f3n para dar con","og_url":"https:\/\/fmgente.com.ar\/web\/buscan-a-un-hombre-en-villa-dolores\/","og_site_name":"Fm Gente","article_published_time":"2026-04-28T22:05:30+00:00","twitter_card":"summary_large_image","twitter_misc":{"Tiempo de lectura":"1 minuto"},"schema":{"@context":"https:\/\/schema.org","@graph":[{"@type":"Article","@id":"https:\/\/fmgente.com.ar\/web\/buscan-a-un-hombre-en-villa-dolores\/#article","isPartOf":{"@id":"https:\/\/fmgente.com.ar\/web\/buscan-a-un-hombre-en-villa-dolores\/"},"author":{"name":"","@id":""},"headline":"Buscan a un hombre en Villa Dolores","datePublished":"2026-04-28T22:05:30+00:00","mainEntityOfPage":{"@id":"https:\/\/fmgente.com.ar\/web\/buscan-a-un-hombre-en-villa-dolores\/"},"wordCount":143,"publisher":{"@id":"https:\/\/fmgente.com.ar\/web\/#organization"},"image":{"@id":"https:\/\/fmgente.com.ar\/web\/buscan-a-un-hombre-en-villa-dolores\/#primaryimage"},"thumbnailUrl":"https:\/\/fmgente.com.ar\/web\/wp-content\/uploads\/2026\/04\/portadax-80.png","articleSection":["POLICIALES"],"inLanguage":"es"},{"@type":"WebPage","@id":"https:\/\/fmgente.com.ar\/web\/buscan-a-un-hombre-en-villa-dolores\/","url":"https:\/\/fmgente.com.ar\/web\/buscan-a-un-hombre-en-villa-dolores\/","name":"Buscan a un hombre en Villa Dolores - Fm Gente","isPartOf":{"@id":"https:\/\/fmgente.com.ar\/web\/#website"},"primaryImageOfPage":{"@id":"https:\/\/fmgente.com.ar\/web\/buscan-a-un-hombre-en-villa-dolores\/#primaryimage"},"image":{"@id":"https:\/\/fmgente.com.ar\/web\/buscan-a-un-hombre-en-villa-dolores\/#primaryimage"},"thumbnailUrl":"https:\/\/fmgente.com.ar\/web\/wp-content\/uploads\/2026\/04\/portadax-80.png","datePublished":"2026-04-28T22:05:30+00:00","inLanguage":"es","potentialAction":[{"@type":"ReadAction","target":["https:\/\/fmgente.com.ar\/web\/buscan-a-un-hombre-en-villa-dolores\/"]}]},{"@type":"ImageObject","inLanguage":"es","@id":"https:\/\/fmgente.com.ar\/web\/buscan-a-un-hombre-en-villa-dolores\/#primaryimage","url":"https:\/\/fmgente.com.ar\/web\/wp-content\/uploads\/2026\/04\/portadax-80.png","contentUrl":"https:\/\/fmgente.com.ar\/web\/wp-content\/uploads\/2026\/04\/portadax-80.png","width":1366,"height":768},{"@type":"WebSite","@id":"https:\/\/fmgente.com.ar\/web\/#website","url":"https:\/\/fmgente.com.ar\/web\/","name":"Fm Gente","description":"- Jes\u00fas Mar\u00eda","publisher":{"@id":"https:\/\/fmgente.com.ar\/web\/#organization"},"potentialAction":[{"@type":"SearchAction","target":{"@type":"EntryPoint","urlTemplate":"https:\/\/fmgente.com.ar\/web\/?s={search_term_string}"},"query-input":{"@type":"PropertyValueSpecification","valueRequired":true,"valueName":"search_term_string"}}],"inLanguage":"es"},{"@type":"Organization","@id":"https:\/\/fmgente.com.ar\/web\/#organization","name":"Fm Gente","url":"https:\/\/fmgente.com.ar\/web\/","logo":{"@type":"ImageObject","inLanguage":"es","@id":"https:\/\/fmgente.com.ar\/web\/#\/schema\/logo\/image\/","url":"https:\/\/fmgente.com.ar\/web\/wp-content\/uploads\/2023\/07\/cropped-cropped-logo-sombra2.png","contentUrl":"https:\/\/fmgente.com.ar\/web\/wp-content\/uploads\/2023\/07\/cropped-cropped-logo-sombra2.png","width":1782,"height":1782,"caption":"Fm Gente"},"image":{"@id":"https:\/\/fmgente.com.ar\/web\/#\/schema\/logo\/image\/"}}]}},"_links":{"self":[{"href":"https:\/\/fmgente.com.ar\/web\/wp-json\/wp\/v2\/posts\/21048","targetHints":{"allow":["GET"]}}],"collection":[{"href":"https:\/\/fmgente.com.ar\/web\/wp-json\/wp\/v2\/posts"}],"about":[{"href":"https:\/\/fmgente.com.ar\/web\/wp-json\/wp\/v2\/types\/post"}],"replies":[{"embeddable":true,"href":"https:\/\/fmgente.com.ar\/web\/wp-json\/wp\/v2\/comments?post=21048"}],"version-history":[{"count":0,"href":"https:\/\/fmgente.com.ar\/web\/wp-json\/wp\/v2\/posts\/21048\/revisions"}],"wp:featuredmedia":[{"embeddable":true,"href":"https:\/\/fmgente.com.ar\/web\/wp-json\/wp\/v2\/media\/21049"}],"wp:attachment":[{"href":"https:\/\/fmgente.com.ar\/web\/wp-json\/wp\/v2\/media?parent=21048"}],"wp:term":[{"taxonomy":"category","embeddable":true,"href":"https:\/\/fmgente.com.ar\/web\/wp-json\/wp\/v2\/categories?post=21048"},{"taxonomy":"post_tag","embeddable":true,"href":"https:\/\/fmgente.com.ar\/web\/wp-json\/wp\/v2\/tags?post=21048"}],"curies":[{"name":"wp","href":"https:\/\/api.w.org\/{rel}","templated":true}]}}