{"id":21046,"date":"2026-04-28T18:04:53","date_gmt":"2026-04-28T21:04:53","guid":{"rendered":"https:\/\/fmgente.com.ar\/web\/franco-colapinto-cumplio-su-sueno-y-se-encontro-con-lionel-messi-en-miami\/"},"modified":"2026-04-28T18:04:53","modified_gmt":"2026-04-28T21:04:53","slug":"franco-colapinto-cumplio-su-sueno-y-se-encontro-con-lionel-messi-en-miami","status":"publish","type":"post","link":"https:\/\/fmgente.com.ar\/web\/franco-colapinto-cumplio-su-sueno-y-se-encontro-con-lionel-messi-en-miami\/","title":{"rendered":"Franco Colapinto cumpli\u00f3 su sue\u00f1o y se encontr\u00f3 con Lionel Messi en Miami"},"content":{"rendered":"<p>Buenos Aires, 28 abril (NA) \u2014 Franco Colapinto cumpli\u00f3 uno de sus mayores deseos fuera del automovilismo: se encontr\u00f3 con Lionel Messi en Miami. El encuentro, que tambi\u00e9n incluy\u00f3 a Rodrigo De Paul, tuvo lugar en el centro de entrenamiento del Inter Miami y r\u00e1pidamente revolucion\u00f3 a los fan\u00e1ticos argentinos en redes sociales.<\/p>\n<p>La visita se dio en la previa del Gran Premio de Miami, que representar\u00e1 un nuevo desaf\u00edo para el piloto pilarense en la F\u00f3rmula 1. D\u00edas atr\u00e1s, Colapinto hab\u00eda manifestado p\u00fablicamente su deseo de conocer a Messi, aunque hab\u00eda aclarado que quer\u00eda que fuera \u201calgo natural\u201d y lejos de cualquier estrategia de marketing. Ese anhelo finalmente se concret\u00f3 y qued\u00f3 inmortalizado en una imagen que re\u00fane a dos de las m\u00e1ximas figuras del deporte argentino.<\/p>\n<p>Las fotos del encuentro entre Messi, Colapinto y De Paul se viralizaron en cuesti\u00f3n de horas y fueron recibidas como una postal hist\u00f3rica para el deporte nacional: en un mismo escenario se juntaron referentes de la F\u00f3rmula 1 y del f\u00fatbol mundial, despertando orgullo y emoci\u00f3n entre los seguidores.<\/p>\n<p>#AgenciaNA<\/p>\n","protected":false},"excerpt":{"rendered":"<p>Buenos Aires, 28 abril (NA) \u2014 Franco Colapinto cumpli\u00f3 uno de sus mayores deseos fuera<\/p>\n","protected":false},"author":0,"featured_media":21047,"comment_status":"","ping_status":"","sticky":false,"template":"","format":"standard","meta":{"footnotes":""},"categories":[1],"tags":[],"class_list":["post-21046","post","type-post","status-publish","format-standard","has-post-thumbnail","hentry","category-regionales"],"yoast_head":"<!-- This site is optimized with the Yoast SEO plugin v27.4 - https:\/\/yoast.com\/product\/yoast-seo-wordpress\/ -->\n<title>Franco Colapinto cumpli\u00f3 su sue\u00f1o y se encontr\u00f3 con Lionel Messi en Miami - Fm Gente<\/title>\n<meta name=\"robots\" content=\"index, follow, max-snippet:-1, max-image-preview:large, max-video-preview:-1\" \/>\n<link rel=\"canonical\" href=\"https:\/\/fmgente.com.ar\/web\/franco-colapinto-cumplio-su-sueno-y-se-encontro-con-lionel-messi-en-miami\/\" \/>\n<meta property=\"og:locale\" content=\"es_ES\" \/>\n<meta property=\"og:type\" content=\"article\" \/>\n<meta property=\"og:title\" content=\"Franco Colapinto cumpli\u00f3 su sue\u00f1o y se encontr\u00f3 con Lionel Messi en Miami - Fm Gente\" \/>\n<meta property=\"og:description\" content=\"Buenos Aires, 28 abril (NA) \u2014 Franco Colapinto cumpli\u00f3 uno de sus mayores deseos fuera\" \/>\n<meta property=\"og:url\" content=\"https:\/\/fmgente.com.ar\/web\/franco-colapinto-cumplio-su-sueno-y-se-encontro-con-lionel-messi-en-miami\/\" \/>\n<meta property=\"og:site_name\" content=\"Fm Gente\" \/>\n<meta property=\"article:published_time\" content=\"2026-04-28T21:04:53+00:00\" \/>\n<meta name=\"twitter:card\" content=\"summary_large_image\" \/>\n<meta name=\"twitter:label1\" content=\"Tiempo de lectura\" \/>\n\t<meta name=\"twitter:data1\" content=\"1 minuto\" \/>\n<script type=\"application\/ld+json\" class=\"yoast-schema-graph\">{\"@context\":\"https:\\\/\\\/schema.org\",\"@graph\":[{\"@type\":\"Article\",\"@id\":\"https:\\\/\\\/fmgente.com.ar\\\/web\\\/franco-colapinto-cumplio-su-sueno-y-se-encontro-con-lionel-messi-en-miami\\\/#article\",\"isPartOf\":{\"@id\":\"https:\\\/\\\/fmgente.com.ar\\\/web\\\/franco-colapinto-cumplio-su-sueno-y-se-encontro-con-lionel-messi-en-miami\\\/\"},\"author\":{\"name\":\"\",\"@id\":\"\"},\"headline\":\"Franco Colapinto cumpli\u00f3 su sue\u00f1o y se encontr\u00f3 con Lionel Messi en Miami\",\"datePublished\":\"2026-04-28T21:04:53+00:00\",\"mainEntityOfPage\":{\"@id\":\"https:\\\/\\\/fmgente.com.ar\\\/web\\\/franco-colapinto-cumplio-su-sueno-y-se-encontro-con-lionel-messi-en-miami\\\/\"},\"wordCount\":206,\"publisher\":{\"@id\":\"https:\\\/\\\/fmgente.com.ar\\\/web\\\/#organization\"},\"image\":{\"@id\":\"https:\\\/\\\/fmgente.com.ar\\\/web\\\/franco-colapinto-cumplio-su-sueno-y-se-encontro-con-lionel-messi-en-miami\\\/#primaryimage\"},\"thumbnailUrl\":\"https:\\\/\\\/fmgente.com.ar\\\/web\\\/wp-content\\\/uploads\\\/2026\\\/04\\\/720-1406.jpeg\",\"articleSection\":[\"REGIONALES\"],\"inLanguage\":\"es\"},{\"@type\":\"WebPage\",\"@id\":\"https:\\\/\\\/fmgente.com.ar\\\/web\\\/franco-colapinto-cumplio-su-sueno-y-se-encontro-con-lionel-messi-en-miami\\\/\",\"url\":\"https:\\\/\\\/fmgente.com.ar\\\/web\\\/franco-colapinto-cumplio-su-sueno-y-se-encontro-con-lionel-messi-en-miami\\\/\",\"name\":\"Franco Colapinto cumpli\u00f3 su sue\u00f1o y se encontr\u00f3 con Lionel Messi en Miami - Fm Gente\",\"isPartOf\":{\"@id\":\"https:\\\/\\\/fmgente.com.ar\\\/web\\\/#website\"},\"primaryImageOfPage\":{\"@id\":\"https:\\\/\\\/fmgente.com.ar\\\/web\\\/franco-colapinto-cumplio-su-sueno-y-se-encontro-con-lionel-messi-en-miami\\\/#primaryimage\"},\"image\":{\"@id\":\"https:\\\/\\\/fmgente.com.ar\\\/web\\\/franco-colapinto-cumplio-su-sueno-y-se-encontro-con-lionel-messi-en-miami\\\/#primaryimage\"},\"thumbnailUrl\":\"https:\\\/\\\/fmgente.com.ar\\\/web\\\/wp-content\\\/uploads\\\/2026\\\/04\\\/720-1406.jpeg\",\"datePublished\":\"2026-04-28T21:04:53+00:00\",\"inLanguage\":\"es\",\"potentialAction\":[{\"@type\":\"ReadAction\",\"target\":[\"https:\\\/\\\/fmgente.com.ar\\\/web\\\/franco-colapinto-cumplio-su-sueno-y-se-encontro-con-lionel-messi-en-miami\\\/\"]}]},{\"@type\":\"ImageObject\",\"inLanguage\":\"es\",\"@id\":\"https:\\\/\\\/fmgente.com.ar\\\/web\\\/franco-colapinto-cumplio-su-sueno-y-se-encontro-con-lionel-messi-en-miami\\\/#primaryimage\",\"url\":\"https:\\\/\\\/fmgente.com.ar\\\/web\\\/wp-content\\\/uploads\\\/2026\\\/04\\\/720-1406.jpeg\",\"contentUrl\":\"https:\\\/\\\/fmgente.com.ar\\\/web\\\/wp-content\\\/uploads\\\/2026\\\/04\\\/720-1406.jpeg\",\"width\":743,\"height\":720},{\"@type\":\"WebSite\",\"@id\":\"https:\\\/\\\/fmgente.com.ar\\\/web\\\/#website\",\"url\":\"https:\\\/\\\/fmgente.com.ar\\\/web\\\/\",\"name\":\"Fm Gente\",\"description\":\"- Jes\u00fas Mar\u00eda\",\"publisher\":{\"@id\":\"https:\\\/\\\/fmgente.com.ar\\\/web\\\/#organization\"},\"potentialAction\":[{\"@type\":\"SearchAction\",\"target\":{\"@type\":\"EntryPoint\",\"urlTemplate\":\"https:\\\/\\\/fmgente.com.ar\\\/web\\\/?s={search_term_string}\"},\"query-input\":{\"@type\":\"PropertyValueSpecification\",\"valueRequired\":true,\"valueName\":\"search_term_string\"}}],\"inLanguage\":\"es\"},{\"@type\":\"Organization\",\"@id\":\"https:\\\/\\\/fmgente.com.ar\\\/web\\\/#organization\",\"name\":\"Fm Gente\",\"url\":\"https:\\\/\\\/fmgente.com.ar\\\/web\\\/\",\"logo\":{\"@type\":\"ImageObject\",\"inLanguage\":\"es\",\"@id\":\"https:\\\/\\\/fmgente.com.ar\\\/web\\\/#\\\/schema\\\/logo\\\/image\\\/\",\"url\":\"https:\\\/\\\/fmgente.com.ar\\\/web\\\/wp-content\\\/uploads\\\/2023\\\/07\\\/cropped-cropped-logo-sombra2.png\",\"contentUrl\":\"https:\\\/\\\/fmgente.com.ar\\\/web\\\/wp-content\\\/uploads\\\/2023\\\/07\\\/cropped-cropped-logo-sombra2.png\",\"width\":1782,\"height\":1782,\"caption\":\"Fm Gente\"},\"image\":{\"@id\":\"https:\\\/\\\/fmgente.com.ar\\\/web\\\/#\\\/schema\\\/logo\\\/image\\\/\"}}]}<\/script>\n<!-- \/ Yoast SEO plugin. -->","yoast_head_json":{"title":"Franco Colapinto cumpli\u00f3 su sue\u00f1o y se encontr\u00f3 con Lionel Messi en Miami - Fm Gente","robots":{"index":"index","follow":"follow","max-snippet":"max-snippet:-1","max-image-preview":"max-image-preview:large","max-video-preview":"max-video-preview:-1"},"canonical":"https:\/\/fmgente.com.ar\/web\/franco-colapinto-cumplio-su-sueno-y-se-encontro-con-lionel-messi-en-miami\/","og_locale":"es_ES","og_type":"article","og_title":"Franco Colapinto cumpli\u00f3 su sue\u00f1o y se encontr\u00f3 con Lionel Messi en Miami - Fm Gente","og_description":"Buenos Aires, 28 abril (NA) \u2014 Franco Colapinto cumpli\u00f3 uno de sus mayores deseos fuera","og_url":"https:\/\/fmgente.com.ar\/web\/franco-colapinto-cumplio-su-sueno-y-se-encontro-con-lionel-messi-en-miami\/","og_site_name":"Fm Gente","article_published_time":"2026-04-28T21:04:53+00:00","twitter_card":"summary_large_image","twitter_misc":{"Tiempo de lectura":"1 minuto"},"schema":{"@context":"https:\/\/schema.org","@graph":[{"@type":"Article","@id":"https:\/\/fmgente.com.ar\/web\/franco-colapinto-cumplio-su-sueno-y-se-encontro-con-lionel-messi-en-miami\/#article","isPartOf":{"@id":"https:\/\/fmgente.com.ar\/web\/franco-colapinto-cumplio-su-sueno-y-se-encontro-con-lionel-messi-en-miami\/"},"author":{"name":"","@id":""},"headline":"Franco Colapinto cumpli\u00f3 su sue\u00f1o y se encontr\u00f3 con Lionel Messi en Miami","datePublished":"2026-04-28T21:04:53+00:00","mainEntityOfPage":{"@id":"https:\/\/fmgente.com.ar\/web\/franco-colapinto-cumplio-su-sueno-y-se-encontro-con-lionel-messi-en-miami\/"},"wordCount":206,"publisher":{"@id":"https:\/\/fmgente.com.ar\/web\/#organization"},"image":{"@id":"https:\/\/fmgente.com.ar\/web\/franco-colapinto-cumplio-su-sueno-y-se-encontro-con-lionel-messi-en-miami\/#primaryimage"},"thumbnailUrl":"https:\/\/fmgente.com.ar\/web\/wp-content\/uploads\/2026\/04\/720-1406.jpeg","articleSection":["REGIONALES"],"inLanguage":"es"},{"@type":"WebPage","@id":"https:\/\/fmgente.com.ar\/web\/franco-colapinto-cumplio-su-sueno-y-se-encontro-con-lionel-messi-en-miami\/","url":"https:\/\/fmgente.com.ar\/web\/franco-colapinto-cumplio-su-sueno-y-se-encontro-con-lionel-messi-en-miami\/","name":"Franco Colapinto cumpli\u00f3 su sue\u00f1o y se encontr\u00f3 con Lionel Messi en Miami - Fm Gente","isPartOf":{"@id":"https:\/\/fmgente.com.ar\/web\/#website"},"primaryImageOfPage":{"@id":"https:\/\/fmgente.com.ar\/web\/franco-colapinto-cumplio-su-sueno-y-se-encontro-con-lionel-messi-en-miami\/#primaryimage"},"image":{"@id":"https:\/\/fmgente.com.ar\/web\/franco-colapinto-cumplio-su-sueno-y-se-encontro-con-lionel-messi-en-miami\/#primaryimage"},"thumbnailUrl":"https:\/\/fmgente.com.ar\/web\/wp-content\/uploads\/2026\/04\/720-1406.jpeg","datePublished":"2026-04-28T21:04:53+00:00","inLanguage":"es","potentialAction":[{"@type":"ReadAction","target":["https:\/\/fmgente.com.ar\/web\/franco-colapinto-cumplio-su-sueno-y-se-encontro-con-lionel-messi-en-miami\/"]}]},{"@type":"ImageObject","inLanguage":"es","@id":"https:\/\/fmgente.com.ar\/web\/franco-colapinto-cumplio-su-sueno-y-se-encontro-con-lionel-messi-en-miami\/#primaryimage","url":"https:\/\/fmgente.com.ar\/web\/wp-content\/uploads\/2026\/04\/720-1406.jpeg","contentUrl":"https:\/\/fmgente.com.ar\/web\/wp-content\/uploads\/2026\/04\/720-1406.jpeg","width":743,"height":720},{"@type":"WebSite","@id":"https:\/\/fmgente.com.ar\/web\/#website","url":"https:\/\/fmgente.com.ar\/web\/","name":"Fm Gente","description":"- Jes\u00fas Mar\u00eda","publisher":{"@id":"https:\/\/fmgente.com.ar\/web\/#organization"},"potentialAction":[{"@type":"SearchAction","target":{"@type":"EntryPoint","urlTemplate":"https:\/\/fmgente.com.ar\/web\/?s={search_term_string}"},"query-input":{"@type":"PropertyValueSpecification","valueRequired":true,"valueName":"search_term_string"}}],"inLanguage":"es"},{"@type":"Organization","@id":"https:\/\/fmgente.com.ar\/web\/#organization","name":"Fm Gente","url":"https:\/\/fmgente.com.ar\/web\/","logo":{"@type":"ImageObject","inLanguage":"es","@id":"https:\/\/fmgente.com.ar\/web\/#\/schema\/logo\/image\/","url":"https:\/\/fmgente.com.ar\/web\/wp-content\/uploads\/2023\/07\/cropped-cropped-logo-sombra2.png","contentUrl":"https:\/\/fmgente.com.ar\/web\/wp-content\/uploads\/2023\/07\/cropped-cropped-logo-sombra2.png","width":1782,"height":1782,"caption":"Fm Gente"},"image":{"@id":"https:\/\/fmgente.com.ar\/web\/#\/schema\/logo\/image\/"}}]}},"_links":{"self":[{"href":"https:\/\/fmgente.com.ar\/web\/wp-json\/wp\/v2\/posts\/21046","targetHints":{"allow":["GET"]}}],"collection":[{"href":"https:\/\/fmgente.com.ar\/web\/wp-json\/wp\/v2\/posts"}],"about":[{"href":"https:\/\/fmgente.com.ar\/web\/wp-json\/wp\/v2\/types\/post"}],"replies":[{"embeddable":true,"href":"https:\/\/fmgente.com.ar\/web\/wp-json\/wp\/v2\/comments?post=21046"}],"version-history":[{"count":0,"href":"https:\/\/fmgente.com.ar\/web\/wp-json\/wp\/v2\/posts\/21046\/revisions"}],"wp:featuredmedia":[{"embeddable":true,"href":"https:\/\/fmgente.com.ar\/web\/wp-json\/wp\/v2\/media\/21047"}],"wp:attachment":[{"href":"https:\/\/fmgente.com.ar\/web\/wp-json\/wp\/v2\/media?parent=21046"}],"wp:term":[{"taxonomy":"category","embeddable":true,"href":"https:\/\/fmgente.com.ar\/web\/wp-json\/wp\/v2\/categories?post=21046"},{"taxonomy":"post_tag","embeddable":true,"href":"https:\/\/fmgente.com.ar\/web\/wp-json\/wp\/v2\/tags?post=21046"}],"curies":[{"name":"wp","href":"https:\/\/api.w.org\/{rel}","templated":true}]}}