{"id":21044,"date":"2026-04-28T18:04:52","date_gmt":"2026-04-28T21:04:52","guid":{"rendered":"https:\/\/fmgente.com.ar\/web\/la-guerra-de-iran-provocara-el-mayor-aumento-de-los-precios-de-la-energia-en-cuatro-anos\/"},"modified":"2026-04-28T18:04:52","modified_gmt":"2026-04-28T21:04:52","slug":"la-guerra-de-iran-provocara-el-mayor-aumento-de-los-precios-de-la-energia-en-cuatro-anos","status":"publish","type":"post","link":"https:\/\/fmgente.com.ar\/web\/la-guerra-de-iran-provocara-el-mayor-aumento-de-los-precios-de-la-energia-en-cuatro-anos\/","title":{"rendered":"La guerra de Ir\u00e1n provocar\u00e1 el mayor aumento de los precios de la energ\u00eda en cuatro a\u00f1os"},"content":{"rendered":"<p>Buenos Aires, 28 abril (NA) \u2013 La guerra entre Estados Unidos e Israel contra Ir\u00e1n provocar\u00e1 un aumento de los precios de la energ\u00eda de un 24%, hasta su nivel m\u00e1s alto desde que Rusia lanz\u00f3 su invasi\u00f3n de Ucrania en 2022, seg\u00fan inform\u00f3 el Banco Mundial el martes.<\/p>\n<p>Los ataques contra la infraestructura energ\u00e9tica en Medio Oriente y las interrupciones del transporte mar\u00edtimo en el estrecho de Ormuz y sus alrededores, por donde sol\u00eda pasar aproximadamente una cuarta parte del petr\u00f3leo crudo transportado por mar del mundo antes de la guerra, provocaron \u201cla mayor crisis de suministro de petr\u00f3leo registrada\u201d, seg\u00fan el \u00faltimo informe de Perspectivas de los Mercados de Materias Primas del Banco Mundial.<\/p>\n<p>El informe a\u00f1ade que los precios generales de los productos b\u00e1sicos aumentar\u00e1n un 16%, impulsados por el vertiginoso incremento de los precios de la energ\u00eda y los fertilizantes, y por los m\u00e1ximos hist\u00f3ricos alcanzados por varios metales clave.<\/p>\n<p>El Banco Mundial advirti\u00f3 que los pa\u00edses pobres ser\u00e1n los m\u00e1s afectados, seg\u00fan un comunicado citado por la cadena CNN y reportado por la Agencia Noticias Argentinas.<\/p>\n<p>\u201cLa guerra est\u00e1 afectando a la econom\u00eda mundial en oleadas acumulativas: primero con el aumento de los precios de la energ\u00eda, luego con el alza de los precios de los alimentos y, finalmente, con una mayor inflaci\u00f3n, lo que elevar\u00e1 los tipos de inter\u00e9s y encarecer\u00e1 a\u00fan m\u00e1s la deuda\u201d, declar\u00f3 Indermit Gill, economista jefe del Grupo Banco Mundial.<\/p>\n<p>El organismo subray\u00f3 que las personas m\u00e1s pobres, que destinan la mayor parte de sus ingresos a alimentos y combustibles, ser\u00e1n las m\u00e1s perjudicadas, al igual que las econom\u00edas en desarrollo que ya enfrentan una pesada carga de deuda. \u201cTodo esto nos recuerda una cruda realidad: la guerra es desarrollo a la inversa\u201d, agreg\u00f3 el Banco Mundial.<\/p>\n<p>El informe advierte que los precios del petr\u00f3leo podr\u00edan alcanzar los 115 d\u00f3lares por barril en 2026. El crudo Brent, referencia internacional, super\u00f3 los 112 d\u00f3lares el martes.<\/p>\n<p>Si bien los pa\u00edses en desarrollo podr\u00edan sentir el golpe con mayor intensidad, el conflicto tambi\u00e9n ha disparado los precios de la gasolina por encima de los 4 d\u00f3lares el gal\u00f3n en Estados Unidos, ha dificultado la compra de viviendas y ha elevado la inflaci\u00f3n a su nivel m\u00e1s alto en casi dos a\u00f1os. Incluso si la guerra termina pronto, los economistas afirman que es probable que los estadounidenses sientan las consecuencias econ\u00f3micas durante meses.<\/p>\n<p>En marzo, el Programa Mundial de Alimentos advirti\u00f3 que, ante el aumento de los precios de los fertilizantes, si el conflicto no termina pronto, estas presiones sobre el suministro y la asequibilidad de los alimentos podr\u00edan empujar a hasta 45 millones de personas m\u00e1s a la inseguridad alimentaria aguda este a\u00f1o.<\/p>\n<p>#AgenciaNA<\/p>\n","protected":false},"excerpt":{"rendered":"<p>Buenos Aires, 28 abril (NA) \u2013 La guerra entre Estados Unidos e Israel contra Ir\u00e1n<\/p>\n","protected":false},"author":0,"featured_media":21045,"comment_status":"","ping_status":"","sticky":false,"template":"","format":"standard","meta":{"footnotes":""},"categories":[1],"tags":[],"class_list":["post-21044","post","type-post","status-publish","format-standard","has-post-thumbnail","hentry","category-regionales"],"yoast_head":"<!-- This site is optimized with the Yoast SEO plugin v27.4 - https:\/\/yoast.com\/product\/yoast-seo-wordpress\/ -->\n<title>La guerra de Ir\u00e1n provocar\u00e1 el mayor aumento de los precios de la energ\u00eda en cuatro a\u00f1os - Fm Gente<\/title>\n<meta name=\"robots\" content=\"index, follow, max-snippet:-1, max-image-preview:large, max-video-preview:-1\" \/>\n<link rel=\"canonical\" href=\"https:\/\/fmgente.com.ar\/web\/la-guerra-de-iran-provocara-el-mayor-aumento-de-los-precios-de-la-energia-en-cuatro-anos\/\" \/>\n<meta property=\"og:locale\" content=\"es_ES\" \/>\n<meta property=\"og:type\" content=\"article\" \/>\n<meta property=\"og:title\" content=\"La guerra de Ir\u00e1n provocar\u00e1 el mayor aumento de los precios de la energ\u00eda en cuatro a\u00f1os - Fm Gente\" \/>\n<meta property=\"og:description\" content=\"Buenos Aires, 28 abril (NA) \u2013 La guerra entre Estados Unidos e Israel contra Ir\u00e1n\" \/>\n<meta property=\"og:url\" content=\"https:\/\/fmgente.com.ar\/web\/la-guerra-de-iran-provocara-el-mayor-aumento-de-los-precios-de-la-energia-en-cuatro-anos\/\" \/>\n<meta property=\"og:site_name\" content=\"Fm Gente\" \/>\n<meta property=\"article:published_time\" content=\"2026-04-28T21:04:52+00:00\" \/>\n<meta name=\"twitter:card\" content=\"summary_large_image\" \/>\n<meta name=\"twitter:label1\" content=\"Tiempo de lectura\" \/>\n\t<meta name=\"twitter:data1\" content=\"2 minutos\" \/>\n<script type=\"application\/ld+json\" class=\"yoast-schema-graph\">{\"@context\":\"https:\\\/\\\/schema.org\",\"@graph\":[{\"@type\":\"Article\",\"@id\":\"https:\\\/\\\/fmgente.com.ar\\\/web\\\/la-guerra-de-iran-provocara-el-mayor-aumento-de-los-precios-de-la-energia-en-cuatro-anos\\\/#article\",\"isPartOf\":{\"@id\":\"https:\\\/\\\/fmgente.com.ar\\\/web\\\/la-guerra-de-iran-provocara-el-mayor-aumento-de-los-precios-de-la-energia-en-cuatro-anos\\\/\"},\"author\":{\"name\":\"\",\"@id\":\"\"},\"headline\":\"La guerra de Ir\u00e1n provocar\u00e1 el mayor aumento de los precios de la energ\u00eda en cuatro a\u00f1os\",\"datePublished\":\"2026-04-28T21:04:52+00:00\",\"mainEntityOfPage\":{\"@id\":\"https:\\\/\\\/fmgente.com.ar\\\/web\\\/la-guerra-de-iran-provocara-el-mayor-aumento-de-los-precios-de-la-energia-en-cuatro-anos\\\/\"},\"wordCount\":509,\"publisher\":{\"@id\":\"https:\\\/\\\/fmgente.com.ar\\\/web\\\/#organization\"},\"image\":{\"@id\":\"https:\\\/\\\/fmgente.com.ar\\\/web\\\/la-guerra-de-iran-provocara-el-mayor-aumento-de-los-precios-de-la-energia-en-cuatro-anos\\\/#primaryimage\"},\"thumbnailUrl\":\"https:\\\/\\\/fmgente.com.ar\\\/web\\\/wp-content\\\/uploads\\\/2026\\\/04\\\/720-1405.jpeg\",\"articleSection\":[\"REGIONALES\"],\"inLanguage\":\"es\"},{\"@type\":\"WebPage\",\"@id\":\"https:\\\/\\\/fmgente.com.ar\\\/web\\\/la-guerra-de-iran-provocara-el-mayor-aumento-de-los-precios-de-la-energia-en-cuatro-anos\\\/\",\"url\":\"https:\\\/\\\/fmgente.com.ar\\\/web\\\/la-guerra-de-iran-provocara-el-mayor-aumento-de-los-precios-de-la-energia-en-cuatro-anos\\\/\",\"name\":\"La guerra de Ir\u00e1n provocar\u00e1 el mayor aumento de los precios de la energ\u00eda en cuatro a\u00f1os - Fm Gente\",\"isPartOf\":{\"@id\":\"https:\\\/\\\/fmgente.com.ar\\\/web\\\/#website\"},\"primaryImageOfPage\":{\"@id\":\"https:\\\/\\\/fmgente.com.ar\\\/web\\\/la-guerra-de-iran-provocara-el-mayor-aumento-de-los-precios-de-la-energia-en-cuatro-anos\\\/#primaryimage\"},\"image\":{\"@id\":\"https:\\\/\\\/fmgente.com.ar\\\/web\\\/la-guerra-de-iran-provocara-el-mayor-aumento-de-los-precios-de-la-energia-en-cuatro-anos\\\/#primaryimage\"},\"thumbnailUrl\":\"https:\\\/\\\/fmgente.com.ar\\\/web\\\/wp-content\\\/uploads\\\/2026\\\/04\\\/720-1405.jpeg\",\"datePublished\":\"2026-04-28T21:04:52+00:00\",\"inLanguage\":\"es\",\"potentialAction\":[{\"@type\":\"ReadAction\",\"target\":[\"https:\\\/\\\/fmgente.com.ar\\\/web\\\/la-guerra-de-iran-provocara-el-mayor-aumento-de-los-precios-de-la-energia-en-cuatro-anos\\\/\"]}]},{\"@type\":\"ImageObject\",\"inLanguage\":\"es\",\"@id\":\"https:\\\/\\\/fmgente.com.ar\\\/web\\\/la-guerra-de-iran-provocara-el-mayor-aumento-de-los-precios-de-la-energia-en-cuatro-anos\\\/#primaryimage\",\"url\":\"https:\\\/\\\/fmgente.com.ar\\\/web\\\/wp-content\\\/uploads\\\/2026\\\/04\\\/720-1405.jpeg\",\"contentUrl\":\"https:\\\/\\\/fmgente.com.ar\\\/web\\\/wp-content\\\/uploads\\\/2026\\\/04\\\/720-1405.jpeg\",\"width\":1081,\"height\":720},{\"@type\":\"WebSite\",\"@id\":\"https:\\\/\\\/fmgente.com.ar\\\/web\\\/#website\",\"url\":\"https:\\\/\\\/fmgente.com.ar\\\/web\\\/\",\"name\":\"Fm Gente\",\"description\":\"- Jes\u00fas Mar\u00eda\",\"publisher\":{\"@id\":\"https:\\\/\\\/fmgente.com.ar\\\/web\\\/#organization\"},\"potentialAction\":[{\"@type\":\"SearchAction\",\"target\":{\"@type\":\"EntryPoint\",\"urlTemplate\":\"https:\\\/\\\/fmgente.com.ar\\\/web\\\/?s={search_term_string}\"},\"query-input\":{\"@type\":\"PropertyValueSpecification\",\"valueRequired\":true,\"valueName\":\"search_term_string\"}}],\"inLanguage\":\"es\"},{\"@type\":\"Organization\",\"@id\":\"https:\\\/\\\/fmgente.com.ar\\\/web\\\/#organization\",\"name\":\"Fm Gente\",\"url\":\"https:\\\/\\\/fmgente.com.ar\\\/web\\\/\",\"logo\":{\"@type\":\"ImageObject\",\"inLanguage\":\"es\",\"@id\":\"https:\\\/\\\/fmgente.com.ar\\\/web\\\/#\\\/schema\\\/logo\\\/image\\\/\",\"url\":\"https:\\\/\\\/fmgente.com.ar\\\/web\\\/wp-content\\\/uploads\\\/2023\\\/07\\\/cropped-cropped-logo-sombra2.png\",\"contentUrl\":\"https:\\\/\\\/fmgente.com.ar\\\/web\\\/wp-content\\\/uploads\\\/2023\\\/07\\\/cropped-cropped-logo-sombra2.png\",\"width\":1782,\"height\":1782,\"caption\":\"Fm Gente\"},\"image\":{\"@id\":\"https:\\\/\\\/fmgente.com.ar\\\/web\\\/#\\\/schema\\\/logo\\\/image\\\/\"}}]}<\/script>\n<!-- \/ Yoast SEO plugin. -->","yoast_head_json":{"title":"La guerra de Ir\u00e1n provocar\u00e1 el mayor aumento de los precios de la energ\u00eda en cuatro a\u00f1os - Fm Gente","robots":{"index":"index","follow":"follow","max-snippet":"max-snippet:-1","max-image-preview":"max-image-preview:large","max-video-preview":"max-video-preview:-1"},"canonical":"https:\/\/fmgente.com.ar\/web\/la-guerra-de-iran-provocara-el-mayor-aumento-de-los-precios-de-la-energia-en-cuatro-anos\/","og_locale":"es_ES","og_type":"article","og_title":"La guerra de Ir\u00e1n provocar\u00e1 el mayor aumento de los precios de la energ\u00eda en cuatro a\u00f1os - Fm Gente","og_description":"Buenos Aires, 28 abril (NA) \u2013 La guerra entre Estados Unidos e Israel contra Ir\u00e1n","og_url":"https:\/\/fmgente.com.ar\/web\/la-guerra-de-iran-provocara-el-mayor-aumento-de-los-precios-de-la-energia-en-cuatro-anos\/","og_site_name":"Fm Gente","article_published_time":"2026-04-28T21:04:52+00:00","twitter_card":"summary_large_image","twitter_misc":{"Tiempo de lectura":"2 minutos"},"schema":{"@context":"https:\/\/schema.org","@graph":[{"@type":"Article","@id":"https:\/\/fmgente.com.ar\/web\/la-guerra-de-iran-provocara-el-mayor-aumento-de-los-precios-de-la-energia-en-cuatro-anos\/#article","isPartOf":{"@id":"https:\/\/fmgente.com.ar\/web\/la-guerra-de-iran-provocara-el-mayor-aumento-de-los-precios-de-la-energia-en-cuatro-anos\/"},"author":{"name":"","@id":""},"headline":"La guerra de Ir\u00e1n provocar\u00e1 el mayor aumento de los precios de la energ\u00eda en cuatro a\u00f1os","datePublished":"2026-04-28T21:04:52+00:00","mainEntityOfPage":{"@id":"https:\/\/fmgente.com.ar\/web\/la-guerra-de-iran-provocara-el-mayor-aumento-de-los-precios-de-la-energia-en-cuatro-anos\/"},"wordCount":509,"publisher":{"@id":"https:\/\/fmgente.com.ar\/web\/#organization"},"image":{"@id":"https:\/\/fmgente.com.ar\/web\/la-guerra-de-iran-provocara-el-mayor-aumento-de-los-precios-de-la-energia-en-cuatro-anos\/#primaryimage"},"thumbnailUrl":"https:\/\/fmgente.com.ar\/web\/wp-content\/uploads\/2026\/04\/720-1405.jpeg","articleSection":["REGIONALES"],"inLanguage":"es"},{"@type":"WebPage","@id":"https:\/\/fmgente.com.ar\/web\/la-guerra-de-iran-provocara-el-mayor-aumento-de-los-precios-de-la-energia-en-cuatro-anos\/","url":"https:\/\/fmgente.com.ar\/web\/la-guerra-de-iran-provocara-el-mayor-aumento-de-los-precios-de-la-energia-en-cuatro-anos\/","name":"La guerra de Ir\u00e1n provocar\u00e1 el mayor aumento de los precios de la energ\u00eda en cuatro a\u00f1os - Fm Gente","isPartOf":{"@id":"https:\/\/fmgente.com.ar\/web\/#website"},"primaryImageOfPage":{"@id":"https:\/\/fmgente.com.ar\/web\/la-guerra-de-iran-provocara-el-mayor-aumento-de-los-precios-de-la-energia-en-cuatro-anos\/#primaryimage"},"image":{"@id":"https:\/\/fmgente.com.ar\/web\/la-guerra-de-iran-provocara-el-mayor-aumento-de-los-precios-de-la-energia-en-cuatro-anos\/#primaryimage"},"thumbnailUrl":"https:\/\/fmgente.com.ar\/web\/wp-content\/uploads\/2026\/04\/720-1405.jpeg","datePublished":"2026-04-28T21:04:52+00:00","inLanguage":"es","potentialAction":[{"@type":"ReadAction","target":["https:\/\/fmgente.com.ar\/web\/la-guerra-de-iran-provocara-el-mayor-aumento-de-los-precios-de-la-energia-en-cuatro-anos\/"]}]},{"@type":"ImageObject","inLanguage":"es","@id":"https:\/\/fmgente.com.ar\/web\/la-guerra-de-iran-provocara-el-mayor-aumento-de-los-precios-de-la-energia-en-cuatro-anos\/#primaryimage","url":"https:\/\/fmgente.com.ar\/web\/wp-content\/uploads\/2026\/04\/720-1405.jpeg","contentUrl":"https:\/\/fmgente.com.ar\/web\/wp-content\/uploads\/2026\/04\/720-1405.jpeg","width":1081,"height":720},{"@type":"WebSite","@id":"https:\/\/fmgente.com.ar\/web\/#website","url":"https:\/\/fmgente.com.ar\/web\/","name":"Fm Gente","description":"- Jes\u00fas Mar\u00eda","publisher":{"@id":"https:\/\/fmgente.com.ar\/web\/#organization"},"potentialAction":[{"@type":"SearchAction","target":{"@type":"EntryPoint","urlTemplate":"https:\/\/fmgente.com.ar\/web\/?s={search_term_string}"},"query-input":{"@type":"PropertyValueSpecification","valueRequired":true,"valueName":"search_term_string"}}],"inLanguage":"es"},{"@type":"Organization","@id":"https:\/\/fmgente.com.ar\/web\/#organization","name":"Fm Gente","url":"https:\/\/fmgente.com.ar\/web\/","logo":{"@type":"ImageObject","inLanguage":"es","@id":"https:\/\/fmgente.com.ar\/web\/#\/schema\/logo\/image\/","url":"https:\/\/fmgente.com.ar\/web\/wp-content\/uploads\/2023\/07\/cropped-cropped-logo-sombra2.png","contentUrl":"https:\/\/fmgente.com.ar\/web\/wp-content\/uploads\/2023\/07\/cropped-cropped-logo-sombra2.png","width":1782,"height":1782,"caption":"Fm Gente"},"image":{"@id":"https:\/\/fmgente.com.ar\/web\/#\/schema\/logo\/image\/"}}]}},"_links":{"self":[{"href":"https:\/\/fmgente.com.ar\/web\/wp-json\/wp\/v2\/posts\/21044","targetHints":{"allow":["GET"]}}],"collection":[{"href":"https:\/\/fmgente.com.ar\/web\/wp-json\/wp\/v2\/posts"}],"about":[{"href":"https:\/\/fmgente.com.ar\/web\/wp-json\/wp\/v2\/types\/post"}],"replies":[{"embeddable":true,"href":"https:\/\/fmgente.com.ar\/web\/wp-json\/wp\/v2\/comments?post=21044"}],"version-history":[{"count":0,"href":"https:\/\/fmgente.com.ar\/web\/wp-json\/wp\/v2\/posts\/21044\/revisions"}],"wp:featuredmedia":[{"embeddable":true,"href":"https:\/\/fmgente.com.ar\/web\/wp-json\/wp\/v2\/media\/21045"}],"wp:attachment":[{"href":"https:\/\/fmgente.com.ar\/web\/wp-json\/wp\/v2\/media?parent=21044"}],"wp:term":[{"taxonomy":"category","embeddable":true,"href":"https:\/\/fmgente.com.ar\/web\/wp-json\/wp\/v2\/categories?post=21044"},{"taxonomy":"post_tag","embeddable":true,"href":"https:\/\/fmgente.com.ar\/web\/wp-json\/wp\/v2\/tags?post=21044"}],"curies":[{"name":"wp","href":"https:\/\/api.w.org\/{rel}","templated":true}]}}