{"id":21042,"date":"2026-04-28T18:04:51","date_gmt":"2026-04-28T21:04:51","guid":{"rendered":"https:\/\/fmgente.com.ar\/web\/la-izquierda-anuncio-un-acto-en-ferro-el-1o-de-mayo\/"},"modified":"2026-04-28T18:04:51","modified_gmt":"2026-04-28T21:04:51","slug":"la-izquierda-anuncio-un-acto-en-ferro-el-1o-de-mayo","status":"publish","type":"post","link":"https:\/\/fmgente.com.ar\/web\/la-izquierda-anuncio-un-acto-en-ferro-el-1o-de-mayo\/","title":{"rendered":"La Izquierda anunci\u00f3 un acto en Ferro el 1\u00ba de mayo"},"content":{"rendered":"<p>Buenos Aires, 28 abril (NA) \u2013 El PTS (Partido de los Trabajadores Socialistas), principal fuerza dentro del Frente de Izquierda, se prepara para convertir este 1\u00ba de mayo en un hito pol\u00edtico que trascienda la tradicional efem\u00e9ride del D\u00eda del Trabajador. Bajo la consigna de construir una \u00abverdadera alternativa de poder\u00bb, la dirigencia se reunir\u00e1 en el microestadio de Ferro a las 16 con la apuesta de \u201cconstruir una alternativa de poder\u201d.<\/p>\n<p>La figura central de la actividad ser\u00e1 la diputada nacional Myriam Bregman, quien llega al encuentro por un dato que entusiasma a las filas del PTS: un crecimiento sostenido en su imagen, seg\u00fan diversas encuestas como la que realiz\u00f3 la Universidad de San Andr\u00e9s, que muestra a la dirigente con un 43% de imagen positiva.<\/p>\n<p>\u00abNo ser\u00e1 un 1\u00ba de mayo m\u00e1s\u00bb, adelant\u00f3 la ex candidata presidencial, quien vincul\u00f3 la convocatoria al desgaste del modelo de Javier Milei.<\/p>\n<p>Para Bregman, el oficialismo atraviesa un \u00abmomento de debilidad\u00bb marcado por la ca\u00edda en los sondeos, esc\u00e1ndalos de corrupci\u00f3n y un deterioro social profundo. \u201cYa no se aguanta m\u00e1s el empobrecimiento de gran parte de la poblaci\u00f3n, golpeada por la inflaci\u00f3n, los despidos y las medidas de ajuste\u201d, sentenci\u00f3 la referente de izquierda.<\/p>\n<p>La Agencia Noticias Argentinas constat\u00f3 que desde el PTS leen este descontento y los buenos n\u00fameros en los sondeos de la opini\u00f3n p\u00fablica como una oportunidad para salir del \u00abrutinarismo\u00bb y dar un salto en la escena nacional, como una verdadera alternativa de poder. La intenci\u00f3n que tienen en la fuerza es clara: transformar la adhesi\u00f3n que genera la legisladora en votos.<\/p>\n<p>Por su parte, Nicol\u00e1s del Ca\u00f1o reforz\u00f3 la estrategia de diferenciaci\u00f3n que el FIT ha sostenido en el Congreso. El diputado nacional destac\u00f3 que su bloque es el \u00fanico que se mantuvo inc\u00f3lume frente a las iniciativas legislativas del Ejecutivo.<\/p>\n<p>\u00abSomos el \u00fanico bloque que no le aport\u00f3 ni un solo voto a las leyes de Milei, a diferencia del peronismo que ofreci\u00f3 muchos colaboradores, mientras otros de ese espacio lo rechazan de palabra pero dejan correr sus planes en los hechos\u00bb, dispar\u00f3 Del Ca\u00f1o, apuntando tambi\u00e9n contra la c\u00fapula de la CGT por lo que consideran una tregua funcional al Gobierno.<\/p>\n<p>El encuentro en Ferro tendr\u00e1 una impronta \u201cinternacionalista\u201d con la participaci\u00f3n de delegados y referentes de Brasil, Francia y Chile, buscando conectar las luchas locales con el contexto global. Tambi\u00e9n tendr\u00e1n su espacio representantes de conflictos testigos en sectores como Salud, Docentes y la industria del neum\u00e1tico (FATE). #AgenciaNA<\/p>\n","protected":false},"excerpt":{"rendered":"<p>Buenos Aires, 28 abril (NA) \u2013 El PTS (Partido de los Trabajadores Socialistas), principal fuerza<\/p>\n","protected":false},"author":0,"featured_media":21043,"comment_status":"","ping_status":"","sticky":false,"template":"","format":"standard","meta":{"footnotes":""},"categories":[1],"tags":[],"class_list":["post-21042","post","type-post","status-publish","format-standard","has-post-thumbnail","hentry","category-regionales"],"yoast_head":"<!-- This site is optimized with the Yoast SEO plugin v27.4 - https:\/\/yoast.com\/product\/yoast-seo-wordpress\/ -->\n<title>La Izquierda anunci\u00f3 un acto en Ferro el 1\u00ba de mayo - Fm Gente<\/title>\n<meta name=\"robots\" content=\"index, follow, max-snippet:-1, max-image-preview:large, max-video-preview:-1\" \/>\n<link rel=\"canonical\" href=\"https:\/\/fmgente.com.ar\/web\/la-izquierda-anuncio-un-acto-en-ferro-el-1o-de-mayo\/\" \/>\n<meta property=\"og:locale\" content=\"es_ES\" \/>\n<meta property=\"og:type\" content=\"article\" \/>\n<meta property=\"og:title\" content=\"La Izquierda anunci\u00f3 un acto en Ferro el 1\u00ba de mayo - Fm Gente\" \/>\n<meta property=\"og:description\" content=\"Buenos Aires, 28 abril (NA) \u2013 El PTS (Partido de los Trabajadores Socialistas), principal fuerza\" \/>\n<meta property=\"og:url\" content=\"https:\/\/fmgente.com.ar\/web\/la-izquierda-anuncio-un-acto-en-ferro-el-1o-de-mayo\/\" \/>\n<meta property=\"og:site_name\" content=\"Fm Gente\" \/>\n<meta property=\"article:published_time\" content=\"2026-04-28T21:04:51+00:00\" \/>\n<meta name=\"twitter:card\" content=\"summary_large_image\" \/>\n<meta name=\"twitter:label1\" content=\"Tiempo de lectura\" \/>\n\t<meta name=\"twitter:data1\" content=\"2 minutos\" \/>\n<script type=\"application\/ld+json\" class=\"yoast-schema-graph\">{\"@context\":\"https:\\\/\\\/schema.org\",\"@graph\":[{\"@type\":\"Article\",\"@id\":\"https:\\\/\\\/fmgente.com.ar\\\/web\\\/la-izquierda-anuncio-un-acto-en-ferro-el-1o-de-mayo\\\/#article\",\"isPartOf\":{\"@id\":\"https:\\\/\\\/fmgente.com.ar\\\/web\\\/la-izquierda-anuncio-un-acto-en-ferro-el-1o-de-mayo\\\/\"},\"author\":{\"name\":\"\",\"@id\":\"\"},\"headline\":\"La Izquierda anunci\u00f3 un acto en Ferro el 1\u00ba de mayo\",\"datePublished\":\"2026-04-28T21:04:51+00:00\",\"mainEntityOfPage\":{\"@id\":\"https:\\\/\\\/fmgente.com.ar\\\/web\\\/la-izquierda-anuncio-un-acto-en-ferro-el-1o-de-mayo\\\/\"},\"wordCount\":448,\"publisher\":{\"@id\":\"https:\\\/\\\/fmgente.com.ar\\\/web\\\/#organization\"},\"image\":{\"@id\":\"https:\\\/\\\/fmgente.com.ar\\\/web\\\/la-izquierda-anuncio-un-acto-en-ferro-el-1o-de-mayo\\\/#primaryimage\"},\"thumbnailUrl\":\"https:\\\/\\\/fmgente.com.ar\\\/web\\\/wp-content\\\/uploads\\\/2026\\\/04\\\/720-1404.jpeg\",\"articleSection\":[\"REGIONALES\"],\"inLanguage\":\"es\"},{\"@type\":\"WebPage\",\"@id\":\"https:\\\/\\\/fmgente.com.ar\\\/web\\\/la-izquierda-anuncio-un-acto-en-ferro-el-1o-de-mayo\\\/\",\"url\":\"https:\\\/\\\/fmgente.com.ar\\\/web\\\/la-izquierda-anuncio-un-acto-en-ferro-el-1o-de-mayo\\\/\",\"name\":\"La Izquierda anunci\u00f3 un acto en Ferro el 1\u00ba de mayo - Fm Gente\",\"isPartOf\":{\"@id\":\"https:\\\/\\\/fmgente.com.ar\\\/web\\\/#website\"},\"primaryImageOfPage\":{\"@id\":\"https:\\\/\\\/fmgente.com.ar\\\/web\\\/la-izquierda-anuncio-un-acto-en-ferro-el-1o-de-mayo\\\/#primaryimage\"},\"image\":{\"@id\":\"https:\\\/\\\/fmgente.com.ar\\\/web\\\/la-izquierda-anuncio-un-acto-en-ferro-el-1o-de-mayo\\\/#primaryimage\"},\"thumbnailUrl\":\"https:\\\/\\\/fmgente.com.ar\\\/web\\\/wp-content\\\/uploads\\\/2026\\\/04\\\/720-1404.jpeg\",\"datePublished\":\"2026-04-28T21:04:51+00:00\",\"inLanguage\":\"es\",\"potentialAction\":[{\"@type\":\"ReadAction\",\"target\":[\"https:\\\/\\\/fmgente.com.ar\\\/web\\\/la-izquierda-anuncio-un-acto-en-ferro-el-1o-de-mayo\\\/\"]}]},{\"@type\":\"ImageObject\",\"inLanguage\":\"es\",\"@id\":\"https:\\\/\\\/fmgente.com.ar\\\/web\\\/la-izquierda-anuncio-un-acto-en-ferro-el-1o-de-mayo\\\/#primaryimage\",\"url\":\"https:\\\/\\\/fmgente.com.ar\\\/web\\\/wp-content\\\/uploads\\\/2026\\\/04\\\/720-1404.jpeg\",\"contentUrl\":\"https:\\\/\\\/fmgente.com.ar\\\/web\\\/wp-content\\\/uploads\\\/2026\\\/04\\\/720-1404.jpeg\",\"width\":1078,\"height\":720},{\"@type\":\"WebSite\",\"@id\":\"https:\\\/\\\/fmgente.com.ar\\\/web\\\/#website\",\"url\":\"https:\\\/\\\/fmgente.com.ar\\\/web\\\/\",\"name\":\"Fm Gente\",\"description\":\"- Jes\u00fas Mar\u00eda\",\"publisher\":{\"@id\":\"https:\\\/\\\/fmgente.com.ar\\\/web\\\/#organization\"},\"potentialAction\":[{\"@type\":\"SearchAction\",\"target\":{\"@type\":\"EntryPoint\",\"urlTemplate\":\"https:\\\/\\\/fmgente.com.ar\\\/web\\\/?s={search_term_string}\"},\"query-input\":{\"@type\":\"PropertyValueSpecification\",\"valueRequired\":true,\"valueName\":\"search_term_string\"}}],\"inLanguage\":\"es\"},{\"@type\":\"Organization\",\"@id\":\"https:\\\/\\\/fmgente.com.ar\\\/web\\\/#organization\",\"name\":\"Fm Gente\",\"url\":\"https:\\\/\\\/fmgente.com.ar\\\/web\\\/\",\"logo\":{\"@type\":\"ImageObject\",\"inLanguage\":\"es\",\"@id\":\"https:\\\/\\\/fmgente.com.ar\\\/web\\\/#\\\/schema\\\/logo\\\/image\\\/\",\"url\":\"https:\\\/\\\/fmgente.com.ar\\\/web\\\/wp-content\\\/uploads\\\/2023\\\/07\\\/cropped-cropped-logo-sombra2.png\",\"contentUrl\":\"https:\\\/\\\/fmgente.com.ar\\\/web\\\/wp-content\\\/uploads\\\/2023\\\/07\\\/cropped-cropped-logo-sombra2.png\",\"width\":1782,\"height\":1782,\"caption\":\"Fm Gente\"},\"image\":{\"@id\":\"https:\\\/\\\/fmgente.com.ar\\\/web\\\/#\\\/schema\\\/logo\\\/image\\\/\"}}]}<\/script>\n<!-- \/ Yoast SEO plugin. -->","yoast_head_json":{"title":"La Izquierda anunci\u00f3 un acto en Ferro el 1\u00ba de mayo - Fm Gente","robots":{"index":"index","follow":"follow","max-snippet":"max-snippet:-1","max-image-preview":"max-image-preview:large","max-video-preview":"max-video-preview:-1"},"canonical":"https:\/\/fmgente.com.ar\/web\/la-izquierda-anuncio-un-acto-en-ferro-el-1o-de-mayo\/","og_locale":"es_ES","og_type":"article","og_title":"La Izquierda anunci\u00f3 un acto en Ferro el 1\u00ba de mayo - Fm Gente","og_description":"Buenos Aires, 28 abril (NA) \u2013 El PTS (Partido de los Trabajadores Socialistas), principal fuerza","og_url":"https:\/\/fmgente.com.ar\/web\/la-izquierda-anuncio-un-acto-en-ferro-el-1o-de-mayo\/","og_site_name":"Fm Gente","article_published_time":"2026-04-28T21:04:51+00:00","twitter_card":"summary_large_image","twitter_misc":{"Tiempo de lectura":"2 minutos"},"schema":{"@context":"https:\/\/schema.org","@graph":[{"@type":"Article","@id":"https:\/\/fmgente.com.ar\/web\/la-izquierda-anuncio-un-acto-en-ferro-el-1o-de-mayo\/#article","isPartOf":{"@id":"https:\/\/fmgente.com.ar\/web\/la-izquierda-anuncio-un-acto-en-ferro-el-1o-de-mayo\/"},"author":{"name":"","@id":""},"headline":"La Izquierda anunci\u00f3 un acto en Ferro el 1\u00ba de mayo","datePublished":"2026-04-28T21:04:51+00:00","mainEntityOfPage":{"@id":"https:\/\/fmgente.com.ar\/web\/la-izquierda-anuncio-un-acto-en-ferro-el-1o-de-mayo\/"},"wordCount":448,"publisher":{"@id":"https:\/\/fmgente.com.ar\/web\/#organization"},"image":{"@id":"https:\/\/fmgente.com.ar\/web\/la-izquierda-anuncio-un-acto-en-ferro-el-1o-de-mayo\/#primaryimage"},"thumbnailUrl":"https:\/\/fmgente.com.ar\/web\/wp-content\/uploads\/2026\/04\/720-1404.jpeg","articleSection":["REGIONALES"],"inLanguage":"es"},{"@type":"WebPage","@id":"https:\/\/fmgente.com.ar\/web\/la-izquierda-anuncio-un-acto-en-ferro-el-1o-de-mayo\/","url":"https:\/\/fmgente.com.ar\/web\/la-izquierda-anuncio-un-acto-en-ferro-el-1o-de-mayo\/","name":"La Izquierda anunci\u00f3 un acto en Ferro el 1\u00ba de mayo - Fm Gente","isPartOf":{"@id":"https:\/\/fmgente.com.ar\/web\/#website"},"primaryImageOfPage":{"@id":"https:\/\/fmgente.com.ar\/web\/la-izquierda-anuncio-un-acto-en-ferro-el-1o-de-mayo\/#primaryimage"},"image":{"@id":"https:\/\/fmgente.com.ar\/web\/la-izquierda-anuncio-un-acto-en-ferro-el-1o-de-mayo\/#primaryimage"},"thumbnailUrl":"https:\/\/fmgente.com.ar\/web\/wp-content\/uploads\/2026\/04\/720-1404.jpeg","datePublished":"2026-04-28T21:04:51+00:00","inLanguage":"es","potentialAction":[{"@type":"ReadAction","target":["https:\/\/fmgente.com.ar\/web\/la-izquierda-anuncio-un-acto-en-ferro-el-1o-de-mayo\/"]}]},{"@type":"ImageObject","inLanguage":"es","@id":"https:\/\/fmgente.com.ar\/web\/la-izquierda-anuncio-un-acto-en-ferro-el-1o-de-mayo\/#primaryimage","url":"https:\/\/fmgente.com.ar\/web\/wp-content\/uploads\/2026\/04\/720-1404.jpeg","contentUrl":"https:\/\/fmgente.com.ar\/web\/wp-content\/uploads\/2026\/04\/720-1404.jpeg","width":1078,"height":720},{"@type":"WebSite","@id":"https:\/\/fmgente.com.ar\/web\/#website","url":"https:\/\/fmgente.com.ar\/web\/","name":"Fm Gente","description":"- Jes\u00fas Mar\u00eda","publisher":{"@id":"https:\/\/fmgente.com.ar\/web\/#organization"},"potentialAction":[{"@type":"SearchAction","target":{"@type":"EntryPoint","urlTemplate":"https:\/\/fmgente.com.ar\/web\/?s={search_term_string}"},"query-input":{"@type":"PropertyValueSpecification","valueRequired":true,"valueName":"search_term_string"}}],"inLanguage":"es"},{"@type":"Organization","@id":"https:\/\/fmgente.com.ar\/web\/#organization","name":"Fm Gente","url":"https:\/\/fmgente.com.ar\/web\/","logo":{"@type":"ImageObject","inLanguage":"es","@id":"https:\/\/fmgente.com.ar\/web\/#\/schema\/logo\/image\/","url":"https:\/\/fmgente.com.ar\/web\/wp-content\/uploads\/2023\/07\/cropped-cropped-logo-sombra2.png","contentUrl":"https:\/\/fmgente.com.ar\/web\/wp-content\/uploads\/2023\/07\/cropped-cropped-logo-sombra2.png","width":1782,"height":1782,"caption":"Fm Gente"},"image":{"@id":"https:\/\/fmgente.com.ar\/web\/#\/schema\/logo\/image\/"}}]}},"_links":{"self":[{"href":"https:\/\/fmgente.com.ar\/web\/wp-json\/wp\/v2\/posts\/21042","targetHints":{"allow":["GET"]}}],"collection":[{"href":"https:\/\/fmgente.com.ar\/web\/wp-json\/wp\/v2\/posts"}],"about":[{"href":"https:\/\/fmgente.com.ar\/web\/wp-json\/wp\/v2\/types\/post"}],"replies":[{"embeddable":true,"href":"https:\/\/fmgente.com.ar\/web\/wp-json\/wp\/v2\/comments?post=21042"}],"version-history":[{"count":0,"href":"https:\/\/fmgente.com.ar\/web\/wp-json\/wp\/v2\/posts\/21042\/revisions"}],"wp:featuredmedia":[{"embeddable":true,"href":"https:\/\/fmgente.com.ar\/web\/wp-json\/wp\/v2\/media\/21043"}],"wp:attachment":[{"href":"https:\/\/fmgente.com.ar\/web\/wp-json\/wp\/v2\/media?parent=21042"}],"wp:term":[{"taxonomy":"category","embeddable":true,"href":"https:\/\/fmgente.com.ar\/web\/wp-json\/wp\/v2\/categories?post=21042"},{"taxonomy":"post_tag","embeddable":true,"href":"https:\/\/fmgente.com.ar\/web\/wp-json\/wp\/v2\/tags?post=21042"}],"curies":[{"name":"wp","href":"https:\/\/api.w.org\/{rel}","templated":true}]}}