{"id":21038,"date":"2026-04-28T18:04:49","date_gmt":"2026-04-28T21:04:49","guid":{"rendered":"https:\/\/fmgente.com.ar\/web\/toda-la-carne-al-asador-para-bancar-a-adorni-milei-karina-el-gabinete-y-los-senadores-de-bullrich-en-los-palcos\/"},"modified":"2026-04-28T18:04:49","modified_gmt":"2026-04-28T21:04:49","slug":"toda-la-carne-al-asador-para-bancar-a-adorni-milei-karina-el-gabinete-y-los-senadores-de-bullrich-en-los-palcos","status":"publish","type":"post","link":"https:\/\/fmgente.com.ar\/web\/toda-la-carne-al-asador-para-bancar-a-adorni-milei-karina-el-gabinete-y-los-senadores-de-bullrich-en-los-palcos\/","title":{"rendered":"Toda la carne al asador para bancar a Adorni: Milei, Karina, el Gabinete y los senadores de Bullrich en los palcos"},"content":{"rendered":"<p>Buenos Aires, 28 abril (NA) \u2013 En el marco de un f\u00e9rreo operativo de seguridad con intervenci\u00f3n de la Casa Militar, el Gobierno prepara una demostraci\u00f3n de apoyo descomunal para blindar a su jefe de Gabinete, Manuel Adorni, a quien le tocar\u00e1 la compleja tarea de presentar el informe sobre la marcha de la gesti\u00f3n en medio de los esc\u00e1ndalos judiciales por su situaci\u00f3n patrimonial, con una oposici\u00f3n que huele sangre y que lo esperar\u00e1 en el recinto de la C\u00e1mara de Diputados con los colmillos afilados.<\/p>\n<p>A la presencia confirmada de Javier y Karina Milei en el palco central, se agreg\u00f3 la novedad de que el presidente y su hermana pidieron que el Gabinete en pleno est\u00e9 presente en los balcones del primer piso del recinto, para el inicio de la sesi\u00f3n previsto a las 10.30 hs.<\/p>\n<p>Tambi\u00e9n dir\u00e1n presentes los senadores nacionales del bloque que comanda Patricia Bullrich, supo la Agencia Noticias Argentinas de altas fuentes de Presidencia de Diputados. Toda la carne al asador.<\/p>\n<p>Un rato antes de tomar lugar en el hemiciclo para dar su informe inicial, Adorni pasar\u00e1 por el despacho del presidente de la C\u00e1mara de Diputados, Mart\u00edn Menem, para la foto que ya se hizo costumbre cada vez que un ministro se presenta en el Congreso.<\/p>\n<p>La oposici\u00f3n sospecha que de la mano de semejante despliegue institucional el oficialismo har\u00e1 un abuso de exhibici\u00f3n militante y partidario, con una escenograf\u00eda m\u00e1s propia de una Asamblea Legislativa que la de un informe de gesti\u00f3n. <\/p>\n<p>Desconfiados, los diputados nacionales Maximiliano Ferraro, M\u00f3nica Frade y Esteban Paul\u00f3n le enviaron sendas cartas a Menem para que aclare si los invitados llenar\u00e1n los palcos de militantes. No hubo respuesta oficial.<\/p>\n<p>En el bloque de Uni\u00f3n por la Patria hubo una reuni\u00f3n la semana pasada entre una docena de legisladores para ver si se pod\u00eda unificar una estrategia para abordar al funcionario. <\/p>\n<p>Las gestiones fracasaron: mientras algunos sosten\u00edan que hab\u00eda que concentrar el interrogatorio en los asuntos vinculados al presunto enriquecimiento il\u00edcito del funcionario aprovechando que el tema sigue candente en la opini\u00f3n p\u00fablica, otros consideraron que se trataba de una t\u00e1ctica equivocada, porque Adorni pod\u00eda aprovechar para recordar los casos de corrupci\u00f3n del kirchnerismo, metiendo a todos en el mismo barro.<\/p>\n<p>Como resultado de estas discrepancias, no habr\u00e1 un orden inteligente para acorralar a Adorni y el asunto quedar\u00e1 al libre albeldr\u00edo, con pron\u00f3stico de caos. <\/p>\n<p>HECHO IN\u00c9DITO<\/p>\n<p>La visita de un presidente y su s\u00e9quito de ministros a un informe de gesti\u00f3n del jefe de Gabinete es un hecho absolutamente at\u00edpico y sin precedentes en la historia, y s\u00f3lo se explica por la necesidad narcisista de reafirmar la autoridad de Milei en un momento de vulnerabilidad gubernamental, cuando la pol\u00edtica entera le exige la renuncia de un alto funcionario.<\/p>\n<p>Ser\u00e1 una in\u00e9dita sobreactuaci\u00f3n desproporcionada de apoyo al jefe de Gabinete en su hora m\u00e1s dif\u00edcil, que se sostiene en su cargo mientras sottovoce muchos funcionarios del Poder Ejecutivo deslizan la conveniencia de soltarle la mano para poder pasar de p\u00e1gina y que el Gobierno pueda recuperar la centralidad de la agenda.<\/p>\n<p>Por mucho menos, la ministra de Capital Humano, Sandra Pettovello, hab\u00eda echado en octubre del 2024 a una funcionaria de su cartera que hab\u00eda comprado una cafetera cara con partidas p\u00fablicas, cuando todav\u00eda el relato anti casta de Milei conservaba alguna credibilidad.<\/p>\n<p>La semana pasada, el ministro de Econom\u00eda, Luis \u201cToto\u201d Caputo, hizo renunciar al secretario de Coordinaci\u00f3n de Infraestructura por no haber declarado siete propiedades en Miami.<\/p>\n<p>Con alg\u00fan rezago, Milei tambi\u00e9n hizo echar a Diego Spagnuolo cuando se destaparon las coimas en la Agencia Nacional de Discapacidad; y lo sacrificaron a Jos\u00e9 Luis Espert en medio de la campa\u00f1a electoral cuando las pruebas apiladas en su contra ya eran demasiado comprometedoras.<\/p>\n<p>Sin embargo, el relato anti casta no parece aplicar sobre el jefe de Gabinete: para los hermanos Milei no se trata de defender a Adorni por Adorni mismo sino por lo que pas\u00f3 a simbolizar. <\/p>\n<p>Es defender a Adorni como mecanismo de autopreservaci\u00f3n, porque consideran que si lo entregan, despu\u00e9s la oposici\u00f3n ir\u00e1 por el presidente.<\/p>\n<p>Ya no se trata de si el jefe de Gabinete es honorable o no, si le es \u00fatil o ya no le sirve pol\u00edticamente para el cargo, sino que el presidente percibe que si da el brazo a torcer dar\u00eda un mensaje de debilidad que empoderar\u00eda a sus adversarios, entre quienes engloba sin distinci\u00f3n a opositores pol\u00edticos, periodistas y hasta empresarios del establishment.<\/p>\n<p>EL FORMATO DE LA SESI\u00d3N<\/p>\n<p>La idea del Gobierno es que el Adorni salga lo m\u00e1s ileso posible, raz\u00f3n por la cual la semana pasada se desarroll\u00f3 en el Sal\u00f3n Delia Parodi del Palacio Legislativo una reuni\u00f3n de alto nivel entre el secretario de Asuntos Estrat\u00e9gicos, Ignacio Levitt, y el secretario parlamentario de Diputados, Adri\u00e1n Pagan, quienes dise\u00f1aron un formato de sesi\u00f3n abreviado, con exposiciones cronometradas, con el objetivo de morigerar da\u00f1os.<\/p>\n<p>En ese encuentro, dispusieron que el primer bloque de preguntas est\u00e9 destinado a los bloques menores, dejando a Uni\u00f3n por la Patria para la tanda final, cuando esperan que la atenci\u00f3n medi\u00e1tica ya haya mermado.<\/p>\n<p>En el medio, habr\u00e1 un bloque de preguntas para los interbloques Unidos, Fuerzas del Cambio e Innovaci\u00f3n Federal. <\/p>\n<p>Al finalizar cada una de estas tandas, Adorni contestar\u00e1 por un lapso de 20 minutos, y en el cierre de la sesi\u00f3n habr\u00e1 un discurso pol\u00edtico del jefe del bloque libertario, Gabriel Bornoroni.<\/p>\n<p>#AgenciaNA<\/p>\n","protected":false},"excerpt":{"rendered":"<p>Buenos Aires, 28 abril (NA) \u2013 En el marco de un f\u00e9rreo operativo de seguridad<\/p>\n","protected":false},"author":0,"featured_media":21039,"comment_status":"","ping_status":"","sticky":false,"template":"","format":"standard","meta":{"footnotes":""},"categories":[1],"tags":[],"class_list":["post-21038","post","type-post","status-publish","format-standard","has-post-thumbnail","hentry","category-regionales"],"yoast_head":"<!-- This site is optimized with the Yoast SEO plugin v27.4 - https:\/\/yoast.com\/product\/yoast-seo-wordpress\/ -->\n<title>Toda la carne al asador para bancar a Adorni: Milei, Karina, el Gabinete y los senadores de Bullrich en los palcos - Fm Gente<\/title>\n<meta name=\"robots\" content=\"index, follow, max-snippet:-1, max-image-preview:large, max-video-preview:-1\" \/>\n<link rel=\"canonical\" href=\"https:\/\/fmgente.com.ar\/web\/toda-la-carne-al-asador-para-bancar-a-adorni-milei-karina-el-gabinete-y-los-senadores-de-bullrich-en-los-palcos\/\" \/>\n<meta property=\"og:locale\" content=\"es_ES\" \/>\n<meta property=\"og:type\" content=\"article\" \/>\n<meta property=\"og:title\" content=\"Toda la carne al asador para bancar a Adorni: Milei, Karina, el Gabinete y los senadores de Bullrich en los palcos - Fm Gente\" \/>\n<meta property=\"og:description\" content=\"Buenos Aires, 28 abril (NA) \u2013 En el marco de un f\u00e9rreo operativo de seguridad\" \/>\n<meta property=\"og:url\" content=\"https:\/\/fmgente.com.ar\/web\/toda-la-carne-al-asador-para-bancar-a-adorni-milei-karina-el-gabinete-y-los-senadores-de-bullrich-en-los-palcos\/\" \/>\n<meta property=\"og:site_name\" content=\"Fm Gente\" \/>\n<meta property=\"article:published_time\" content=\"2026-04-28T21:04:49+00:00\" \/>\n<meta name=\"twitter:card\" content=\"summary_large_image\" \/>\n<meta name=\"twitter:label1\" content=\"Tiempo de lectura\" \/>\n\t<meta name=\"twitter:data1\" content=\"5 minutos\" \/>\n<script type=\"application\/ld+json\" class=\"yoast-schema-graph\">{\"@context\":\"https:\\\/\\\/schema.org\",\"@graph\":[{\"@type\":\"Article\",\"@id\":\"https:\\\/\\\/fmgente.com.ar\\\/web\\\/toda-la-carne-al-asador-para-bancar-a-adorni-milei-karina-el-gabinete-y-los-senadores-de-bullrich-en-los-palcos\\\/#article\",\"isPartOf\":{\"@id\":\"https:\\\/\\\/fmgente.com.ar\\\/web\\\/toda-la-carne-al-asador-para-bancar-a-adorni-milei-karina-el-gabinete-y-los-senadores-de-bullrich-en-los-palcos\\\/\"},\"author\":{\"name\":\"\",\"@id\":\"\"},\"headline\":\"Toda la carne al asador para bancar a Adorni: Milei, Karina, el Gabinete y los senadores de Bullrich en los palcos\",\"datePublished\":\"2026-04-28T21:04:49+00:00\",\"mainEntityOfPage\":{\"@id\":\"https:\\\/\\\/fmgente.com.ar\\\/web\\\/toda-la-carne-al-asador-para-bancar-a-adorni-milei-karina-el-gabinete-y-los-senadores-de-bullrich-en-los-palcos\\\/\"},\"wordCount\":999,\"publisher\":{\"@id\":\"https:\\\/\\\/fmgente.com.ar\\\/web\\\/#organization\"},\"image\":{\"@id\":\"https:\\\/\\\/fmgente.com.ar\\\/web\\\/toda-la-carne-al-asador-para-bancar-a-adorni-milei-karina-el-gabinete-y-los-senadores-de-bullrich-en-los-palcos\\\/#primaryimage\"},\"thumbnailUrl\":\"https:\\\/\\\/fmgente.com.ar\\\/web\\\/wp-content\\\/uploads\\\/2026\\\/04\\\/720-1402.jpeg\",\"articleSection\":[\"REGIONALES\"],\"inLanguage\":\"es\"},{\"@type\":\"WebPage\",\"@id\":\"https:\\\/\\\/fmgente.com.ar\\\/web\\\/toda-la-carne-al-asador-para-bancar-a-adorni-milei-karina-el-gabinete-y-los-senadores-de-bullrich-en-los-palcos\\\/\",\"url\":\"https:\\\/\\\/fmgente.com.ar\\\/web\\\/toda-la-carne-al-asador-para-bancar-a-adorni-milei-karina-el-gabinete-y-los-senadores-de-bullrich-en-los-palcos\\\/\",\"name\":\"Toda la carne al asador para bancar a Adorni: Milei, Karina, el Gabinete y los senadores de Bullrich en los palcos - Fm Gente\",\"isPartOf\":{\"@id\":\"https:\\\/\\\/fmgente.com.ar\\\/web\\\/#website\"},\"primaryImageOfPage\":{\"@id\":\"https:\\\/\\\/fmgente.com.ar\\\/web\\\/toda-la-carne-al-asador-para-bancar-a-adorni-milei-karina-el-gabinete-y-los-senadores-de-bullrich-en-los-palcos\\\/#primaryimage\"},\"image\":{\"@id\":\"https:\\\/\\\/fmgente.com.ar\\\/web\\\/toda-la-carne-al-asador-para-bancar-a-adorni-milei-karina-el-gabinete-y-los-senadores-de-bullrich-en-los-palcos\\\/#primaryimage\"},\"thumbnailUrl\":\"https:\\\/\\\/fmgente.com.ar\\\/web\\\/wp-content\\\/uploads\\\/2026\\\/04\\\/720-1402.jpeg\",\"datePublished\":\"2026-04-28T21:04:49+00:00\",\"inLanguage\":\"es\",\"potentialAction\":[{\"@type\":\"ReadAction\",\"target\":[\"https:\\\/\\\/fmgente.com.ar\\\/web\\\/toda-la-carne-al-asador-para-bancar-a-adorni-milei-karina-el-gabinete-y-los-senadores-de-bullrich-en-los-palcos\\\/\"]}]},{\"@type\":\"ImageObject\",\"inLanguage\":\"es\",\"@id\":\"https:\\\/\\\/fmgente.com.ar\\\/web\\\/toda-la-carne-al-asador-para-bancar-a-adorni-milei-karina-el-gabinete-y-los-senadores-de-bullrich-en-los-palcos\\\/#primaryimage\",\"url\":\"https:\\\/\\\/fmgente.com.ar\\\/web\\\/wp-content\\\/uploads\\\/2026\\\/04\\\/720-1402.jpeg\",\"contentUrl\":\"https:\\\/\\\/fmgente.com.ar\\\/web\\\/wp-content\\\/uploads\\\/2026\\\/04\\\/720-1402.jpeg\",\"width\":1070,\"height\":720},{\"@type\":\"WebSite\",\"@id\":\"https:\\\/\\\/fmgente.com.ar\\\/web\\\/#website\",\"url\":\"https:\\\/\\\/fmgente.com.ar\\\/web\\\/\",\"name\":\"Fm Gente\",\"description\":\"- Jes\u00fas Mar\u00eda\",\"publisher\":{\"@id\":\"https:\\\/\\\/fmgente.com.ar\\\/web\\\/#organization\"},\"potentialAction\":[{\"@type\":\"SearchAction\",\"target\":{\"@type\":\"EntryPoint\",\"urlTemplate\":\"https:\\\/\\\/fmgente.com.ar\\\/web\\\/?s={search_term_string}\"},\"query-input\":{\"@type\":\"PropertyValueSpecification\",\"valueRequired\":true,\"valueName\":\"search_term_string\"}}],\"inLanguage\":\"es\"},{\"@type\":\"Organization\",\"@id\":\"https:\\\/\\\/fmgente.com.ar\\\/web\\\/#organization\",\"name\":\"Fm Gente\",\"url\":\"https:\\\/\\\/fmgente.com.ar\\\/web\\\/\",\"logo\":{\"@type\":\"ImageObject\",\"inLanguage\":\"es\",\"@id\":\"https:\\\/\\\/fmgente.com.ar\\\/web\\\/#\\\/schema\\\/logo\\\/image\\\/\",\"url\":\"https:\\\/\\\/fmgente.com.ar\\\/web\\\/wp-content\\\/uploads\\\/2023\\\/07\\\/cropped-cropped-logo-sombra2.png\",\"contentUrl\":\"https:\\\/\\\/fmgente.com.ar\\\/web\\\/wp-content\\\/uploads\\\/2023\\\/07\\\/cropped-cropped-logo-sombra2.png\",\"width\":1782,\"height\":1782,\"caption\":\"Fm Gente\"},\"image\":{\"@id\":\"https:\\\/\\\/fmgente.com.ar\\\/web\\\/#\\\/schema\\\/logo\\\/image\\\/\"}}]}<\/script>\n<!-- \/ Yoast SEO plugin. -->","yoast_head_json":{"title":"Toda la carne al asador para bancar a Adorni: Milei, Karina, el Gabinete y los senadores de Bullrich en los palcos - Fm Gente","robots":{"index":"index","follow":"follow","max-snippet":"max-snippet:-1","max-image-preview":"max-image-preview:large","max-video-preview":"max-video-preview:-1"},"canonical":"https:\/\/fmgente.com.ar\/web\/toda-la-carne-al-asador-para-bancar-a-adorni-milei-karina-el-gabinete-y-los-senadores-de-bullrich-en-los-palcos\/","og_locale":"es_ES","og_type":"article","og_title":"Toda la carne al asador para bancar a Adorni: Milei, Karina, el Gabinete y los senadores de Bullrich en los palcos - Fm Gente","og_description":"Buenos Aires, 28 abril (NA) \u2013 En el marco de un f\u00e9rreo operativo de seguridad","og_url":"https:\/\/fmgente.com.ar\/web\/toda-la-carne-al-asador-para-bancar-a-adorni-milei-karina-el-gabinete-y-los-senadores-de-bullrich-en-los-palcos\/","og_site_name":"Fm Gente","article_published_time":"2026-04-28T21:04:49+00:00","twitter_card":"summary_large_image","twitter_misc":{"Tiempo de lectura":"5 minutos"},"schema":{"@context":"https:\/\/schema.org","@graph":[{"@type":"Article","@id":"https:\/\/fmgente.com.ar\/web\/toda-la-carne-al-asador-para-bancar-a-adorni-milei-karina-el-gabinete-y-los-senadores-de-bullrich-en-los-palcos\/#article","isPartOf":{"@id":"https:\/\/fmgente.com.ar\/web\/toda-la-carne-al-asador-para-bancar-a-adorni-milei-karina-el-gabinete-y-los-senadores-de-bullrich-en-los-palcos\/"},"author":{"name":"","@id":""},"headline":"Toda la carne al asador para bancar a Adorni: Milei, Karina, el Gabinete y los senadores de Bullrich en los palcos","datePublished":"2026-04-28T21:04:49+00:00","mainEntityOfPage":{"@id":"https:\/\/fmgente.com.ar\/web\/toda-la-carne-al-asador-para-bancar-a-adorni-milei-karina-el-gabinete-y-los-senadores-de-bullrich-en-los-palcos\/"},"wordCount":999,"publisher":{"@id":"https:\/\/fmgente.com.ar\/web\/#organization"},"image":{"@id":"https:\/\/fmgente.com.ar\/web\/toda-la-carne-al-asador-para-bancar-a-adorni-milei-karina-el-gabinete-y-los-senadores-de-bullrich-en-los-palcos\/#primaryimage"},"thumbnailUrl":"https:\/\/fmgente.com.ar\/web\/wp-content\/uploads\/2026\/04\/720-1402.jpeg","articleSection":["REGIONALES"],"inLanguage":"es"},{"@type":"WebPage","@id":"https:\/\/fmgente.com.ar\/web\/toda-la-carne-al-asador-para-bancar-a-adorni-milei-karina-el-gabinete-y-los-senadores-de-bullrich-en-los-palcos\/","url":"https:\/\/fmgente.com.ar\/web\/toda-la-carne-al-asador-para-bancar-a-adorni-milei-karina-el-gabinete-y-los-senadores-de-bullrich-en-los-palcos\/","name":"Toda la carne al asador para bancar a Adorni: Milei, Karina, el Gabinete y los senadores de Bullrich en los palcos - Fm Gente","isPartOf":{"@id":"https:\/\/fmgente.com.ar\/web\/#website"},"primaryImageOfPage":{"@id":"https:\/\/fmgente.com.ar\/web\/toda-la-carne-al-asador-para-bancar-a-adorni-milei-karina-el-gabinete-y-los-senadores-de-bullrich-en-los-palcos\/#primaryimage"},"image":{"@id":"https:\/\/fmgente.com.ar\/web\/toda-la-carne-al-asador-para-bancar-a-adorni-milei-karina-el-gabinete-y-los-senadores-de-bullrich-en-los-palcos\/#primaryimage"},"thumbnailUrl":"https:\/\/fmgente.com.ar\/web\/wp-content\/uploads\/2026\/04\/720-1402.jpeg","datePublished":"2026-04-28T21:04:49+00:00","inLanguage":"es","potentialAction":[{"@type":"ReadAction","target":["https:\/\/fmgente.com.ar\/web\/toda-la-carne-al-asador-para-bancar-a-adorni-milei-karina-el-gabinete-y-los-senadores-de-bullrich-en-los-palcos\/"]}]},{"@type":"ImageObject","inLanguage":"es","@id":"https:\/\/fmgente.com.ar\/web\/toda-la-carne-al-asador-para-bancar-a-adorni-milei-karina-el-gabinete-y-los-senadores-de-bullrich-en-los-palcos\/#primaryimage","url":"https:\/\/fmgente.com.ar\/web\/wp-content\/uploads\/2026\/04\/720-1402.jpeg","contentUrl":"https:\/\/fmgente.com.ar\/web\/wp-content\/uploads\/2026\/04\/720-1402.jpeg","width":1070,"height":720},{"@type":"WebSite","@id":"https:\/\/fmgente.com.ar\/web\/#website","url":"https:\/\/fmgente.com.ar\/web\/","name":"Fm Gente","description":"- Jes\u00fas Mar\u00eda","publisher":{"@id":"https:\/\/fmgente.com.ar\/web\/#organization"},"potentialAction":[{"@type":"SearchAction","target":{"@type":"EntryPoint","urlTemplate":"https:\/\/fmgente.com.ar\/web\/?s={search_term_string}"},"query-input":{"@type":"PropertyValueSpecification","valueRequired":true,"valueName":"search_term_string"}}],"inLanguage":"es"},{"@type":"Organization","@id":"https:\/\/fmgente.com.ar\/web\/#organization","name":"Fm Gente","url":"https:\/\/fmgente.com.ar\/web\/","logo":{"@type":"ImageObject","inLanguage":"es","@id":"https:\/\/fmgente.com.ar\/web\/#\/schema\/logo\/image\/","url":"https:\/\/fmgente.com.ar\/web\/wp-content\/uploads\/2023\/07\/cropped-cropped-logo-sombra2.png","contentUrl":"https:\/\/fmgente.com.ar\/web\/wp-content\/uploads\/2023\/07\/cropped-cropped-logo-sombra2.png","width":1782,"height":1782,"caption":"Fm Gente"},"image":{"@id":"https:\/\/fmgente.com.ar\/web\/#\/schema\/logo\/image\/"}}]}},"_links":{"self":[{"href":"https:\/\/fmgente.com.ar\/web\/wp-json\/wp\/v2\/posts\/21038","targetHints":{"allow":["GET"]}}],"collection":[{"href":"https:\/\/fmgente.com.ar\/web\/wp-json\/wp\/v2\/posts"}],"about":[{"href":"https:\/\/fmgente.com.ar\/web\/wp-json\/wp\/v2\/types\/post"}],"replies":[{"embeddable":true,"href":"https:\/\/fmgente.com.ar\/web\/wp-json\/wp\/v2\/comments?post=21038"}],"version-history":[{"count":0,"href":"https:\/\/fmgente.com.ar\/web\/wp-json\/wp\/v2\/posts\/21038\/revisions"}],"wp:featuredmedia":[{"embeddable":true,"href":"https:\/\/fmgente.com.ar\/web\/wp-json\/wp\/v2\/media\/21039"}],"wp:attachment":[{"href":"https:\/\/fmgente.com.ar\/web\/wp-json\/wp\/v2\/media?parent=21038"}],"wp:term":[{"taxonomy":"category","embeddable":true,"href":"https:\/\/fmgente.com.ar\/web\/wp-json\/wp\/v2\/categories?post=21038"},{"taxonomy":"post_tag","embeddable":true,"href":"https:\/\/fmgente.com.ar\/web\/wp-json\/wp\/v2\/tags?post=21038"}],"curies":[{"name":"wp","href":"https:\/\/api.w.org\/{rel}","templated":true}]}}