{"id":21036,"date":"2026-04-28T17:05:01","date_gmt":"2026-04-28T20:05:01","guid":{"rendered":"https:\/\/fmgente.com.ar\/web\/homicidio-en-quilmes-un-detenido-por-el-cuerpo-hallado-en-las-escalinatas-de-la-biblioteca\/"},"modified":"2026-04-28T17:05:01","modified_gmt":"2026-04-28T20:05:01","slug":"homicidio-en-quilmes-un-detenido-por-el-cuerpo-hallado-en-las-escalinatas-de-la-biblioteca","status":"publish","type":"post","link":"https:\/\/fmgente.com.ar\/web\/homicidio-en-quilmes-un-detenido-por-el-cuerpo-hallado-en-las-escalinatas-de-la-biblioteca\/","title":{"rendered":"Homicidio en Quilmes: un detenido por el cuerpo hallado en las escalinatas de la biblioteca"},"content":{"rendered":"<p>Buenos Aires, 28 abril (NA) &#8212; Un hombre de 37 a\u00f1os fue detenido en car\u00e1cter del principal sospechoso por un homicidio, cuya v\u00edctima fue encontrada en las escalinatas de la Biblioteca P\u00fablica de Bernal, partido de Quilmes.<\/p>\n<p>Seg\u00fan el parte policial al que tuvo acceso la Agencia Noticias Argentinas, se trata del crimen de Segundo Nicanor Gallardo, que fue encontrado sin vida el pasado 25 de abril, mientras que el sospechoso fue capturado gracias a un trabajo que combin\u00f3 tareas de inteligencia y el soporte tecnol\u00f3gico brindado por el Municipio de Quilmes.<\/p>\n<p>El caso, que inicialmente fue caratulado como averiguaci\u00f3n de causales de muerte, dio un giro tras los resultados de la autopsia, que revelaron m\u00faltiples fracturas compatibles con una agresi\u00f3n violenta; por lo que fue recaratulado como \u201chomicidio\u201d y se orden\u00f3 la intervenci\u00f3n del Gabinete T\u00e1ctico Operativo de la Comisar\u00eda Segunda.<\/p>\n<p>Los investigadores visualizaron el momento del ataque e identificaron el rostro del agresor, basados en los registros del Centro de Emergencias Quilmes (CEQ) junto al relevamiento de c\u00e1maras particulares, que demostraron que se trata de un hombre de 37 a\u00f1os con domicilio en el Barrio Itat\u00ed.<\/p>\n<p>El sospechoso fue interceptado en la v\u00eda p\u00fablica y aprehendido por los efectivos que desplegaron un operativo encubierto; as\u00ed determinaron que ten\u00eda manchas de sangre en uno de sus calzados, que fue incautado.<\/p>\n<p> #AgenciaNA<\/p>\n","protected":false},"excerpt":{"rendered":"<p>Buenos Aires, 28 abril (NA) &#8212; Un hombre de 37 a\u00f1os fue detenido en car\u00e1cter<\/p>\n","protected":false},"author":0,"featured_media":21037,"comment_status":"","ping_status":"","sticky":false,"template":"","format":"standard","meta":{"footnotes":""},"categories":[1],"tags":[],"class_list":["post-21036","post","type-post","status-publish","format-standard","has-post-thumbnail","hentry","category-regionales"],"yoast_head":"<!-- This site is optimized with the Yoast SEO plugin v27.4 - https:\/\/yoast.com\/product\/yoast-seo-wordpress\/ -->\n<title>Homicidio en Quilmes: un detenido por el cuerpo hallado en las escalinatas de la biblioteca - Fm Gente<\/title>\n<meta name=\"robots\" content=\"index, follow, max-snippet:-1, max-image-preview:large, max-video-preview:-1\" \/>\n<link rel=\"canonical\" href=\"https:\/\/fmgente.com.ar\/web\/homicidio-en-quilmes-un-detenido-por-el-cuerpo-hallado-en-las-escalinatas-de-la-biblioteca\/\" \/>\n<meta property=\"og:locale\" content=\"es_ES\" \/>\n<meta property=\"og:type\" content=\"article\" \/>\n<meta property=\"og:title\" content=\"Homicidio en Quilmes: un detenido por el cuerpo hallado en las escalinatas de la biblioteca - Fm Gente\" \/>\n<meta property=\"og:description\" content=\"Buenos Aires, 28 abril (NA) &#8212; Un hombre de 37 a\u00f1os fue detenido en car\u00e1cter\" \/>\n<meta property=\"og:url\" content=\"https:\/\/fmgente.com.ar\/web\/homicidio-en-quilmes-un-detenido-por-el-cuerpo-hallado-en-las-escalinatas-de-la-biblioteca\/\" \/>\n<meta property=\"og:site_name\" content=\"Fm Gente\" \/>\n<meta property=\"article:published_time\" content=\"2026-04-28T20:05:01+00:00\" \/>\n<meta name=\"twitter:card\" content=\"summary_large_image\" \/>\n<meta name=\"twitter:label1\" content=\"Tiempo de lectura\" \/>\n\t<meta name=\"twitter:data1\" content=\"1 minuto\" \/>\n<script type=\"application\/ld+json\" class=\"yoast-schema-graph\">{\"@context\":\"https:\\\/\\\/schema.org\",\"@graph\":[{\"@type\":\"Article\",\"@id\":\"https:\\\/\\\/fmgente.com.ar\\\/web\\\/homicidio-en-quilmes-un-detenido-por-el-cuerpo-hallado-en-las-escalinatas-de-la-biblioteca\\\/#article\",\"isPartOf\":{\"@id\":\"https:\\\/\\\/fmgente.com.ar\\\/web\\\/homicidio-en-quilmes-un-detenido-por-el-cuerpo-hallado-en-las-escalinatas-de-la-biblioteca\\\/\"},\"author\":{\"name\":\"\",\"@id\":\"\"},\"headline\":\"Homicidio en Quilmes: un detenido por el cuerpo hallado en las escalinatas de la biblioteca\",\"datePublished\":\"2026-04-28T20:05:01+00:00\",\"mainEntityOfPage\":{\"@id\":\"https:\\\/\\\/fmgente.com.ar\\\/web\\\/homicidio-en-quilmes-un-detenido-por-el-cuerpo-hallado-en-las-escalinatas-de-la-biblioteca\\\/\"},\"wordCount\":250,\"publisher\":{\"@id\":\"https:\\\/\\\/fmgente.com.ar\\\/web\\\/#organization\"},\"image\":{\"@id\":\"https:\\\/\\\/fmgente.com.ar\\\/web\\\/homicidio-en-quilmes-un-detenido-por-el-cuerpo-hallado-en-las-escalinatas-de-la-biblioteca\\\/#primaryimage\"},\"thumbnailUrl\":\"https:\\\/\\\/fmgente.com.ar\\\/web\\\/wp-content\\\/uploads\\\/2026\\\/04\\\/720-1401.jpeg\",\"articleSection\":[\"REGIONALES\"],\"inLanguage\":\"es\"},{\"@type\":\"WebPage\",\"@id\":\"https:\\\/\\\/fmgente.com.ar\\\/web\\\/homicidio-en-quilmes-un-detenido-por-el-cuerpo-hallado-en-las-escalinatas-de-la-biblioteca\\\/\",\"url\":\"https:\\\/\\\/fmgente.com.ar\\\/web\\\/homicidio-en-quilmes-un-detenido-por-el-cuerpo-hallado-en-las-escalinatas-de-la-biblioteca\\\/\",\"name\":\"Homicidio en Quilmes: un detenido por el cuerpo hallado en las escalinatas de la biblioteca - Fm Gente\",\"isPartOf\":{\"@id\":\"https:\\\/\\\/fmgente.com.ar\\\/web\\\/#website\"},\"primaryImageOfPage\":{\"@id\":\"https:\\\/\\\/fmgente.com.ar\\\/web\\\/homicidio-en-quilmes-un-detenido-por-el-cuerpo-hallado-en-las-escalinatas-de-la-biblioteca\\\/#primaryimage\"},\"image\":{\"@id\":\"https:\\\/\\\/fmgente.com.ar\\\/web\\\/homicidio-en-quilmes-un-detenido-por-el-cuerpo-hallado-en-las-escalinatas-de-la-biblioteca\\\/#primaryimage\"},\"thumbnailUrl\":\"https:\\\/\\\/fmgente.com.ar\\\/web\\\/wp-content\\\/uploads\\\/2026\\\/04\\\/720-1401.jpeg\",\"datePublished\":\"2026-04-28T20:05:01+00:00\",\"inLanguage\":\"es\",\"potentialAction\":[{\"@type\":\"ReadAction\",\"target\":[\"https:\\\/\\\/fmgente.com.ar\\\/web\\\/homicidio-en-quilmes-un-detenido-por-el-cuerpo-hallado-en-las-escalinatas-de-la-biblioteca\\\/\"]}]},{\"@type\":\"ImageObject\",\"inLanguage\":\"es\",\"@id\":\"https:\\\/\\\/fmgente.com.ar\\\/web\\\/homicidio-en-quilmes-un-detenido-por-el-cuerpo-hallado-en-las-escalinatas-de-la-biblioteca\\\/#primaryimage\",\"url\":\"https:\\\/\\\/fmgente.com.ar\\\/web\\\/wp-content\\\/uploads\\\/2026\\\/04\\\/720-1401.jpeg\",\"contentUrl\":\"https:\\\/\\\/fmgente.com.ar\\\/web\\\/wp-content\\\/uploads\\\/2026\\\/04\\\/720-1401.jpeg\",\"width\":1279,\"height\":720},{\"@type\":\"WebSite\",\"@id\":\"https:\\\/\\\/fmgente.com.ar\\\/web\\\/#website\",\"url\":\"https:\\\/\\\/fmgente.com.ar\\\/web\\\/\",\"name\":\"Fm Gente\",\"description\":\"- Jes\u00fas Mar\u00eda\",\"publisher\":{\"@id\":\"https:\\\/\\\/fmgente.com.ar\\\/web\\\/#organization\"},\"potentialAction\":[{\"@type\":\"SearchAction\",\"target\":{\"@type\":\"EntryPoint\",\"urlTemplate\":\"https:\\\/\\\/fmgente.com.ar\\\/web\\\/?s={search_term_string}\"},\"query-input\":{\"@type\":\"PropertyValueSpecification\",\"valueRequired\":true,\"valueName\":\"search_term_string\"}}],\"inLanguage\":\"es\"},{\"@type\":\"Organization\",\"@id\":\"https:\\\/\\\/fmgente.com.ar\\\/web\\\/#organization\",\"name\":\"Fm Gente\",\"url\":\"https:\\\/\\\/fmgente.com.ar\\\/web\\\/\",\"logo\":{\"@type\":\"ImageObject\",\"inLanguage\":\"es\",\"@id\":\"https:\\\/\\\/fmgente.com.ar\\\/web\\\/#\\\/schema\\\/logo\\\/image\\\/\",\"url\":\"https:\\\/\\\/fmgente.com.ar\\\/web\\\/wp-content\\\/uploads\\\/2023\\\/07\\\/cropped-cropped-logo-sombra2.png\",\"contentUrl\":\"https:\\\/\\\/fmgente.com.ar\\\/web\\\/wp-content\\\/uploads\\\/2023\\\/07\\\/cropped-cropped-logo-sombra2.png\",\"width\":1782,\"height\":1782,\"caption\":\"Fm Gente\"},\"image\":{\"@id\":\"https:\\\/\\\/fmgente.com.ar\\\/web\\\/#\\\/schema\\\/logo\\\/image\\\/\"}}]}<\/script>\n<!-- \/ Yoast SEO plugin. -->","yoast_head_json":{"title":"Homicidio en Quilmes: un detenido por el cuerpo hallado en las escalinatas de la biblioteca - Fm Gente","robots":{"index":"index","follow":"follow","max-snippet":"max-snippet:-1","max-image-preview":"max-image-preview:large","max-video-preview":"max-video-preview:-1"},"canonical":"https:\/\/fmgente.com.ar\/web\/homicidio-en-quilmes-un-detenido-por-el-cuerpo-hallado-en-las-escalinatas-de-la-biblioteca\/","og_locale":"es_ES","og_type":"article","og_title":"Homicidio en Quilmes: un detenido por el cuerpo hallado en las escalinatas de la biblioteca - Fm Gente","og_description":"Buenos Aires, 28 abril (NA) &#8212; Un hombre de 37 a\u00f1os fue detenido en car\u00e1cter","og_url":"https:\/\/fmgente.com.ar\/web\/homicidio-en-quilmes-un-detenido-por-el-cuerpo-hallado-en-las-escalinatas-de-la-biblioteca\/","og_site_name":"Fm Gente","article_published_time":"2026-04-28T20:05:01+00:00","twitter_card":"summary_large_image","twitter_misc":{"Tiempo de lectura":"1 minuto"},"schema":{"@context":"https:\/\/schema.org","@graph":[{"@type":"Article","@id":"https:\/\/fmgente.com.ar\/web\/homicidio-en-quilmes-un-detenido-por-el-cuerpo-hallado-en-las-escalinatas-de-la-biblioteca\/#article","isPartOf":{"@id":"https:\/\/fmgente.com.ar\/web\/homicidio-en-quilmes-un-detenido-por-el-cuerpo-hallado-en-las-escalinatas-de-la-biblioteca\/"},"author":{"name":"","@id":""},"headline":"Homicidio en Quilmes: un detenido por el cuerpo hallado en las escalinatas de la biblioteca","datePublished":"2026-04-28T20:05:01+00:00","mainEntityOfPage":{"@id":"https:\/\/fmgente.com.ar\/web\/homicidio-en-quilmes-un-detenido-por-el-cuerpo-hallado-en-las-escalinatas-de-la-biblioteca\/"},"wordCount":250,"publisher":{"@id":"https:\/\/fmgente.com.ar\/web\/#organization"},"image":{"@id":"https:\/\/fmgente.com.ar\/web\/homicidio-en-quilmes-un-detenido-por-el-cuerpo-hallado-en-las-escalinatas-de-la-biblioteca\/#primaryimage"},"thumbnailUrl":"https:\/\/fmgente.com.ar\/web\/wp-content\/uploads\/2026\/04\/720-1401.jpeg","articleSection":["REGIONALES"],"inLanguage":"es"},{"@type":"WebPage","@id":"https:\/\/fmgente.com.ar\/web\/homicidio-en-quilmes-un-detenido-por-el-cuerpo-hallado-en-las-escalinatas-de-la-biblioteca\/","url":"https:\/\/fmgente.com.ar\/web\/homicidio-en-quilmes-un-detenido-por-el-cuerpo-hallado-en-las-escalinatas-de-la-biblioteca\/","name":"Homicidio en Quilmes: un detenido por el cuerpo hallado en las escalinatas de la biblioteca - Fm Gente","isPartOf":{"@id":"https:\/\/fmgente.com.ar\/web\/#website"},"primaryImageOfPage":{"@id":"https:\/\/fmgente.com.ar\/web\/homicidio-en-quilmes-un-detenido-por-el-cuerpo-hallado-en-las-escalinatas-de-la-biblioteca\/#primaryimage"},"image":{"@id":"https:\/\/fmgente.com.ar\/web\/homicidio-en-quilmes-un-detenido-por-el-cuerpo-hallado-en-las-escalinatas-de-la-biblioteca\/#primaryimage"},"thumbnailUrl":"https:\/\/fmgente.com.ar\/web\/wp-content\/uploads\/2026\/04\/720-1401.jpeg","datePublished":"2026-04-28T20:05:01+00:00","inLanguage":"es","potentialAction":[{"@type":"ReadAction","target":["https:\/\/fmgente.com.ar\/web\/homicidio-en-quilmes-un-detenido-por-el-cuerpo-hallado-en-las-escalinatas-de-la-biblioteca\/"]}]},{"@type":"ImageObject","inLanguage":"es","@id":"https:\/\/fmgente.com.ar\/web\/homicidio-en-quilmes-un-detenido-por-el-cuerpo-hallado-en-las-escalinatas-de-la-biblioteca\/#primaryimage","url":"https:\/\/fmgente.com.ar\/web\/wp-content\/uploads\/2026\/04\/720-1401.jpeg","contentUrl":"https:\/\/fmgente.com.ar\/web\/wp-content\/uploads\/2026\/04\/720-1401.jpeg","width":1279,"height":720},{"@type":"WebSite","@id":"https:\/\/fmgente.com.ar\/web\/#website","url":"https:\/\/fmgente.com.ar\/web\/","name":"Fm Gente","description":"- Jes\u00fas Mar\u00eda","publisher":{"@id":"https:\/\/fmgente.com.ar\/web\/#organization"},"potentialAction":[{"@type":"SearchAction","target":{"@type":"EntryPoint","urlTemplate":"https:\/\/fmgente.com.ar\/web\/?s={search_term_string}"},"query-input":{"@type":"PropertyValueSpecification","valueRequired":true,"valueName":"search_term_string"}}],"inLanguage":"es"},{"@type":"Organization","@id":"https:\/\/fmgente.com.ar\/web\/#organization","name":"Fm Gente","url":"https:\/\/fmgente.com.ar\/web\/","logo":{"@type":"ImageObject","inLanguage":"es","@id":"https:\/\/fmgente.com.ar\/web\/#\/schema\/logo\/image\/","url":"https:\/\/fmgente.com.ar\/web\/wp-content\/uploads\/2023\/07\/cropped-cropped-logo-sombra2.png","contentUrl":"https:\/\/fmgente.com.ar\/web\/wp-content\/uploads\/2023\/07\/cropped-cropped-logo-sombra2.png","width":1782,"height":1782,"caption":"Fm Gente"},"image":{"@id":"https:\/\/fmgente.com.ar\/web\/#\/schema\/logo\/image\/"}}]}},"_links":{"self":[{"href":"https:\/\/fmgente.com.ar\/web\/wp-json\/wp\/v2\/posts\/21036","targetHints":{"allow":["GET"]}}],"collection":[{"href":"https:\/\/fmgente.com.ar\/web\/wp-json\/wp\/v2\/posts"}],"about":[{"href":"https:\/\/fmgente.com.ar\/web\/wp-json\/wp\/v2\/types\/post"}],"replies":[{"embeddable":true,"href":"https:\/\/fmgente.com.ar\/web\/wp-json\/wp\/v2\/comments?post=21036"}],"version-history":[{"count":0,"href":"https:\/\/fmgente.com.ar\/web\/wp-json\/wp\/v2\/posts\/21036\/revisions"}],"wp:featuredmedia":[{"embeddable":true,"href":"https:\/\/fmgente.com.ar\/web\/wp-json\/wp\/v2\/media\/21037"}],"wp:attachment":[{"href":"https:\/\/fmgente.com.ar\/web\/wp-json\/wp\/v2\/media?parent=21036"}],"wp:term":[{"taxonomy":"category","embeddable":true,"href":"https:\/\/fmgente.com.ar\/web\/wp-json\/wp\/v2\/categories?post=21036"},{"taxonomy":"post_tag","embeddable":true,"href":"https:\/\/fmgente.com.ar\/web\/wp-json\/wp\/v2\/tags?post=21036"}],"curies":[{"name":"wp","href":"https:\/\/api.w.org\/{rel}","templated":true}]}}