{"id":21028,"date":"2026-04-28T17:04:56","date_gmt":"2026-04-28T20:04:56","guid":{"rendered":"https:\/\/fmgente.com.ar\/web\/25-de-mayo-bajo-sospecha-frenan-a-un-proveedor-del-sae\/"},"modified":"2026-04-28T17:04:56","modified_gmt":"2026-04-28T20:04:56","slug":"25-de-mayo-bajo-sospecha-frenan-a-un-proveedor-del-sae","status":"publish","type":"post","link":"https:\/\/fmgente.com.ar\/web\/25-de-mayo-bajo-sospecha-frenan-a-un-proveedor-del-sae\/","title":{"rendered":"25 de Mayo bajo sospecha: frenan a un proveedor del SAE"},"content":{"rendered":"<p>Buenos Aires, 28 abril (NA) &#8211; El Servicio Alimentario Escolar volvi\u00f3 a quedar en el centro de la escena, esta vez en 25 de Mayo, donde la Provincia suspendi\u00f3 preventivamente a la firma PRESTOSERVICE S.R.L. tras detectar presuntas irregularidades en la entrega de alimentos y en la documentaci\u00f3n presentada ante el Consejo Escolar local.<\/p>\n<p>Seg\u00fan supo la Agencia Noticias Argentinas, la decisi\u00f3n fue tomada mientras avanzan actuaciones administrativas y una investigaci\u00f3n judicial por posibles maniobras vinculadas a remitos, facturaci\u00f3n y eventual adulteraci\u00f3n de documentos, en un expediente que empez\u00f3 a escalar despu\u00e9s de varias inconsistencias detectadas en la prestaci\u00f3n.<\/p>\n<p>El foco de la revisi\u00f3n estuvo puesto en una diferencia sensible entre los productos pedidos por las escuelas, los alimentos que habr\u00edan sido efectivamente entregados y los montos finalmente facturados por la empresa. Esa brecha entre papeles, prestaciones y pagos fue el disparador de la intervenci\u00f3n oficial.<\/p>\n<p>Los n\u00fameros del expediente agravaron el cuadro: sobre un total de 92 instituciones educativas alcanzadas por el servicio, solo se registraron 51 remitos de entrega, y dentro de ese universo relevado se detectaron anomal\u00edas en el 18% de la documentaci\u00f3n presentada.<\/p>\n<p>Con esos datos sobre la mesa, la revisi\u00f3n administrativa concluy\u00f3 que la operatoria podr\u00eda haber generado un perjuicio econ\u00f3mico cercano a los $3 millones, lo que aceler\u00f3 la suspensi\u00f3n preventiva y empuj\u00f3 una revisi\u00f3n integral del v\u00ednculo contractual de la firma con el Estado.<\/p>\n<p>El caso ya no expone solo a un proveedor. Tambi\u00e9n vuelve a poner bajo la lupa un punto especialmente sensible: la trazabilidad del alimento que llega a las escuelas y el nivel de control real sobre un sistema que deber\u00eda tener margen cero para las dudas.<\/p>\n<p>#AgenciaNA<\/p>\n","protected":false},"excerpt":{"rendered":"<p>Buenos Aires, 28 abril (NA) &#8211; El Servicio Alimentario Escolar volvi\u00f3 a quedar en el<\/p>\n","protected":false},"author":0,"featured_media":21029,"comment_status":"","ping_status":"","sticky":false,"template":"","format":"standard","meta":{"footnotes":""},"categories":[1],"tags":[],"class_list":["post-21028","post","type-post","status-publish","format-standard","has-post-thumbnail","hentry","category-regionales"],"yoast_head":"<!-- This site is optimized with the Yoast SEO plugin v27.4 - https:\/\/yoast.com\/product\/yoast-seo-wordpress\/ -->\n<title>25 de Mayo bajo sospecha: frenan a un proveedor del SAE - Fm Gente<\/title>\n<meta name=\"robots\" content=\"index, follow, max-snippet:-1, max-image-preview:large, max-video-preview:-1\" \/>\n<link rel=\"canonical\" href=\"https:\/\/fmgente.com.ar\/web\/25-de-mayo-bajo-sospecha-frenan-a-un-proveedor-del-sae\/\" \/>\n<meta property=\"og:locale\" content=\"es_ES\" \/>\n<meta property=\"og:type\" content=\"article\" \/>\n<meta property=\"og:title\" content=\"25 de Mayo bajo sospecha: frenan a un proveedor del SAE - Fm Gente\" \/>\n<meta property=\"og:description\" content=\"Buenos Aires, 28 abril (NA) &#8211; El Servicio Alimentario Escolar volvi\u00f3 a quedar en el\" \/>\n<meta property=\"og:url\" content=\"https:\/\/fmgente.com.ar\/web\/25-de-mayo-bajo-sospecha-frenan-a-un-proveedor-del-sae\/\" \/>\n<meta property=\"og:site_name\" content=\"Fm Gente\" \/>\n<meta property=\"article:published_time\" content=\"2026-04-28T20:04:56+00:00\" \/>\n<meta name=\"twitter:card\" content=\"summary_large_image\" \/>\n<meta name=\"twitter:label1\" content=\"Tiempo de lectura\" \/>\n\t<meta name=\"twitter:data1\" content=\"1 minuto\" \/>\n<script type=\"application\/ld+json\" class=\"yoast-schema-graph\">{\"@context\":\"https:\\\/\\\/schema.org\",\"@graph\":[{\"@type\":\"Article\",\"@id\":\"https:\\\/\\\/fmgente.com.ar\\\/web\\\/25-de-mayo-bajo-sospecha-frenan-a-un-proveedor-del-sae\\\/#article\",\"isPartOf\":{\"@id\":\"https:\\\/\\\/fmgente.com.ar\\\/web\\\/25-de-mayo-bajo-sospecha-frenan-a-un-proveedor-del-sae\\\/\"},\"author\":{\"name\":\"\",\"@id\":\"\"},\"headline\":\"25 de Mayo bajo sospecha: frenan a un proveedor del SAE\",\"datePublished\":\"2026-04-28T20:04:56+00:00\",\"mainEntityOfPage\":{\"@id\":\"https:\\\/\\\/fmgente.com.ar\\\/web\\\/25-de-mayo-bajo-sospecha-frenan-a-un-proveedor-del-sae\\\/\"},\"wordCount\":306,\"publisher\":{\"@id\":\"https:\\\/\\\/fmgente.com.ar\\\/web\\\/#organization\"},\"image\":{\"@id\":\"https:\\\/\\\/fmgente.com.ar\\\/web\\\/25-de-mayo-bajo-sospecha-frenan-a-un-proveedor-del-sae\\\/#primaryimage\"},\"thumbnailUrl\":\"https:\\\/\\\/fmgente.com.ar\\\/web\\\/wp-content\\\/uploads\\\/2026\\\/04\\\/720-1397.jpeg\",\"articleSection\":[\"REGIONALES\"],\"inLanguage\":\"es\"},{\"@type\":\"WebPage\",\"@id\":\"https:\\\/\\\/fmgente.com.ar\\\/web\\\/25-de-mayo-bajo-sospecha-frenan-a-un-proveedor-del-sae\\\/\",\"url\":\"https:\\\/\\\/fmgente.com.ar\\\/web\\\/25-de-mayo-bajo-sospecha-frenan-a-un-proveedor-del-sae\\\/\",\"name\":\"25 de Mayo bajo sospecha: frenan a un proveedor del SAE - Fm Gente\",\"isPartOf\":{\"@id\":\"https:\\\/\\\/fmgente.com.ar\\\/web\\\/#website\"},\"primaryImageOfPage\":{\"@id\":\"https:\\\/\\\/fmgente.com.ar\\\/web\\\/25-de-mayo-bajo-sospecha-frenan-a-un-proveedor-del-sae\\\/#primaryimage\"},\"image\":{\"@id\":\"https:\\\/\\\/fmgente.com.ar\\\/web\\\/25-de-mayo-bajo-sospecha-frenan-a-un-proveedor-del-sae\\\/#primaryimage\"},\"thumbnailUrl\":\"https:\\\/\\\/fmgente.com.ar\\\/web\\\/wp-content\\\/uploads\\\/2026\\\/04\\\/720-1397.jpeg\",\"datePublished\":\"2026-04-28T20:04:56+00:00\",\"inLanguage\":\"es\",\"potentialAction\":[{\"@type\":\"ReadAction\",\"target\":[\"https:\\\/\\\/fmgente.com.ar\\\/web\\\/25-de-mayo-bajo-sospecha-frenan-a-un-proveedor-del-sae\\\/\"]}]},{\"@type\":\"ImageObject\",\"inLanguage\":\"es\",\"@id\":\"https:\\\/\\\/fmgente.com.ar\\\/web\\\/25-de-mayo-bajo-sospecha-frenan-a-un-proveedor-del-sae\\\/#primaryimage\",\"url\":\"https:\\\/\\\/fmgente.com.ar\\\/web\\\/wp-content\\\/uploads\\\/2026\\\/04\\\/720-1397.jpeg\",\"contentUrl\":\"https:\\\/\\\/fmgente.com.ar\\\/web\\\/wp-content\\\/uploads\\\/2026\\\/04\\\/720-1397.jpeg\",\"width\":1280,\"height\":720},{\"@type\":\"WebSite\",\"@id\":\"https:\\\/\\\/fmgente.com.ar\\\/web\\\/#website\",\"url\":\"https:\\\/\\\/fmgente.com.ar\\\/web\\\/\",\"name\":\"Fm Gente\",\"description\":\"- Jes\u00fas Mar\u00eda\",\"publisher\":{\"@id\":\"https:\\\/\\\/fmgente.com.ar\\\/web\\\/#organization\"},\"potentialAction\":[{\"@type\":\"SearchAction\",\"target\":{\"@type\":\"EntryPoint\",\"urlTemplate\":\"https:\\\/\\\/fmgente.com.ar\\\/web\\\/?s={search_term_string}\"},\"query-input\":{\"@type\":\"PropertyValueSpecification\",\"valueRequired\":true,\"valueName\":\"search_term_string\"}}],\"inLanguage\":\"es\"},{\"@type\":\"Organization\",\"@id\":\"https:\\\/\\\/fmgente.com.ar\\\/web\\\/#organization\",\"name\":\"Fm Gente\",\"url\":\"https:\\\/\\\/fmgente.com.ar\\\/web\\\/\",\"logo\":{\"@type\":\"ImageObject\",\"inLanguage\":\"es\",\"@id\":\"https:\\\/\\\/fmgente.com.ar\\\/web\\\/#\\\/schema\\\/logo\\\/image\\\/\",\"url\":\"https:\\\/\\\/fmgente.com.ar\\\/web\\\/wp-content\\\/uploads\\\/2023\\\/07\\\/cropped-cropped-logo-sombra2.png\",\"contentUrl\":\"https:\\\/\\\/fmgente.com.ar\\\/web\\\/wp-content\\\/uploads\\\/2023\\\/07\\\/cropped-cropped-logo-sombra2.png\",\"width\":1782,\"height\":1782,\"caption\":\"Fm Gente\"},\"image\":{\"@id\":\"https:\\\/\\\/fmgente.com.ar\\\/web\\\/#\\\/schema\\\/logo\\\/image\\\/\"}}]}<\/script>\n<!-- \/ Yoast SEO plugin. -->","yoast_head_json":{"title":"25 de Mayo bajo sospecha: frenan a un proveedor del SAE - Fm Gente","robots":{"index":"index","follow":"follow","max-snippet":"max-snippet:-1","max-image-preview":"max-image-preview:large","max-video-preview":"max-video-preview:-1"},"canonical":"https:\/\/fmgente.com.ar\/web\/25-de-mayo-bajo-sospecha-frenan-a-un-proveedor-del-sae\/","og_locale":"es_ES","og_type":"article","og_title":"25 de Mayo bajo sospecha: frenan a un proveedor del SAE - Fm Gente","og_description":"Buenos Aires, 28 abril (NA) &#8211; El Servicio Alimentario Escolar volvi\u00f3 a quedar en el","og_url":"https:\/\/fmgente.com.ar\/web\/25-de-mayo-bajo-sospecha-frenan-a-un-proveedor-del-sae\/","og_site_name":"Fm Gente","article_published_time":"2026-04-28T20:04:56+00:00","twitter_card":"summary_large_image","twitter_misc":{"Tiempo de lectura":"1 minuto"},"schema":{"@context":"https:\/\/schema.org","@graph":[{"@type":"Article","@id":"https:\/\/fmgente.com.ar\/web\/25-de-mayo-bajo-sospecha-frenan-a-un-proveedor-del-sae\/#article","isPartOf":{"@id":"https:\/\/fmgente.com.ar\/web\/25-de-mayo-bajo-sospecha-frenan-a-un-proveedor-del-sae\/"},"author":{"name":"","@id":""},"headline":"25 de Mayo bajo sospecha: frenan a un proveedor del SAE","datePublished":"2026-04-28T20:04:56+00:00","mainEntityOfPage":{"@id":"https:\/\/fmgente.com.ar\/web\/25-de-mayo-bajo-sospecha-frenan-a-un-proveedor-del-sae\/"},"wordCount":306,"publisher":{"@id":"https:\/\/fmgente.com.ar\/web\/#organization"},"image":{"@id":"https:\/\/fmgente.com.ar\/web\/25-de-mayo-bajo-sospecha-frenan-a-un-proveedor-del-sae\/#primaryimage"},"thumbnailUrl":"https:\/\/fmgente.com.ar\/web\/wp-content\/uploads\/2026\/04\/720-1397.jpeg","articleSection":["REGIONALES"],"inLanguage":"es"},{"@type":"WebPage","@id":"https:\/\/fmgente.com.ar\/web\/25-de-mayo-bajo-sospecha-frenan-a-un-proveedor-del-sae\/","url":"https:\/\/fmgente.com.ar\/web\/25-de-mayo-bajo-sospecha-frenan-a-un-proveedor-del-sae\/","name":"25 de Mayo bajo sospecha: frenan a un proveedor del SAE - Fm Gente","isPartOf":{"@id":"https:\/\/fmgente.com.ar\/web\/#website"},"primaryImageOfPage":{"@id":"https:\/\/fmgente.com.ar\/web\/25-de-mayo-bajo-sospecha-frenan-a-un-proveedor-del-sae\/#primaryimage"},"image":{"@id":"https:\/\/fmgente.com.ar\/web\/25-de-mayo-bajo-sospecha-frenan-a-un-proveedor-del-sae\/#primaryimage"},"thumbnailUrl":"https:\/\/fmgente.com.ar\/web\/wp-content\/uploads\/2026\/04\/720-1397.jpeg","datePublished":"2026-04-28T20:04:56+00:00","inLanguage":"es","potentialAction":[{"@type":"ReadAction","target":["https:\/\/fmgente.com.ar\/web\/25-de-mayo-bajo-sospecha-frenan-a-un-proveedor-del-sae\/"]}]},{"@type":"ImageObject","inLanguage":"es","@id":"https:\/\/fmgente.com.ar\/web\/25-de-mayo-bajo-sospecha-frenan-a-un-proveedor-del-sae\/#primaryimage","url":"https:\/\/fmgente.com.ar\/web\/wp-content\/uploads\/2026\/04\/720-1397.jpeg","contentUrl":"https:\/\/fmgente.com.ar\/web\/wp-content\/uploads\/2026\/04\/720-1397.jpeg","width":1280,"height":720},{"@type":"WebSite","@id":"https:\/\/fmgente.com.ar\/web\/#website","url":"https:\/\/fmgente.com.ar\/web\/","name":"Fm Gente","description":"- Jes\u00fas Mar\u00eda","publisher":{"@id":"https:\/\/fmgente.com.ar\/web\/#organization"},"potentialAction":[{"@type":"SearchAction","target":{"@type":"EntryPoint","urlTemplate":"https:\/\/fmgente.com.ar\/web\/?s={search_term_string}"},"query-input":{"@type":"PropertyValueSpecification","valueRequired":true,"valueName":"search_term_string"}}],"inLanguage":"es"},{"@type":"Organization","@id":"https:\/\/fmgente.com.ar\/web\/#organization","name":"Fm Gente","url":"https:\/\/fmgente.com.ar\/web\/","logo":{"@type":"ImageObject","inLanguage":"es","@id":"https:\/\/fmgente.com.ar\/web\/#\/schema\/logo\/image\/","url":"https:\/\/fmgente.com.ar\/web\/wp-content\/uploads\/2023\/07\/cropped-cropped-logo-sombra2.png","contentUrl":"https:\/\/fmgente.com.ar\/web\/wp-content\/uploads\/2023\/07\/cropped-cropped-logo-sombra2.png","width":1782,"height":1782,"caption":"Fm Gente"},"image":{"@id":"https:\/\/fmgente.com.ar\/web\/#\/schema\/logo\/image\/"}}]}},"_links":{"self":[{"href":"https:\/\/fmgente.com.ar\/web\/wp-json\/wp\/v2\/posts\/21028","targetHints":{"allow":["GET"]}}],"collection":[{"href":"https:\/\/fmgente.com.ar\/web\/wp-json\/wp\/v2\/posts"}],"about":[{"href":"https:\/\/fmgente.com.ar\/web\/wp-json\/wp\/v2\/types\/post"}],"replies":[{"embeddable":true,"href":"https:\/\/fmgente.com.ar\/web\/wp-json\/wp\/v2\/comments?post=21028"}],"version-history":[{"count":0,"href":"https:\/\/fmgente.com.ar\/web\/wp-json\/wp\/v2\/posts\/21028\/revisions"}],"wp:featuredmedia":[{"embeddable":true,"href":"https:\/\/fmgente.com.ar\/web\/wp-json\/wp\/v2\/media\/21029"}],"wp:attachment":[{"href":"https:\/\/fmgente.com.ar\/web\/wp-json\/wp\/v2\/media?parent=21028"}],"wp:term":[{"taxonomy":"category","embeddable":true,"href":"https:\/\/fmgente.com.ar\/web\/wp-json\/wp\/v2\/categories?post=21028"},{"taxonomy":"post_tag","embeddable":true,"href":"https:\/\/fmgente.com.ar\/web\/wp-json\/wp\/v2\/tags?post=21028"}],"curies":[{"name":"wp","href":"https:\/\/api.w.org\/{rel}","templated":true}]}}