{"id":21022,"date":"2026-04-28T16:06:06","date_gmt":"2026-04-28T19:06:06","guid":{"rendered":"https:\/\/fmgente.com.ar\/web\/como-sera-el-dispositivo-de-apoyo-a-manuel-adorni-en-el-congreso\/"},"modified":"2026-04-28T16:06:06","modified_gmt":"2026-04-28T19:06:06","slug":"como-sera-el-dispositivo-de-apoyo-a-manuel-adorni-en-el-congreso","status":"publish","type":"post","link":"https:\/\/fmgente.com.ar\/web\/como-sera-el-dispositivo-de-apoyo-a-manuel-adorni-en-el-congreso\/","title":{"rendered":"C\u00f3mo ser\u00e1 el dispositivo de apoyo a Manuel Adorni en el Congreso"},"content":{"rendered":"<p>Buenos Aires, 28 abril (NA) \u2013 El Gobierno luce enfocado en que el informe de gesti\u00f3n que presentar\u00e1 Manuel Adorni en la C\u00e1mara de Diputados salga de la mejor manera posible. El objetivo es que el jefe de Gabinete no cometa errores y pueda contestar las preguntas de los legisladores de forma s\u00f3lida, sin dejar lugar a interrogantes. Se busca que la actividad corra el foco de la agenda en torno al funcionario, opacado por la situaci\u00f3n judicial.<\/p>\n<p>Para que la performance no tenga sobresaltos, los equipos t\u00e9cnicos del ex vocero presidencial trabajaron arduamente. La tarea comenz\u00f3 hace casi un mes y en Balcarce 50 siempre resaltaron, ante la consulta de la Agencia Noticias Argentinas, que Adorni quiso presentarse en la C\u00e1mara baja. Subrayan que nunca tuvo dudas pese a que desde el propio oficialismo existieron voces que dudaron de la conveniencia de la exposici\u00f3n.<\/p>\n<p>El respaldo de la c\u00fapula de La Libertad Avanza hacia el ex candidato a legislador se encuentra intacto pese a las novedades que entreg\u00f3 el expediente judicial que indaga su evoluci\u00f3n patrimonial. Javier Milei ya avis\u00f3 que estar\u00e1 en el recinto acompa\u00f1ando la exposici\u00f3n de su ministro coordinador. Tambi\u00e9n es seguro que el principal sost\u00e9n que posee, Karina Milei, imite a su hermano y se d\u00e9 cita en el Parlamento.<\/p>\n<p>Adem\u00e1s, se prev\u00e9 que los ministros acompa\u00f1en la presentaci\u00f3n, aunque fuentes oficiales todav\u00eda no quer\u00edan confirmar qui\u00e9n estar\u00e1 presente y qui\u00e9n no. Argumentaron que la agenda de cada funcionario es compleja. <\/p>\n<p>Pero anticiparon que miembros del Gabinete dir\u00e1n presente y escuchar\u00e1n una s\u00f3lida alocuci\u00f3n. Existe la posibilidad de que Santiago Caputo, el asesor presidencial, est\u00e9 en el lugar.<\/p>\n<p>Para el Gobierno, es clave que no se repita la escena de la \u00faltima conferencia de prensa de Adorni, en la cual se lo vio enfrascado en discusiones con periodistas y sin posibilidades de explicar c\u00f3mo adquiri\u00f3 propiedades. Es fundamental que luzca concentrado y seguro ante las preguntas de los diputados, precisamente los de Uni\u00f3n por la Patria.<\/p>\n<p>Las dudas de los integrantes de la C\u00e1mara baja hacia el funcionario primero se enviaron por escrito. Y recibi\u00f3 unas 4.800, lo cual es un r\u00e9cord. Tras quitar las repetidas o redundantes quedaron poco m\u00e1s de 2.000, de las cuales constan varias referidas a sus viajes, su compra de propiedades y su declaraci\u00f3n jurada.<\/p>\n<p>La cita llega en un momento complejo para Adorni, de alta exposici\u00f3n. Caracterizado por la simultaneidad de investigaciones en curso y el archivo reciente de una causa menor, las cuales avanzan en la Justicia federal bajo la direcci\u00f3n del fiscal Gerardo Pollicita.<\/p>\n<p>Hace unas semanas, el juez Ariel Lijo orden\u00f3 el levantamiento del secreto bancario y fiscal de Adorni y su esposa, Bettina Angeletti, para contrastar sus declaraciones juradas con su nivel de vida y sus activos reales.<\/p>\n<p>Paralelamente, las cuatro mujeres involucradas con la compraventa de uno de los inmuebles del jefe de Gabinete declararon, semanas atr\u00e1s, ante la Justicia, y se supo que el departamento de Caballito fue comprado por el funcionario a un valor menor del que tiene en el mercado.<\/p>\n<p>#AgenciaNA<\/p>\n","protected":false},"excerpt":{"rendered":"<p>Buenos Aires, 28 abril (NA) \u2013 El Gobierno luce enfocado en que el informe de<\/p>\n","protected":false},"author":0,"featured_media":21023,"comment_status":"","ping_status":"","sticky":false,"template":"","format":"standard","meta":{"footnotes":""},"categories":[1],"tags":[],"class_list":["post-21022","post","type-post","status-publish","format-standard","has-post-thumbnail","hentry","category-regionales"],"yoast_head":"<!-- This site is optimized with the Yoast SEO plugin v27.4 - https:\/\/yoast.com\/product\/yoast-seo-wordpress\/ -->\n<title>C\u00f3mo ser\u00e1 el dispositivo de apoyo a Manuel Adorni en el Congreso - Fm Gente<\/title>\n<meta name=\"robots\" content=\"index, follow, max-snippet:-1, max-image-preview:large, max-video-preview:-1\" \/>\n<link rel=\"canonical\" href=\"https:\/\/fmgente.com.ar\/web\/como-sera-el-dispositivo-de-apoyo-a-manuel-adorni-en-el-congreso\/\" \/>\n<meta property=\"og:locale\" content=\"es_ES\" \/>\n<meta property=\"og:type\" content=\"article\" \/>\n<meta property=\"og:title\" content=\"C\u00f3mo ser\u00e1 el dispositivo de apoyo a Manuel Adorni en el Congreso - Fm Gente\" \/>\n<meta property=\"og:description\" content=\"Buenos Aires, 28 abril (NA) \u2013 El Gobierno luce enfocado en que el informe de\" \/>\n<meta property=\"og:url\" content=\"https:\/\/fmgente.com.ar\/web\/como-sera-el-dispositivo-de-apoyo-a-manuel-adorni-en-el-congreso\/\" \/>\n<meta property=\"og:site_name\" content=\"Fm Gente\" \/>\n<meta property=\"article:published_time\" content=\"2026-04-28T19:06:06+00:00\" \/>\n<meta name=\"twitter:card\" content=\"summary_large_image\" \/>\n<meta name=\"twitter:label1\" content=\"Tiempo de lectura\" \/>\n\t<meta name=\"twitter:data1\" content=\"3 minutos\" \/>\n<script type=\"application\/ld+json\" class=\"yoast-schema-graph\">{\"@context\":\"https:\\\/\\\/schema.org\",\"@graph\":[{\"@type\":\"Article\",\"@id\":\"https:\\\/\\\/fmgente.com.ar\\\/web\\\/como-sera-el-dispositivo-de-apoyo-a-manuel-adorni-en-el-congreso\\\/#article\",\"isPartOf\":{\"@id\":\"https:\\\/\\\/fmgente.com.ar\\\/web\\\/como-sera-el-dispositivo-de-apoyo-a-manuel-adorni-en-el-congreso\\\/\"},\"author\":{\"name\":\"\",\"@id\":\"\"},\"headline\":\"C\u00f3mo ser\u00e1 el dispositivo de apoyo a Manuel Adorni en el Congreso\",\"datePublished\":\"2026-04-28T19:06:06+00:00\",\"mainEntityOfPage\":{\"@id\":\"https:\\\/\\\/fmgente.com.ar\\\/web\\\/como-sera-el-dispositivo-de-apoyo-a-manuel-adorni-en-el-congreso\\\/\"},\"wordCount\":551,\"publisher\":{\"@id\":\"https:\\\/\\\/fmgente.com.ar\\\/web\\\/#organization\"},\"image\":{\"@id\":\"https:\\\/\\\/fmgente.com.ar\\\/web\\\/como-sera-el-dispositivo-de-apoyo-a-manuel-adorni-en-el-congreso\\\/#primaryimage\"},\"thumbnailUrl\":\"https:\\\/\\\/fmgente.com.ar\\\/web\\\/wp-content\\\/uploads\\\/2026\\\/04\\\/720-1394.jpeg\",\"articleSection\":[\"REGIONALES\"],\"inLanguage\":\"es\"},{\"@type\":\"WebPage\",\"@id\":\"https:\\\/\\\/fmgente.com.ar\\\/web\\\/como-sera-el-dispositivo-de-apoyo-a-manuel-adorni-en-el-congreso\\\/\",\"url\":\"https:\\\/\\\/fmgente.com.ar\\\/web\\\/como-sera-el-dispositivo-de-apoyo-a-manuel-adorni-en-el-congreso\\\/\",\"name\":\"C\u00f3mo ser\u00e1 el dispositivo de apoyo a Manuel Adorni en el Congreso - Fm Gente\",\"isPartOf\":{\"@id\":\"https:\\\/\\\/fmgente.com.ar\\\/web\\\/#website\"},\"primaryImageOfPage\":{\"@id\":\"https:\\\/\\\/fmgente.com.ar\\\/web\\\/como-sera-el-dispositivo-de-apoyo-a-manuel-adorni-en-el-congreso\\\/#primaryimage\"},\"image\":{\"@id\":\"https:\\\/\\\/fmgente.com.ar\\\/web\\\/como-sera-el-dispositivo-de-apoyo-a-manuel-adorni-en-el-congreso\\\/#primaryimage\"},\"thumbnailUrl\":\"https:\\\/\\\/fmgente.com.ar\\\/web\\\/wp-content\\\/uploads\\\/2026\\\/04\\\/720-1394.jpeg\",\"datePublished\":\"2026-04-28T19:06:06+00:00\",\"inLanguage\":\"es\",\"potentialAction\":[{\"@type\":\"ReadAction\",\"target\":[\"https:\\\/\\\/fmgente.com.ar\\\/web\\\/como-sera-el-dispositivo-de-apoyo-a-manuel-adorni-en-el-congreso\\\/\"]}]},{\"@type\":\"ImageObject\",\"inLanguage\":\"es\",\"@id\":\"https:\\\/\\\/fmgente.com.ar\\\/web\\\/como-sera-el-dispositivo-de-apoyo-a-manuel-adorni-en-el-congreso\\\/#primaryimage\",\"url\":\"https:\\\/\\\/fmgente.com.ar\\\/web\\\/wp-content\\\/uploads\\\/2026\\\/04\\\/720-1394.jpeg\",\"contentUrl\":\"https:\\\/\\\/fmgente.com.ar\\\/web\\\/wp-content\\\/uploads\\\/2026\\\/04\\\/720-1394.jpeg\",\"width\":1037,\"height\":720},{\"@type\":\"WebSite\",\"@id\":\"https:\\\/\\\/fmgente.com.ar\\\/web\\\/#website\",\"url\":\"https:\\\/\\\/fmgente.com.ar\\\/web\\\/\",\"name\":\"Fm Gente\",\"description\":\"- Jes\u00fas Mar\u00eda\",\"publisher\":{\"@id\":\"https:\\\/\\\/fmgente.com.ar\\\/web\\\/#organization\"},\"potentialAction\":[{\"@type\":\"SearchAction\",\"target\":{\"@type\":\"EntryPoint\",\"urlTemplate\":\"https:\\\/\\\/fmgente.com.ar\\\/web\\\/?s={search_term_string}\"},\"query-input\":{\"@type\":\"PropertyValueSpecification\",\"valueRequired\":true,\"valueName\":\"search_term_string\"}}],\"inLanguage\":\"es\"},{\"@type\":\"Organization\",\"@id\":\"https:\\\/\\\/fmgente.com.ar\\\/web\\\/#organization\",\"name\":\"Fm Gente\",\"url\":\"https:\\\/\\\/fmgente.com.ar\\\/web\\\/\",\"logo\":{\"@type\":\"ImageObject\",\"inLanguage\":\"es\",\"@id\":\"https:\\\/\\\/fmgente.com.ar\\\/web\\\/#\\\/schema\\\/logo\\\/image\\\/\",\"url\":\"https:\\\/\\\/fmgente.com.ar\\\/web\\\/wp-content\\\/uploads\\\/2023\\\/07\\\/cropped-cropped-logo-sombra2.png\",\"contentUrl\":\"https:\\\/\\\/fmgente.com.ar\\\/web\\\/wp-content\\\/uploads\\\/2023\\\/07\\\/cropped-cropped-logo-sombra2.png\",\"width\":1782,\"height\":1782,\"caption\":\"Fm Gente\"},\"image\":{\"@id\":\"https:\\\/\\\/fmgente.com.ar\\\/web\\\/#\\\/schema\\\/logo\\\/image\\\/\"}}]}<\/script>\n<!-- \/ Yoast SEO plugin. -->","yoast_head_json":{"title":"C\u00f3mo ser\u00e1 el dispositivo de apoyo a Manuel Adorni en el Congreso - Fm Gente","robots":{"index":"index","follow":"follow","max-snippet":"max-snippet:-1","max-image-preview":"max-image-preview:large","max-video-preview":"max-video-preview:-1"},"canonical":"https:\/\/fmgente.com.ar\/web\/como-sera-el-dispositivo-de-apoyo-a-manuel-adorni-en-el-congreso\/","og_locale":"es_ES","og_type":"article","og_title":"C\u00f3mo ser\u00e1 el dispositivo de apoyo a Manuel Adorni en el Congreso - Fm Gente","og_description":"Buenos Aires, 28 abril (NA) \u2013 El Gobierno luce enfocado en que el informe de","og_url":"https:\/\/fmgente.com.ar\/web\/como-sera-el-dispositivo-de-apoyo-a-manuel-adorni-en-el-congreso\/","og_site_name":"Fm Gente","article_published_time":"2026-04-28T19:06:06+00:00","twitter_card":"summary_large_image","twitter_misc":{"Tiempo de lectura":"3 minutos"},"schema":{"@context":"https:\/\/schema.org","@graph":[{"@type":"Article","@id":"https:\/\/fmgente.com.ar\/web\/como-sera-el-dispositivo-de-apoyo-a-manuel-adorni-en-el-congreso\/#article","isPartOf":{"@id":"https:\/\/fmgente.com.ar\/web\/como-sera-el-dispositivo-de-apoyo-a-manuel-adorni-en-el-congreso\/"},"author":{"name":"","@id":""},"headline":"C\u00f3mo ser\u00e1 el dispositivo de apoyo a Manuel Adorni en el Congreso","datePublished":"2026-04-28T19:06:06+00:00","mainEntityOfPage":{"@id":"https:\/\/fmgente.com.ar\/web\/como-sera-el-dispositivo-de-apoyo-a-manuel-adorni-en-el-congreso\/"},"wordCount":551,"publisher":{"@id":"https:\/\/fmgente.com.ar\/web\/#organization"},"image":{"@id":"https:\/\/fmgente.com.ar\/web\/como-sera-el-dispositivo-de-apoyo-a-manuel-adorni-en-el-congreso\/#primaryimage"},"thumbnailUrl":"https:\/\/fmgente.com.ar\/web\/wp-content\/uploads\/2026\/04\/720-1394.jpeg","articleSection":["REGIONALES"],"inLanguage":"es"},{"@type":"WebPage","@id":"https:\/\/fmgente.com.ar\/web\/como-sera-el-dispositivo-de-apoyo-a-manuel-adorni-en-el-congreso\/","url":"https:\/\/fmgente.com.ar\/web\/como-sera-el-dispositivo-de-apoyo-a-manuel-adorni-en-el-congreso\/","name":"C\u00f3mo ser\u00e1 el dispositivo de apoyo a Manuel Adorni en el Congreso - Fm Gente","isPartOf":{"@id":"https:\/\/fmgente.com.ar\/web\/#website"},"primaryImageOfPage":{"@id":"https:\/\/fmgente.com.ar\/web\/como-sera-el-dispositivo-de-apoyo-a-manuel-adorni-en-el-congreso\/#primaryimage"},"image":{"@id":"https:\/\/fmgente.com.ar\/web\/como-sera-el-dispositivo-de-apoyo-a-manuel-adorni-en-el-congreso\/#primaryimage"},"thumbnailUrl":"https:\/\/fmgente.com.ar\/web\/wp-content\/uploads\/2026\/04\/720-1394.jpeg","datePublished":"2026-04-28T19:06:06+00:00","inLanguage":"es","potentialAction":[{"@type":"ReadAction","target":["https:\/\/fmgente.com.ar\/web\/como-sera-el-dispositivo-de-apoyo-a-manuel-adorni-en-el-congreso\/"]}]},{"@type":"ImageObject","inLanguage":"es","@id":"https:\/\/fmgente.com.ar\/web\/como-sera-el-dispositivo-de-apoyo-a-manuel-adorni-en-el-congreso\/#primaryimage","url":"https:\/\/fmgente.com.ar\/web\/wp-content\/uploads\/2026\/04\/720-1394.jpeg","contentUrl":"https:\/\/fmgente.com.ar\/web\/wp-content\/uploads\/2026\/04\/720-1394.jpeg","width":1037,"height":720},{"@type":"WebSite","@id":"https:\/\/fmgente.com.ar\/web\/#website","url":"https:\/\/fmgente.com.ar\/web\/","name":"Fm Gente","description":"- Jes\u00fas Mar\u00eda","publisher":{"@id":"https:\/\/fmgente.com.ar\/web\/#organization"},"potentialAction":[{"@type":"SearchAction","target":{"@type":"EntryPoint","urlTemplate":"https:\/\/fmgente.com.ar\/web\/?s={search_term_string}"},"query-input":{"@type":"PropertyValueSpecification","valueRequired":true,"valueName":"search_term_string"}}],"inLanguage":"es"},{"@type":"Organization","@id":"https:\/\/fmgente.com.ar\/web\/#organization","name":"Fm Gente","url":"https:\/\/fmgente.com.ar\/web\/","logo":{"@type":"ImageObject","inLanguage":"es","@id":"https:\/\/fmgente.com.ar\/web\/#\/schema\/logo\/image\/","url":"https:\/\/fmgente.com.ar\/web\/wp-content\/uploads\/2023\/07\/cropped-cropped-logo-sombra2.png","contentUrl":"https:\/\/fmgente.com.ar\/web\/wp-content\/uploads\/2023\/07\/cropped-cropped-logo-sombra2.png","width":1782,"height":1782,"caption":"Fm Gente"},"image":{"@id":"https:\/\/fmgente.com.ar\/web\/#\/schema\/logo\/image\/"}}]}},"_links":{"self":[{"href":"https:\/\/fmgente.com.ar\/web\/wp-json\/wp\/v2\/posts\/21022","targetHints":{"allow":["GET"]}}],"collection":[{"href":"https:\/\/fmgente.com.ar\/web\/wp-json\/wp\/v2\/posts"}],"about":[{"href":"https:\/\/fmgente.com.ar\/web\/wp-json\/wp\/v2\/types\/post"}],"replies":[{"embeddable":true,"href":"https:\/\/fmgente.com.ar\/web\/wp-json\/wp\/v2\/comments?post=21022"}],"version-history":[{"count":0,"href":"https:\/\/fmgente.com.ar\/web\/wp-json\/wp\/v2\/posts\/21022\/revisions"}],"wp:featuredmedia":[{"embeddable":true,"href":"https:\/\/fmgente.com.ar\/web\/wp-json\/wp\/v2\/media\/21023"}],"wp:attachment":[{"href":"https:\/\/fmgente.com.ar\/web\/wp-json\/wp\/v2\/media?parent=21022"}],"wp:term":[{"taxonomy":"category","embeddable":true,"href":"https:\/\/fmgente.com.ar\/web\/wp-json\/wp\/v2\/categories?post=21022"},{"taxonomy":"post_tag","embeddable":true,"href":"https:\/\/fmgente.com.ar\/web\/wp-json\/wp\/v2\/tags?post=21022"}],"curies":[{"name":"wp","href":"https:\/\/api.w.org\/{rel}","templated":true}]}}