{"id":21020,"date":"2026-04-28T16:06:05","date_gmt":"2026-04-28T19:06:05","guid":{"rendered":"https:\/\/fmgente.com.ar\/web\/el-parlamento-britanico-rechaza-investigar-a-starmer-por-el-nombramiento-de-mandelson\/"},"modified":"2026-04-28T16:06:05","modified_gmt":"2026-04-28T19:06:05","slug":"el-parlamento-britanico-rechaza-investigar-a-starmer-por-el-nombramiento-de-mandelson","status":"publish","type":"post","link":"https:\/\/fmgente.com.ar\/web\/el-parlamento-britanico-rechaza-investigar-a-starmer-por-el-nombramiento-de-mandelson\/","title":{"rendered":"El Parlamento brit\u00e1nico rechaza investigar a Starmer por el nombramiento de Mandelson"},"content":{"rendered":"<p>Buenos Aires, 28 abril (NA) \u2013 La C\u00e1mara de los Comunes rechaz\u00f3 el martes iniciar una investigaci\u00f3n contra el primer ministro brit\u00e1nico, Keir Starmer, por el nombramiento de Peter Mandelson como embajador brit\u00e1nico en Estados Unidos en 2024, pese a sus v\u00ednculos con el fallecido delincuente sexual estadounidense Jeffrey Epstein.<\/p>\n<p>La petici\u00f3n de los opositores conservadores fue desestimada por 335 votos, contra 223 a favor, inform\u00f3 France 24 y confirm\u00f3 la Agencia Noticias Argentinas.<\/p>\n<p>Un exasesor de Starmer se responsabiliz\u00f3 por un \u201cerror de juicio\u201d, pero neg\u00f3 irregularidades en la contrataci\u00f3n.<\/p>\n<p>Aunque el l\u00edder del Gobierno brit\u00e1nico asegura que se respetaron todos los protocolos de contrataci\u00f3n en el nombramiento de Mandelson, la l\u00edder del Partido Conservador de la oposici\u00f3n, Kemi Badenoch, lo acusa de \u201cenga\u00f1ar repetidamente a la C\u00e1mara de los Comunes\u201d al afirmar que se sigui\u00f3 el debido proceso.<\/p>\n<p>El presidente de la C\u00e1mara, Lindsay Hoyle, explic\u00f3 que hab\u00eda aprobado una solicitud de Badenoch para que el Parlamento debatiera y votara este martes si el Comit\u00e9 de Privilegios deber\u00eda investigar el asunto. La convocatoria, destac\u00f3 Lindsay, no debe interpretarse como un indicador de que Starmer hizo algo malo o no.<\/p>\n<p>La oficina del primer ministro reclam\u00f3 el lunes que la presi\u00f3n de los conservadores para que se vote sobre el juicio a Starmer era una \u201cmaniobra pol\u00edtica desesperada\u201d y que \u201csus afirmaciones carecen de fundamento\u201d, seg\u00fan el comunicado de Downing Street.<\/p>\n<p>La pol\u00e9mica llega en plena campa\u00f1a de las elecciones locales y regionales del 7 de mayo, que suelen interpretarse como un veredicto de mitad de mandato sobre la gesti\u00f3n del Ejecutivo.<\/p>\n<p>Citado a declarar ante la Comisi\u00f3n Parlamentaria de Asuntos Exteriores, Morgan McSweeney, exjefe de gabinete del primer ministro y exasesor cercano, acept\u00f3 este martes que \u201cel nombramiento de Mandelson como embajador fue un grave error de juicio\u201d.<\/p>\n<p>\u201cAconsej\u00e9 al primer ministro que apoyara ese nombramiento y me equivoqu\u00e9 al hacerlo\u201d, a\u00f1adi\u00f3 ante el comit\u00e9.<\/p>\n<p>No obstante, resalt\u00f3 que nunca pidi\u00f3 a ning\u00fan funcionario \u201cque se ignoraran los procedimientos\u201d o que \u201cse omitieran pasos\u201d durante la verificaci\u00f3n de antecedentes y contrataci\u00f3n, lo que respalda la versi\u00f3n del primer ministro sobre la legalidad del nombramiento.<\/p>\n<p>#AgenciaNA<\/p>\n","protected":false},"excerpt":{"rendered":"<p>Buenos Aires, 28 abril (NA) \u2013 La C\u00e1mara de los Comunes rechaz\u00f3 el martes iniciar<\/p>\n","protected":false},"author":0,"featured_media":21021,"comment_status":"","ping_status":"","sticky":false,"template":"","format":"standard","meta":{"footnotes":""},"categories":[1],"tags":[],"class_list":["post-21020","post","type-post","status-publish","format-standard","has-post-thumbnail","hentry","category-regionales"],"yoast_head":"<!-- This site is optimized with the Yoast SEO plugin v27.4 - https:\/\/yoast.com\/product\/yoast-seo-wordpress\/ -->\n<title>El Parlamento brit\u00e1nico rechaza investigar a Starmer por el nombramiento de Mandelson - Fm Gente<\/title>\n<meta name=\"robots\" content=\"index, follow, max-snippet:-1, max-image-preview:large, max-video-preview:-1\" \/>\n<link rel=\"canonical\" href=\"https:\/\/fmgente.com.ar\/web\/el-parlamento-britanico-rechaza-investigar-a-starmer-por-el-nombramiento-de-mandelson\/\" \/>\n<meta property=\"og:locale\" content=\"es_ES\" \/>\n<meta property=\"og:type\" content=\"article\" \/>\n<meta property=\"og:title\" content=\"El Parlamento brit\u00e1nico rechaza investigar a Starmer por el nombramiento de Mandelson - Fm Gente\" \/>\n<meta property=\"og:description\" content=\"Buenos Aires, 28 abril (NA) \u2013 La C\u00e1mara de los Comunes rechaz\u00f3 el martes iniciar\" \/>\n<meta property=\"og:url\" content=\"https:\/\/fmgente.com.ar\/web\/el-parlamento-britanico-rechaza-investigar-a-starmer-por-el-nombramiento-de-mandelson\/\" \/>\n<meta property=\"og:site_name\" content=\"Fm Gente\" \/>\n<meta property=\"article:published_time\" content=\"2026-04-28T19:06:05+00:00\" \/>\n<meta name=\"twitter:card\" content=\"summary_large_image\" \/>\n<meta name=\"twitter:label1\" content=\"Tiempo de lectura\" \/>\n\t<meta name=\"twitter:data1\" content=\"2 minutos\" \/>\n<script type=\"application\/ld+json\" class=\"yoast-schema-graph\">{\"@context\":\"https:\\\/\\\/schema.org\",\"@graph\":[{\"@type\":\"Article\",\"@id\":\"https:\\\/\\\/fmgente.com.ar\\\/web\\\/el-parlamento-britanico-rechaza-investigar-a-starmer-por-el-nombramiento-de-mandelson\\\/#article\",\"isPartOf\":{\"@id\":\"https:\\\/\\\/fmgente.com.ar\\\/web\\\/el-parlamento-britanico-rechaza-investigar-a-starmer-por-el-nombramiento-de-mandelson\\\/\"},\"author\":{\"name\":\"\",\"@id\":\"\"},\"headline\":\"El Parlamento brit\u00e1nico rechaza investigar a Starmer por el nombramiento de Mandelson\",\"datePublished\":\"2026-04-28T19:06:05+00:00\",\"mainEntityOfPage\":{\"@id\":\"https:\\\/\\\/fmgente.com.ar\\\/web\\\/el-parlamento-britanico-rechaza-investigar-a-starmer-por-el-nombramiento-de-mandelson\\\/\"},\"wordCount\":392,\"publisher\":{\"@id\":\"https:\\\/\\\/fmgente.com.ar\\\/web\\\/#organization\"},\"image\":{\"@id\":\"https:\\\/\\\/fmgente.com.ar\\\/web\\\/el-parlamento-britanico-rechaza-investigar-a-starmer-por-el-nombramiento-de-mandelson\\\/#primaryimage\"},\"thumbnailUrl\":\"https:\\\/\\\/fmgente.com.ar\\\/web\\\/wp-content\\\/uploads\\\/2026\\\/04\\\/720-1393.jpeg\",\"articleSection\":[\"REGIONALES\"],\"inLanguage\":\"es\"},{\"@type\":\"WebPage\",\"@id\":\"https:\\\/\\\/fmgente.com.ar\\\/web\\\/el-parlamento-britanico-rechaza-investigar-a-starmer-por-el-nombramiento-de-mandelson\\\/\",\"url\":\"https:\\\/\\\/fmgente.com.ar\\\/web\\\/el-parlamento-britanico-rechaza-investigar-a-starmer-por-el-nombramiento-de-mandelson\\\/\",\"name\":\"El Parlamento brit\u00e1nico rechaza investigar a Starmer por el nombramiento de Mandelson - Fm Gente\",\"isPartOf\":{\"@id\":\"https:\\\/\\\/fmgente.com.ar\\\/web\\\/#website\"},\"primaryImageOfPage\":{\"@id\":\"https:\\\/\\\/fmgente.com.ar\\\/web\\\/el-parlamento-britanico-rechaza-investigar-a-starmer-por-el-nombramiento-de-mandelson\\\/#primaryimage\"},\"image\":{\"@id\":\"https:\\\/\\\/fmgente.com.ar\\\/web\\\/el-parlamento-britanico-rechaza-investigar-a-starmer-por-el-nombramiento-de-mandelson\\\/#primaryimage\"},\"thumbnailUrl\":\"https:\\\/\\\/fmgente.com.ar\\\/web\\\/wp-content\\\/uploads\\\/2026\\\/04\\\/720-1393.jpeg\",\"datePublished\":\"2026-04-28T19:06:05+00:00\",\"inLanguage\":\"es\",\"potentialAction\":[{\"@type\":\"ReadAction\",\"target\":[\"https:\\\/\\\/fmgente.com.ar\\\/web\\\/el-parlamento-britanico-rechaza-investigar-a-starmer-por-el-nombramiento-de-mandelson\\\/\"]}]},{\"@type\":\"ImageObject\",\"inLanguage\":\"es\",\"@id\":\"https:\\\/\\\/fmgente.com.ar\\\/web\\\/el-parlamento-britanico-rechaza-investigar-a-starmer-por-el-nombramiento-de-mandelson\\\/#primaryimage\",\"url\":\"https:\\\/\\\/fmgente.com.ar\\\/web\\\/wp-content\\\/uploads\\\/2026\\\/04\\\/720-1393.jpeg\",\"contentUrl\":\"https:\\\/\\\/fmgente.com.ar\\\/web\\\/wp-content\\\/uploads\\\/2026\\\/04\\\/720-1393.jpeg\",\"width\":1279,\"height\":720},{\"@type\":\"WebSite\",\"@id\":\"https:\\\/\\\/fmgente.com.ar\\\/web\\\/#website\",\"url\":\"https:\\\/\\\/fmgente.com.ar\\\/web\\\/\",\"name\":\"Fm Gente\",\"description\":\"- Jes\u00fas Mar\u00eda\",\"publisher\":{\"@id\":\"https:\\\/\\\/fmgente.com.ar\\\/web\\\/#organization\"},\"potentialAction\":[{\"@type\":\"SearchAction\",\"target\":{\"@type\":\"EntryPoint\",\"urlTemplate\":\"https:\\\/\\\/fmgente.com.ar\\\/web\\\/?s={search_term_string}\"},\"query-input\":{\"@type\":\"PropertyValueSpecification\",\"valueRequired\":true,\"valueName\":\"search_term_string\"}}],\"inLanguage\":\"es\"},{\"@type\":\"Organization\",\"@id\":\"https:\\\/\\\/fmgente.com.ar\\\/web\\\/#organization\",\"name\":\"Fm Gente\",\"url\":\"https:\\\/\\\/fmgente.com.ar\\\/web\\\/\",\"logo\":{\"@type\":\"ImageObject\",\"inLanguage\":\"es\",\"@id\":\"https:\\\/\\\/fmgente.com.ar\\\/web\\\/#\\\/schema\\\/logo\\\/image\\\/\",\"url\":\"https:\\\/\\\/fmgente.com.ar\\\/web\\\/wp-content\\\/uploads\\\/2023\\\/07\\\/cropped-cropped-logo-sombra2.png\",\"contentUrl\":\"https:\\\/\\\/fmgente.com.ar\\\/web\\\/wp-content\\\/uploads\\\/2023\\\/07\\\/cropped-cropped-logo-sombra2.png\",\"width\":1782,\"height\":1782,\"caption\":\"Fm Gente\"},\"image\":{\"@id\":\"https:\\\/\\\/fmgente.com.ar\\\/web\\\/#\\\/schema\\\/logo\\\/image\\\/\"}}]}<\/script>\n<!-- \/ Yoast SEO plugin. -->","yoast_head_json":{"title":"El Parlamento brit\u00e1nico rechaza investigar a Starmer por el nombramiento de Mandelson - Fm Gente","robots":{"index":"index","follow":"follow","max-snippet":"max-snippet:-1","max-image-preview":"max-image-preview:large","max-video-preview":"max-video-preview:-1"},"canonical":"https:\/\/fmgente.com.ar\/web\/el-parlamento-britanico-rechaza-investigar-a-starmer-por-el-nombramiento-de-mandelson\/","og_locale":"es_ES","og_type":"article","og_title":"El Parlamento brit\u00e1nico rechaza investigar a Starmer por el nombramiento de Mandelson - Fm Gente","og_description":"Buenos Aires, 28 abril (NA) \u2013 La C\u00e1mara de los Comunes rechaz\u00f3 el martes iniciar","og_url":"https:\/\/fmgente.com.ar\/web\/el-parlamento-britanico-rechaza-investigar-a-starmer-por-el-nombramiento-de-mandelson\/","og_site_name":"Fm Gente","article_published_time":"2026-04-28T19:06:05+00:00","twitter_card":"summary_large_image","twitter_misc":{"Tiempo de lectura":"2 minutos"},"schema":{"@context":"https:\/\/schema.org","@graph":[{"@type":"Article","@id":"https:\/\/fmgente.com.ar\/web\/el-parlamento-britanico-rechaza-investigar-a-starmer-por-el-nombramiento-de-mandelson\/#article","isPartOf":{"@id":"https:\/\/fmgente.com.ar\/web\/el-parlamento-britanico-rechaza-investigar-a-starmer-por-el-nombramiento-de-mandelson\/"},"author":{"name":"","@id":""},"headline":"El Parlamento brit\u00e1nico rechaza investigar a Starmer por el nombramiento de Mandelson","datePublished":"2026-04-28T19:06:05+00:00","mainEntityOfPage":{"@id":"https:\/\/fmgente.com.ar\/web\/el-parlamento-britanico-rechaza-investigar-a-starmer-por-el-nombramiento-de-mandelson\/"},"wordCount":392,"publisher":{"@id":"https:\/\/fmgente.com.ar\/web\/#organization"},"image":{"@id":"https:\/\/fmgente.com.ar\/web\/el-parlamento-britanico-rechaza-investigar-a-starmer-por-el-nombramiento-de-mandelson\/#primaryimage"},"thumbnailUrl":"https:\/\/fmgente.com.ar\/web\/wp-content\/uploads\/2026\/04\/720-1393.jpeg","articleSection":["REGIONALES"],"inLanguage":"es"},{"@type":"WebPage","@id":"https:\/\/fmgente.com.ar\/web\/el-parlamento-britanico-rechaza-investigar-a-starmer-por-el-nombramiento-de-mandelson\/","url":"https:\/\/fmgente.com.ar\/web\/el-parlamento-britanico-rechaza-investigar-a-starmer-por-el-nombramiento-de-mandelson\/","name":"El Parlamento brit\u00e1nico rechaza investigar a Starmer por el nombramiento de Mandelson - Fm Gente","isPartOf":{"@id":"https:\/\/fmgente.com.ar\/web\/#website"},"primaryImageOfPage":{"@id":"https:\/\/fmgente.com.ar\/web\/el-parlamento-britanico-rechaza-investigar-a-starmer-por-el-nombramiento-de-mandelson\/#primaryimage"},"image":{"@id":"https:\/\/fmgente.com.ar\/web\/el-parlamento-britanico-rechaza-investigar-a-starmer-por-el-nombramiento-de-mandelson\/#primaryimage"},"thumbnailUrl":"https:\/\/fmgente.com.ar\/web\/wp-content\/uploads\/2026\/04\/720-1393.jpeg","datePublished":"2026-04-28T19:06:05+00:00","inLanguage":"es","potentialAction":[{"@type":"ReadAction","target":["https:\/\/fmgente.com.ar\/web\/el-parlamento-britanico-rechaza-investigar-a-starmer-por-el-nombramiento-de-mandelson\/"]}]},{"@type":"ImageObject","inLanguage":"es","@id":"https:\/\/fmgente.com.ar\/web\/el-parlamento-britanico-rechaza-investigar-a-starmer-por-el-nombramiento-de-mandelson\/#primaryimage","url":"https:\/\/fmgente.com.ar\/web\/wp-content\/uploads\/2026\/04\/720-1393.jpeg","contentUrl":"https:\/\/fmgente.com.ar\/web\/wp-content\/uploads\/2026\/04\/720-1393.jpeg","width":1279,"height":720},{"@type":"WebSite","@id":"https:\/\/fmgente.com.ar\/web\/#website","url":"https:\/\/fmgente.com.ar\/web\/","name":"Fm Gente","description":"- Jes\u00fas Mar\u00eda","publisher":{"@id":"https:\/\/fmgente.com.ar\/web\/#organization"},"potentialAction":[{"@type":"SearchAction","target":{"@type":"EntryPoint","urlTemplate":"https:\/\/fmgente.com.ar\/web\/?s={search_term_string}"},"query-input":{"@type":"PropertyValueSpecification","valueRequired":true,"valueName":"search_term_string"}}],"inLanguage":"es"},{"@type":"Organization","@id":"https:\/\/fmgente.com.ar\/web\/#organization","name":"Fm Gente","url":"https:\/\/fmgente.com.ar\/web\/","logo":{"@type":"ImageObject","inLanguage":"es","@id":"https:\/\/fmgente.com.ar\/web\/#\/schema\/logo\/image\/","url":"https:\/\/fmgente.com.ar\/web\/wp-content\/uploads\/2023\/07\/cropped-cropped-logo-sombra2.png","contentUrl":"https:\/\/fmgente.com.ar\/web\/wp-content\/uploads\/2023\/07\/cropped-cropped-logo-sombra2.png","width":1782,"height":1782,"caption":"Fm Gente"},"image":{"@id":"https:\/\/fmgente.com.ar\/web\/#\/schema\/logo\/image\/"}}]}},"_links":{"self":[{"href":"https:\/\/fmgente.com.ar\/web\/wp-json\/wp\/v2\/posts\/21020","targetHints":{"allow":["GET"]}}],"collection":[{"href":"https:\/\/fmgente.com.ar\/web\/wp-json\/wp\/v2\/posts"}],"about":[{"href":"https:\/\/fmgente.com.ar\/web\/wp-json\/wp\/v2\/types\/post"}],"replies":[{"embeddable":true,"href":"https:\/\/fmgente.com.ar\/web\/wp-json\/wp\/v2\/comments?post=21020"}],"version-history":[{"count":0,"href":"https:\/\/fmgente.com.ar\/web\/wp-json\/wp\/v2\/posts\/21020\/revisions"}],"wp:featuredmedia":[{"embeddable":true,"href":"https:\/\/fmgente.com.ar\/web\/wp-json\/wp\/v2\/media\/21021"}],"wp:attachment":[{"href":"https:\/\/fmgente.com.ar\/web\/wp-json\/wp\/v2\/media?parent=21020"}],"wp:term":[{"taxonomy":"category","embeddable":true,"href":"https:\/\/fmgente.com.ar\/web\/wp-json\/wp\/v2\/categories?post=21020"},{"taxonomy":"post_tag","embeddable":true,"href":"https:\/\/fmgente.com.ar\/web\/wp-json\/wp\/v2\/tags?post=21020"}],"curies":[{"name":"wp","href":"https:\/\/api.w.org\/{rel}","templated":true}]}}