{"id":21013,"date":"2026-04-28T10:04:57","date_gmt":"2026-04-28T13:04:57","guid":{"rendered":"https:\/\/fmgente.com.ar\/web\/milei-al-que-peor-le-fue-con-esta-economia-es-a-mi-porque-soy-el-unico-al-que-no-se-le-modifico-el-sueldo-desde-que-asumi\/"},"modified":"2026-04-28T10:04:57","modified_gmt":"2026-04-28T13:04:57","slug":"milei-al-que-peor-le-fue-con-esta-economia-es-a-mi-porque-soy-el-unico-al-que-no-se-le-modifico-el-sueldo-desde-que-asumi","status":"publish","type":"post","link":"https:\/\/fmgente.com.ar\/web\/milei-al-que-peor-le-fue-con-esta-economia-es-a-mi-porque-soy-el-unico-al-que-no-se-le-modifico-el-sueldo-desde-que-asumi\/","title":{"rendered":"Milei: \u201cAl que peor le fue con esta econom\u00eda es a mi, porque soy el \u00fanico al que no se le modific\u00f3 el sueldo desde que asum\u00ed\u201d"},"content":{"rendered":"<p>Como si \u2018la casta\u2019 la encarnara \u00e9l mismo por estar en el lugar que ocupa, Javier Milei hizo un extra\u00f1\u00edsimo razonamiento por el cual \u00e9l es el m\u00e1s perjudicado de la Argentina por tener su sueldo congelado.<\/p>\n<p>Olvid\u00e1ndose de las m\u00e1s de veinticuatro mil empresas que cerraron, los miles de trabajadores que se quedaron sin empleo, del notable aumento de la personas en situaci\u00f3n de calle, del incremento de familias endeudadas, y de la ca\u00edda pronunciada en la venta de leche y carne, Milei prefiri\u00f3 ponerse a \u00e9l como ejemplo.<\/p>\n<p>Como la empat\u00eda y la humanidad son materias pendientes en el curr\u00edculum del presidente libertario, ya no llama la atenci\u00f3n su egoc\u00e9ntrica autorreferencia.<\/p>\n","protected":false},"excerpt":{"rendered":"<p>Como si \u2018la casta\u2019 la encarnara \u00e9l mismo por estar en el lugar que ocupa,<\/p>\n","protected":false},"author":0,"featured_media":21014,"comment_status":"","ping_status":"","sticky":false,"template":"","format":"standard","meta":{"footnotes":""},"categories":[11],"tags":[],"class_list":["post-21013","post","type-post","status-publish","format-standard","has-post-thumbnail","hentry","category-destacadas"],"yoast_head":"<!-- This site is optimized with the Yoast SEO plugin v27.4 - https:\/\/yoast.com\/product\/yoast-seo-wordpress\/ -->\n<title>Milei: \u201cAl que peor le fue con esta econom\u00eda es a mi, porque soy el \u00fanico al que no se le modific\u00f3 el sueldo desde que asum\u00ed\u201d - Fm Gente<\/title>\n<meta name=\"robots\" content=\"index, follow, max-snippet:-1, max-image-preview:large, max-video-preview:-1\" \/>\n<link rel=\"canonical\" href=\"https:\/\/fmgente.com.ar\/web\/milei-al-que-peor-le-fue-con-esta-economia-es-a-mi-porque-soy-el-unico-al-que-no-se-le-modifico-el-sueldo-desde-que-asumi\/\" \/>\n<meta property=\"og:locale\" content=\"es_ES\" \/>\n<meta property=\"og:type\" content=\"article\" \/>\n<meta property=\"og:title\" content=\"Milei: \u201cAl que peor le fue con esta econom\u00eda es a mi, porque soy el \u00fanico al que no se le modific\u00f3 el sueldo desde que asum\u00ed\u201d - Fm Gente\" \/>\n<meta property=\"og:description\" content=\"Como si \u2018la casta\u2019 la encarnara \u00e9l mismo por estar en el lugar que ocupa,\" \/>\n<meta property=\"og:url\" content=\"https:\/\/fmgente.com.ar\/web\/milei-al-que-peor-le-fue-con-esta-economia-es-a-mi-porque-soy-el-unico-al-que-no-se-le-modifico-el-sueldo-desde-que-asumi\/\" \/>\n<meta property=\"og:site_name\" content=\"Fm Gente\" \/>\n<meta property=\"article:published_time\" content=\"2026-04-28T13:04:57+00:00\" \/>\n<meta name=\"twitter:card\" content=\"summary_large_image\" \/>\n<meta name=\"twitter:label1\" content=\"Tiempo de lectura\" \/>\n\t<meta name=\"twitter:data1\" content=\"1 minuto\" \/>\n<script type=\"application\/ld+json\" class=\"yoast-schema-graph\">{\"@context\":\"https:\\\/\\\/schema.org\",\"@graph\":[{\"@type\":\"Article\",\"@id\":\"https:\\\/\\\/fmgente.com.ar\\\/web\\\/milei-al-que-peor-le-fue-con-esta-economia-es-a-mi-porque-soy-el-unico-al-que-no-se-le-modifico-el-sueldo-desde-que-asumi\\\/#article\",\"isPartOf\":{\"@id\":\"https:\\\/\\\/fmgente.com.ar\\\/web\\\/milei-al-que-peor-le-fue-con-esta-economia-es-a-mi-porque-soy-el-unico-al-que-no-se-le-modifico-el-sueldo-desde-que-asumi\\\/\"},\"author\":{\"name\":\"\",\"@id\":\"\"},\"headline\":\"Milei: \u201cAl que peor le fue con esta econom\u00eda es a mi, porque soy el \u00fanico al que no se le modific\u00f3 el sueldo desde que asum\u00ed\u201d\",\"datePublished\":\"2026-04-28T13:04:57+00:00\",\"mainEntityOfPage\":{\"@id\":\"https:\\\/\\\/fmgente.com.ar\\\/web\\\/milei-al-que-peor-le-fue-con-esta-economia-es-a-mi-porque-soy-el-unico-al-que-no-se-le-modifico-el-sueldo-desde-que-asumi\\\/\"},\"wordCount\":151,\"publisher\":{\"@id\":\"https:\\\/\\\/fmgente.com.ar\\\/web\\\/#organization\"},\"image\":{\"@id\":\"https:\\\/\\\/fmgente.com.ar\\\/web\\\/milei-al-que-peor-le-fue-con-esta-economia-es-a-mi-porque-soy-el-unico-al-que-no-se-le-modifico-el-sueldo-desde-que-asumi\\\/#primaryimage\"},\"thumbnailUrl\":\"https:\\\/\\\/fmgente.com.ar\\\/web\\\/wp-content\\\/uploads\\\/2026\\\/04\\\/720-1391.jpeg\",\"articleSection\":[\"DESTACADAS\"],\"inLanguage\":\"es\"},{\"@type\":\"WebPage\",\"@id\":\"https:\\\/\\\/fmgente.com.ar\\\/web\\\/milei-al-que-peor-le-fue-con-esta-economia-es-a-mi-porque-soy-el-unico-al-que-no-se-le-modifico-el-sueldo-desde-que-asumi\\\/\",\"url\":\"https:\\\/\\\/fmgente.com.ar\\\/web\\\/milei-al-que-peor-le-fue-con-esta-economia-es-a-mi-porque-soy-el-unico-al-que-no-se-le-modifico-el-sueldo-desde-que-asumi\\\/\",\"name\":\"Milei: \u201cAl que peor le fue con esta econom\u00eda es a mi, porque soy el \u00fanico al que no se le modific\u00f3 el sueldo desde que asum\u00ed\u201d - Fm Gente\",\"isPartOf\":{\"@id\":\"https:\\\/\\\/fmgente.com.ar\\\/web\\\/#website\"},\"primaryImageOfPage\":{\"@id\":\"https:\\\/\\\/fmgente.com.ar\\\/web\\\/milei-al-que-peor-le-fue-con-esta-economia-es-a-mi-porque-soy-el-unico-al-que-no-se-le-modifico-el-sueldo-desde-que-asumi\\\/#primaryimage\"},\"image\":{\"@id\":\"https:\\\/\\\/fmgente.com.ar\\\/web\\\/milei-al-que-peor-le-fue-con-esta-economia-es-a-mi-porque-soy-el-unico-al-que-no-se-le-modifico-el-sueldo-desde-que-asumi\\\/#primaryimage\"},\"thumbnailUrl\":\"https:\\\/\\\/fmgente.com.ar\\\/web\\\/wp-content\\\/uploads\\\/2026\\\/04\\\/720-1391.jpeg\",\"datePublished\":\"2026-04-28T13:04:57+00:00\",\"inLanguage\":\"es\",\"potentialAction\":[{\"@type\":\"ReadAction\",\"target\":[\"https:\\\/\\\/fmgente.com.ar\\\/web\\\/milei-al-que-peor-le-fue-con-esta-economia-es-a-mi-porque-soy-el-unico-al-que-no-se-le-modifico-el-sueldo-desde-que-asumi\\\/\"]}]},{\"@type\":\"ImageObject\",\"inLanguage\":\"es\",\"@id\":\"https:\\\/\\\/fmgente.com.ar\\\/web\\\/milei-al-que-peor-le-fue-con-esta-economia-es-a-mi-porque-soy-el-unico-al-que-no-se-le-modifico-el-sueldo-desde-que-asumi\\\/#primaryimage\",\"url\":\"https:\\\/\\\/fmgente.com.ar\\\/web\\\/wp-content\\\/uploads\\\/2026\\\/04\\\/720-1391.jpeg\",\"contentUrl\":\"https:\\\/\\\/fmgente.com.ar\\\/web\\\/wp-content\\\/uploads\\\/2026\\\/04\\\/720-1391.jpeg\",\"width\":1280,\"height\":720},{\"@type\":\"WebSite\",\"@id\":\"https:\\\/\\\/fmgente.com.ar\\\/web\\\/#website\",\"url\":\"https:\\\/\\\/fmgente.com.ar\\\/web\\\/\",\"name\":\"Fm Gente\",\"description\":\"- Jes\u00fas Mar\u00eda\",\"publisher\":{\"@id\":\"https:\\\/\\\/fmgente.com.ar\\\/web\\\/#organization\"},\"potentialAction\":[{\"@type\":\"SearchAction\",\"target\":{\"@type\":\"EntryPoint\",\"urlTemplate\":\"https:\\\/\\\/fmgente.com.ar\\\/web\\\/?s={search_term_string}\"},\"query-input\":{\"@type\":\"PropertyValueSpecification\",\"valueRequired\":true,\"valueName\":\"search_term_string\"}}],\"inLanguage\":\"es\"},{\"@type\":\"Organization\",\"@id\":\"https:\\\/\\\/fmgente.com.ar\\\/web\\\/#organization\",\"name\":\"Fm Gente\",\"url\":\"https:\\\/\\\/fmgente.com.ar\\\/web\\\/\",\"logo\":{\"@type\":\"ImageObject\",\"inLanguage\":\"es\",\"@id\":\"https:\\\/\\\/fmgente.com.ar\\\/web\\\/#\\\/schema\\\/logo\\\/image\\\/\",\"url\":\"https:\\\/\\\/fmgente.com.ar\\\/web\\\/wp-content\\\/uploads\\\/2023\\\/07\\\/cropped-cropped-logo-sombra2.png\",\"contentUrl\":\"https:\\\/\\\/fmgente.com.ar\\\/web\\\/wp-content\\\/uploads\\\/2023\\\/07\\\/cropped-cropped-logo-sombra2.png\",\"width\":1782,\"height\":1782,\"caption\":\"Fm Gente\"},\"image\":{\"@id\":\"https:\\\/\\\/fmgente.com.ar\\\/web\\\/#\\\/schema\\\/logo\\\/image\\\/\"}}]}<\/script>\n<!-- \/ Yoast SEO plugin. -->","yoast_head_json":{"title":"Milei: \u201cAl que peor le fue con esta econom\u00eda es a mi, porque soy el \u00fanico al que no se le modific\u00f3 el sueldo desde que asum\u00ed\u201d - Fm Gente","robots":{"index":"index","follow":"follow","max-snippet":"max-snippet:-1","max-image-preview":"max-image-preview:large","max-video-preview":"max-video-preview:-1"},"canonical":"https:\/\/fmgente.com.ar\/web\/milei-al-que-peor-le-fue-con-esta-economia-es-a-mi-porque-soy-el-unico-al-que-no-se-le-modifico-el-sueldo-desde-que-asumi\/","og_locale":"es_ES","og_type":"article","og_title":"Milei: \u201cAl que peor le fue con esta econom\u00eda es a mi, porque soy el \u00fanico al que no se le modific\u00f3 el sueldo desde que asum\u00ed\u201d - Fm Gente","og_description":"Como si \u2018la casta\u2019 la encarnara \u00e9l mismo por estar en el lugar que ocupa,","og_url":"https:\/\/fmgente.com.ar\/web\/milei-al-que-peor-le-fue-con-esta-economia-es-a-mi-porque-soy-el-unico-al-que-no-se-le-modifico-el-sueldo-desde-que-asumi\/","og_site_name":"Fm Gente","article_published_time":"2026-04-28T13:04:57+00:00","twitter_card":"summary_large_image","twitter_misc":{"Tiempo de lectura":"1 minuto"},"schema":{"@context":"https:\/\/schema.org","@graph":[{"@type":"Article","@id":"https:\/\/fmgente.com.ar\/web\/milei-al-que-peor-le-fue-con-esta-economia-es-a-mi-porque-soy-el-unico-al-que-no-se-le-modifico-el-sueldo-desde-que-asumi\/#article","isPartOf":{"@id":"https:\/\/fmgente.com.ar\/web\/milei-al-que-peor-le-fue-con-esta-economia-es-a-mi-porque-soy-el-unico-al-que-no-se-le-modifico-el-sueldo-desde-que-asumi\/"},"author":{"name":"","@id":""},"headline":"Milei: \u201cAl que peor le fue con esta econom\u00eda es a mi, porque soy el \u00fanico al que no se le modific\u00f3 el sueldo desde que asum\u00ed\u201d","datePublished":"2026-04-28T13:04:57+00:00","mainEntityOfPage":{"@id":"https:\/\/fmgente.com.ar\/web\/milei-al-que-peor-le-fue-con-esta-economia-es-a-mi-porque-soy-el-unico-al-que-no-se-le-modifico-el-sueldo-desde-que-asumi\/"},"wordCount":151,"publisher":{"@id":"https:\/\/fmgente.com.ar\/web\/#organization"},"image":{"@id":"https:\/\/fmgente.com.ar\/web\/milei-al-que-peor-le-fue-con-esta-economia-es-a-mi-porque-soy-el-unico-al-que-no-se-le-modifico-el-sueldo-desde-que-asumi\/#primaryimage"},"thumbnailUrl":"https:\/\/fmgente.com.ar\/web\/wp-content\/uploads\/2026\/04\/720-1391.jpeg","articleSection":["DESTACADAS"],"inLanguage":"es"},{"@type":"WebPage","@id":"https:\/\/fmgente.com.ar\/web\/milei-al-que-peor-le-fue-con-esta-economia-es-a-mi-porque-soy-el-unico-al-que-no-se-le-modifico-el-sueldo-desde-que-asumi\/","url":"https:\/\/fmgente.com.ar\/web\/milei-al-que-peor-le-fue-con-esta-economia-es-a-mi-porque-soy-el-unico-al-que-no-se-le-modifico-el-sueldo-desde-que-asumi\/","name":"Milei: \u201cAl que peor le fue con esta econom\u00eda es a mi, porque soy el \u00fanico al que no se le modific\u00f3 el sueldo desde que asum\u00ed\u201d - Fm Gente","isPartOf":{"@id":"https:\/\/fmgente.com.ar\/web\/#website"},"primaryImageOfPage":{"@id":"https:\/\/fmgente.com.ar\/web\/milei-al-que-peor-le-fue-con-esta-economia-es-a-mi-porque-soy-el-unico-al-que-no-se-le-modifico-el-sueldo-desde-que-asumi\/#primaryimage"},"image":{"@id":"https:\/\/fmgente.com.ar\/web\/milei-al-que-peor-le-fue-con-esta-economia-es-a-mi-porque-soy-el-unico-al-que-no-se-le-modifico-el-sueldo-desde-que-asumi\/#primaryimage"},"thumbnailUrl":"https:\/\/fmgente.com.ar\/web\/wp-content\/uploads\/2026\/04\/720-1391.jpeg","datePublished":"2026-04-28T13:04:57+00:00","inLanguage":"es","potentialAction":[{"@type":"ReadAction","target":["https:\/\/fmgente.com.ar\/web\/milei-al-que-peor-le-fue-con-esta-economia-es-a-mi-porque-soy-el-unico-al-que-no-se-le-modifico-el-sueldo-desde-que-asumi\/"]}]},{"@type":"ImageObject","inLanguage":"es","@id":"https:\/\/fmgente.com.ar\/web\/milei-al-que-peor-le-fue-con-esta-economia-es-a-mi-porque-soy-el-unico-al-que-no-se-le-modifico-el-sueldo-desde-que-asumi\/#primaryimage","url":"https:\/\/fmgente.com.ar\/web\/wp-content\/uploads\/2026\/04\/720-1391.jpeg","contentUrl":"https:\/\/fmgente.com.ar\/web\/wp-content\/uploads\/2026\/04\/720-1391.jpeg","width":1280,"height":720},{"@type":"WebSite","@id":"https:\/\/fmgente.com.ar\/web\/#website","url":"https:\/\/fmgente.com.ar\/web\/","name":"Fm Gente","description":"- Jes\u00fas Mar\u00eda","publisher":{"@id":"https:\/\/fmgente.com.ar\/web\/#organization"},"potentialAction":[{"@type":"SearchAction","target":{"@type":"EntryPoint","urlTemplate":"https:\/\/fmgente.com.ar\/web\/?s={search_term_string}"},"query-input":{"@type":"PropertyValueSpecification","valueRequired":true,"valueName":"search_term_string"}}],"inLanguage":"es"},{"@type":"Organization","@id":"https:\/\/fmgente.com.ar\/web\/#organization","name":"Fm Gente","url":"https:\/\/fmgente.com.ar\/web\/","logo":{"@type":"ImageObject","inLanguage":"es","@id":"https:\/\/fmgente.com.ar\/web\/#\/schema\/logo\/image\/","url":"https:\/\/fmgente.com.ar\/web\/wp-content\/uploads\/2023\/07\/cropped-cropped-logo-sombra2.png","contentUrl":"https:\/\/fmgente.com.ar\/web\/wp-content\/uploads\/2023\/07\/cropped-cropped-logo-sombra2.png","width":1782,"height":1782,"caption":"Fm Gente"},"image":{"@id":"https:\/\/fmgente.com.ar\/web\/#\/schema\/logo\/image\/"}}]}},"_links":{"self":[{"href":"https:\/\/fmgente.com.ar\/web\/wp-json\/wp\/v2\/posts\/21013","targetHints":{"allow":["GET"]}}],"collection":[{"href":"https:\/\/fmgente.com.ar\/web\/wp-json\/wp\/v2\/posts"}],"about":[{"href":"https:\/\/fmgente.com.ar\/web\/wp-json\/wp\/v2\/types\/post"}],"replies":[{"embeddable":true,"href":"https:\/\/fmgente.com.ar\/web\/wp-json\/wp\/v2\/comments?post=21013"}],"version-history":[{"count":0,"href":"https:\/\/fmgente.com.ar\/web\/wp-json\/wp\/v2\/posts\/21013\/revisions"}],"wp:featuredmedia":[{"embeddable":true,"href":"https:\/\/fmgente.com.ar\/web\/wp-json\/wp\/v2\/media\/21014"}],"wp:attachment":[{"href":"https:\/\/fmgente.com.ar\/web\/wp-json\/wp\/v2\/media?parent=21013"}],"wp:term":[{"taxonomy":"category","embeddable":true,"href":"https:\/\/fmgente.com.ar\/web\/wp-json\/wp\/v2\/categories?post=21013"},{"taxonomy":"post_tag","embeddable":true,"href":"https:\/\/fmgente.com.ar\/web\/wp-json\/wp\/v2\/tags?post=21013"}],"curies":[{"name":"wp","href":"https:\/\/api.w.org\/{rel}","templated":true}]}}