{"id":21009,"date":"2026-04-28T10:04:55","date_gmt":"2026-04-28T13:04:55","guid":{"rendered":"https:\/\/fmgente.com.ar\/web\/canosa-se-burlo-del-trabajo-de-vocero-sin-cargo-que-ejerce-majul-desde-que-desaparecio-adorni\/"},"modified":"2026-04-28T10:04:55","modified_gmt":"2026-04-28T13:04:55","slug":"canosa-se-burlo-del-trabajo-de-vocero-sin-cargo-que-ejerce-majul-desde-que-desaparecio-adorni","status":"publish","type":"post","link":"https:\/\/fmgente.com.ar\/web\/canosa-se-burlo-del-trabajo-de-vocero-sin-cargo-que-ejerce-majul-desde-que-desaparecio-adorni\/","title":{"rendered":"Canosa se burl\u00f3 del trabajo de \u201cvocero sin cargo\u201d que ejerce Majul desde que desapareci\u00f3 Adorni"},"content":{"rendered":"<p>El Jefe de Gabinete y ex vocero presidencial est\u00e1 guardado porque no puede explicar su enriquecimiento y se espera que este mi\u00e9rcoles concurra al Congreso a contestar algunas preguntas.<\/p>\n<p>Pero lo cierto es que hay algunas cosas que el Gobierno necesita comunicar y aunque no sean importantes para la gente, deben mostrarse como que est\u00e1n trabajando.<\/p>\n<p>Es por eso que Luis Majul sali\u00f3 a comunicar, como si fuera un empleado con cargo en el Estado, la licitaci\u00f3n de la terminal de \u00f3mnibus de Retiro, algo que claramente no servir\u00e1 para combatir el hambre ni la pobreza.<\/p>\n<p>Por eso, Viviana Canosa y Diego Gabriele no pudieron m\u00e1s que burlarse de su colega que se arrastra por el gobierno y ni siquiera se preocupa de ocultarlo. Viviana dej\u00f3 en claro que Majul, por este servicio, cobra horas extras.<\/p>\n","protected":false},"excerpt":{"rendered":"<p>El Jefe de Gabinete y ex vocero presidencial est\u00e1 guardado porque no puede explicar su<\/p>\n","protected":false},"author":0,"featured_media":21010,"comment_status":"","ping_status":"","sticky":false,"template":"","format":"standard","meta":{"footnotes":""},"categories":[11],"tags":[],"class_list":["post-21009","post","type-post","status-publish","format-standard","has-post-thumbnail","hentry","category-destacadas"],"yoast_head":"<!-- This site is optimized with the Yoast SEO plugin v27.4 - https:\/\/yoast.com\/product\/yoast-seo-wordpress\/ -->\n<title>Canosa se burl\u00f3 del trabajo de \u201cvocero sin cargo\u201d que ejerce Majul desde que desapareci\u00f3 Adorni - Fm Gente<\/title>\n<meta name=\"robots\" content=\"index, follow, max-snippet:-1, max-image-preview:large, max-video-preview:-1\" \/>\n<link rel=\"canonical\" href=\"https:\/\/fmgente.com.ar\/web\/canosa-se-burlo-del-trabajo-de-vocero-sin-cargo-que-ejerce-majul-desde-que-desaparecio-adorni\/\" \/>\n<meta property=\"og:locale\" content=\"es_ES\" \/>\n<meta property=\"og:type\" content=\"article\" \/>\n<meta property=\"og:title\" content=\"Canosa se burl\u00f3 del trabajo de \u201cvocero sin cargo\u201d que ejerce Majul desde que desapareci\u00f3 Adorni - Fm Gente\" \/>\n<meta property=\"og:description\" content=\"El Jefe de Gabinete y ex vocero presidencial est\u00e1 guardado porque no puede explicar su\" \/>\n<meta property=\"og:url\" content=\"https:\/\/fmgente.com.ar\/web\/canosa-se-burlo-del-trabajo-de-vocero-sin-cargo-que-ejerce-majul-desde-que-desaparecio-adorni\/\" \/>\n<meta property=\"og:site_name\" content=\"Fm Gente\" \/>\n<meta property=\"article:published_time\" content=\"2026-04-28T13:04:55+00:00\" \/>\n<meta name=\"twitter:card\" content=\"summary_large_image\" \/>\n<meta name=\"twitter:label1\" content=\"Tiempo de lectura\" \/>\n\t<meta name=\"twitter:data1\" content=\"1 minuto\" \/>\n<script type=\"application\/ld+json\" class=\"yoast-schema-graph\">{\"@context\":\"https:\\\/\\\/schema.org\",\"@graph\":[{\"@type\":\"Article\",\"@id\":\"https:\\\/\\\/fmgente.com.ar\\\/web\\\/canosa-se-burlo-del-trabajo-de-vocero-sin-cargo-que-ejerce-majul-desde-que-desaparecio-adorni\\\/#article\",\"isPartOf\":{\"@id\":\"https:\\\/\\\/fmgente.com.ar\\\/web\\\/canosa-se-burlo-del-trabajo-de-vocero-sin-cargo-que-ejerce-majul-desde-que-desaparecio-adorni\\\/\"},\"author\":{\"name\":\"\",\"@id\":\"\"},\"headline\":\"Canosa se burl\u00f3 del trabajo de \u201cvocero sin cargo\u201d que ejerce Majul desde que desapareci\u00f3 Adorni\",\"datePublished\":\"2026-04-28T13:04:55+00:00\",\"mainEntityOfPage\":{\"@id\":\"https:\\\/\\\/fmgente.com.ar\\\/web\\\/canosa-se-burlo-del-trabajo-de-vocero-sin-cargo-que-ejerce-majul-desde-que-desaparecio-adorni\\\/\"},\"wordCount\":156,\"publisher\":{\"@id\":\"https:\\\/\\\/fmgente.com.ar\\\/web\\\/#organization\"},\"image\":{\"@id\":\"https:\\\/\\\/fmgente.com.ar\\\/web\\\/canosa-se-burlo-del-trabajo-de-vocero-sin-cargo-que-ejerce-majul-desde-que-desaparecio-adorni\\\/#primaryimage\"},\"thumbnailUrl\":\"https:\\\/\\\/fmgente.com.ar\\\/web\\\/wp-content\\\/uploads\\\/2026\\\/04\\\/720-1389.jpeg\",\"articleSection\":[\"DESTACADAS\"],\"inLanguage\":\"es\"},{\"@type\":\"WebPage\",\"@id\":\"https:\\\/\\\/fmgente.com.ar\\\/web\\\/canosa-se-burlo-del-trabajo-de-vocero-sin-cargo-que-ejerce-majul-desde-que-desaparecio-adorni\\\/\",\"url\":\"https:\\\/\\\/fmgente.com.ar\\\/web\\\/canosa-se-burlo-del-trabajo-de-vocero-sin-cargo-que-ejerce-majul-desde-que-desaparecio-adorni\\\/\",\"name\":\"Canosa se burl\u00f3 del trabajo de \u201cvocero sin cargo\u201d que ejerce Majul desde que desapareci\u00f3 Adorni - Fm Gente\",\"isPartOf\":{\"@id\":\"https:\\\/\\\/fmgente.com.ar\\\/web\\\/#website\"},\"primaryImageOfPage\":{\"@id\":\"https:\\\/\\\/fmgente.com.ar\\\/web\\\/canosa-se-burlo-del-trabajo-de-vocero-sin-cargo-que-ejerce-majul-desde-que-desaparecio-adorni\\\/#primaryimage\"},\"image\":{\"@id\":\"https:\\\/\\\/fmgente.com.ar\\\/web\\\/canosa-se-burlo-del-trabajo-de-vocero-sin-cargo-que-ejerce-majul-desde-que-desaparecio-adorni\\\/#primaryimage\"},\"thumbnailUrl\":\"https:\\\/\\\/fmgente.com.ar\\\/web\\\/wp-content\\\/uploads\\\/2026\\\/04\\\/720-1389.jpeg\",\"datePublished\":\"2026-04-28T13:04:55+00:00\",\"inLanguage\":\"es\",\"potentialAction\":[{\"@type\":\"ReadAction\",\"target\":[\"https:\\\/\\\/fmgente.com.ar\\\/web\\\/canosa-se-burlo-del-trabajo-de-vocero-sin-cargo-que-ejerce-majul-desde-que-desaparecio-adorni\\\/\"]}]},{\"@type\":\"ImageObject\",\"inLanguage\":\"es\",\"@id\":\"https:\\\/\\\/fmgente.com.ar\\\/web\\\/canosa-se-burlo-del-trabajo-de-vocero-sin-cargo-que-ejerce-majul-desde-que-desaparecio-adorni\\\/#primaryimage\",\"url\":\"https:\\\/\\\/fmgente.com.ar\\\/web\\\/wp-content\\\/uploads\\\/2026\\\/04\\\/720-1389.jpeg\",\"contentUrl\":\"https:\\\/\\\/fmgente.com.ar\\\/web\\\/wp-content\\\/uploads\\\/2026\\\/04\\\/720-1389.jpeg\",\"width\":1280,\"height\":710},{\"@type\":\"WebSite\",\"@id\":\"https:\\\/\\\/fmgente.com.ar\\\/web\\\/#website\",\"url\":\"https:\\\/\\\/fmgente.com.ar\\\/web\\\/\",\"name\":\"Fm Gente\",\"description\":\"- Jes\u00fas Mar\u00eda\",\"publisher\":{\"@id\":\"https:\\\/\\\/fmgente.com.ar\\\/web\\\/#organization\"},\"potentialAction\":[{\"@type\":\"SearchAction\",\"target\":{\"@type\":\"EntryPoint\",\"urlTemplate\":\"https:\\\/\\\/fmgente.com.ar\\\/web\\\/?s={search_term_string}\"},\"query-input\":{\"@type\":\"PropertyValueSpecification\",\"valueRequired\":true,\"valueName\":\"search_term_string\"}}],\"inLanguage\":\"es\"},{\"@type\":\"Organization\",\"@id\":\"https:\\\/\\\/fmgente.com.ar\\\/web\\\/#organization\",\"name\":\"Fm Gente\",\"url\":\"https:\\\/\\\/fmgente.com.ar\\\/web\\\/\",\"logo\":{\"@type\":\"ImageObject\",\"inLanguage\":\"es\",\"@id\":\"https:\\\/\\\/fmgente.com.ar\\\/web\\\/#\\\/schema\\\/logo\\\/image\\\/\",\"url\":\"https:\\\/\\\/fmgente.com.ar\\\/web\\\/wp-content\\\/uploads\\\/2023\\\/07\\\/cropped-cropped-logo-sombra2.png\",\"contentUrl\":\"https:\\\/\\\/fmgente.com.ar\\\/web\\\/wp-content\\\/uploads\\\/2023\\\/07\\\/cropped-cropped-logo-sombra2.png\",\"width\":1782,\"height\":1782,\"caption\":\"Fm Gente\"},\"image\":{\"@id\":\"https:\\\/\\\/fmgente.com.ar\\\/web\\\/#\\\/schema\\\/logo\\\/image\\\/\"}}]}<\/script>\n<!-- \/ Yoast SEO plugin. -->","yoast_head_json":{"title":"Canosa se burl\u00f3 del trabajo de \u201cvocero sin cargo\u201d que ejerce Majul desde que desapareci\u00f3 Adorni - Fm Gente","robots":{"index":"index","follow":"follow","max-snippet":"max-snippet:-1","max-image-preview":"max-image-preview:large","max-video-preview":"max-video-preview:-1"},"canonical":"https:\/\/fmgente.com.ar\/web\/canosa-se-burlo-del-trabajo-de-vocero-sin-cargo-que-ejerce-majul-desde-que-desaparecio-adorni\/","og_locale":"es_ES","og_type":"article","og_title":"Canosa se burl\u00f3 del trabajo de \u201cvocero sin cargo\u201d que ejerce Majul desde que desapareci\u00f3 Adorni - Fm Gente","og_description":"El Jefe de Gabinete y ex vocero presidencial est\u00e1 guardado porque no puede explicar su","og_url":"https:\/\/fmgente.com.ar\/web\/canosa-se-burlo-del-trabajo-de-vocero-sin-cargo-que-ejerce-majul-desde-que-desaparecio-adorni\/","og_site_name":"Fm Gente","article_published_time":"2026-04-28T13:04:55+00:00","twitter_card":"summary_large_image","twitter_misc":{"Tiempo de lectura":"1 minuto"},"schema":{"@context":"https:\/\/schema.org","@graph":[{"@type":"Article","@id":"https:\/\/fmgente.com.ar\/web\/canosa-se-burlo-del-trabajo-de-vocero-sin-cargo-que-ejerce-majul-desde-que-desaparecio-adorni\/#article","isPartOf":{"@id":"https:\/\/fmgente.com.ar\/web\/canosa-se-burlo-del-trabajo-de-vocero-sin-cargo-que-ejerce-majul-desde-que-desaparecio-adorni\/"},"author":{"name":"","@id":""},"headline":"Canosa se burl\u00f3 del trabajo de \u201cvocero sin cargo\u201d que ejerce Majul desde que desapareci\u00f3 Adorni","datePublished":"2026-04-28T13:04:55+00:00","mainEntityOfPage":{"@id":"https:\/\/fmgente.com.ar\/web\/canosa-se-burlo-del-trabajo-de-vocero-sin-cargo-que-ejerce-majul-desde-que-desaparecio-adorni\/"},"wordCount":156,"publisher":{"@id":"https:\/\/fmgente.com.ar\/web\/#organization"},"image":{"@id":"https:\/\/fmgente.com.ar\/web\/canosa-se-burlo-del-trabajo-de-vocero-sin-cargo-que-ejerce-majul-desde-que-desaparecio-adorni\/#primaryimage"},"thumbnailUrl":"https:\/\/fmgente.com.ar\/web\/wp-content\/uploads\/2026\/04\/720-1389.jpeg","articleSection":["DESTACADAS"],"inLanguage":"es"},{"@type":"WebPage","@id":"https:\/\/fmgente.com.ar\/web\/canosa-se-burlo-del-trabajo-de-vocero-sin-cargo-que-ejerce-majul-desde-que-desaparecio-adorni\/","url":"https:\/\/fmgente.com.ar\/web\/canosa-se-burlo-del-trabajo-de-vocero-sin-cargo-que-ejerce-majul-desde-que-desaparecio-adorni\/","name":"Canosa se burl\u00f3 del trabajo de \u201cvocero sin cargo\u201d que ejerce Majul desde que desapareci\u00f3 Adorni - Fm Gente","isPartOf":{"@id":"https:\/\/fmgente.com.ar\/web\/#website"},"primaryImageOfPage":{"@id":"https:\/\/fmgente.com.ar\/web\/canosa-se-burlo-del-trabajo-de-vocero-sin-cargo-que-ejerce-majul-desde-que-desaparecio-adorni\/#primaryimage"},"image":{"@id":"https:\/\/fmgente.com.ar\/web\/canosa-se-burlo-del-trabajo-de-vocero-sin-cargo-que-ejerce-majul-desde-que-desaparecio-adorni\/#primaryimage"},"thumbnailUrl":"https:\/\/fmgente.com.ar\/web\/wp-content\/uploads\/2026\/04\/720-1389.jpeg","datePublished":"2026-04-28T13:04:55+00:00","inLanguage":"es","potentialAction":[{"@type":"ReadAction","target":["https:\/\/fmgente.com.ar\/web\/canosa-se-burlo-del-trabajo-de-vocero-sin-cargo-que-ejerce-majul-desde-que-desaparecio-adorni\/"]}]},{"@type":"ImageObject","inLanguage":"es","@id":"https:\/\/fmgente.com.ar\/web\/canosa-se-burlo-del-trabajo-de-vocero-sin-cargo-que-ejerce-majul-desde-que-desaparecio-adorni\/#primaryimage","url":"https:\/\/fmgente.com.ar\/web\/wp-content\/uploads\/2026\/04\/720-1389.jpeg","contentUrl":"https:\/\/fmgente.com.ar\/web\/wp-content\/uploads\/2026\/04\/720-1389.jpeg","width":1280,"height":710},{"@type":"WebSite","@id":"https:\/\/fmgente.com.ar\/web\/#website","url":"https:\/\/fmgente.com.ar\/web\/","name":"Fm Gente","description":"- Jes\u00fas Mar\u00eda","publisher":{"@id":"https:\/\/fmgente.com.ar\/web\/#organization"},"potentialAction":[{"@type":"SearchAction","target":{"@type":"EntryPoint","urlTemplate":"https:\/\/fmgente.com.ar\/web\/?s={search_term_string}"},"query-input":{"@type":"PropertyValueSpecification","valueRequired":true,"valueName":"search_term_string"}}],"inLanguage":"es"},{"@type":"Organization","@id":"https:\/\/fmgente.com.ar\/web\/#organization","name":"Fm Gente","url":"https:\/\/fmgente.com.ar\/web\/","logo":{"@type":"ImageObject","inLanguage":"es","@id":"https:\/\/fmgente.com.ar\/web\/#\/schema\/logo\/image\/","url":"https:\/\/fmgente.com.ar\/web\/wp-content\/uploads\/2023\/07\/cropped-cropped-logo-sombra2.png","contentUrl":"https:\/\/fmgente.com.ar\/web\/wp-content\/uploads\/2023\/07\/cropped-cropped-logo-sombra2.png","width":1782,"height":1782,"caption":"Fm Gente"},"image":{"@id":"https:\/\/fmgente.com.ar\/web\/#\/schema\/logo\/image\/"}}]}},"_links":{"self":[{"href":"https:\/\/fmgente.com.ar\/web\/wp-json\/wp\/v2\/posts\/21009","targetHints":{"allow":["GET"]}}],"collection":[{"href":"https:\/\/fmgente.com.ar\/web\/wp-json\/wp\/v2\/posts"}],"about":[{"href":"https:\/\/fmgente.com.ar\/web\/wp-json\/wp\/v2\/types\/post"}],"replies":[{"embeddable":true,"href":"https:\/\/fmgente.com.ar\/web\/wp-json\/wp\/v2\/comments?post=21009"}],"version-history":[{"count":0,"href":"https:\/\/fmgente.com.ar\/web\/wp-json\/wp\/v2\/posts\/21009\/revisions"}],"wp:featuredmedia":[{"embeddable":true,"href":"https:\/\/fmgente.com.ar\/web\/wp-json\/wp\/v2\/media\/21010"}],"wp:attachment":[{"href":"https:\/\/fmgente.com.ar\/web\/wp-json\/wp\/v2\/media?parent=21009"}],"wp:term":[{"taxonomy":"category","embeddable":true,"href":"https:\/\/fmgente.com.ar\/web\/wp-json\/wp\/v2\/categories?post=21009"},{"taxonomy":"post_tag","embeddable":true,"href":"https:\/\/fmgente.com.ar\/web\/wp-json\/wp\/v2\/tags?post=21009"}],"curies":[{"name":"wp","href":"https:\/\/api.w.org\/{rel}","templated":true}]}}