{"id":21001,"date":"2026-04-28T09:46:32","date_gmt":"2026-04-28T12:46:32","guid":{"rendered":"https:\/\/fmgente.com.ar\/web\/?p=21001"},"modified":"2026-04-28T09:46:32","modified_gmt":"2026-04-28T12:46:32","slug":"monitoreo-aedico-en-colonia-caroya","status":"publish","type":"post","link":"https:\/\/fmgente.com.ar\/web\/monitoreo-aedico-en-colonia-caroya\/","title":{"rendered":"Monitoreo a\u00e9dico en Colonia Caroya."},"content":{"rendered":"<p>Del mi\u00e9rcoles 29 al jueves 30 de abril, el Ministerio de Salud Junto a la Municipalidad de Colonia Caroya llevar\u00e1 a cabo un monitoreo a\u00e9dico.<\/p>\n<p>Dicha actividad se enmarca dentro de las acciones para el abordaje del dengue, la chikungunya y el zika, y tiene por objetivo evaluar la cantidad de viviendas con presencia de larvas de mosquitos Aedes aegypti, as\u00ed como las medidas de prevenci\u00f3n en cada hogar de la localidad.<br \/>\nSe visitar\u00e1n unos 600 domicilios. Las tareas se realizar\u00e1n en diferentes barrios de la ciudad de 9:00 a 18:00 horas.<br \/>\nDurante las visitas a los domicilios, promotores y promotoras del Ministerio de Salud y agentes de la Secretar\u00eda de Salud Comunitaria de Colonia Caroya har\u00e1n una intervenci\u00f3n en hogares seleccionados estad\u00edsticamente y solicitar\u00e1n el acceso a las viviendas para la b\u00fasqueda e identificaci\u00f3n de potenciales criaderos, y la toma de muestras de larvas para su posterior reconocimiento en el laboratorio de entomolog\u00eda de la Divisi\u00f3n de Manejo Integrado de Vectores.<br \/>\nTambi\u00e9n asesorar\u00e1n sobre las medidas de prevenci\u00f3n para evitar picaduras de mosquitos, identificar s\u00edntomas compatibles y la asistencia inmediata al centro de salud.<br \/>\nCabe destacar que el equipo de promoci\u00f3n se encuentra identificado con credenciales, chalecos con logos oficiales y folleter\u00eda informativa.<br \/>\nEn caso de inclemencias clim\u00e1ticas, se reprogramar\u00e1 la actividad.<\/p>\n<figure id=\"attachment_1337\" aria-describedby=\"caption-attachment-1337\" style=\"width: 990px\" class=\"wp-caption alignnone\"><img loading=\"lazy\" decoding=\"async\" class=\"size-full wp-image-1337\" src=\"https:\/\/fmgente.com.ar\/web\/wp-content\/uploads\/2023\/12\/Monitoreo-Dengue-2023_1.jpg\" alt=\"\" width=\"990\" height=\"660\" srcset=\"https:\/\/fmgente.com.ar\/web\/wp-content\/uploads\/2023\/12\/Monitoreo-Dengue-2023_1.jpg 990w, https:\/\/fmgente.com.ar\/web\/wp-content\/uploads\/2023\/12\/Monitoreo-Dengue-2023_1-300x200.jpg 300w, https:\/\/fmgente.com.ar\/web\/wp-content\/uploads\/2023\/12\/Monitoreo-Dengue-2023_1-768x512.jpg 768w\" sizes=\"auto, (max-width: 990px) 100vw, 990px\" \/><figcaption id=\"caption-attachment-1337\" class=\"wp-caption-text\">, Cordoba, C\u00f3rdoba, Argentina, 6 de Octubre de 2023, Foto: Agustin Ottonelli<\/figcaption><\/figure>\n","protected":false},"excerpt":{"rendered":"<p>Del mi\u00e9rcoles 29 al jueves 30 de abril, el Ministerio de Salud Junto a la<\/p>\n","protected":false},"author":2,"featured_media":1337,"comment_status":"closed","ping_status":"closed","sticky":false,"template":"","format":"standard","meta":{"footnotes":""},"categories":[40],"tags":[573,1745,290,1750,1748,1753,303,1758,1621,23,1630,644,216,1757,897,249,1751,265,92,1760,1718,1756,793,1747,1746,1671,1749,1752,1697,1761,1744,1759,791,1683,782,1754,1755,1255],"class_list":["post-21001","post","type-post","status-publish","format-standard","has-post-thumbnail","hentry","category-principales","tag-agro","tag-cadena-norte","tag-campo","tag-carlos-ciprian","tag-ciprian","tag-coe","tag-colonia-caroya","tag-comuna","tag-cooperativa","tag-cordoba","tag-covid-19","tag-dean-funes","tag-deportes","tag-doctor","tag-federico-zarate","tag-fpa","tag-gustavo-brandan","tag-hospital","tag-jesus-maria","tag-la-dormida","tag-las-penas","tag-medico","tag-municipalidad","tag-news","tag-norte","tag-noticias","tag-nuevo-dia","tag-paola-nanini","tag-policiales","tag-quilino","tag-radio-fm","tag-rio-seco","tag-sinsacate","tag-sociedad-rural","tag-srjm","tag-ultimo-momento","tag-urgente","tag-villa-del-totoral"],"yoast_head":"<!-- This site is optimized with the Yoast SEO plugin v27.4 - https:\/\/yoast.com\/product\/yoast-seo-wordpress\/ -->\n<title>Monitoreo a\u00e9dico en Colonia Caroya. - Fm Gente<\/title>\n<meta name=\"robots\" content=\"index, follow, max-snippet:-1, max-image-preview:large, max-video-preview:-1\" \/>\n<link rel=\"canonical\" href=\"https:\/\/fmgente.com.ar\/web\/monitoreo-aedico-en-colonia-caroya\/\" \/>\n<meta property=\"og:locale\" content=\"es_ES\" \/>\n<meta property=\"og:type\" content=\"article\" \/>\n<meta property=\"og:title\" content=\"Monitoreo a\u00e9dico en Colonia Caroya. - Fm Gente\" \/>\n<meta property=\"og:description\" content=\"Del mi\u00e9rcoles 29 al jueves 30 de abril, el Ministerio de Salud Junto a la\" \/>\n<meta property=\"og:url\" content=\"https:\/\/fmgente.com.ar\/web\/monitoreo-aedico-en-colonia-caroya\/\" \/>\n<meta property=\"og:site_name\" content=\"Fm Gente\" \/>\n<meta property=\"article:published_time\" content=\"2026-04-28T12:46:32+00:00\" \/>\n<meta property=\"og:image\" content=\"https:\/\/fmgente.com.ar\/web\/wp-content\/uploads\/2023\/12\/Monitoreo-Dengue-2023_1.jpg\" \/>\n\t<meta property=\"og:image:width\" content=\"990\" \/>\n\t<meta property=\"og:image:height\" content=\"660\" \/>\n\t<meta property=\"og:image:type\" content=\"image\/jpeg\" \/>\n<meta name=\"author\" content=\"Adri\u00e1n Hern\u00e1ndez\" \/>\n<meta name=\"twitter:card\" content=\"summary_large_image\" \/>\n<meta name=\"twitter:label1\" content=\"Escrito por\" \/>\n\t<meta name=\"twitter:data1\" content=\"Adri\u00e1n Hern\u00e1ndez\" \/>\n\t<meta name=\"twitter:label2\" content=\"Tiempo de lectura\" \/>\n\t<meta name=\"twitter:data2\" content=\"2 minutos\" \/>\n<script type=\"application\/ld+json\" class=\"yoast-schema-graph\">{\"@context\":\"https:\\\/\\\/schema.org\",\"@graph\":[{\"@type\":\"Article\",\"@id\":\"https:\\\/\\\/fmgente.com.ar\\\/web\\\/monitoreo-aedico-en-colonia-caroya\\\/#article\",\"isPartOf\":{\"@id\":\"https:\\\/\\\/fmgente.com.ar\\\/web\\\/monitoreo-aedico-en-colonia-caroya\\\/\"},\"author\":{\"name\":\"Adri\u00e1n Hern\u00e1ndez\",\"@id\":\"https:\\\/\\\/fmgente.com.ar\\\/web\\\/#\\\/schema\\\/person\\\/ba03fa75c17effdaafbd6daa1d78c508\"},\"headline\":\"Monitoreo a\u00e9dico en Colonia Caroya.\",\"datePublished\":\"2026-04-28T12:46:32+00:00\",\"mainEntityOfPage\":{\"@id\":\"https:\\\/\\\/fmgente.com.ar\\\/web\\\/monitoreo-aedico-en-colonia-caroya\\\/\"},\"wordCount\":252,\"publisher\":{\"@id\":\"https:\\\/\\\/fmgente.com.ar\\\/web\\\/#organization\"},\"image\":{\"@id\":\"https:\\\/\\\/fmgente.com.ar\\\/web\\\/monitoreo-aedico-en-colonia-caroya\\\/#primaryimage\"},\"thumbnailUrl\":\"https:\\\/\\\/fmgente.com.ar\\\/web\\\/wp-content\\\/uploads\\\/2023\\\/12\\\/Monitoreo-Dengue-2023_1.jpg\",\"keywords\":[\"agro\",\"cadena norte\",\"campo\",\"Carlos Ciprian\",\"Ciprian\",\"COE\",\"Colonia Caroya\",\"comuna\",\"cooperativa\",\"C\u00f3rdoba\",\"covid 19\",\"Dean Funes\",\"deportes\",\"doctor\",\"Federico Z\u00e1rate\",\"fpa\",\"Gustavo Brand\u00e1n\",\"hospital\",\"Jes\u00fas Mar\u00eda\",\"La Dormida\",\"las pe\u00f1as\",\"m\u00e9dico\",\"Municipalidad\",\"news\",\"Norte\",\"noticias\",\"Nuevo D\u00eda\",\"Paola Nanini\",\"policiales\",\"Quilino\",\"radio fm\",\"Rio Seco\",\"Sinsacate\",\"Sociedad Rural\",\"srjm\",\"\u00faltimo momento\",\"urgente\",\"Villa del Totoral\"],\"articleSection\":[\"PRINCIPALES\"],\"inLanguage\":\"es\"},{\"@type\":\"WebPage\",\"@id\":\"https:\\\/\\\/fmgente.com.ar\\\/web\\\/monitoreo-aedico-en-colonia-caroya\\\/\",\"url\":\"https:\\\/\\\/fmgente.com.ar\\\/web\\\/monitoreo-aedico-en-colonia-caroya\\\/\",\"name\":\"Monitoreo a\u00e9dico en Colonia Caroya. - Fm Gente\",\"isPartOf\":{\"@id\":\"https:\\\/\\\/fmgente.com.ar\\\/web\\\/#website\"},\"primaryImageOfPage\":{\"@id\":\"https:\\\/\\\/fmgente.com.ar\\\/web\\\/monitoreo-aedico-en-colonia-caroya\\\/#primaryimage\"},\"image\":{\"@id\":\"https:\\\/\\\/fmgente.com.ar\\\/web\\\/monitoreo-aedico-en-colonia-caroya\\\/#primaryimage\"},\"thumbnailUrl\":\"https:\\\/\\\/fmgente.com.ar\\\/web\\\/wp-content\\\/uploads\\\/2023\\\/12\\\/Monitoreo-Dengue-2023_1.jpg\",\"datePublished\":\"2026-04-28T12:46:32+00:00\",\"inLanguage\":\"es\",\"potentialAction\":[{\"@type\":\"ReadAction\",\"target\":[\"https:\\\/\\\/fmgente.com.ar\\\/web\\\/monitoreo-aedico-en-colonia-caroya\\\/\"]}]},{\"@type\":\"ImageObject\",\"inLanguage\":\"es\",\"@id\":\"https:\\\/\\\/fmgente.com.ar\\\/web\\\/monitoreo-aedico-en-colonia-caroya\\\/#primaryimage\",\"url\":\"https:\\\/\\\/fmgente.com.ar\\\/web\\\/wp-content\\\/uploads\\\/2023\\\/12\\\/Monitoreo-Dengue-2023_1.jpg\",\"contentUrl\":\"https:\\\/\\\/fmgente.com.ar\\\/web\\\/wp-content\\\/uploads\\\/2023\\\/12\\\/Monitoreo-Dengue-2023_1.jpg\",\"width\":990,\"height\":660,\"caption\":\", Cordoba, C\u00f3rdoba, Argentina, 6 de Octubre de 2023, Foto: Agustin Ottonelli\"},{\"@type\":\"WebSite\",\"@id\":\"https:\\\/\\\/fmgente.com.ar\\\/web\\\/#website\",\"url\":\"https:\\\/\\\/fmgente.com.ar\\\/web\\\/\",\"name\":\"Fm Gente\",\"description\":\"- Jes\u00fas Mar\u00eda\",\"publisher\":{\"@id\":\"https:\\\/\\\/fmgente.com.ar\\\/web\\\/#organization\"},\"potentialAction\":[{\"@type\":\"SearchAction\",\"target\":{\"@type\":\"EntryPoint\",\"urlTemplate\":\"https:\\\/\\\/fmgente.com.ar\\\/web\\\/?s={search_term_string}\"},\"query-input\":{\"@type\":\"PropertyValueSpecification\",\"valueRequired\":true,\"valueName\":\"search_term_string\"}}],\"inLanguage\":\"es\"},{\"@type\":\"Organization\",\"@id\":\"https:\\\/\\\/fmgente.com.ar\\\/web\\\/#organization\",\"name\":\"Fm Gente\",\"url\":\"https:\\\/\\\/fmgente.com.ar\\\/web\\\/\",\"logo\":{\"@type\":\"ImageObject\",\"inLanguage\":\"es\",\"@id\":\"https:\\\/\\\/fmgente.com.ar\\\/web\\\/#\\\/schema\\\/logo\\\/image\\\/\",\"url\":\"https:\\\/\\\/fmgente.com.ar\\\/web\\\/wp-content\\\/uploads\\\/2023\\\/07\\\/cropped-cropped-logo-sombra2.png\",\"contentUrl\":\"https:\\\/\\\/fmgente.com.ar\\\/web\\\/wp-content\\\/uploads\\\/2023\\\/07\\\/cropped-cropped-logo-sombra2.png\",\"width\":1782,\"height\":1782,\"caption\":\"Fm Gente\"},\"image\":{\"@id\":\"https:\\\/\\\/fmgente.com.ar\\\/web\\\/#\\\/schema\\\/logo\\\/image\\\/\"}},{\"@type\":\"Person\",\"@id\":\"https:\\\/\\\/fmgente.com.ar\\\/web\\\/#\\\/schema\\\/person\\\/ba03fa75c17effdaafbd6daa1d78c508\",\"name\":\"Adri\u00e1n Hern\u00e1ndez\",\"url\":\"https:\\\/\\\/fmgente.com.ar\\\/web\\\/author\\\/c1601891\\\/\"}]}<\/script>\n<!-- \/ Yoast SEO plugin. -->","yoast_head_json":{"title":"Monitoreo a\u00e9dico en Colonia Caroya. - Fm Gente","robots":{"index":"index","follow":"follow","max-snippet":"max-snippet:-1","max-image-preview":"max-image-preview:large","max-video-preview":"max-video-preview:-1"},"canonical":"https:\/\/fmgente.com.ar\/web\/monitoreo-aedico-en-colonia-caroya\/","og_locale":"es_ES","og_type":"article","og_title":"Monitoreo a\u00e9dico en Colonia Caroya. - Fm Gente","og_description":"Del mi\u00e9rcoles 29 al jueves 30 de abril, el Ministerio de Salud Junto a la","og_url":"https:\/\/fmgente.com.ar\/web\/monitoreo-aedico-en-colonia-caroya\/","og_site_name":"Fm Gente","article_published_time":"2026-04-28T12:46:32+00:00","og_image":[{"width":990,"height":660,"url":"https:\/\/fmgente.com.ar\/web\/wp-content\/uploads\/2023\/12\/Monitoreo-Dengue-2023_1.jpg","type":"image\/jpeg"}],"author":"Adri\u00e1n Hern\u00e1ndez","twitter_card":"summary_large_image","twitter_misc":{"Escrito por":"Adri\u00e1n Hern\u00e1ndez","Tiempo de lectura":"2 minutos"},"schema":{"@context":"https:\/\/schema.org","@graph":[{"@type":"Article","@id":"https:\/\/fmgente.com.ar\/web\/monitoreo-aedico-en-colonia-caroya\/#article","isPartOf":{"@id":"https:\/\/fmgente.com.ar\/web\/monitoreo-aedico-en-colonia-caroya\/"},"author":{"name":"Adri\u00e1n Hern\u00e1ndez","@id":"https:\/\/fmgente.com.ar\/web\/#\/schema\/person\/ba03fa75c17effdaafbd6daa1d78c508"},"headline":"Monitoreo a\u00e9dico en Colonia Caroya.","datePublished":"2026-04-28T12:46:32+00:00","mainEntityOfPage":{"@id":"https:\/\/fmgente.com.ar\/web\/monitoreo-aedico-en-colonia-caroya\/"},"wordCount":252,"publisher":{"@id":"https:\/\/fmgente.com.ar\/web\/#organization"},"image":{"@id":"https:\/\/fmgente.com.ar\/web\/monitoreo-aedico-en-colonia-caroya\/#primaryimage"},"thumbnailUrl":"https:\/\/fmgente.com.ar\/web\/wp-content\/uploads\/2023\/12\/Monitoreo-Dengue-2023_1.jpg","keywords":["agro","cadena norte","campo","Carlos Ciprian","Ciprian","COE","Colonia Caroya","comuna","cooperativa","C\u00f3rdoba","covid 19","Dean Funes","deportes","doctor","Federico Z\u00e1rate","fpa","Gustavo Brand\u00e1n","hospital","Jes\u00fas Mar\u00eda","La Dormida","las pe\u00f1as","m\u00e9dico","Municipalidad","news","Norte","noticias","Nuevo D\u00eda","Paola Nanini","policiales","Quilino","radio fm","Rio Seco","Sinsacate","Sociedad Rural","srjm","\u00faltimo momento","urgente","Villa del Totoral"],"articleSection":["PRINCIPALES"],"inLanguage":"es"},{"@type":"WebPage","@id":"https:\/\/fmgente.com.ar\/web\/monitoreo-aedico-en-colonia-caroya\/","url":"https:\/\/fmgente.com.ar\/web\/monitoreo-aedico-en-colonia-caroya\/","name":"Monitoreo a\u00e9dico en Colonia Caroya. - Fm Gente","isPartOf":{"@id":"https:\/\/fmgente.com.ar\/web\/#website"},"primaryImageOfPage":{"@id":"https:\/\/fmgente.com.ar\/web\/monitoreo-aedico-en-colonia-caroya\/#primaryimage"},"image":{"@id":"https:\/\/fmgente.com.ar\/web\/monitoreo-aedico-en-colonia-caroya\/#primaryimage"},"thumbnailUrl":"https:\/\/fmgente.com.ar\/web\/wp-content\/uploads\/2023\/12\/Monitoreo-Dengue-2023_1.jpg","datePublished":"2026-04-28T12:46:32+00:00","inLanguage":"es","potentialAction":[{"@type":"ReadAction","target":["https:\/\/fmgente.com.ar\/web\/monitoreo-aedico-en-colonia-caroya\/"]}]},{"@type":"ImageObject","inLanguage":"es","@id":"https:\/\/fmgente.com.ar\/web\/monitoreo-aedico-en-colonia-caroya\/#primaryimage","url":"https:\/\/fmgente.com.ar\/web\/wp-content\/uploads\/2023\/12\/Monitoreo-Dengue-2023_1.jpg","contentUrl":"https:\/\/fmgente.com.ar\/web\/wp-content\/uploads\/2023\/12\/Monitoreo-Dengue-2023_1.jpg","width":990,"height":660,"caption":", Cordoba, C\u00f3rdoba, Argentina, 6 de Octubre de 2023, Foto: Agustin Ottonelli"},{"@type":"WebSite","@id":"https:\/\/fmgente.com.ar\/web\/#website","url":"https:\/\/fmgente.com.ar\/web\/","name":"Fm Gente","description":"- Jes\u00fas Mar\u00eda","publisher":{"@id":"https:\/\/fmgente.com.ar\/web\/#organization"},"potentialAction":[{"@type":"SearchAction","target":{"@type":"EntryPoint","urlTemplate":"https:\/\/fmgente.com.ar\/web\/?s={search_term_string}"},"query-input":{"@type":"PropertyValueSpecification","valueRequired":true,"valueName":"search_term_string"}}],"inLanguage":"es"},{"@type":"Organization","@id":"https:\/\/fmgente.com.ar\/web\/#organization","name":"Fm Gente","url":"https:\/\/fmgente.com.ar\/web\/","logo":{"@type":"ImageObject","inLanguage":"es","@id":"https:\/\/fmgente.com.ar\/web\/#\/schema\/logo\/image\/","url":"https:\/\/fmgente.com.ar\/web\/wp-content\/uploads\/2023\/07\/cropped-cropped-logo-sombra2.png","contentUrl":"https:\/\/fmgente.com.ar\/web\/wp-content\/uploads\/2023\/07\/cropped-cropped-logo-sombra2.png","width":1782,"height":1782,"caption":"Fm Gente"},"image":{"@id":"https:\/\/fmgente.com.ar\/web\/#\/schema\/logo\/image\/"}},{"@type":"Person","@id":"https:\/\/fmgente.com.ar\/web\/#\/schema\/person\/ba03fa75c17effdaafbd6daa1d78c508","name":"Adri\u00e1n Hern\u00e1ndez","url":"https:\/\/fmgente.com.ar\/web\/author\/c1601891\/"}]}},"_links":{"self":[{"href":"https:\/\/fmgente.com.ar\/web\/wp-json\/wp\/v2\/posts\/21001","targetHints":{"allow":["GET"]}}],"collection":[{"href":"https:\/\/fmgente.com.ar\/web\/wp-json\/wp\/v2\/posts"}],"about":[{"href":"https:\/\/fmgente.com.ar\/web\/wp-json\/wp\/v2\/types\/post"}],"author":[{"embeddable":true,"href":"https:\/\/fmgente.com.ar\/web\/wp-json\/wp\/v2\/users\/2"}],"replies":[{"embeddable":true,"href":"https:\/\/fmgente.com.ar\/web\/wp-json\/wp\/v2\/comments?post=21001"}],"version-history":[{"count":1,"href":"https:\/\/fmgente.com.ar\/web\/wp-json\/wp\/v2\/posts\/21001\/revisions"}],"predecessor-version":[{"id":21002,"href":"https:\/\/fmgente.com.ar\/web\/wp-json\/wp\/v2\/posts\/21001\/revisions\/21002"}],"wp:featuredmedia":[{"embeddable":true,"href":"https:\/\/fmgente.com.ar\/web\/wp-json\/wp\/v2\/media\/1337"}],"wp:attachment":[{"href":"https:\/\/fmgente.com.ar\/web\/wp-json\/wp\/v2\/media?parent=21001"}],"wp:term":[{"taxonomy":"category","embeddable":true,"href":"https:\/\/fmgente.com.ar\/web\/wp-json\/wp\/v2\/categories?post=21001"},{"taxonomy":"post_tag","embeddable":true,"href":"https:\/\/fmgente.com.ar\/web\/wp-json\/wp\/v2\/tags?post=21001"}],"curies":[{"name":"wp","href":"https:\/\/api.w.org\/{rel}","templated":true}]}}