{"id":20989,"date":"2026-04-28T09:31:24","date_gmt":"2026-04-28T12:31:24","guid":{"rendered":"https:\/\/fmgente.com.ar\/web\/?p=20989"},"modified":"2026-04-28T09:31:24","modified_gmt":"2026-04-28T12:31:24","slug":"sinsacate-celebra-su-4-feria-de-sabores-y-saberes-del-monte-2","status":"publish","type":"post","link":"https:\/\/fmgente.com.ar\/web\/sinsacate-celebra-su-4-feria-de-sabores-y-saberes-del-monte-2\/","title":{"rendered":"Sinsacate celebra su 4\u00b0 Feria de Sabores y Saberes del Monte"},"content":{"rendered":"<p>El pr\u00f3ximo s\u00e1bado 2 de Mayo de 11 a 19 hs se llevar\u00e1 a cabo en la Posta de Sinsacate (a la vera del Camino Real) una nueva edici\u00f3n de la Feria de Sabores y Saberes del Monte, prometiendo transformarse en una verdadera experiencia sensorial.<\/p>\n<p>Dicho evento tiene como objetivo revalorizar a nuestro patrimonio natural y cultural desde productos y saberes asociados, buscando apoyar a los emprendedores de peque\u00f1os parajes y pueblos que, con dedicaci\u00f3n, desarrollan propuestas innovadoras y con identidad. De esta manera, el visitante tendr\u00e1 la oportunidad de encontrar en un solo espacio una diversidad de productos originales, poco frecuentes y de excelente calidad, precio y presentaci\u00f3n; \u2022 Delicias del Monte: Arropes, jaleas, polen, mieles de floraci\u00f3n nativa, harinas y caf\u00e9s de algarroba, mistol y cha\u00f1ar (aptas para cel\u00edacos) \u2022 Gastronom\u00eda y Bebidas:<\/p>\n<p>Pasteler\u00eda artesanal (brownies, alfajores, galletas saludables, pastas, budines) cervezas y licores regionales.<\/p>\n<p>\u2022 Artesan\u00edas y Salud: Cester\u00eda en palma caranday, arte textil, objetos en madera, cosm\u00e9tica natural, medicina ancestral, arte nativo y libros tem\u00e1ticos.<\/p>\n<p>\u2022 Sustentabilidad: Plantines y propuestas de bioconstrucci\u00f3n. Como novedad la Feria sumar\u00e1 una carpa gastron\u00f3mica para disfrutar a buen precio platos cl\u00e1sicos (canelones, empanadas, cazuelas de cordero, humita y tiramis\u00fa) potenciados con harinas del monte, hierbas y vegetales aut\u00f3ctonos.<\/p>\n<p>La propuesta estar\u00e1 a cargo de Sebasti\u00e1n Fern\u00e1ndez, chef especializado en cocina de autor con identidad. Se sumar\u00e1 a las 11:30 hs la demostraci\u00f3n \u201cC\u00f3mo intervenir tallarines con harina de algarroba\u201d a cargo de Patricia Rionda, coordinadora del Taller de Frutos Nativos de la Asociaci\u00f3n Cultural Relatos del Viento. A las 15 hs, el chef-historiador Marcos Parada ofrecer\u00e1 una Master Class en donde, a partir de la elaboraci\u00f3n de platos y postres, pondr\u00e1 en di\u00e1logo recetas tradicionales con ingredientes del monte nativo, propuestas con creciente inter\u00e9s entre nutricionistas, personas con celiaqu\u00eda y cocineros gourmets.<\/p>\n<p>Otra novedad ser\u00e1 el stand de Nopal Bioconstrucci\u00f3n, cuyos especialistas ofrecer\u00e1n demostraciones constructivas en adobe y asesoramientos gratuitos sobre estos materiales que, combinados con los aportes de la t\u00e9cnica y ciencia, crecen como alternativa habitacional sustentable y segura.<\/p>\n<p>En el \u00faltimo tramo de esta cuarta edici\u00f3n de la Feria de Sabores y Saberes del Monte, podremos disfrutar de las danzas folkl\u00f3ricas de la reconocida Academia Amancay, para finalizar con un mini recital del grupo \u201cNo queda otra folklore\u201d quienes repasaran algunos de sus temas m\u00e1s conocidos dedicados a nuestro monte e identidad m\u00e1s profunda.<\/p>\n<p>Organizan: Asoc. Cultural Relatos del Viento, Municipalidad de Sinsacate, Museo Nacional Posta de Sinsacate y Escuela del Monte. Cu\u00e1ndo y d\u00f3nde: s\u00e1bado 02 de Mayo de 11 a 19 hs &#8211; Predio de la Posta de Sinsacate (calle Camino Real) Sinsacate, C\u00f3rdoba. <a href=\"https:\/\/maps.app.goo.gl\/g8djJFJVGHZerUoT7\">https:\/\/maps.app.goo.gl\/g8djJFJVGHZerUoT7<\/a><\/p>\n<p><img loading=\"lazy\" decoding=\"async\" class=\"alignnone size-full wp-image-20990\" src=\"https:\/\/fmgente.com.ar\/web\/wp-content\/uploads\/2026\/04\/n7.jpg\" alt=\"\" width=\"1600\" height=\"1064\" srcset=\"https:\/\/fmgente.com.ar\/web\/wp-content\/uploads\/2026\/04\/n7.jpg 1600w, https:\/\/fmgente.com.ar\/web\/wp-content\/uploads\/2026\/04\/n7-300x200.jpg 300w, https:\/\/fmgente.com.ar\/web\/wp-content\/uploads\/2026\/04\/n7-768x511.jpg 768w, https:\/\/fmgente.com.ar\/web\/wp-content\/uploads\/2026\/04\/n7-1536x1021.jpg 1536w, https:\/\/fmgente.com.ar\/web\/wp-content\/uploads\/2026\/04\/n7-600x400.jpg 600w\" sizes=\"auto, (max-width: 1600px) 100vw, 1600px\" \/> <img loading=\"lazy\" decoding=\"async\" class=\"alignnone size-full wp-image-20991\" src=\"https:\/\/fmgente.com.ar\/web\/wp-content\/uploads\/2026\/04\/n8.jpg\" alt=\"\" width=\"1600\" height=\"1064\" srcset=\"https:\/\/fmgente.com.ar\/web\/wp-content\/uploads\/2026\/04\/n8.jpg 1600w, https:\/\/fmgente.com.ar\/web\/wp-content\/uploads\/2026\/04\/n8-300x200.jpg 300w, https:\/\/fmgente.com.ar\/web\/wp-content\/uploads\/2026\/04\/n8-768x511.jpg 768w, https:\/\/fmgente.com.ar\/web\/wp-content\/uploads\/2026\/04\/n8-1536x1021.jpg 1536w, https:\/\/fmgente.com.ar\/web\/wp-content\/uploads\/2026\/04\/n8-600x400.jpg 600w\" sizes=\"auto, (max-width: 1600px) 100vw, 1600px\" \/><\/p>\n","protected":false},"excerpt":{"rendered":"<p>El pr\u00f3ximo s\u00e1bado 2 de Mayo de 11 a 19 hs se llevar\u00e1 a cabo<\/p>\n","protected":false},"author":2,"featured_media":20990,"comment_status":"closed","ping_status":"closed","sticky":false,"template":"","format":"standard","meta":{"footnotes":""},"categories":[40],"tags":[573,1745,290,1750,1748,1753,303,1758,1621,23,1630,644,216,1757,897,249,1751,265,92,1760,1718,1756,793,1747,1746,1671,1749,1752,1697,1761,1744,1759,791,1683,782,1754,1755,1255],"class_list":["post-20989","post","type-post","status-publish","format-standard","has-post-thumbnail","hentry","category-principales","tag-agro","tag-cadena-norte","tag-campo","tag-carlos-ciprian","tag-ciprian","tag-coe","tag-colonia-caroya","tag-comuna","tag-cooperativa","tag-cordoba","tag-covid-19","tag-dean-funes","tag-deportes","tag-doctor","tag-federico-zarate","tag-fpa","tag-gustavo-brandan","tag-hospital","tag-jesus-maria","tag-la-dormida","tag-las-penas","tag-medico","tag-municipalidad","tag-news","tag-norte","tag-noticias","tag-nuevo-dia","tag-paola-nanini","tag-policiales","tag-quilino","tag-radio-fm","tag-rio-seco","tag-sinsacate","tag-sociedad-rural","tag-srjm","tag-ultimo-momento","tag-urgente","tag-villa-del-totoral"],"yoast_head":"<!-- This site is optimized with the Yoast SEO plugin v27.4 - https:\/\/yoast.com\/product\/yoast-seo-wordpress\/ -->\n<title>Sinsacate celebra su 4\u00b0 Feria de Sabores y Saberes del Monte - Fm Gente<\/title>\n<meta name=\"robots\" content=\"index, follow, max-snippet:-1, max-image-preview:large, max-video-preview:-1\" \/>\n<link rel=\"canonical\" href=\"https:\/\/fmgente.com.ar\/web\/sinsacate-celebra-su-4-feria-de-sabores-y-saberes-del-monte-2\/\" \/>\n<meta property=\"og:locale\" content=\"es_ES\" \/>\n<meta property=\"og:type\" content=\"article\" \/>\n<meta property=\"og:title\" content=\"Sinsacate celebra su 4\u00b0 Feria de Sabores y Saberes del Monte - Fm Gente\" \/>\n<meta property=\"og:description\" content=\"El pr\u00f3ximo s\u00e1bado 2 de Mayo de 11 a 19 hs se llevar\u00e1 a cabo\" \/>\n<meta property=\"og:url\" content=\"https:\/\/fmgente.com.ar\/web\/sinsacate-celebra-su-4-feria-de-sabores-y-saberes-del-monte-2\/\" \/>\n<meta property=\"og:site_name\" content=\"Fm Gente\" \/>\n<meta property=\"article:published_time\" content=\"2026-04-28T12:31:24+00:00\" \/>\n<meta property=\"og:image\" content=\"https:\/\/fmgente.com.ar\/web\/wp-content\/uploads\/2026\/04\/n7.jpg\" \/>\n\t<meta property=\"og:image:width\" content=\"1600\" \/>\n\t<meta property=\"og:image:height\" content=\"1064\" \/>\n\t<meta property=\"og:image:type\" content=\"image\/jpeg\" \/>\n<meta name=\"author\" content=\"Adri\u00e1n Hern\u00e1ndez\" \/>\n<meta name=\"twitter:card\" content=\"summary_large_image\" \/>\n<meta name=\"twitter:label1\" content=\"Escrito por\" \/>\n\t<meta name=\"twitter:data1\" content=\"Adri\u00e1n Hern\u00e1ndez\" \/>\n\t<meta name=\"twitter:label2\" content=\"Tiempo de lectura\" \/>\n\t<meta name=\"twitter:data2\" content=\"3 minutos\" \/>\n<script type=\"application\/ld+json\" class=\"yoast-schema-graph\">{\"@context\":\"https:\\\/\\\/schema.org\",\"@graph\":[{\"@type\":\"Article\",\"@id\":\"https:\\\/\\\/fmgente.com.ar\\\/web\\\/sinsacate-celebra-su-4-feria-de-sabores-y-saberes-del-monte-2\\\/#article\",\"isPartOf\":{\"@id\":\"https:\\\/\\\/fmgente.com.ar\\\/web\\\/sinsacate-celebra-su-4-feria-de-sabores-y-saberes-del-monte-2\\\/\"},\"author\":{\"name\":\"Adri\u00e1n Hern\u00e1ndez\",\"@id\":\"https:\\\/\\\/fmgente.com.ar\\\/web\\\/#\\\/schema\\\/person\\\/ba03fa75c17effdaafbd6daa1d78c508\"},\"headline\":\"Sinsacate celebra su 4\u00b0 Feria de Sabores y Saberes del Monte\",\"datePublished\":\"2026-04-28T12:31:24+00:00\",\"mainEntityOfPage\":{\"@id\":\"https:\\\/\\\/fmgente.com.ar\\\/web\\\/sinsacate-celebra-su-4-feria-de-sabores-y-saberes-del-monte-2\\\/\"},\"wordCount\":483,\"publisher\":{\"@id\":\"https:\\\/\\\/fmgente.com.ar\\\/web\\\/#organization\"},\"image\":{\"@id\":\"https:\\\/\\\/fmgente.com.ar\\\/web\\\/sinsacate-celebra-su-4-feria-de-sabores-y-saberes-del-monte-2\\\/#primaryimage\"},\"thumbnailUrl\":\"https:\\\/\\\/fmgente.com.ar\\\/web\\\/wp-content\\\/uploads\\\/2026\\\/04\\\/n7.jpg\",\"keywords\":[\"agro\",\"cadena norte\",\"campo\",\"Carlos Ciprian\",\"Ciprian\",\"COE\",\"Colonia Caroya\",\"comuna\",\"cooperativa\",\"C\u00f3rdoba\",\"covid 19\",\"Dean Funes\",\"deportes\",\"doctor\",\"Federico Z\u00e1rate\",\"fpa\",\"Gustavo Brand\u00e1n\",\"hospital\",\"Jes\u00fas Mar\u00eda\",\"La Dormida\",\"las pe\u00f1as\",\"m\u00e9dico\",\"Municipalidad\",\"news\",\"Norte\",\"noticias\",\"Nuevo D\u00eda\",\"Paola Nanini\",\"policiales\",\"Quilino\",\"radio fm\",\"Rio Seco\",\"Sinsacate\",\"Sociedad Rural\",\"srjm\",\"\u00faltimo momento\",\"urgente\",\"Villa del Totoral\"],\"articleSection\":[\"PRINCIPALES\"],\"inLanguage\":\"es\"},{\"@type\":\"WebPage\",\"@id\":\"https:\\\/\\\/fmgente.com.ar\\\/web\\\/sinsacate-celebra-su-4-feria-de-sabores-y-saberes-del-monte-2\\\/\",\"url\":\"https:\\\/\\\/fmgente.com.ar\\\/web\\\/sinsacate-celebra-su-4-feria-de-sabores-y-saberes-del-monte-2\\\/\",\"name\":\"Sinsacate celebra su 4\u00b0 Feria de Sabores y Saberes del Monte - Fm Gente\",\"isPartOf\":{\"@id\":\"https:\\\/\\\/fmgente.com.ar\\\/web\\\/#website\"},\"primaryImageOfPage\":{\"@id\":\"https:\\\/\\\/fmgente.com.ar\\\/web\\\/sinsacate-celebra-su-4-feria-de-sabores-y-saberes-del-monte-2\\\/#primaryimage\"},\"image\":{\"@id\":\"https:\\\/\\\/fmgente.com.ar\\\/web\\\/sinsacate-celebra-su-4-feria-de-sabores-y-saberes-del-monte-2\\\/#primaryimage\"},\"thumbnailUrl\":\"https:\\\/\\\/fmgente.com.ar\\\/web\\\/wp-content\\\/uploads\\\/2026\\\/04\\\/n7.jpg\",\"datePublished\":\"2026-04-28T12:31:24+00:00\",\"inLanguage\":\"es\",\"potentialAction\":[{\"@type\":\"ReadAction\",\"target\":[\"https:\\\/\\\/fmgente.com.ar\\\/web\\\/sinsacate-celebra-su-4-feria-de-sabores-y-saberes-del-monte-2\\\/\"]}]},{\"@type\":\"ImageObject\",\"inLanguage\":\"es\",\"@id\":\"https:\\\/\\\/fmgente.com.ar\\\/web\\\/sinsacate-celebra-su-4-feria-de-sabores-y-saberes-del-monte-2\\\/#primaryimage\",\"url\":\"https:\\\/\\\/fmgente.com.ar\\\/web\\\/wp-content\\\/uploads\\\/2026\\\/04\\\/n7.jpg\",\"contentUrl\":\"https:\\\/\\\/fmgente.com.ar\\\/web\\\/wp-content\\\/uploads\\\/2026\\\/04\\\/n7.jpg\",\"width\":1600,\"height\":1064},{\"@type\":\"WebSite\",\"@id\":\"https:\\\/\\\/fmgente.com.ar\\\/web\\\/#website\",\"url\":\"https:\\\/\\\/fmgente.com.ar\\\/web\\\/\",\"name\":\"Fm Gente\",\"description\":\"- Jes\u00fas Mar\u00eda\",\"publisher\":{\"@id\":\"https:\\\/\\\/fmgente.com.ar\\\/web\\\/#organization\"},\"potentialAction\":[{\"@type\":\"SearchAction\",\"target\":{\"@type\":\"EntryPoint\",\"urlTemplate\":\"https:\\\/\\\/fmgente.com.ar\\\/web\\\/?s={search_term_string}\"},\"query-input\":{\"@type\":\"PropertyValueSpecification\",\"valueRequired\":true,\"valueName\":\"search_term_string\"}}],\"inLanguage\":\"es\"},{\"@type\":\"Organization\",\"@id\":\"https:\\\/\\\/fmgente.com.ar\\\/web\\\/#organization\",\"name\":\"Fm Gente\",\"url\":\"https:\\\/\\\/fmgente.com.ar\\\/web\\\/\",\"logo\":{\"@type\":\"ImageObject\",\"inLanguage\":\"es\",\"@id\":\"https:\\\/\\\/fmgente.com.ar\\\/web\\\/#\\\/schema\\\/logo\\\/image\\\/\",\"url\":\"https:\\\/\\\/fmgente.com.ar\\\/web\\\/wp-content\\\/uploads\\\/2023\\\/07\\\/cropped-cropped-logo-sombra2.png\",\"contentUrl\":\"https:\\\/\\\/fmgente.com.ar\\\/web\\\/wp-content\\\/uploads\\\/2023\\\/07\\\/cropped-cropped-logo-sombra2.png\",\"width\":1782,\"height\":1782,\"caption\":\"Fm Gente\"},\"image\":{\"@id\":\"https:\\\/\\\/fmgente.com.ar\\\/web\\\/#\\\/schema\\\/logo\\\/image\\\/\"}},{\"@type\":\"Person\",\"@id\":\"https:\\\/\\\/fmgente.com.ar\\\/web\\\/#\\\/schema\\\/person\\\/ba03fa75c17effdaafbd6daa1d78c508\",\"name\":\"Adri\u00e1n Hern\u00e1ndez\",\"url\":\"https:\\\/\\\/fmgente.com.ar\\\/web\\\/author\\\/c1601891\\\/\"}]}<\/script>\n<!-- \/ Yoast SEO plugin. -->","yoast_head_json":{"title":"Sinsacate celebra su 4\u00b0 Feria de Sabores y Saberes del Monte - Fm Gente","robots":{"index":"index","follow":"follow","max-snippet":"max-snippet:-1","max-image-preview":"max-image-preview:large","max-video-preview":"max-video-preview:-1"},"canonical":"https:\/\/fmgente.com.ar\/web\/sinsacate-celebra-su-4-feria-de-sabores-y-saberes-del-monte-2\/","og_locale":"es_ES","og_type":"article","og_title":"Sinsacate celebra su 4\u00b0 Feria de Sabores y Saberes del Monte - Fm Gente","og_description":"El pr\u00f3ximo s\u00e1bado 2 de Mayo de 11 a 19 hs se llevar\u00e1 a cabo","og_url":"https:\/\/fmgente.com.ar\/web\/sinsacate-celebra-su-4-feria-de-sabores-y-saberes-del-monte-2\/","og_site_name":"Fm Gente","article_published_time":"2026-04-28T12:31:24+00:00","og_image":[{"width":1600,"height":1064,"url":"https:\/\/fmgente.com.ar\/web\/wp-content\/uploads\/2026\/04\/n7.jpg","type":"image\/jpeg"}],"author":"Adri\u00e1n Hern\u00e1ndez","twitter_card":"summary_large_image","twitter_misc":{"Escrito por":"Adri\u00e1n Hern\u00e1ndez","Tiempo de lectura":"3 minutos"},"schema":{"@context":"https:\/\/schema.org","@graph":[{"@type":"Article","@id":"https:\/\/fmgente.com.ar\/web\/sinsacate-celebra-su-4-feria-de-sabores-y-saberes-del-monte-2\/#article","isPartOf":{"@id":"https:\/\/fmgente.com.ar\/web\/sinsacate-celebra-su-4-feria-de-sabores-y-saberes-del-monte-2\/"},"author":{"name":"Adri\u00e1n Hern\u00e1ndez","@id":"https:\/\/fmgente.com.ar\/web\/#\/schema\/person\/ba03fa75c17effdaafbd6daa1d78c508"},"headline":"Sinsacate celebra su 4\u00b0 Feria de Sabores y Saberes del Monte","datePublished":"2026-04-28T12:31:24+00:00","mainEntityOfPage":{"@id":"https:\/\/fmgente.com.ar\/web\/sinsacate-celebra-su-4-feria-de-sabores-y-saberes-del-monte-2\/"},"wordCount":483,"publisher":{"@id":"https:\/\/fmgente.com.ar\/web\/#organization"},"image":{"@id":"https:\/\/fmgente.com.ar\/web\/sinsacate-celebra-su-4-feria-de-sabores-y-saberes-del-monte-2\/#primaryimage"},"thumbnailUrl":"https:\/\/fmgente.com.ar\/web\/wp-content\/uploads\/2026\/04\/n7.jpg","keywords":["agro","cadena norte","campo","Carlos Ciprian","Ciprian","COE","Colonia Caroya","comuna","cooperativa","C\u00f3rdoba","covid 19","Dean Funes","deportes","doctor","Federico Z\u00e1rate","fpa","Gustavo Brand\u00e1n","hospital","Jes\u00fas Mar\u00eda","La Dormida","las pe\u00f1as","m\u00e9dico","Municipalidad","news","Norte","noticias","Nuevo D\u00eda","Paola Nanini","policiales","Quilino","radio fm","Rio Seco","Sinsacate","Sociedad Rural","srjm","\u00faltimo momento","urgente","Villa del Totoral"],"articleSection":["PRINCIPALES"],"inLanguage":"es"},{"@type":"WebPage","@id":"https:\/\/fmgente.com.ar\/web\/sinsacate-celebra-su-4-feria-de-sabores-y-saberes-del-monte-2\/","url":"https:\/\/fmgente.com.ar\/web\/sinsacate-celebra-su-4-feria-de-sabores-y-saberes-del-monte-2\/","name":"Sinsacate celebra su 4\u00b0 Feria de Sabores y Saberes del Monte - Fm Gente","isPartOf":{"@id":"https:\/\/fmgente.com.ar\/web\/#website"},"primaryImageOfPage":{"@id":"https:\/\/fmgente.com.ar\/web\/sinsacate-celebra-su-4-feria-de-sabores-y-saberes-del-monte-2\/#primaryimage"},"image":{"@id":"https:\/\/fmgente.com.ar\/web\/sinsacate-celebra-su-4-feria-de-sabores-y-saberes-del-monte-2\/#primaryimage"},"thumbnailUrl":"https:\/\/fmgente.com.ar\/web\/wp-content\/uploads\/2026\/04\/n7.jpg","datePublished":"2026-04-28T12:31:24+00:00","inLanguage":"es","potentialAction":[{"@type":"ReadAction","target":["https:\/\/fmgente.com.ar\/web\/sinsacate-celebra-su-4-feria-de-sabores-y-saberes-del-monte-2\/"]}]},{"@type":"ImageObject","inLanguage":"es","@id":"https:\/\/fmgente.com.ar\/web\/sinsacate-celebra-su-4-feria-de-sabores-y-saberes-del-monte-2\/#primaryimage","url":"https:\/\/fmgente.com.ar\/web\/wp-content\/uploads\/2026\/04\/n7.jpg","contentUrl":"https:\/\/fmgente.com.ar\/web\/wp-content\/uploads\/2026\/04\/n7.jpg","width":1600,"height":1064},{"@type":"WebSite","@id":"https:\/\/fmgente.com.ar\/web\/#website","url":"https:\/\/fmgente.com.ar\/web\/","name":"Fm Gente","description":"- Jes\u00fas Mar\u00eda","publisher":{"@id":"https:\/\/fmgente.com.ar\/web\/#organization"},"potentialAction":[{"@type":"SearchAction","target":{"@type":"EntryPoint","urlTemplate":"https:\/\/fmgente.com.ar\/web\/?s={search_term_string}"},"query-input":{"@type":"PropertyValueSpecification","valueRequired":true,"valueName":"search_term_string"}}],"inLanguage":"es"},{"@type":"Organization","@id":"https:\/\/fmgente.com.ar\/web\/#organization","name":"Fm Gente","url":"https:\/\/fmgente.com.ar\/web\/","logo":{"@type":"ImageObject","inLanguage":"es","@id":"https:\/\/fmgente.com.ar\/web\/#\/schema\/logo\/image\/","url":"https:\/\/fmgente.com.ar\/web\/wp-content\/uploads\/2023\/07\/cropped-cropped-logo-sombra2.png","contentUrl":"https:\/\/fmgente.com.ar\/web\/wp-content\/uploads\/2023\/07\/cropped-cropped-logo-sombra2.png","width":1782,"height":1782,"caption":"Fm Gente"},"image":{"@id":"https:\/\/fmgente.com.ar\/web\/#\/schema\/logo\/image\/"}},{"@type":"Person","@id":"https:\/\/fmgente.com.ar\/web\/#\/schema\/person\/ba03fa75c17effdaafbd6daa1d78c508","name":"Adri\u00e1n Hern\u00e1ndez","url":"https:\/\/fmgente.com.ar\/web\/author\/c1601891\/"}]}},"_links":{"self":[{"href":"https:\/\/fmgente.com.ar\/web\/wp-json\/wp\/v2\/posts\/20989","targetHints":{"allow":["GET"]}}],"collection":[{"href":"https:\/\/fmgente.com.ar\/web\/wp-json\/wp\/v2\/posts"}],"about":[{"href":"https:\/\/fmgente.com.ar\/web\/wp-json\/wp\/v2\/types\/post"}],"author":[{"embeddable":true,"href":"https:\/\/fmgente.com.ar\/web\/wp-json\/wp\/v2\/users\/2"}],"replies":[{"embeddable":true,"href":"https:\/\/fmgente.com.ar\/web\/wp-json\/wp\/v2\/comments?post=20989"}],"version-history":[{"count":1,"href":"https:\/\/fmgente.com.ar\/web\/wp-json\/wp\/v2\/posts\/20989\/revisions"}],"predecessor-version":[{"id":20992,"href":"https:\/\/fmgente.com.ar\/web\/wp-json\/wp\/v2\/posts\/20989\/revisions\/20992"}],"wp:featuredmedia":[{"embeddable":true,"href":"https:\/\/fmgente.com.ar\/web\/wp-json\/wp\/v2\/media\/20990"}],"wp:attachment":[{"href":"https:\/\/fmgente.com.ar\/web\/wp-json\/wp\/v2\/media?parent=20989"}],"wp:term":[{"taxonomy":"category","embeddable":true,"href":"https:\/\/fmgente.com.ar\/web\/wp-json\/wp\/v2\/categories?post=20989"},{"taxonomy":"post_tag","embeddable":true,"href":"https:\/\/fmgente.com.ar\/web\/wp-json\/wp\/v2\/tags?post=20989"}],"curies":[{"name":"wp","href":"https:\/\/api.w.org\/{rel}","templated":true}]}}