{"id":20971,"date":"2026-04-28T09:04:59","date_gmt":"2026-04-28T12:04:59","guid":{"rendered":"https:\/\/fmgente.com.ar\/web\/fantino-el-circulo-rojo-esta-buscando-un-candidato-en-alguien-que-pertenecio-al-gobierno-de-milei-y-pueda-enfrentarlo-en-2027\/"},"modified":"2026-04-28T09:04:59","modified_gmt":"2026-04-28T12:04:59","slug":"fantino-el-circulo-rojo-esta-buscando-un-candidato-en-alguien-que-pertenecio-al-gobierno-de-milei-y-pueda-enfrentarlo-en-2027","status":"publish","type":"post","link":"https:\/\/fmgente.com.ar\/web\/fantino-el-circulo-rojo-esta-buscando-un-candidato-en-alguien-que-pertenecio-al-gobierno-de-milei-y-pueda-enfrentarlo-en-2027\/","title":{"rendered":"Fantino: \u201cEl c\u00edrculo rojo est\u00e1 buscando un candidato en alguien que perteneci\u00f3 al gobierno de Milei y pueda enfrentarlo en 2027\u201d"},"content":{"rendered":"<p>Todav\u00eda falta mucho pero los tiempos se adelantan y son muchos los que se entretienen pensando varias jugadas por delante. As\u00ed reapareci\u00f3 de la nada y cuando las encuestas de imagen no lo acompa\u00f1an, Mauricio Macri.<\/p>\n<p>Con la idea de que se necesita una cara amable para comandar el gobierno de derecha y hacer los cambios necesarios para dejar atr\u00e1s el pa\u00eds que dej\u00f3 el peronismo, es que surge el nombre del fundador del PRO para reemplazara un quemado Javier Milei.<\/p>\n<p>Sin embargo Alejando Fantino marc\u00f3 que en realidad el \u2018c\u00edrculo rojo\u2019 tiene otros nombres en mente, entre ellos el de un exintegrante del gobierno libertario que podr\u00eda cosechar los votos de Milei y sumar otros que se han ido.<\/p>\n","protected":false},"excerpt":{"rendered":"<p>Todav\u00eda falta mucho pero los tiempos se adelantan y son muchos los que se entretienen<\/p>\n","protected":false},"author":0,"featured_media":20972,"comment_status":"","ping_status":"","sticky":false,"template":"","format":"standard","meta":{"footnotes":""},"categories":[11],"tags":[],"class_list":["post-20971","post","type-post","status-publish","format-standard","has-post-thumbnail","hentry","category-destacadas"],"yoast_head":"<!-- This site is optimized with the Yoast SEO plugin v27.4 - https:\/\/yoast.com\/product\/yoast-seo-wordpress\/ -->\n<title>Fantino: \u201cEl c\u00edrculo rojo est\u00e1 buscando un candidato en alguien que perteneci\u00f3 al gobierno de Milei y pueda enfrentarlo en 2027\u201d - Fm Gente<\/title>\n<meta name=\"robots\" content=\"index, follow, max-snippet:-1, max-image-preview:large, max-video-preview:-1\" \/>\n<link rel=\"canonical\" href=\"https:\/\/fmgente.com.ar\/web\/fantino-el-circulo-rojo-esta-buscando-un-candidato-en-alguien-que-pertenecio-al-gobierno-de-milei-y-pueda-enfrentarlo-en-2027\/\" \/>\n<meta property=\"og:locale\" content=\"es_ES\" \/>\n<meta property=\"og:type\" content=\"article\" \/>\n<meta property=\"og:title\" content=\"Fantino: \u201cEl c\u00edrculo rojo est\u00e1 buscando un candidato en alguien que perteneci\u00f3 al gobierno de Milei y pueda enfrentarlo en 2027\u201d - Fm Gente\" \/>\n<meta property=\"og:description\" content=\"Todav\u00eda falta mucho pero los tiempos se adelantan y son muchos los que se entretienen\" \/>\n<meta property=\"og:url\" content=\"https:\/\/fmgente.com.ar\/web\/fantino-el-circulo-rojo-esta-buscando-un-candidato-en-alguien-que-pertenecio-al-gobierno-de-milei-y-pueda-enfrentarlo-en-2027\/\" \/>\n<meta property=\"og:site_name\" content=\"Fm Gente\" \/>\n<meta property=\"article:published_time\" content=\"2026-04-28T12:04:59+00:00\" \/>\n<meta name=\"twitter:card\" content=\"summary_large_image\" \/>\n<meta name=\"twitter:label1\" content=\"Tiempo de lectura\" \/>\n\t<meta name=\"twitter:data1\" content=\"1 minuto\" \/>\n<script type=\"application\/ld+json\" class=\"yoast-schema-graph\">{\"@context\":\"https:\\\/\\\/schema.org\",\"@graph\":[{\"@type\":\"Article\",\"@id\":\"https:\\\/\\\/fmgente.com.ar\\\/web\\\/fantino-el-circulo-rojo-esta-buscando-un-candidato-en-alguien-que-pertenecio-al-gobierno-de-milei-y-pueda-enfrentarlo-en-2027\\\/#article\",\"isPartOf\":{\"@id\":\"https:\\\/\\\/fmgente.com.ar\\\/web\\\/fantino-el-circulo-rojo-esta-buscando-un-candidato-en-alguien-que-pertenecio-al-gobierno-de-milei-y-pueda-enfrentarlo-en-2027\\\/\"},\"author\":{\"name\":\"\",\"@id\":\"\"},\"headline\":\"Fantino: \u201cEl c\u00edrculo rojo est\u00e1 buscando un candidato en alguien que perteneci\u00f3 al gobierno de Milei y pueda enfrentarlo en 2027\u201d\",\"datePublished\":\"2026-04-28T12:04:59+00:00\",\"mainEntityOfPage\":{\"@id\":\"https:\\\/\\\/fmgente.com.ar\\\/web\\\/fantino-el-circulo-rojo-esta-buscando-un-candidato-en-alguien-que-pertenecio-al-gobierno-de-milei-y-pueda-enfrentarlo-en-2027\\\/\"},\"wordCount\":147,\"publisher\":{\"@id\":\"https:\\\/\\\/fmgente.com.ar\\\/web\\\/#organization\"},\"image\":{\"@id\":\"https:\\\/\\\/fmgente.com.ar\\\/web\\\/fantino-el-circulo-rojo-esta-buscando-un-candidato-en-alguien-que-pertenecio-al-gobierno-de-milei-y-pueda-enfrentarlo-en-2027\\\/#primaryimage\"},\"thumbnailUrl\":\"https:\\\/\\\/fmgente.com.ar\\\/web\\\/wp-content\\\/uploads\\\/2026\\\/04\\\/720-1386.jpeg\",\"articleSection\":[\"DESTACADAS\"],\"inLanguage\":\"es\"},{\"@type\":\"WebPage\",\"@id\":\"https:\\\/\\\/fmgente.com.ar\\\/web\\\/fantino-el-circulo-rojo-esta-buscando-un-candidato-en-alguien-que-pertenecio-al-gobierno-de-milei-y-pueda-enfrentarlo-en-2027\\\/\",\"url\":\"https:\\\/\\\/fmgente.com.ar\\\/web\\\/fantino-el-circulo-rojo-esta-buscando-un-candidato-en-alguien-que-pertenecio-al-gobierno-de-milei-y-pueda-enfrentarlo-en-2027\\\/\",\"name\":\"Fantino: \u201cEl c\u00edrculo rojo est\u00e1 buscando un candidato en alguien que perteneci\u00f3 al gobierno de Milei y pueda enfrentarlo en 2027\u201d - Fm Gente\",\"isPartOf\":{\"@id\":\"https:\\\/\\\/fmgente.com.ar\\\/web\\\/#website\"},\"primaryImageOfPage\":{\"@id\":\"https:\\\/\\\/fmgente.com.ar\\\/web\\\/fantino-el-circulo-rojo-esta-buscando-un-candidato-en-alguien-que-pertenecio-al-gobierno-de-milei-y-pueda-enfrentarlo-en-2027\\\/#primaryimage\"},\"image\":{\"@id\":\"https:\\\/\\\/fmgente.com.ar\\\/web\\\/fantino-el-circulo-rojo-esta-buscando-un-candidato-en-alguien-que-pertenecio-al-gobierno-de-milei-y-pueda-enfrentarlo-en-2027\\\/#primaryimage\"},\"thumbnailUrl\":\"https:\\\/\\\/fmgente.com.ar\\\/web\\\/wp-content\\\/uploads\\\/2026\\\/04\\\/720-1386.jpeg\",\"datePublished\":\"2026-04-28T12:04:59+00:00\",\"inLanguage\":\"es\",\"potentialAction\":[{\"@type\":\"ReadAction\",\"target\":[\"https:\\\/\\\/fmgente.com.ar\\\/web\\\/fantino-el-circulo-rojo-esta-buscando-un-candidato-en-alguien-que-pertenecio-al-gobierno-de-milei-y-pueda-enfrentarlo-en-2027\\\/\"]}]},{\"@type\":\"ImageObject\",\"inLanguage\":\"es\",\"@id\":\"https:\\\/\\\/fmgente.com.ar\\\/web\\\/fantino-el-circulo-rojo-esta-buscando-un-candidato-en-alguien-que-pertenecio-al-gobierno-de-milei-y-pueda-enfrentarlo-en-2027\\\/#primaryimage\",\"url\":\"https:\\\/\\\/fmgente.com.ar\\\/web\\\/wp-content\\\/uploads\\\/2026\\\/04\\\/720-1386.jpeg\",\"contentUrl\":\"https:\\\/\\\/fmgente.com.ar\\\/web\\\/wp-content\\\/uploads\\\/2026\\\/04\\\/720-1386.jpeg\",\"width\":1280,\"height\":720},{\"@type\":\"WebSite\",\"@id\":\"https:\\\/\\\/fmgente.com.ar\\\/web\\\/#website\",\"url\":\"https:\\\/\\\/fmgente.com.ar\\\/web\\\/\",\"name\":\"Fm Gente\",\"description\":\"- Jes\u00fas Mar\u00eda\",\"publisher\":{\"@id\":\"https:\\\/\\\/fmgente.com.ar\\\/web\\\/#organization\"},\"potentialAction\":[{\"@type\":\"SearchAction\",\"target\":{\"@type\":\"EntryPoint\",\"urlTemplate\":\"https:\\\/\\\/fmgente.com.ar\\\/web\\\/?s={search_term_string}\"},\"query-input\":{\"@type\":\"PropertyValueSpecification\",\"valueRequired\":true,\"valueName\":\"search_term_string\"}}],\"inLanguage\":\"es\"},{\"@type\":\"Organization\",\"@id\":\"https:\\\/\\\/fmgente.com.ar\\\/web\\\/#organization\",\"name\":\"Fm Gente\",\"url\":\"https:\\\/\\\/fmgente.com.ar\\\/web\\\/\",\"logo\":{\"@type\":\"ImageObject\",\"inLanguage\":\"es\",\"@id\":\"https:\\\/\\\/fmgente.com.ar\\\/web\\\/#\\\/schema\\\/logo\\\/image\\\/\",\"url\":\"https:\\\/\\\/fmgente.com.ar\\\/web\\\/wp-content\\\/uploads\\\/2023\\\/07\\\/cropped-cropped-logo-sombra2.png\",\"contentUrl\":\"https:\\\/\\\/fmgente.com.ar\\\/web\\\/wp-content\\\/uploads\\\/2023\\\/07\\\/cropped-cropped-logo-sombra2.png\",\"width\":1782,\"height\":1782,\"caption\":\"Fm Gente\"},\"image\":{\"@id\":\"https:\\\/\\\/fmgente.com.ar\\\/web\\\/#\\\/schema\\\/logo\\\/image\\\/\"}}]}<\/script>\n<!-- \/ Yoast SEO plugin. -->","yoast_head_json":{"title":"Fantino: \u201cEl c\u00edrculo rojo est\u00e1 buscando un candidato en alguien que perteneci\u00f3 al gobierno de Milei y pueda enfrentarlo en 2027\u201d - Fm Gente","robots":{"index":"index","follow":"follow","max-snippet":"max-snippet:-1","max-image-preview":"max-image-preview:large","max-video-preview":"max-video-preview:-1"},"canonical":"https:\/\/fmgente.com.ar\/web\/fantino-el-circulo-rojo-esta-buscando-un-candidato-en-alguien-que-pertenecio-al-gobierno-de-milei-y-pueda-enfrentarlo-en-2027\/","og_locale":"es_ES","og_type":"article","og_title":"Fantino: \u201cEl c\u00edrculo rojo est\u00e1 buscando un candidato en alguien que perteneci\u00f3 al gobierno de Milei y pueda enfrentarlo en 2027\u201d - Fm Gente","og_description":"Todav\u00eda falta mucho pero los tiempos se adelantan y son muchos los que se entretienen","og_url":"https:\/\/fmgente.com.ar\/web\/fantino-el-circulo-rojo-esta-buscando-un-candidato-en-alguien-que-pertenecio-al-gobierno-de-milei-y-pueda-enfrentarlo-en-2027\/","og_site_name":"Fm Gente","article_published_time":"2026-04-28T12:04:59+00:00","twitter_card":"summary_large_image","twitter_misc":{"Tiempo de lectura":"1 minuto"},"schema":{"@context":"https:\/\/schema.org","@graph":[{"@type":"Article","@id":"https:\/\/fmgente.com.ar\/web\/fantino-el-circulo-rojo-esta-buscando-un-candidato-en-alguien-que-pertenecio-al-gobierno-de-milei-y-pueda-enfrentarlo-en-2027\/#article","isPartOf":{"@id":"https:\/\/fmgente.com.ar\/web\/fantino-el-circulo-rojo-esta-buscando-un-candidato-en-alguien-que-pertenecio-al-gobierno-de-milei-y-pueda-enfrentarlo-en-2027\/"},"author":{"name":"","@id":""},"headline":"Fantino: \u201cEl c\u00edrculo rojo est\u00e1 buscando un candidato en alguien que perteneci\u00f3 al gobierno de Milei y pueda enfrentarlo en 2027\u201d","datePublished":"2026-04-28T12:04:59+00:00","mainEntityOfPage":{"@id":"https:\/\/fmgente.com.ar\/web\/fantino-el-circulo-rojo-esta-buscando-un-candidato-en-alguien-que-pertenecio-al-gobierno-de-milei-y-pueda-enfrentarlo-en-2027\/"},"wordCount":147,"publisher":{"@id":"https:\/\/fmgente.com.ar\/web\/#organization"},"image":{"@id":"https:\/\/fmgente.com.ar\/web\/fantino-el-circulo-rojo-esta-buscando-un-candidato-en-alguien-que-pertenecio-al-gobierno-de-milei-y-pueda-enfrentarlo-en-2027\/#primaryimage"},"thumbnailUrl":"https:\/\/fmgente.com.ar\/web\/wp-content\/uploads\/2026\/04\/720-1386.jpeg","articleSection":["DESTACADAS"],"inLanguage":"es"},{"@type":"WebPage","@id":"https:\/\/fmgente.com.ar\/web\/fantino-el-circulo-rojo-esta-buscando-un-candidato-en-alguien-que-pertenecio-al-gobierno-de-milei-y-pueda-enfrentarlo-en-2027\/","url":"https:\/\/fmgente.com.ar\/web\/fantino-el-circulo-rojo-esta-buscando-un-candidato-en-alguien-que-pertenecio-al-gobierno-de-milei-y-pueda-enfrentarlo-en-2027\/","name":"Fantino: \u201cEl c\u00edrculo rojo est\u00e1 buscando un candidato en alguien que perteneci\u00f3 al gobierno de Milei y pueda enfrentarlo en 2027\u201d - Fm Gente","isPartOf":{"@id":"https:\/\/fmgente.com.ar\/web\/#website"},"primaryImageOfPage":{"@id":"https:\/\/fmgente.com.ar\/web\/fantino-el-circulo-rojo-esta-buscando-un-candidato-en-alguien-que-pertenecio-al-gobierno-de-milei-y-pueda-enfrentarlo-en-2027\/#primaryimage"},"image":{"@id":"https:\/\/fmgente.com.ar\/web\/fantino-el-circulo-rojo-esta-buscando-un-candidato-en-alguien-que-pertenecio-al-gobierno-de-milei-y-pueda-enfrentarlo-en-2027\/#primaryimage"},"thumbnailUrl":"https:\/\/fmgente.com.ar\/web\/wp-content\/uploads\/2026\/04\/720-1386.jpeg","datePublished":"2026-04-28T12:04:59+00:00","inLanguage":"es","potentialAction":[{"@type":"ReadAction","target":["https:\/\/fmgente.com.ar\/web\/fantino-el-circulo-rojo-esta-buscando-un-candidato-en-alguien-que-pertenecio-al-gobierno-de-milei-y-pueda-enfrentarlo-en-2027\/"]}]},{"@type":"ImageObject","inLanguage":"es","@id":"https:\/\/fmgente.com.ar\/web\/fantino-el-circulo-rojo-esta-buscando-un-candidato-en-alguien-que-pertenecio-al-gobierno-de-milei-y-pueda-enfrentarlo-en-2027\/#primaryimage","url":"https:\/\/fmgente.com.ar\/web\/wp-content\/uploads\/2026\/04\/720-1386.jpeg","contentUrl":"https:\/\/fmgente.com.ar\/web\/wp-content\/uploads\/2026\/04\/720-1386.jpeg","width":1280,"height":720},{"@type":"WebSite","@id":"https:\/\/fmgente.com.ar\/web\/#website","url":"https:\/\/fmgente.com.ar\/web\/","name":"Fm Gente","description":"- Jes\u00fas Mar\u00eda","publisher":{"@id":"https:\/\/fmgente.com.ar\/web\/#organization"},"potentialAction":[{"@type":"SearchAction","target":{"@type":"EntryPoint","urlTemplate":"https:\/\/fmgente.com.ar\/web\/?s={search_term_string}"},"query-input":{"@type":"PropertyValueSpecification","valueRequired":true,"valueName":"search_term_string"}}],"inLanguage":"es"},{"@type":"Organization","@id":"https:\/\/fmgente.com.ar\/web\/#organization","name":"Fm Gente","url":"https:\/\/fmgente.com.ar\/web\/","logo":{"@type":"ImageObject","inLanguage":"es","@id":"https:\/\/fmgente.com.ar\/web\/#\/schema\/logo\/image\/","url":"https:\/\/fmgente.com.ar\/web\/wp-content\/uploads\/2023\/07\/cropped-cropped-logo-sombra2.png","contentUrl":"https:\/\/fmgente.com.ar\/web\/wp-content\/uploads\/2023\/07\/cropped-cropped-logo-sombra2.png","width":1782,"height":1782,"caption":"Fm Gente"},"image":{"@id":"https:\/\/fmgente.com.ar\/web\/#\/schema\/logo\/image\/"}}]}},"_links":{"self":[{"href":"https:\/\/fmgente.com.ar\/web\/wp-json\/wp\/v2\/posts\/20971","targetHints":{"allow":["GET"]}}],"collection":[{"href":"https:\/\/fmgente.com.ar\/web\/wp-json\/wp\/v2\/posts"}],"about":[{"href":"https:\/\/fmgente.com.ar\/web\/wp-json\/wp\/v2\/types\/post"}],"replies":[{"embeddable":true,"href":"https:\/\/fmgente.com.ar\/web\/wp-json\/wp\/v2\/comments?post=20971"}],"version-history":[{"count":0,"href":"https:\/\/fmgente.com.ar\/web\/wp-json\/wp\/v2\/posts\/20971\/revisions"}],"wp:featuredmedia":[{"embeddable":true,"href":"https:\/\/fmgente.com.ar\/web\/wp-json\/wp\/v2\/media\/20972"}],"wp:attachment":[{"href":"https:\/\/fmgente.com.ar\/web\/wp-json\/wp\/v2\/media?parent=20971"}],"wp:term":[{"taxonomy":"category","embeddable":true,"href":"https:\/\/fmgente.com.ar\/web\/wp-json\/wp\/v2\/categories?post=20971"},{"taxonomy":"post_tag","embeddable":true,"href":"https:\/\/fmgente.com.ar\/web\/wp-json\/wp\/v2\/tags?post=20971"}],"curies":[{"name":"wp","href":"https:\/\/api.w.org\/{rel}","templated":true}]}}