{"id":20969,"date":"2026-04-28T08:07:09","date_gmt":"2026-04-28T11:07:09","guid":{"rendered":"https:\/\/fmgente.com.ar\/web\/moreno-convirtio-la-feria-del-libro-en-un-acto-peronista-y-la-militancia-se-puso-a-cantar-contra-el-gorila-de-milei-2\/"},"modified":"2026-04-28T08:07:09","modified_gmt":"2026-04-28T11:07:09","slug":"moreno-convirtio-la-feria-del-libro-en-un-acto-peronista-y-la-militancia-se-puso-a-cantar-contra-el-gorila-de-milei-2","status":"publish","type":"post","link":"https:\/\/fmgente.com.ar\/web\/moreno-convirtio-la-feria-del-libro-en-un-acto-peronista-y-la-militancia-se-puso-a-cantar-contra-el-gorila-de-milei-2\/","title":{"rendered":"Moreno convirti\u00f3 la Feria del Libro en un acto peronista y la militancia se puso a cantar contra \u201cel gorila de Milei\u201d"},"content":{"rendered":"<p>Guillermo Moreno encabez\u00f3 una presentaci\u00f3n en la Feria Internacional del Libro y volvi\u00f3 a convertir una presentaci\u00f3n editorial en un acto pol\u00edtico.<\/p>\n<p>La puesta en escena de \u201cGuillermo Moreno, una vida peronista\u201d, se realiz\u00f3 en la Sala Julio Cort\u00e1zar del Pabell\u00f3n Amarillo de La Rural, donde el dirigente peronista comparti\u00f3 panel con Mar\u00eda Lucila \u201cPimpi\u201d Colombo, Jos\u00e9 Cornejo y Eduardo Gallo. <\/p>\n<p>El momento m\u00e1s caliente lleg\u00f3 cuando termin\u00f3 la charla. Los militantes rodearon al ex funcionario y comenz\u00f3 una arenga: \u201cTraigan al gorila de Milei\u201d, gritaron y transformaron el cierre del evento en una escena de alto voltaje pol\u00edtico.<\/p>\n","protected":false},"excerpt":{"rendered":"<p>Guillermo Moreno encabez\u00f3 una presentaci\u00f3n en la Feria Internacional del Libro y volvi\u00f3 a convertir<\/p>\n","protected":false},"author":0,"featured_media":20970,"comment_status":"","ping_status":"","sticky":false,"template":"","format":"standard","meta":{"footnotes":""},"categories":[11],"tags":[],"class_list":["post-20969","post","type-post","status-publish","format-standard","has-post-thumbnail","hentry","category-destacadas"],"yoast_head":"<!-- This site is optimized with the Yoast SEO plugin v27.4 - https:\/\/yoast.com\/product\/yoast-seo-wordpress\/ -->\n<title>Moreno convirti\u00f3 la Feria del Libro en un acto peronista y la militancia se puso a cantar contra \u201cel gorila de Milei\u201d - Fm Gente<\/title>\n<meta name=\"robots\" content=\"index, follow, max-snippet:-1, max-image-preview:large, max-video-preview:-1\" \/>\n<link rel=\"canonical\" href=\"https:\/\/fmgente.com.ar\/web\/moreno-convirtio-la-feria-del-libro-en-un-acto-peronista-y-la-militancia-se-puso-a-cantar-contra-el-gorila-de-milei-2\/\" \/>\n<meta property=\"og:locale\" content=\"es_ES\" \/>\n<meta property=\"og:type\" content=\"article\" \/>\n<meta property=\"og:title\" content=\"Moreno convirti\u00f3 la Feria del Libro en un acto peronista y la militancia se puso a cantar contra \u201cel gorila de Milei\u201d - Fm Gente\" \/>\n<meta property=\"og:description\" content=\"Guillermo Moreno encabez\u00f3 una presentaci\u00f3n en la Feria Internacional del Libro y volvi\u00f3 a convertir\" \/>\n<meta property=\"og:url\" content=\"https:\/\/fmgente.com.ar\/web\/moreno-convirtio-la-feria-del-libro-en-un-acto-peronista-y-la-militancia-se-puso-a-cantar-contra-el-gorila-de-milei-2\/\" \/>\n<meta property=\"og:site_name\" content=\"Fm Gente\" \/>\n<meta property=\"article:published_time\" content=\"2026-04-28T11:07:09+00:00\" \/>\n<meta name=\"twitter:card\" content=\"summary_large_image\" \/>\n<meta name=\"twitter:label1\" content=\"Tiempo de lectura\" \/>\n\t<meta name=\"twitter:data1\" content=\"1 minuto\" \/>\n<script type=\"application\/ld+json\" class=\"yoast-schema-graph\">{\"@context\":\"https:\\\/\\\/schema.org\",\"@graph\":[{\"@type\":\"Article\",\"@id\":\"https:\\\/\\\/fmgente.com.ar\\\/web\\\/moreno-convirtio-la-feria-del-libro-en-un-acto-peronista-y-la-militancia-se-puso-a-cantar-contra-el-gorila-de-milei-2\\\/#article\",\"isPartOf\":{\"@id\":\"https:\\\/\\\/fmgente.com.ar\\\/web\\\/moreno-convirtio-la-feria-del-libro-en-un-acto-peronista-y-la-militancia-se-puso-a-cantar-contra-el-gorila-de-milei-2\\\/\"},\"author\":{\"name\":\"\",\"@id\":\"\"},\"headline\":\"Moreno convirti\u00f3 la Feria del Libro en un acto peronista y la militancia se puso a cantar contra \u201cel gorila de Milei\u201d\",\"datePublished\":\"2026-04-28T11:07:09+00:00\",\"mainEntityOfPage\":{\"@id\":\"https:\\\/\\\/fmgente.com.ar\\\/web\\\/moreno-convirtio-la-feria-del-libro-en-un-acto-peronista-y-la-militancia-se-puso-a-cantar-contra-el-gorila-de-milei-2\\\/\"},\"wordCount\":129,\"publisher\":{\"@id\":\"https:\\\/\\\/fmgente.com.ar\\\/web\\\/#organization\"},\"image\":{\"@id\":\"https:\\\/\\\/fmgente.com.ar\\\/web\\\/moreno-convirtio-la-feria-del-libro-en-un-acto-peronista-y-la-militancia-se-puso-a-cantar-contra-el-gorila-de-milei-2\\\/#primaryimage\"},\"thumbnailUrl\":\"https:\\\/\\\/fmgente.com.ar\\\/web\\\/wp-content\\\/uploads\\\/2026\\\/04\\\/720-1385.jpeg\",\"articleSection\":[\"DESTACADAS\"],\"inLanguage\":\"es\"},{\"@type\":\"WebPage\",\"@id\":\"https:\\\/\\\/fmgente.com.ar\\\/web\\\/moreno-convirtio-la-feria-del-libro-en-un-acto-peronista-y-la-militancia-se-puso-a-cantar-contra-el-gorila-de-milei-2\\\/\",\"url\":\"https:\\\/\\\/fmgente.com.ar\\\/web\\\/moreno-convirtio-la-feria-del-libro-en-un-acto-peronista-y-la-militancia-se-puso-a-cantar-contra-el-gorila-de-milei-2\\\/\",\"name\":\"Moreno convirti\u00f3 la Feria del Libro en un acto peronista y la militancia se puso a cantar contra \u201cel gorila de Milei\u201d - Fm Gente\",\"isPartOf\":{\"@id\":\"https:\\\/\\\/fmgente.com.ar\\\/web\\\/#website\"},\"primaryImageOfPage\":{\"@id\":\"https:\\\/\\\/fmgente.com.ar\\\/web\\\/moreno-convirtio-la-feria-del-libro-en-un-acto-peronista-y-la-militancia-se-puso-a-cantar-contra-el-gorila-de-milei-2\\\/#primaryimage\"},\"image\":{\"@id\":\"https:\\\/\\\/fmgente.com.ar\\\/web\\\/moreno-convirtio-la-feria-del-libro-en-un-acto-peronista-y-la-militancia-se-puso-a-cantar-contra-el-gorila-de-milei-2\\\/#primaryimage\"},\"thumbnailUrl\":\"https:\\\/\\\/fmgente.com.ar\\\/web\\\/wp-content\\\/uploads\\\/2026\\\/04\\\/720-1385.jpeg\",\"datePublished\":\"2026-04-28T11:07:09+00:00\",\"inLanguage\":\"es\",\"potentialAction\":[{\"@type\":\"ReadAction\",\"target\":[\"https:\\\/\\\/fmgente.com.ar\\\/web\\\/moreno-convirtio-la-feria-del-libro-en-un-acto-peronista-y-la-militancia-se-puso-a-cantar-contra-el-gorila-de-milei-2\\\/\"]}]},{\"@type\":\"ImageObject\",\"inLanguage\":\"es\",\"@id\":\"https:\\\/\\\/fmgente.com.ar\\\/web\\\/moreno-convirtio-la-feria-del-libro-en-un-acto-peronista-y-la-militancia-se-puso-a-cantar-contra-el-gorila-de-milei-2\\\/#primaryimage\",\"url\":\"https:\\\/\\\/fmgente.com.ar\\\/web\\\/wp-content\\\/uploads\\\/2026\\\/04\\\/720-1385.jpeg\",\"contentUrl\":\"https:\\\/\\\/fmgente.com.ar\\\/web\\\/wp-content\\\/uploads\\\/2026\\\/04\\\/720-1385.jpeg\",\"width\":1280,\"height\":677},{\"@type\":\"WebSite\",\"@id\":\"https:\\\/\\\/fmgente.com.ar\\\/web\\\/#website\",\"url\":\"https:\\\/\\\/fmgente.com.ar\\\/web\\\/\",\"name\":\"Fm Gente\",\"description\":\"- Jes\u00fas Mar\u00eda\",\"publisher\":{\"@id\":\"https:\\\/\\\/fmgente.com.ar\\\/web\\\/#organization\"},\"potentialAction\":[{\"@type\":\"SearchAction\",\"target\":{\"@type\":\"EntryPoint\",\"urlTemplate\":\"https:\\\/\\\/fmgente.com.ar\\\/web\\\/?s={search_term_string}\"},\"query-input\":{\"@type\":\"PropertyValueSpecification\",\"valueRequired\":true,\"valueName\":\"search_term_string\"}}],\"inLanguage\":\"es\"},{\"@type\":\"Organization\",\"@id\":\"https:\\\/\\\/fmgente.com.ar\\\/web\\\/#organization\",\"name\":\"Fm Gente\",\"url\":\"https:\\\/\\\/fmgente.com.ar\\\/web\\\/\",\"logo\":{\"@type\":\"ImageObject\",\"inLanguage\":\"es\",\"@id\":\"https:\\\/\\\/fmgente.com.ar\\\/web\\\/#\\\/schema\\\/logo\\\/image\\\/\",\"url\":\"https:\\\/\\\/fmgente.com.ar\\\/web\\\/wp-content\\\/uploads\\\/2023\\\/07\\\/cropped-cropped-logo-sombra2.png\",\"contentUrl\":\"https:\\\/\\\/fmgente.com.ar\\\/web\\\/wp-content\\\/uploads\\\/2023\\\/07\\\/cropped-cropped-logo-sombra2.png\",\"width\":1782,\"height\":1782,\"caption\":\"Fm Gente\"},\"image\":{\"@id\":\"https:\\\/\\\/fmgente.com.ar\\\/web\\\/#\\\/schema\\\/logo\\\/image\\\/\"}}]}<\/script>\n<!-- \/ Yoast SEO plugin. -->","yoast_head_json":{"title":"Moreno convirti\u00f3 la Feria del Libro en un acto peronista y la militancia se puso a cantar contra \u201cel gorila de Milei\u201d - Fm Gente","robots":{"index":"index","follow":"follow","max-snippet":"max-snippet:-1","max-image-preview":"max-image-preview:large","max-video-preview":"max-video-preview:-1"},"canonical":"https:\/\/fmgente.com.ar\/web\/moreno-convirtio-la-feria-del-libro-en-un-acto-peronista-y-la-militancia-se-puso-a-cantar-contra-el-gorila-de-milei-2\/","og_locale":"es_ES","og_type":"article","og_title":"Moreno convirti\u00f3 la Feria del Libro en un acto peronista y la militancia se puso a cantar contra \u201cel gorila de Milei\u201d - Fm Gente","og_description":"Guillermo Moreno encabez\u00f3 una presentaci\u00f3n en la Feria Internacional del Libro y volvi\u00f3 a convertir","og_url":"https:\/\/fmgente.com.ar\/web\/moreno-convirtio-la-feria-del-libro-en-un-acto-peronista-y-la-militancia-se-puso-a-cantar-contra-el-gorila-de-milei-2\/","og_site_name":"Fm Gente","article_published_time":"2026-04-28T11:07:09+00:00","twitter_card":"summary_large_image","twitter_misc":{"Tiempo de lectura":"1 minuto"},"schema":{"@context":"https:\/\/schema.org","@graph":[{"@type":"Article","@id":"https:\/\/fmgente.com.ar\/web\/moreno-convirtio-la-feria-del-libro-en-un-acto-peronista-y-la-militancia-se-puso-a-cantar-contra-el-gorila-de-milei-2\/#article","isPartOf":{"@id":"https:\/\/fmgente.com.ar\/web\/moreno-convirtio-la-feria-del-libro-en-un-acto-peronista-y-la-militancia-se-puso-a-cantar-contra-el-gorila-de-milei-2\/"},"author":{"name":"","@id":""},"headline":"Moreno convirti\u00f3 la Feria del Libro en un acto peronista y la militancia se puso a cantar contra \u201cel gorila de Milei\u201d","datePublished":"2026-04-28T11:07:09+00:00","mainEntityOfPage":{"@id":"https:\/\/fmgente.com.ar\/web\/moreno-convirtio-la-feria-del-libro-en-un-acto-peronista-y-la-militancia-se-puso-a-cantar-contra-el-gorila-de-milei-2\/"},"wordCount":129,"publisher":{"@id":"https:\/\/fmgente.com.ar\/web\/#organization"},"image":{"@id":"https:\/\/fmgente.com.ar\/web\/moreno-convirtio-la-feria-del-libro-en-un-acto-peronista-y-la-militancia-se-puso-a-cantar-contra-el-gorila-de-milei-2\/#primaryimage"},"thumbnailUrl":"https:\/\/fmgente.com.ar\/web\/wp-content\/uploads\/2026\/04\/720-1385.jpeg","articleSection":["DESTACADAS"],"inLanguage":"es"},{"@type":"WebPage","@id":"https:\/\/fmgente.com.ar\/web\/moreno-convirtio-la-feria-del-libro-en-un-acto-peronista-y-la-militancia-se-puso-a-cantar-contra-el-gorila-de-milei-2\/","url":"https:\/\/fmgente.com.ar\/web\/moreno-convirtio-la-feria-del-libro-en-un-acto-peronista-y-la-militancia-se-puso-a-cantar-contra-el-gorila-de-milei-2\/","name":"Moreno convirti\u00f3 la Feria del Libro en un acto peronista y la militancia se puso a cantar contra \u201cel gorila de Milei\u201d - Fm Gente","isPartOf":{"@id":"https:\/\/fmgente.com.ar\/web\/#website"},"primaryImageOfPage":{"@id":"https:\/\/fmgente.com.ar\/web\/moreno-convirtio-la-feria-del-libro-en-un-acto-peronista-y-la-militancia-se-puso-a-cantar-contra-el-gorila-de-milei-2\/#primaryimage"},"image":{"@id":"https:\/\/fmgente.com.ar\/web\/moreno-convirtio-la-feria-del-libro-en-un-acto-peronista-y-la-militancia-se-puso-a-cantar-contra-el-gorila-de-milei-2\/#primaryimage"},"thumbnailUrl":"https:\/\/fmgente.com.ar\/web\/wp-content\/uploads\/2026\/04\/720-1385.jpeg","datePublished":"2026-04-28T11:07:09+00:00","inLanguage":"es","potentialAction":[{"@type":"ReadAction","target":["https:\/\/fmgente.com.ar\/web\/moreno-convirtio-la-feria-del-libro-en-un-acto-peronista-y-la-militancia-se-puso-a-cantar-contra-el-gorila-de-milei-2\/"]}]},{"@type":"ImageObject","inLanguage":"es","@id":"https:\/\/fmgente.com.ar\/web\/moreno-convirtio-la-feria-del-libro-en-un-acto-peronista-y-la-militancia-se-puso-a-cantar-contra-el-gorila-de-milei-2\/#primaryimage","url":"https:\/\/fmgente.com.ar\/web\/wp-content\/uploads\/2026\/04\/720-1385.jpeg","contentUrl":"https:\/\/fmgente.com.ar\/web\/wp-content\/uploads\/2026\/04\/720-1385.jpeg","width":1280,"height":677},{"@type":"WebSite","@id":"https:\/\/fmgente.com.ar\/web\/#website","url":"https:\/\/fmgente.com.ar\/web\/","name":"Fm Gente","description":"- Jes\u00fas Mar\u00eda","publisher":{"@id":"https:\/\/fmgente.com.ar\/web\/#organization"},"potentialAction":[{"@type":"SearchAction","target":{"@type":"EntryPoint","urlTemplate":"https:\/\/fmgente.com.ar\/web\/?s={search_term_string}"},"query-input":{"@type":"PropertyValueSpecification","valueRequired":true,"valueName":"search_term_string"}}],"inLanguage":"es"},{"@type":"Organization","@id":"https:\/\/fmgente.com.ar\/web\/#organization","name":"Fm Gente","url":"https:\/\/fmgente.com.ar\/web\/","logo":{"@type":"ImageObject","inLanguage":"es","@id":"https:\/\/fmgente.com.ar\/web\/#\/schema\/logo\/image\/","url":"https:\/\/fmgente.com.ar\/web\/wp-content\/uploads\/2023\/07\/cropped-cropped-logo-sombra2.png","contentUrl":"https:\/\/fmgente.com.ar\/web\/wp-content\/uploads\/2023\/07\/cropped-cropped-logo-sombra2.png","width":1782,"height":1782,"caption":"Fm Gente"},"image":{"@id":"https:\/\/fmgente.com.ar\/web\/#\/schema\/logo\/image\/"}}]}},"_links":{"self":[{"href":"https:\/\/fmgente.com.ar\/web\/wp-json\/wp\/v2\/posts\/20969","targetHints":{"allow":["GET"]}}],"collection":[{"href":"https:\/\/fmgente.com.ar\/web\/wp-json\/wp\/v2\/posts"}],"about":[{"href":"https:\/\/fmgente.com.ar\/web\/wp-json\/wp\/v2\/types\/post"}],"replies":[{"embeddable":true,"href":"https:\/\/fmgente.com.ar\/web\/wp-json\/wp\/v2\/comments?post=20969"}],"version-history":[{"count":0,"href":"https:\/\/fmgente.com.ar\/web\/wp-json\/wp\/v2\/posts\/20969\/revisions"}],"wp:featuredmedia":[{"embeddable":true,"href":"https:\/\/fmgente.com.ar\/web\/wp-json\/wp\/v2\/media\/20970"}],"wp:attachment":[{"href":"https:\/\/fmgente.com.ar\/web\/wp-json\/wp\/v2\/media?parent=20969"}],"wp:term":[{"taxonomy":"category","embeddable":true,"href":"https:\/\/fmgente.com.ar\/web\/wp-json\/wp\/v2\/categories?post=20969"},{"taxonomy":"post_tag","embeddable":true,"href":"https:\/\/fmgente.com.ar\/web\/wp-json\/wp\/v2\/tags?post=20969"}],"curies":[{"name":"wp","href":"https:\/\/api.w.org\/{rel}","templated":true}]}}